{"id":780292,"date":"2025-01-11T10:05:07","date_gmt":"2025-01-11T06:05:07","guid":{"rendered":"https:\/\/arantv.az\/?p=780292"},"modified":"2025-01-11T10:05:07","modified_gmt":"2025-01-11T06:05:07","slug":"pasinyanin-oz-xalqinin-gozun%c9%99-kul-ufurm%c9%99k-sak%c9%99ri","status":"publish","type":"post","link":"https:\/\/arantv.az\/?p=780292","title":{"rendered":"Pa\u015finyan\u0131n \u00f6z xalq\u0131n\u0131n g\u00f6z\u00fcn\u0259 k\u00fcl \u00fcf\u00fcrm\u0259k \u015fak\u0259ri"},"content":{"rendered":"<p><em><strong>Q\u0259rb is\u0259 \u0130r\u0259vandan he\u00e7 bir real perspektiv t\u0259klif etm\u0259d\u0259n bundan \u00e7irkin m\u0259qs\u0259dl\u0259ri \u00fc\u00e7\u00fcn istifad\u0259 edir<\/strong><\/em><\/p>\n<p>Bu g\u00fcnl\u0259rd\u0259 Erm\u0259nistan h\u00f6kum\u0259ti Avropa \u0130ttifaq\u0131na (A\u0130) daxil olmaq prosedurunun ba\u015flanmas\u0131na dair qanun layih\u0259sini parlament\u0259 t\u0259qdim edib. Eyni zamanda, h\u00f6kum\u0259t ba\u015f\u00e7\u0131s\u0131 Nikol Pa\u015finyan qanunun yaln\u0131z bu ideyan\u0131 &#8220;m\u00fczakir\u0259 etm\u0259k&#8221; \u00fc\u00e7\u00fcn laz\u0131m oldu\u011funu deyib. Onun s\u00f6zl\u0259rin\u0259 g\u00f6r\u0259, m\u0259s\u0259l\u0259 referenduma \u00e7\u0131xar\u0131lacaq. Eyni zamanda, A\u0130-nin \u00f6z\u00fcnd\u0259 h\u0259l\u0259 he\u00e7 kim Erm\u0259nistan\u0131 he\u00e7 yer\u0259 d\u0259v\u0259t etm\u0259yib. H\u0259l\u0259lik Br\u00fcssel yaln\u0131z &#8220;yax\u0131nla\u015fma&#8221; t\u0259klifi il\u0259 \u00e7\u0131x\u0131\u015f edib. Sual yaran\u0131r: \u0130r\u0259van d\u0259v\u0259t olunmad\u0131\u011f\u0131 ittifaqa nec\u0259 daxil olma\u011f\u0131 planla\u015fd\u0131r\u0131r?<\/p>\n<p>NEWS.ru sayt\u0131nda d\u0259rc olunan m\u0259qal\u0259d\u0259 bildirilir ki, Q\u0259rb Erm\u0259nistan\u0131 Ukrayna yolu il\u0259 apar\u0131r, \u00f6lk\u0259d\u0259n Rusiya v\u0259 \u0130rana qar\u015f\u0131 istifad\u0259 etm\u0259y\u0259 \u00e7al\u0131\u015f\u0131r. Bu bar\u0259d\u0259 &#8220;Ana Erm\u0259nistan&#8221; h\u0259r\u0259kat\u0131n\u0131n lideri, politoloq Andranik Tevanyan da x\u0259b\u0259rdarl\u0131q edir. Onun fikrinc\u0259, Pa\u015finyan \u0259slind\u0259 A\u0130-y\u0259 qo\u015fulma\u011f\u0131n qeyri-m\u00fcmk\u00fcn oldu\u011funu anlay\u0131r, lakin reytinqini saxlamaq \u00fc\u00e7\u00fcn bu \u015f\u00fcardan istifad\u0259 edir. &#8220;Pa\u015finyan manipulyasiya edir, Avropa \u0130ttifaq\u0131nda g\u0259l\u0259c\u0259k h\u0259yatla ba\u011fl\u0131 ill\u00fcziyalar\u0131 olan \u0259halinin t\u0259b\u0259q\u0259l\u0259rini aldad\u0131r. \u018fslind\u0259 bu proses Erm\u0259nistan\u0131n \u00f6z\u00fcn\u00fcn t\u0259hl\u00fck\u0259sizliyini t\u0259hdid edir. Biz Ukraynan\u0131n timsal\u0131nda A\u0130 v\u0259 kollektiv Q\u0259rbin n\u0259 ist\u0259diyini g\u00f6r\u00fcr\u00fck. Onlar hesab edirl\u0259r ki, Kiyev Moskvaya qar\u015f\u0131 m\u00fcbariz\u0259d\u0259 s\u00f6vd\u0259l\u0259\u015fm\u0259 obyektidir. Eyni \u015feyi Erm\u0259nistanla da ed\u0259c\u0259kl\u0259rini g\u00f6zl\u0259yirl\u0259r. G\u00fcrc\u00fcstanda bunu tez ba\u015fa d\u00fc\u015fd\u00fcl\u0259r v\u0259 buna g\u00f6r\u0259 d\u0259 \u00f6zl\u0259rini xilas etdil\u0259r. Pa\u015finyan is\u0259 Q\u0259rb kuratorlar\u0131n\u0131n sifari\u015fl\u0259rini yerin\u0259 yetirm\u0259kl\u0259 \u00f6z\u00fcn\u00fc xilas etm\u0259k ist\u0259yir&#8221;, &#8211; Tevanyan bildirib.<\/p>\n<p>Rusiyal\u0131 politoloq Aleksey Naumov is\u0259 bildirib ki, Pa\u015finyan hakimiyy\u0259td\u0259 qalmas\u0131 \u00fc\u00e7\u00fcn bu qanun layih\u0259sin\u0259 ehtiyac duyur: &#8220;Bu, Pa\u015finyan\u0131n siyasi silah kimi istifad\u0259 etdiyi g\u00fccl\u00fc ideyad\u0131r. Avropa \u0130ttifaq\u0131 bunu g\u00f6r\u00fcr v\u0259 ba\u015fa d\u00fc\u015f\u00fcr ki, onun t\u0259\u015fviqind\u0259n faydalanacaq. \u018fsas\u0259n d\u0259 Br\u00fcsselin bunun \u00fc\u00e7\u00fcn x\u00fcsusi bir i\u015f g\u00f6rm\u0259sin\u0259 ehtiyac yoxdur &#8211; sad\u0259c\u0259 olaraq m\u00fc\u015fahid\u0259\u00e7il\u0259r g\u00f6nd\u0259rir, az miqdarda pul k\u00f6\u00e7\u00fcr\u00fcr, bir ne\u00e7\u0259 silah g\u00f6nd\u0259rir. Bunun m\u00fcqabilind\u0259 A\u0130 \u00e7ox \u015fey\u0259 haz\u0131r olan, o c\u00fcml\u0259d\u0259n Rusiya v\u0259 Az\u0259rbaycan\u0131n regionda maraqlar\u0131na qar\u015f\u0131 \u00e7\u0131xan \u00f6lk\u0259 \u0259ld\u0259 edir&#8221;, &#8211; dey\u0259 Naumov bildirib. Politoloq qeyd edib ki, Erm\u0259nistan\u0131n A\u0130-y\u0259 daxil olmas\u0131 prosesi ist\u0259nil\u0259n halda \u00fcmumi s\u0259rh\u0259dl\u0259rin olmamas\u0131 il\u0259 \u00e7\u0259tinl\u0259\u015fir. &#8220;Erm\u0259nistan A\u0130-y\u0259 daxil olmaq niyy\u0259tind\u0259 deyil, x\u00fcsus\u0259n d\u0259 onun ittifaqla n\u0259 quru, n\u0259 d\u0259 d\u0259niz s\u0259rh\u0259dl\u0259ri olmad\u0131\u011f\u0131na g\u00f6r\u0259&#8221;, &#8211; Naumov bildirib. Onun fikrinc\u0259, bel\u0259 bir ideyan\u0131n m\u00fczakir\u0259si Pa\u015finyana s\u0259rf\u0259lidir v\u0259 erm\u0259ni xalq\u0131 \u00f6lk\u0259nin Q\u0259rb\u0259 do\u011fru getdiyi ill\u00fcziyas\u0131n\u0131 q\u0259bul edir.<\/p>\n<p>M\u0259lum m\u0259s\u0259l\u0259dir ki, Avropa \u0130ttifaq\u0131na \u00fczvl\u00fck arzu v\u0259 ist\u0259k \u0259sas\u0131nda realla\u015fm\u0131r. Bu, m\u00fc\u0259yy\u0259n siyasi q\u0259rarlar, standartlar \u00e7\u0259r\u00e7iv\u0259sind\u0259 h\u0259yata ke\u00e7irilir. M\u00fcasir Erm\u0259nistanda is\u0259 bu standartlar\u0131n y\u00fczd\u0259 biri yoxdur des\u0259k, yan\u0131lmar\u0131q. Burada r\u0259smi \u0130r\u0259van\u0131n \u201cavropal\u0131 olmaq\u201d \u00fc\u00e7\u00fcn h\u0259dd\u0259n art\u0131q t\u0259l\u0259sdiyini dem\u0259k laz\u0131md\u0131r. Ax\u0131, h\u0259min A\u0130-d\u0259 yax\u015f\u0131 bilirl\u0259r ki, Erm\u0259nistan Moskvan\u0131n dominantl\u0131q etdiyi bir s\u0131ra siyasi, iqtisadi, el\u0259c\u0259 d\u0259 h\u0259rbi ittifaqlar\u0131n, x\u00fcsus\u0259n d\u0259 Avrasiya \u0130qtisadi \u0130ttifaq\u0131 v\u0259 Kollektiv T\u0259hl\u00fck\u0259sizlik M\u00fcqavil\u0259si T\u0259\u015fkilat\u0131n\u0131n \u00fczv\u00fcd\u00fcr. \u0130kincisi, A\u0130-y\u0259 \u00fczv olma\u011f\u0131n \u0259sas \u015f\u0259rti \u00f6lk\u0259nin Avropa qit\u0259sind\u0259 yerl\u0259\u015fm\u0259sidir. Erm\u0259nistan is\u0259 co\u011frafi n\u00f6qteyi-n\u0259z\u0259rd\u0259n Asiyaya aiddir. \u00dc\u00e7\u00fcnc\u00fcs\u00fc, Erm\u0259nistan\u0131n m\u00fcst\u0259qil iqtisadiyyat\u0131 m\u00f6vcud deyil. Hayastan bu sah\u0259d\u0259 Moskvadan tam as\u0131l\u0131 v\u0259ziyy\u0259td\u0259dir. Bundan ba\u015fqa, regional \u015f\u0259rait v\u0259 reall\u0131q da \u0130r\u0259van\u0131n A\u0130 \u00fczvl\u00fcy\u00fcn\u0259 namiz\u0259d olmas\u0131na imkan vermir. D\u00f6rd\u00fcnc\u00fcs\u00fc, Erm\u0259nistan\u0131n beyn\u0259lxalq h\u00fcququn t\u0259l\u0259bl\u0259rin\u0259 cavab ver\u0259n konstitusiyas\u0131 yoxdur. Onun \u0259sas qanunu \u00f6z\u00fcnd\u0259 qon\u015fu d\u00f6vl\u0259tl\u0259r\u0259 qar\u015f\u0131 \u0259razi iddialar\u0131n\u0131 ehtiva edir. Bu durumda Erm\u0259nistan\u0131n Avropa ail\u0259sin\u0259 hans\u0131 parametrl\u0259r\u0259 g\u00f6r\u0259 \u00fczv olma\u011fa \u00e7al\u0131\u015fmas\u0131 he\u00e7 \u00f6z\u00fcn\u0259 d\u0259 tam ayd\u0131n deyil. Bununla bel\u0259, erm\u0259ni siyasi elitas\u0131 h\u0259l\u0259 d\u0259 xalqa A\u0130-y\u0259 \u00fczvl\u00fckl\u0259 ba\u011fl\u0131 na\u011f\u0131llar dan\u0131\u015fmaqda davam edir. Paralel olaraq is\u0259 h\u00f6kum\u0259t tezisini d\u0259st\u0259kl\u0259m\u0259k \u00fc\u00e7\u00fcn K\u0130V-l\u0259rd\u0259 tez-tez bu m\u0259s\u0259l\u0259 il\u0259 ba\u011fl\u0131 palaz-palaz yaz\u0131lar haz\u0131rlan\u0131r, art\u0131q yax\u0131n vaxtlarda bunun realla\u015faca\u011f\u0131 bildirilir. Ki\u00e7ik ara\u015fd\u0131rmalar zaman\u0131 m\u0259lum olur ki, yax\u0131n ill\u0259r \u0259rzind\u0259 Avropa siyas\u0259tinin \u00fcf\u00fcq\u00fcnd\u0259 erm\u0259ni bayra\u011f\u0131n\u0131n dal\u011falanmas\u0131 m\u00fcmk\u00fcn deyil. El\u0259 bir ne\u00e7\u0259 ay \u00f6nc\u0259 A\u0130-nin Xarici siyas\u0259t v\u0259 t\u0259hl\u00fck\u0259sizlik m\u0259s\u0259l\u0259l\u0259ri \u00fczr\u0259 ali n\u00fcmay\u0259nd\u0259sinin s\u00f6z\u00e7\u00fcs\u00fc Peter Stano bu bar\u0259d\u0259 maraql\u0131 a\u00e7\u0131qlama vermi\u015fdi. P.Stano \u201cAzadl\u0131q Radiosu\u201dnun Erm\u0259nistan b\u00fcrosuna m\u00fcsahib\u0259sind\u0259 bildirmi\u015fdi ki, Erm\u0259nistanla Avropa \u0130ttifaq\u0131 aras\u0131nda dan\u0131\u015f\u0131qlar\u0131n \u00fczvl\u00fck namiz\u0259dliyi imkanlar\u0131 il\u0259 he\u00e7 bir \u0259laq\u0259si yoxdur: \u201cBunun potensial \u00fczvl\u00fck namiz\u0259dliyi prosesi il\u0259 he\u00e7 bir \u0259laq\u0259si yoxdur. A\u0130-Erm\u0259nistan t\u0259r\u0259fda\u015fl\u0131\u011f\u0131 g\u00fcnd\u0259liyi \u00fczr\u0259 dan\u0131\u015f\u0131qlar h\u0259r iki t\u0259r\u0259fin birg\u0259 daha \u00e7ox i\u015fl\u0259r g\u00f6rm\u0259k \u00fc\u00e7\u00fcn qar\u015f\u0131l\u0131ql\u0131 ist\u0259k v\u0259 irad\u0259sini \u0259ks etdirir, m\u00f6vcud m\u00fcnasib\u0259tl\u0259r\u0259 \u0259saslan\u0131r. Haz\u0131rk\u0131 \u0259laq\u0259l\u0259r is\u0259 H\u0259rt\u0259r\u0259fli v\u0259 Geni\u015fl\u0259ndirilmi\u015f T\u0259r\u0259fda\u015fl\u0131q Sazi\u015fi il\u0259 m\u00fc\u0259yy\u0259n edilir. Bu dan\u0131\u015f\u0131qlar\u0131n potensial \u00fczvl\u00fcy\u0259 namiz\u0259dlik imkanlar\u0131 il\u0259 he\u00e7 bir \u0259laq\u0259si yoxdur, bunlar iki f\u0259rqli \u015feydir, bizim art\u0131q Erm\u0259nistanla H\u0259rt\u0259r\u0259fli v\u0259 Geni\u015fl\u0259ndirilmi\u015f T\u0259r\u0259fda\u015fl\u0131q Sazi\u015fimiz var v\u0259 indi biz bu baza \u0259sas\u0131nda hans\u0131 sah\u0259l\u0259rd\u0259 daha s\u0131x \u0259m\u0259kda\u015fl\u0131q ed\u0259 bil\u0259c\u0259yimizi m\u00fc\u0259yy\u0259n edirik\u201d.<\/p>\n<p>\u0130lk d\u00f6vrl\u0259rd\u0259 is\u0259 v\u0259ziyy\u0259t tamam f\u0259rqli idi. Erm\u0259nistan\u0131n perspektivd\u0259 A\u0130-y\u0259 \u00fczv olmaq \u00fcmidi b\u00f6y\u00fck idi. Ancaq P.Stanonun a\u00e7\u0131qlamas\u0131 bu \u00fcmidl\u0259rin pu\u00e7a \u00e7\u0131xaca\u011f\u0131n\u0131 g\u00f6st\u0259rir. Erm\u0259nistana bu geosiyasi reall\u0131\u011f\u0131 d\u0259rk etm\u0259k \u00fc\u00e7\u00fcn uza\u011fa getm\u0259k laz\u0131m deyil. Yet\u0259r ki, bu g\u00fcn Avropa Parlamentind\u0259 t\u0259msil olunan apar\u0131c\u0131 partiyalar\u0131n planlar\u0131na, daha d\u0259qiq des\u0259k, A\u0130-nin m\u00fcmk\u00fcn geni\u015fl\u0259nm\u0259 planlar\u0131na g\u00f6z ats\u0131n. \u00c7\u00fcnki orada Erm\u0259nistana aid bir c\u00fcml\u0259y\u0259 rast g\u0259linmir. Bel\u0259 ki, n\u0259 \u00dcmumavropa m\u0259kan\u0131nda b\u00f6y\u00fck n\u00fcfuza malik EPP, y\u0259ni Avropa Xalq Partiyas\u0131n\u0131n, n\u0259 PES, y\u0259ni Avropal\u0131 Sosialistl\u0259r Partiyas\u0131n\u0131n (n\u00fcfuzuna g\u00f6r\u0259 ikinci partiyad\u0131r), n\u0259 ALDE, y\u0259ni Avropa Namin\u0259 Liberallar v\u0259 Demokratlar Alyans\u0131n\u0131n (haz\u0131rk\u0131 parlamentd\u0259 \u00fc\u00e7\u00fcnc\u00fc olan h\u00f6kum\u0259tin bir hiss\u0259sidir), n\u0259 ECR, y\u0259ni Avropa M\u00fchafiz\u0259karlar v\u0259 \u0130slahat\u00e7\u0131lar Alyans\u0131n\u0131n (\u0259slind\u0259 h\u00f6kum\u0259t partiyas\u0131 yox, avroskeptikl\u0259r s\u0131ras\u0131na daxildir), n\u0259 d\u0259 ki, Avropa Ya\u015f\u0131llar Partiyas\u0131n\u0131n proqramlar\u0131na n\u0259z\u0259r sald\u0131qda g\u00f6r\u00fcr\u00fck ki, Erm\u0259nistan bar\u0259d\u0259 bir s\u00f6z bel\u0259 yoxdur. Siyah\u0131n\u0131 uzatmaq olar. Avropa Sol\u00e7ular Partiyas\u0131, Avropa Azad Alyans\u0131 kimi siyasi qurumlar\u0131n da se\u00e7kiqaba\u011f\u0131 proqram\u0131nda Erm\u0259nistana aid bir c\u00fcml\u0259y\u0259 rast g\u0259linm\u0259mi\u015fdi. Qeyd ed\u0259k ki, yuxar\u0131da ad\u0131 \u00e7\u0259kil\u0259n siyasi partiyalar Avropada kifay\u0259t q\u0259d\u0259r \u00e7\u0259ki v\u0259 n\u00fcfuza malikdir v\u0259 r\u0259smi Br\u00fcsseld\u0259 siyasi q\u0259rarlar\u0131n al\u0131nmas\u0131nda h\u0259lledici rola malikdirl\u0259r.<\/p>\n<p>Fikrimizi \u00fcmumil\u0259\u015fdirs\u0259k dey\u0259 bil\u0259rik ki, yax\u0131n ill\u0259rd\u0259 Erm\u0259nistan\u0131n A\u0130-y\u0259 \u00fczvl\u00fcy\u00fcnd\u0259n b\u0259hs edilm\u0259y\u0259c\u0259k. Bu m\u0259s\u0259l\u0259 il\u0259 ba\u011fl\u0131 Avropan\u0131n \u0259sas siyasi q\u00fcvv\u0259l\u0259rinin he\u00e7 bir bax\u0131\u015f\u0131, v\u0259di yoxdur. Bu is\u0259 bir daha dem\u0259y\u0259 \u0259sas verir ki, erm\u0259ni siyasi elitas\u0131 xalq\u0131n g\u00f6z\u00fcn\u0259 k\u00fcl \u00fcf\u00fcrm\u0259k, na\u011f\u0131llar dan\u0131\u015fmaqla ba\u015f\u0131n\u0131n alt\u0131na yast\u0131q qoyur. Amma nec\u0259 dey\u0259rl\u0259r, yalan ayaq tutar, yerim\u0259z. Y\u0259qin ki, bir m\u00fcdd\u0259td\u0259n sonra sad\u0259 erm\u0259ni xalq\u0131 bunun hesab\u0131n\u0131 soru\u015facaq v\u0259 A\u0130 \u00fczvl\u00fcy\u00fc il\u0259 ba\u011fl\u0131 veril\u0259n v\u0259dl\u0259r\u0259 g\u00f6r\u0259 Pa\u015finyan h\u00f6kum\u0259ti cavab verm\u0259li olacaq.<\/p>\n<p><strong>Sevinc Azadi, \u201c\u0130ki sahil\u201d<\/strong><\/p>\n","protected":false},"excerpt":{"rendered":"<p>Q\u0259rb is\u0259 \u0130r\u0259vandan he\u00e7 bir real perspektiv t\u0259klif etm\u0259d\u0259n bundan \u00e7irkin m\u0259qs\u0259dl\u0259ri \u00fc\u00e7\u00fcn istifad\u0259 edir Bu g\u00fcnl\u0259rd\u0259 Erm\u0259nistan h\u00f6kum\u0259ti Avropa \u0130ttifaq\u0131na (A\u0130) daxil olmaq prosedurunun ba\u015flanmas\u0131na dair qanun layih\u0259sini parlament\u0259 t\u0259qdim edib. Eyni zamanda, h\u00f6kum\u0259t ba\u015f\u00e7\u0131s\u0131 Nikol Pa\u015finyan qanunun yaln\u0131z bu ideyan\u0131 &#8220;m\u00fczakir\u0259 etm\u0259k&#8221; \u00fc\u00e7\u00fcn laz\u0131m oldu\u011funu deyib. Onun s\u00f6zl\u0259rin\u0259 g\u00f6r\u0259, m\u0259s\u0259l\u0259 referenduma \u00e7\u0131xar\u0131lacaq. Eyni zamanda, A\u0130-nin \u00f6z\u00fcnd\u0259 h\u0259l\u0259 he\u00e7 kim Erm\u0259nistan\u0131 he\u00e7 yer\u0259 d\u0259v\u0259t etm\u0259yib. H\u0259l\u0259lik Br\u00fcssel yaln\u0131z &#8220;yax\u0131nla\u015fma&#8221; t\u0259klifi il\u0259 \u00e7\u0131x\u0131\u015f edib. Sual yaran\u0131r: \u0130r\u0259van d\u0259v\u0259t olunmad\u0131\u011f\u0131 ittifaqa nec\u0259 daxil olma\u011f\u0131 planla\u015fd\u0131r\u0131r? NEWS.ru sayt\u0131nda d\u0259rc olunan m\u0259qal\u0259d\u0259 bildirilir&hellip;<\/p>\n","protected":false},"author":2,"featured_media":780293,"comment_status":"closed","ping_status":"closed","sticky":false,"template":"","format":"standard","meta":{"om_disable_all_campaigns":false,"_monsterinsights_skip_tracking":false,"_monsterinsights_sitenote_active":false,"_monsterinsights_sitenote_note":"","_monsterinsights_sitenote_category":0},"categories":[19],"tags":[],"aioseo_notices":[],"gutentor_comment":0,"rttpg_featured_image_url":{"full":["https:\/\/arantv.az\/wp-content\/uploads\/2025\/01\/8e621619167887523121914788510052443.jpg",975,540,false],"landscape":["https:\/\/arantv.az\/wp-content\/uploads\/2025\/01\/8e621619167887523121914788510052443.jpg",975,540,false],"portraits":["https:\/\/arantv.az\/wp-content\/uploads\/2025\/01\/8e621619167887523121914788510052443.jpg",975,540,false],"thumbnail":["https:\/\/arantv.az\/wp-content\/uploads\/2025\/01\/8e621619167887523121914788510052443-500x280.jpg",500,280,true],"medium":["https:\/\/arantv.az\/wp-content\/uploads\/2025\/01\/8e621619167887523121914788510052443-660x365.jpg",660,365,true],"large":["https:\/\/arantv.az\/wp-content\/uploads\/2025\/01\/8e621619167887523121914788510052443-840x465.jpg",640,354,true],"1536x1536":["https:\/\/arantv.az\/wp-content\/uploads\/2025\/01\/8e621619167887523121914788510052443.jpg",975,540,false],"2048x2048":["https:\/\/arantv.az\/wp-content\/uploads\/2025\/01\/8e621619167887523121914788510052443.jpg",975,540,false],"post-thumbnail":["https:\/\/arantv.az\/wp-content\/uploads\/2025\/01\/8e621619167887523121914788510052443-240x172.jpg",240,172,true],"advps-thumb-one":["https:\/\/arantv.az\/wp-content\/uploads\/2025\/01\/8e621619167887523121914788510052443.jpg",975,540,false]},"rttpg_author":{"display_name":"V\u00fcsal Rafiqo\u011flu","author_link":"https:\/\/arantv.az\/?author=2"},"rttpg_comment":0,"rttpg_category":"<a href=\"https:\/\/arantv.az\/?cat=19\" rel=\"category\">G\u00fcnd\u0259m<\/a>","rttpg_excerpt":"Q\u0259rb is\u0259 \u0130r\u0259vandan he\u00e7 bir real perspektiv t\u0259klif etm\u0259d\u0259n bundan \u00e7irkin m\u0259qs\u0259dl\u0259ri \u00fc\u00e7\u00fcn istifad\u0259 edir Bu g\u00fcnl\u0259rd\u0259 Erm\u0259nistan h\u00f6kum\u0259ti Avropa \u0130ttifaq\u0131na (A\u0130) daxil olmaq prosedurunun ba\u015flanmas\u0131na dair qanun layih\u0259sini parlament\u0259 t\u0259qdim edib. Eyni zamanda, h\u00f6kum\u0259t ba\u015f\u00e7\u0131s\u0131 Nikol Pa\u015finyan qanunun yaln\u0131z bu ideyan\u0131 &#8220;m\u00fczakir\u0259 etm\u0259k&#8221; \u00fc\u00e7\u00fcn laz\u0131m oldu\u011funu deyib. Onun s\u00f6zl\u0259rin\u0259 g\u00f6r\u0259, m\u0259s\u0259l\u0259 referenduma \u00e7\u0131xar\u0131lacaq. Eyni&hellip;","_links":{"self":[{"href":"https:\/\/arantv.az\/index.php?rest_route=\/wp\/v2\/posts\/780292"}],"collection":[{"href":"https:\/\/arantv.az\/index.php?rest_route=\/wp\/v2\/posts"}],"about":[{"href":"https:\/\/arantv.az\/index.php?rest_route=\/wp\/v2\/types\/post"}],"author":[{"embeddable":true,"href":"https:\/\/arantv.az\/index.php?rest_route=\/wp\/v2\/users\/2"}],"replies":[{"embeddable":true,"href":"https:\/\/arantv.az\/index.php?rest_route=%2Fwp%2Fv2%2Fcomments&post=780292"}],"version-history":[{"count":1,"href":"https:\/\/arantv.az\/index.php?rest_route=\/wp\/v2\/posts\/780292\/revisions"}],"predecessor-version":[{"id":780294,"href":"https:\/\/arantv.az\/index.php?rest_route=\/wp\/v2\/posts\/780292\/revisions\/780294"}],"wp:featuredmedia":[{"embeddable":true,"href":"https:\/\/arantv.az\/index.php?rest_route=\/wp\/v2\/media\/780293"}],"wp:attachment":[{"href":"https:\/\/arantv.az\/index.php?rest_route=%2Fwp%2Fv2%2Fmedia&parent=780292"}],"wp:term":[{"taxonomy":"category","embeddable":true,"href":"https:\/\/arantv.az\/index.php?rest_route=%2Fwp%2Fv2%2Fcategories&post=780292"},{"taxonomy":"post_tag","embeddable":true,"href":"https:\/\/arantv.az\/index.php?rest_route=%2Fwp%2Fv2%2Ftags&post=780292"}],"curies":[{"name":"wp","href":"https:\/\/api.w.org\/{rel}","templated":true}]}}