{"id":780386,"date":"2025-01-11T16:43:58","date_gmt":"2025-01-11T12:43:58","guid":{"rendered":"https:\/\/arantv.az\/?p=780386"},"modified":"2025-01-11T16:43:58","modified_gmt":"2025-01-11T12:43:58","slug":"suriya-m%c9%99s%c9%99l%c9%99sind%c9%99-az%c9%99rbaycan-turkiy%c9%99nin-yaninda","status":"publish","type":"post","link":"https:\/\/arantv.az\/?p=780386","title":{"rendered":"Suriya m\u0259s\u0259l\u0259sind\u0259 Az\u0259rbaycan T\u00fcrkiy\u0259nin yan\u0131nda"},"content":{"rendered":"<div class=\"text-content\" data-id=\"\" data-url=\"\">\n<p><strong>Suriyada PKK terror\u00e7ular\u0131na qar\u015f\u0131 m\u00fcmk\u00fcn \u0259m\u0259liyyatla \u0259laq\u0259dar T\u00fcrkiy\u0259 silahl\u0131 q\u00fcvv\u0259l\u0259ri d\u00f6y\u00fc\u015f haz\u0131rl\u0131\u011f\u0131 v\u0259ziyy\u0259tin\u0259 g\u0259tirilib.<\/strong><\/p>\n<p>Bu bar\u0259d\u0259 h\u00f6kum\u0259ty\u00f6nl\u00fc T\u00fcrkiy\u0259 media orqanlar\u0131 h\u0259rbi m\u0259nb\u0259l\u0259r\u0259 istinad\u0259n m\u0259lumat yay\u0131b.<\/p>\n<p>Bildirilir ki, Ankara Suriyan\u0131n yeni hakimiyy\u0259t orqanlar\u0131ndan PKK-ya qar\u015f\u0131 laz\u0131mi t\u0259dbirl\u0259rin g\u00f6r\u00fclm\u0259sini t\u0259l\u0259b edib.<\/p>\n<p>M\u0259lumatda vur\u011fulan\u0131b ki, T\u00fcrkiy\u0259 indi hadis\u0259l\u0259rin ist\u0259nil\u0259n n\u0259tic\u0259sin\u0259, o c\u00fcml\u0259d\u0259n h\u0259rbi \u0259m\u0259liyyata haz\u0131rla\u015f\u0131r. Suriya il\u0259 s\u0259rh\u0259dd\u0259ki qo\u015funlar m\u00fcmk\u00fcn \u0259m\u0259liyyat \u00fc\u00e7\u00fcn d\u00f6y\u00fc\u015f haz\u0131rl\u0131\u011f\u0131na g\u0259tirilib.<\/p>\n<p>Az\u0259rbaycan art\u0131q \u0259n y\u00fcks\u0259k s\u0259viyy\u0259d\u0259 b\u0259yan edib ki, T\u00fcrkiy\u0259nin maraqlar\u0131n\u0131 m\u00fcdafi\u0259 edir v\u0259 ed\u0259c\u0259k. Bu g\u00fcn T\u00fcrkiy\u0259-Az\u0259rbaycan \u0259laq\u0259l\u0259ri \u0259n y\u00fcks\u0259k zirv\u0259d\u0259dir. D\u00fcnyada ikinci bel\u0259 n\u00fcmun\u0259 yoxdur ki, iki \u00f6lk\u0259 bir-birin\u0259 bu q\u0259d\u0259r yax\u0131n olsun, bu q\u0259d\u0259r bir-birin\u0259 arxa-dayaq olsun. Bizim birliyimiz b\u00fct\u00fcn sah\u0259l\u0259rd\u0259 \u00f6z\u00fcn\u00fc b\u00fcruz\u0259 verir. Siyasi \u0259laq\u0259l\u0259r bu g\u00fcn \u0259n y\u00fcks\u0259k zirv\u0259d\u0259dir. Biz u\u011furlu iqtisadi \u0259m\u0259kda\u015fl\u0131q edirik. Ticar\u0259t d\u00f6vriyy\u0259si art\u0131r. Az\u0259rbaycandan T\u00fcrkiy\u0259y\u0259, T\u00fcrkiy\u0259d\u0259n Az\u0259rbaycana milyardlarla dollar h\u0259cmind\u0259 s\u0259rmay\u0259 qoyulur. Birg\u0259 enerji-n\u0259qliyyat layih\u0259l\u0259rini u\u011furla icra edirik. T\u00fcrkiy\u0259-Az\u0259rbaycan h\u0259rbi m\u00fctt\u0259fiqliyi \u015eu\u015fa B\u0259yannam\u0259si il\u0259 r\u0259smil\u0259\u015fib.<\/p>\n<p><img loading=\"lazy\" src=\"https:\/\/cdn.musavat.com\/news\/thumbnails\/d8e0ac705d980cdfe238d7666b52e6df.jpg\" alt=\"C\u0130NG\u0130Z SON.jpg (299 KB)\" width=\"700\" height=\"477\" \/><\/p>\n<p><strong>Demokratiya v\u0259 \u0130nsan H\u00fcquqlar\u0131 Komit\u0259sinin s\u0259dri \u00c7ingiz Q\u0259nizad\u0259 Musavat.com<\/strong>-a bu bar\u0259d\u0259 \u015f\u0259rhind\u0259 bildirib ki, T\u00fcrkiy\u0259nin Suriya siyas\u0259ti m\u0259s\u0259l\u0259sind\u0259 d\u0259 qarda\u015f \u00f6lk\u0259 il\u0259 Az\u0259rbaycan aras\u0131nda koordinasiyal\u0131 siyas\u0259t y\u00fcr\u00fcd\u00fcl\u00fcr:<\/p>\n<p>\u201cAz\u0259rbaycan Prezidenti b\u0259yan edib ki, Suriya m\u0259s\u0259l\u0259sind\u0259 T\u00fcrkiy\u0259nin mara\u011f\u0131nda n\u0259dirs\u0259, bizim d\u0259 mara\u011f\u0131m\u0131zda odur. T\u00fcrkiy\u0259nin mara\u011f\u0131 b\u00f6lg\u0259d\u0259 s\u00fclh, sabitlik formala\u015fd\u0131rmaq, Suriyan\u0131 \u0259razi b\u00fct\u00f6vl\u00fcy\u00fc pozulmayan normal bir \u00f6lk\u0259 hal\u0131na g\u0259tirm\u0259kdir. Bunun \u00fc\u00e7\u00fcn d\u0259 uzun ill\u0259r T\u00fcrkiy\u0259 v\u0259 Az\u0259rbaycana qar\u015f\u0131 olmu\u015f v\u0259 art\u0131q tarixin arxivin\u0259 g\u00f6nd\u0259ril\u0259n, Erm\u0259nistanla m\u00fctt\u0259fiqlik etmi\u015f B\u0259\u015f\u0259r \u018fs\u0259d rejiminin qal\u0131qlar\u0131n\u0131, h\u0259m\u00e7inin PKK-YPG kimi terror t\u0259\u015fkilatlar\u0131n\u0131n bu b\u00f6lg\u0259d\u0259 varl\u0131\u011f\u0131na son qoymaq laz\u0131md\u0131r. T\u00fcrkiy\u0259 buna \u00e7al\u0131\u015f\u0131r. Az\u0259rbaycan T\u00fcrkiy\u0259nin haql\u0131 maraqlar\u0131n\u0131 m\u00fcdafi\u0259 edir. Az\u0259rbaycanla T\u00fcrkiy\u0259 aras\u0131nda ilk g\u00fcnd\u0259n Suriya il\u0259 ba\u011fl\u0131 m\u0259sl\u0259h\u0259tl\u0259\u015fm\u0259l\u0259r gedir. Bu yax\u0131nlarda Az\u0259rbaycandan Suriyaya ilk yard\u0131m karvan\u0131 da g\u00f6nd\u0259rildi. Bu o dem\u0259kdir ki, Az\u0259rbaycan T\u00fcrkiy\u0259 il\u0259 birlikd\u0259 Suriyada yard\u0131m kampaniyas\u0131na art\u0131q ba\u015flay\u0131b. Suriyan\u0131n yeni h\u00f6kum\u0259ti il\u0259 \u0259laq\u0259l\u0259rin qurulmas\u0131 istiqam\u0259tind\u0259 art\u0131q ilkin add\u0131mlar da T\u00fcrkiy\u0259 Xarici \u0130\u015fl\u0259r Nazirliyi il\u0259 koordin\u0259 edil\u0259r\u0259k at\u0131l\u0131b\u201d.<\/p>\n<p><strong>\u00c7.Q\u0259nizad\u0259 deyib ki, Az\u0259rbaycan b\u00fct\u00fcn s\u0131x\u0131nt\u0131lar\u0131nda qarda\u015f T\u00fcrkiy\u0259nin yan\u0131nda olub:<\/strong><\/p>\n<p>\u201cM\u0259s\u0259l\u0259n, me\u015f\u0259 yan\u011f\u0131nlar\u0131n\u0131, bir ne\u00e7\u0259 il \u0259vv\u0259l ba\u015f ver\u0259n z\u0259lz\u0259l\u0259l\u0259ri, beyn\u0259lxalq tribunalarda \u201cT\u00fcrkiy\u0259 burada yoxdursa, biz buraday\u0131q\u201d b\u0259yanat\u0131n\u0131n Prezident \u0130lham \u018fliyev t\u0259r\u0259find\u0259n s\u0259l\u0259ndirilm\u0259si v\u0259 dig\u0259r prosesl\u0259rd\u0259 Az\u0259rbaycan\u0131n davran\u0131\u015flar\u0131n\u0131 xat\u0131rlatmaq kifay\u0259tdir. Suriya m\u0259s\u0259l\u0259sind\u0259 d\u0259 Az\u0259rbaycan T\u00fcrkiy\u0259nin maraqlar\u0131n\u0131 \u00f6z maraqlar\u0131 kimi q\u0259bul edir\u201d.<\/p>\n<p><strong>Etibar Seyida\u011fa,<\/strong><br \/>\n<strong>Musavat.com<\/strong><\/p>\n<\/div>\n<div><\/div>\n<div><\/div>\n<div class=\"inner-social-box\">\n<div class=\"subs-in-social subs-whatsapp\"><\/div>\n<\/div>\n","protected":false},"excerpt":{"rendered":"<p>Suriyada PKK terror\u00e7ular\u0131na qar\u015f\u0131 m\u00fcmk\u00fcn \u0259m\u0259liyyatla \u0259laq\u0259dar T\u00fcrkiy\u0259 silahl\u0131 q\u00fcvv\u0259l\u0259ri d\u00f6y\u00fc\u015f haz\u0131rl\u0131\u011f\u0131 v\u0259ziyy\u0259tin\u0259 g\u0259tirilib. Bu bar\u0259d\u0259 h\u00f6kum\u0259ty\u00f6nl\u00fc T\u00fcrkiy\u0259 media orqanlar\u0131 h\u0259rbi m\u0259nb\u0259l\u0259r\u0259 istinad\u0259n m\u0259lumat yay\u0131b. Bildirilir ki, Ankara Suriyan\u0131n yeni hakimiyy\u0259t orqanlar\u0131ndan PKK-ya qar\u015f\u0131 laz\u0131mi t\u0259dbirl\u0259rin g\u00f6r\u00fclm\u0259sini t\u0259l\u0259b edib. M\u0259lumatda vur\u011fulan\u0131b ki, T\u00fcrkiy\u0259 indi hadis\u0259l\u0259rin ist\u0259nil\u0259n n\u0259tic\u0259sin\u0259, o c\u00fcml\u0259d\u0259n h\u0259rbi \u0259m\u0259liyyata haz\u0131rla\u015f\u0131r. Suriya il\u0259 s\u0259rh\u0259dd\u0259ki qo\u015funlar m\u00fcmk\u00fcn \u0259m\u0259liyyat \u00fc\u00e7\u00fcn d\u00f6y\u00fc\u015f haz\u0131rl\u0131\u011f\u0131na g\u0259tirilib. Az\u0259rbaycan art\u0131q \u0259n y\u00fcks\u0259k s\u0259viyy\u0259d\u0259 b\u0259yan edib ki, T\u00fcrkiy\u0259nin maraqlar\u0131n\u0131 m\u00fcdafi\u0259 edir v\u0259 ed\u0259c\u0259k. Bu g\u00fcn T\u00fcrkiy\u0259-Az\u0259rbaycan \u0259laq\u0259l\u0259ri \u0259n y\u00fcks\u0259k zirv\u0259d\u0259dir. D\u00fcnyada ikinci bel\u0259 n\u00fcmun\u0259 yoxdur ki, iki&hellip;<\/p>\n","protected":false},"author":2,"featured_media":780387,"comment_status":"closed","ping_status":"closed","sticky":false,"template":"","format":"standard","meta":{"om_disable_all_campaigns":false,"_monsterinsights_skip_tracking":false,"_monsterinsights_sitenote_active":false,"_monsterinsights_sitenote_note":"","_monsterinsights_sitenote_category":0},"categories":[4],"tags":[],"aioseo_notices":[],"gutentor_comment":0,"rttpg_featured_image_url":{"full":["https:\/\/arantv.az\/wp-content\/uploads\/2025\/01\/b39cb9bcf211abc220700e434df675b3.jpg",850,500,false],"landscape":["https:\/\/arantv.az\/wp-content\/uploads\/2025\/01\/b39cb9bcf211abc220700e434df675b3.jpg",850,500,false],"portraits":["https:\/\/arantv.az\/wp-content\/uploads\/2025\/01\/b39cb9bcf211abc220700e434df675b3.jpg",850,500,false],"thumbnail":["https:\/\/arantv.az\/wp-content\/uploads\/2025\/01\/b39cb9bcf211abc220700e434df675b3-500x280.jpg",500,280,true],"medium":["https:\/\/arantv.az\/wp-content\/uploads\/2025\/01\/b39cb9bcf211abc220700e434df675b3-621x365.jpg",621,365,true],"large":["https:\/\/arantv.az\/wp-content\/uploads\/2025\/01\/b39cb9bcf211abc220700e434df675b3-840x494.jpg",640,376,true],"1536x1536":["https:\/\/arantv.az\/wp-content\/uploads\/2025\/01\/b39cb9bcf211abc220700e434df675b3.jpg",850,500,false],"2048x2048":["https:\/\/arantv.az\/wp-content\/uploads\/2025\/01\/b39cb9bcf211abc220700e434df675b3.jpg",850,500,false],"post-thumbnail":["https:\/\/arantv.az\/wp-content\/uploads\/2025\/01\/b39cb9bcf211abc220700e434df675b3-240x172.jpg",240,172,true],"advps-thumb-one":["https:\/\/arantv.az\/wp-content\/uploads\/2025\/01\/b39cb9bcf211abc220700e434df675b3.jpg",850,500,false]},"rttpg_author":{"display_name":"V\u00fcsal Rafiqo\u011flu","author_link":"https:\/\/arantv.az\/?author=2"},"rttpg_comment":0,"rttpg_category":"<a href=\"https:\/\/arantv.az\/?cat=4\" rel=\"category\">Siyas\u0259t<\/a>","rttpg_excerpt":"Suriyada PKK terror\u00e7ular\u0131na qar\u015f\u0131 m\u00fcmk\u00fcn \u0259m\u0259liyyatla \u0259laq\u0259dar T\u00fcrkiy\u0259 silahl\u0131 q\u00fcvv\u0259l\u0259ri d\u00f6y\u00fc\u015f haz\u0131rl\u0131\u011f\u0131 v\u0259ziyy\u0259tin\u0259 g\u0259tirilib. Bu bar\u0259d\u0259 h\u00f6kum\u0259ty\u00f6nl\u00fc T\u00fcrkiy\u0259 media orqanlar\u0131 h\u0259rbi m\u0259nb\u0259l\u0259r\u0259 istinad\u0259n m\u0259lumat yay\u0131b. Bildirilir ki, Ankara Suriyan\u0131n yeni hakimiyy\u0259t orqanlar\u0131ndan PKK-ya qar\u015f\u0131 laz\u0131mi t\u0259dbirl\u0259rin g\u00f6r\u00fclm\u0259sini t\u0259l\u0259b edib. M\u0259lumatda vur\u011fulan\u0131b ki, T\u00fcrkiy\u0259 indi hadis\u0259l\u0259rin ist\u0259nil\u0259n n\u0259tic\u0259sin\u0259, o c\u00fcml\u0259d\u0259n h\u0259rbi \u0259m\u0259liyyata haz\u0131rla\u015f\u0131r. Suriya il\u0259 s\u0259rh\u0259dd\u0259ki&hellip;","_links":{"self":[{"href":"https:\/\/arantv.az\/index.php?rest_route=\/wp\/v2\/posts\/780386"}],"collection":[{"href":"https:\/\/arantv.az\/index.php?rest_route=\/wp\/v2\/posts"}],"about":[{"href":"https:\/\/arantv.az\/index.php?rest_route=\/wp\/v2\/types\/post"}],"author":[{"embeddable":true,"href":"https:\/\/arantv.az\/index.php?rest_route=\/wp\/v2\/users\/2"}],"replies":[{"embeddable":true,"href":"https:\/\/arantv.az\/index.php?rest_route=%2Fwp%2Fv2%2Fcomments&post=780386"}],"version-history":[{"count":1,"href":"https:\/\/arantv.az\/index.php?rest_route=\/wp\/v2\/posts\/780386\/revisions"}],"predecessor-version":[{"id":780388,"href":"https:\/\/arantv.az\/index.php?rest_route=\/wp\/v2\/posts\/780386\/revisions\/780388"}],"wp:featuredmedia":[{"embeddable":true,"href":"https:\/\/arantv.az\/index.php?rest_route=\/wp\/v2\/media\/780387"}],"wp:attachment":[{"href":"https:\/\/arantv.az\/index.php?rest_route=%2Fwp%2Fv2%2Fmedia&parent=780386"}],"wp:term":[{"taxonomy":"category","embeddable":true,"href":"https:\/\/arantv.az\/index.php?rest_route=%2Fwp%2Fv2%2Fcategories&post=780386"},{"taxonomy":"post_tag","embeddable":true,"href":"https:\/\/arantv.az\/index.php?rest_route=%2Fwp%2Fv2%2Ftags&post=780386"}],"curies":[{"name":"wp","href":"https:\/\/api.w.org\/{rel}","templated":true}]}}