{"id":780399,"date":"2025-01-11T16:47:34","date_gmt":"2025-01-11T12:47:34","guid":{"rendered":"https:\/\/arantv.az\/?p=780399"},"modified":"2025-01-11T16:47:34","modified_gmt":"2025-01-11T12:47:34","slug":"tulin-%c9%99l%c9%99kb%c9%99rovanin-qeyri-etik-fotosunu-yayan-s%c9%99xs-d%c9%99f%c9%99l%c9%99rl%c9%99-intihara-c%c9%99hd-etdim","status":"publish","type":"post","link":"https:\/\/arantv.az\/?p=780399","title":{"rendered":"T\u00fclin \u018fl\u0259kb\u0259rovan\u0131n qeyri-etik fotosunu yayan \u015f\u0259xs: &#8220;D\u0259f\u0259l\u0259rl\u0259 intihara c\u0259hd etdim&#8221;"},"content":{"rendered":"<p><strong>&#8220;T\u00fclin \u018fl\u0259kb\u0259rova iki il \u00f6nc\u0259 he\u00e7 bir \u015f\u0259xsi tan\u0131\u015fl\u0131\u011f\u0131m olmama\u011f\u0131na baxmayaraq, m\u0259ni \u00f6l\u00fcm h\u0259ddin\u0259 \u00e7atd\u0131rm\u0131\u015fd\u0131&#8221;.<\/strong><\/p>\n<p>Bu s\u00f6zl\u0259ri\u00a0Oxu.Az-a a\u00e7\u0131qlamas\u0131nda kikboks\u00e7u\u00a0Aysu Q\u0259hr\u0259manova\u00a0h\u0259mkar\u0131 T\u00fclin \u018fl\u0259kb\u0259rova il\u0259 aras\u0131nda ya\u015fanan m\u00fcbahis\u0259y\u0259 ayd\u0131nl\u0131q g\u0259tir\u0259rk\u0259n deyib.<\/p>\n<p>O bildirib ki, iki il \u00f6nc\u0259 T\u00fclin \u018fl\u0259kb\u0259rova onun zalda videosunu \u00e7\u0259k\u0259r\u0259k sosial \u015f\u0259b\u0259k\u0259d\u0259 payla\u015f\u0131b, \u015f\u0259r\u0259f v\u0259 l\u0259yaq\u0259tin\u0259 toxunub:<\/p>\n<p>&#8220;\u0130ki il \u0259vv\u0259l m\u0259n zalda olanda T\u00fclin \u018fl\u0259kb\u0259rova sparring m\u0259qs\u0259dil\u0259 video \u00e7\u0259kib, lakin bunu sosial \u015f\u0259b\u0259k\u0259d\u0259 tamam ba\u015fqa c\u00fcr istifad\u0259 edib. M\u0259nim \u015f\u0259r\u0259f v\u0259 l\u0259yaq\u0259timi al\u00e7ald\u0131b. Videonun silinm\u0259si \u00fc\u00e7\u00fcn ail\u0259m d\u0259f\u0259l\u0259rl\u0259 xan\u0131ma yaz\u0131b, amma o, valideynim\u0259 d\u0259 qeyri-etik cavablar verib. M\u0259n o v\u0259ziyy\u0259td\u0259 idim ki, evd\u0259n \u00e7\u00f6l\u0259 bel\u0259 \u00e7\u0131xa bilmirdim. \u00c7\u00f6ld\u0259 olanda h\u0259r k\u0259s m\u0259n\u0259 deyirdi ki, s\u0259n T\u00fclinin d\u00f6yd\u00fcy\u00fc q\u0131z deyils\u0259n, h\u0259l\u0259 d\u0259 ya\u015fay\u0131rsan? Bu tip ifad\u0259l\u0259r il\u0259 m\u0259ni al\u00e7ald\u0131rd\u0131lar. M\u0259n, h\u0259tta intihara da c\u0259hd etmi\u015f\u0259m. B\u0259d\u0259nimd\u0259 x\u0259sar\u0259tl\u0259rim var. \u018fs\u0259bl\u0259rim pozuldu\u011funa g\u00f6r\u0259 m\u00fcalic\u0259 ald\u0131m. Bundan sonra epilepsiya x\u0259st\u0259liyi tapd\u0131m. Xan\u0131ma etdiyim x\u0259b\u0259rdarl\u0131qlara baxmayaraq, o videonu silm\u0259diyi \u00fc\u00e7\u00fcn Yasamal Rayon Polis \u0130dar\u0259sinin 29-cu Polis \u015e\u00f6b\u0259sin\u0259 \u015fikay\u0259t etdim. O dedi ki, silir\u0259m v\u0259 bir d\u0259 payla\u015fmayaca\u011fam. Lakin o yen\u0259 d\u0259 m\u0259n h\u0259r yar\u0131\u015fda d\u00f6y\u00fc\u015f\u00fcb udanda h\u0259min videonu payla\u015f\u0131rd\u0131. \u00dcz\u0259rind\u0259 &#8220;\u00f6z\u00fcnd\u0259n z\u0259ifi vurub payla\u015fmaqla deyil, g\u00fcc\u00fcn \u00e7at\u0131rsa, m\u0259n\u0259 \u00e7ats\u0131n. G\u0259lin bunu buradan apar\u0131n, ayaq \u00fcst\u0259 dura bilmir&#8221; tipli yaz\u0131lar yaz\u0131rd\u0131. M\u0259n is\u0259 onun ac\u0131\u011f\u0131na el\u0259 bir \u015f\u0259kil payla\u015fd\u0131m&#8221;.<\/p>\n<p>Aysu Q\u0259hr\u0259manova qeyd edir ki, payla\u015fd\u0131\u011f\u0131 \u015f\u0259kil fotomontaj deyil:<\/p>\n<p>&#8220;O \u015f\u0259kil montaj deyil, bunu \u00f6z\u00fc d\u0259 bilir, sad\u0259c\u0259 \u00f6z\u00fcn\u0259 haqq qazand\u0131rmaq \u00fc\u00e7\u00fcn bel\u0259 bir a\u00e7\u0131qlama verib. O foto montaj olsayd\u0131, he\u00e7 vaxt s\u0259viyy\u0259mi sal\u0131b payla\u015fmazd\u0131m&#8221;.<\/p>\n<p>O, h\u0259m\u00e7inin \u0259lav\u0259 edib ki, he\u00e7 bir tan\u0131\u015fl\u0131\u011f\u0131 olmadan m\u00fcbahis\u0259ni ilk T\u00fclin \u018fl\u0259kb\u0259rova ba\u015flad\u0131b:<\/p>\n<p>&#8220;Onunla he\u00e7 bir problemim, tan\u0131\u015fl\u0131\u011f\u0131m yox idi, m\u0259n\u0259 sata\u015fma\u011fa ba\u015flad\u0131. \u0130ki il \u00f6l\u00fcm h\u0259ddin\u0259 \u00e7atd\u0131m, d\u0259f\u0259l\u0259rl\u0259 intihara c\u0259hd etdim. Anam gec\u0259l\u0259ri yatmay\u0131b m\u0259nim ba\u015f\u0131mda dururdu ki, \u00f6z\u00fcm\u0259 x\u0259sar\u0259t yetirm\u0259yim&#8221;.<\/p>\n<p>Xat\u0131rladaq ki, \u00f6t\u0259n g\u00fcn T\u00fclin \u018fl\u0259kb\u0259rova a\u00e7\u0131qlama ver\u0259r\u0259k Aysu Qurbanovan\u0131n onun \u015f\u0259klini montaj ed\u0259r\u0259k qeyri-etik formada payla\u015fd\u0131\u011f\u0131n\u0131 s\u00f6yl\u0259mi\u015fdi.<\/p>\n<p><strong>Fotoda T\u00fclin \u018fl\u0259kb\u0259rova<\/strong><\/p>\n<p><strong><img loading=\"lazy\" class=\"inner-photo\" src=\"https:\/\/images.oxu.az\/2022\/10\/14\/17\/02\/28\/58dec2b1-eed0-4643-b170-4c4b546d5761\/tulin7:640.jpg\" alt=\"\" width=\"640\" height=\"428\" \/><\/strong><\/p>\n<p><strong>Fotoda Aysu Q\u0259hr\u0259manova<\/strong><\/p>\n<p><strong><img loading=\"lazy\" class=\"inner-photo\" src=\"https:\/\/images.oxu.az\/2025\/01\/11\/LlcS7ZCUNbiN8wkaRaydymcBjpv6LTuygdXg8Qjb:640.jpg\" alt=\"\" width=\"640\" height=\"428\" \/><\/strong><\/p>\n","protected":false},"excerpt":{"rendered":"<p>&#8220;T\u00fclin \u018fl\u0259kb\u0259rova iki il \u00f6nc\u0259 he\u00e7 bir \u015f\u0259xsi tan\u0131\u015fl\u0131\u011f\u0131m olmama\u011f\u0131na baxmayaraq, m\u0259ni \u00f6l\u00fcm h\u0259ddin\u0259 \u00e7atd\u0131rm\u0131\u015fd\u0131&#8221;. Bu s\u00f6zl\u0259ri\u00a0Oxu.Az-a a\u00e7\u0131qlamas\u0131nda kikboks\u00e7u\u00a0Aysu Q\u0259hr\u0259manova\u00a0h\u0259mkar\u0131 T\u00fclin \u018fl\u0259kb\u0259rova il\u0259 aras\u0131nda ya\u015fanan m\u00fcbahis\u0259y\u0259 ayd\u0131nl\u0131q g\u0259tir\u0259rk\u0259n deyib. O bildirib ki, iki il \u00f6nc\u0259 T\u00fclin \u018fl\u0259kb\u0259rova onun zalda videosunu \u00e7\u0259k\u0259r\u0259k sosial \u015f\u0259b\u0259k\u0259d\u0259 payla\u015f\u0131b, \u015f\u0259r\u0259f v\u0259 l\u0259yaq\u0259tin\u0259 toxunub: &#8220;\u0130ki il \u0259vv\u0259l m\u0259n zalda olanda T\u00fclin \u018fl\u0259kb\u0259rova sparring m\u0259qs\u0259dil\u0259 video \u00e7\u0259kib, lakin bunu sosial \u015f\u0259b\u0259k\u0259d\u0259 tamam ba\u015fqa c\u00fcr istifad\u0259 edib. M\u0259nim \u015f\u0259r\u0259f v\u0259 l\u0259yaq\u0259timi al\u00e7ald\u0131b. Videonun silinm\u0259si \u00fc\u00e7\u00fcn ail\u0259m d\u0259f\u0259l\u0259rl\u0259 xan\u0131ma yaz\u0131b, amma o, valideynim\u0259 d\u0259 qeyri-etik cavablar verib. M\u0259n o&hellip;<\/p>\n","protected":false},"author":2,"featured_media":780400,"comment_status":"closed","ping_status":"closed","sticky":false,"template":"","format":"standard","meta":{"om_disable_all_campaigns":false,"_monsterinsights_skip_tracking":false,"_monsterinsights_sitenote_active":false,"_monsterinsights_sitenote_note":"","_monsterinsights_sitenote_category":0},"categories":[1],"tags":[],"aioseo_notices":[],"gutentor_comment":0,"rttpg_featured_image_url":{"full":["https:\/\/arantv.az\/wp-content\/uploads\/2025\/01\/5e5d6d66a12f2c80de68c6c7ddba995c.jpg",870,500,false],"landscape":["https:\/\/arantv.az\/wp-content\/uploads\/2025\/01\/5e5d6d66a12f2c80de68c6c7ddba995c.jpg",870,500,false],"portraits":["https:\/\/arantv.az\/wp-content\/uploads\/2025\/01\/5e5d6d66a12f2c80de68c6c7ddba995c.jpg",870,500,false],"thumbnail":["https:\/\/arantv.az\/wp-content\/uploads\/2025\/01\/5e5d6d66a12f2c80de68c6c7ddba995c-500x280.jpg",500,280,true],"medium":["https:\/\/arantv.az\/wp-content\/uploads\/2025\/01\/5e5d6d66a12f2c80de68c6c7ddba995c-635x365.jpg",635,365,true],"large":["https:\/\/arantv.az\/wp-content\/uploads\/2025\/01\/5e5d6d66a12f2c80de68c6c7ddba995c-840x483.jpg",640,368,true],"1536x1536":["https:\/\/arantv.az\/wp-content\/uploads\/2025\/01\/5e5d6d66a12f2c80de68c6c7ddba995c.jpg",870,500,false],"2048x2048":["https:\/\/arantv.az\/wp-content\/uploads\/2025\/01\/5e5d6d66a12f2c80de68c6c7ddba995c.jpg",870,500,false],"post-thumbnail":["https:\/\/arantv.az\/wp-content\/uploads\/2025\/01\/5e5d6d66a12f2c80de68c6c7ddba995c-240x172.jpg",240,172,true],"advps-thumb-one":["https:\/\/arantv.az\/wp-content\/uploads\/2025\/01\/5e5d6d66a12f2c80de68c6c7ddba995c.jpg",870,500,false]},"rttpg_author":{"display_name":"V\u00fcsal Rafiqo\u011flu","author_link":"https:\/\/arantv.az\/?author=2"},"rttpg_comment":0,"rttpg_category":"<a href=\"https:\/\/arantv.az\/?cat=1\" rel=\"category\">C\u0259miyy\u0259t<\/a>","rttpg_excerpt":"&#8220;T\u00fclin \u018fl\u0259kb\u0259rova iki il \u00f6nc\u0259 he\u00e7 bir \u015f\u0259xsi tan\u0131\u015fl\u0131\u011f\u0131m olmama\u011f\u0131na baxmayaraq, m\u0259ni \u00f6l\u00fcm h\u0259ddin\u0259 \u00e7atd\u0131rm\u0131\u015fd\u0131&#8221;. Bu s\u00f6zl\u0259ri\u00a0Oxu.Az-a a\u00e7\u0131qlamas\u0131nda kikboks\u00e7u\u00a0Aysu Q\u0259hr\u0259manova\u00a0h\u0259mkar\u0131 T\u00fclin \u018fl\u0259kb\u0259rova il\u0259 aras\u0131nda ya\u015fanan m\u00fcbahis\u0259y\u0259 ayd\u0131nl\u0131q g\u0259tir\u0259rk\u0259n deyib. O bildirib ki, iki il \u00f6nc\u0259 T\u00fclin \u018fl\u0259kb\u0259rova onun zalda videosunu \u00e7\u0259k\u0259r\u0259k sosial \u015f\u0259b\u0259k\u0259d\u0259 payla\u015f\u0131b, \u015f\u0259r\u0259f v\u0259 l\u0259yaq\u0259tin\u0259 toxunub: &#8220;\u0130ki il \u0259vv\u0259l m\u0259n zalda olanda T\u00fclin&hellip;","_links":{"self":[{"href":"https:\/\/arantv.az\/index.php?rest_route=\/wp\/v2\/posts\/780399"}],"collection":[{"href":"https:\/\/arantv.az\/index.php?rest_route=\/wp\/v2\/posts"}],"about":[{"href":"https:\/\/arantv.az\/index.php?rest_route=\/wp\/v2\/types\/post"}],"author":[{"embeddable":true,"href":"https:\/\/arantv.az\/index.php?rest_route=\/wp\/v2\/users\/2"}],"replies":[{"embeddable":true,"href":"https:\/\/arantv.az\/index.php?rest_route=%2Fwp%2Fv2%2Fcomments&post=780399"}],"version-history":[{"count":1,"href":"https:\/\/arantv.az\/index.php?rest_route=\/wp\/v2\/posts\/780399\/revisions"}],"predecessor-version":[{"id":780401,"href":"https:\/\/arantv.az\/index.php?rest_route=\/wp\/v2\/posts\/780399\/revisions\/780401"}],"wp:featuredmedia":[{"embeddable":true,"href":"https:\/\/arantv.az\/index.php?rest_route=\/wp\/v2\/media\/780400"}],"wp:attachment":[{"href":"https:\/\/arantv.az\/index.php?rest_route=%2Fwp%2Fv2%2Fmedia&parent=780399"}],"wp:term":[{"taxonomy":"category","embeddable":true,"href":"https:\/\/arantv.az\/index.php?rest_route=%2Fwp%2Fv2%2Fcategories&post=780399"},{"taxonomy":"post_tag","embeddable":true,"href":"https:\/\/arantv.az\/index.php?rest_route=%2Fwp%2Fv2%2Ftags&post=780399"}],"curies":[{"name":"wp","href":"https:\/\/api.w.org\/{rel}","templated":true}]}}