{"id":78044,"date":"2019-09-10T15:48:00","date_gmt":"2019-09-10T12:48:00","guid":{"rendered":"http:\/\/arantv.az\/?p=78044"},"modified":"2019-09-10T15:48:00","modified_gmt":"2019-09-10T12:48:00","slug":"putin-30-general-v%c9%99-polkovniki-isd%c9%99n-cixardi","status":"publish","type":"post","link":"https:\/\/arantv.az\/?p=78044","title":{"rendered":"Putin 30 general v\u0259 polkovniki i\u015fd\u0259n \u00e7\u0131xard\u0131"},"content":{"rendered":"<p>Rusiya Prezidenti Vladimir Putinin s\u0259r\u0259ncam\u0131na \u0259sas\u0259n, h\u00fcquq-m\u00fchafiz\u0259 orqanlar\u0131nda y\u00fcks\u0259k post tutan 30 general v\u0259 polkovnik tutdu\u011fu v\u0259zif\u0259d\u0259n azad edilib.<\/p>\n<p>Bu bar\u0259d\u0259 &#8220;<a href=\"https:\/\/www.kommersant.ru\/doc\/4087847?from=main_6\" target=\"_blank\" rel=\"noopener\">Kommersant<\/a>&#8221;\u00a0n\u0259\u015fri m\u0259lumat yay\u0131b.<\/p>\n<p>Rusiya K\u0130V-l\u0259rinin x\u0259b\u0259rin\u0259 \u0259sas\u0259n, siyah\u0131da \u0130stintaq Komit\u0259sinin Kr\u0131m v\u0259 Da\u011f\u0131stan \u00fczr\u0259 r\u0259hb\u0259rl\u0259ri d\u0259 var. Bundan ba\u015fqa, onlar\u0131n yerin\u0259 yeni t\u0259yinat oldu\u011fu da deyilir.<\/p>\n<p>Qeyd ed\u0259k ki, m\u0259s\u0259l\u0259 il\u0259 ba\u011fl\u0131 Kremlin sayt\u0131nda r\u0259smi m\u0259lumat yoxdur.<\/p>\n","protected":false},"excerpt":{"rendered":"<p>Rusiya Prezidenti Vladimir Putinin s\u0259r\u0259ncam\u0131na \u0259sas\u0259n, h\u00fcquq-m\u00fchafiz\u0259 orqanlar\u0131nda y\u00fcks\u0259k post tutan 30 general v\u0259 polkovnik tutdu\u011fu v\u0259zif\u0259d\u0259n azad edilib. Bu bar\u0259d\u0259 &#8220;Kommersant&#8221;\u00a0n\u0259\u015fri m\u0259lumat yay\u0131b. Rusiya K\u0130V-l\u0259rinin x\u0259b\u0259rin\u0259 \u0259sas\u0259n, siyah\u0131da \u0130stintaq Komit\u0259sinin Kr\u0131m v\u0259 Da\u011f\u0131stan \u00fczr\u0259 r\u0259hb\u0259rl\u0259ri d\u0259 var. Bundan ba\u015fqa, onlar\u0131n yerin\u0259 yeni t\u0259yinat oldu\u011fu da deyilir. Qeyd ed\u0259k ki, m\u0259s\u0259l\u0259 il\u0259 ba\u011fl\u0131 Kremlin sayt\u0131nda r\u0259smi m\u0259lumat yoxdur.<\/p>\n","protected":false},"author":2,"featured_media":78045,"comment_status":"closed","ping_status":"closed","sticky":false,"template":"","format":"standard","meta":{"om_disable_all_campaigns":false,"_monsterinsights_skip_tracking":false,"_monsterinsights_sitenote_active":false,"_monsterinsights_sitenote_note":"","_monsterinsights_sitenote_category":0},"categories":[7],"tags":[],"aioseo_notices":[],"gutentor_comment":0,"rttpg_featured_image_url":{"full":["https:\/\/arantv.az\/wp-content\/uploads\/2019\/09\/vladimir-putin.jpg",620,436,false],"landscape":["https:\/\/arantv.az\/wp-content\/uploads\/2019\/09\/vladimir-putin.jpg",620,436,false],"portraits":["https:\/\/arantv.az\/wp-content\/uploads\/2019\/09\/vladimir-putin.jpg",620,436,false],"thumbnail":["https:\/\/arantv.az\/wp-content\/uploads\/2019\/09\/vladimir-putin-150x150.jpg",150,150,true],"medium":["https:\/\/arantv.az\/wp-content\/uploads\/2019\/09\/vladimir-putin-300x211.jpg",300,211,true],"large":["https:\/\/arantv.az\/wp-content\/uploads\/2019\/09\/vladimir-putin.jpg",620,436,false],"1536x1536":["https:\/\/arantv.az\/wp-content\/uploads\/2019\/09\/vladimir-putin.jpg",620,436,false],"2048x2048":["https:\/\/arantv.az\/wp-content\/uploads\/2019\/09\/vladimir-putin.jpg",620,436,false],"post-thumbnail":["https:\/\/arantv.az\/wp-content\/uploads\/2019\/09\/vladimir-putin-240x172.jpg",240,172,true],"advps-thumb-one":["https:\/\/arantv.az\/wp-content\/uploads\/2019\/09\/vladimir-putin.jpg",620,436,false]},"rttpg_author":{"display_name":"V\u00fcsal Rafiqo\u011flu","author_link":"https:\/\/arantv.az\/?author=2"},"rttpg_comment":0,"rttpg_category":"<a href=\"https:\/\/arantv.az\/?cat=7\" rel=\"category\">D\u00fcnya<\/a>","rttpg_excerpt":"Rusiya Prezidenti Vladimir Putinin s\u0259r\u0259ncam\u0131na \u0259sas\u0259n, h\u00fcquq-m\u00fchafiz\u0259 orqanlar\u0131nda y\u00fcks\u0259k post tutan 30 general v\u0259 polkovnik tutdu\u011fu v\u0259zif\u0259d\u0259n azad edilib. Bu bar\u0259d\u0259 &#8220;Kommersant&#8221;\u00a0n\u0259\u015fri m\u0259lumat yay\u0131b. Rusiya K\u0130V-l\u0259rinin x\u0259b\u0259rin\u0259 \u0259sas\u0259n, siyah\u0131da \u0130stintaq Komit\u0259sinin Kr\u0131m v\u0259 Da\u011f\u0131stan \u00fczr\u0259 r\u0259hb\u0259rl\u0259ri d\u0259 var. Bundan ba\u015fqa, onlar\u0131n yerin\u0259 yeni t\u0259yinat oldu\u011fu da deyilir. Qeyd ed\u0259k ki, m\u0259s\u0259l\u0259 il\u0259 ba\u011fl\u0131 Kremlin sayt\u0131nda&hellip;","_links":{"self":[{"href":"https:\/\/arantv.az\/index.php?rest_route=\/wp\/v2\/posts\/78044"}],"collection":[{"href":"https:\/\/arantv.az\/index.php?rest_route=\/wp\/v2\/posts"}],"about":[{"href":"https:\/\/arantv.az\/index.php?rest_route=\/wp\/v2\/types\/post"}],"author":[{"embeddable":true,"href":"https:\/\/arantv.az\/index.php?rest_route=\/wp\/v2\/users\/2"}],"replies":[{"embeddable":true,"href":"https:\/\/arantv.az\/index.php?rest_route=%2Fwp%2Fv2%2Fcomments&post=78044"}],"version-history":[{"count":0,"href":"https:\/\/arantv.az\/index.php?rest_route=\/wp\/v2\/posts\/78044\/revisions"}],"wp:featuredmedia":[{"embeddable":true,"href":"https:\/\/arantv.az\/index.php?rest_route=\/wp\/v2\/media\/78045"}],"wp:attachment":[{"href":"https:\/\/arantv.az\/index.php?rest_route=%2Fwp%2Fv2%2Fmedia&parent=78044"}],"wp:term":[{"taxonomy":"category","embeddable":true,"href":"https:\/\/arantv.az\/index.php?rest_route=%2Fwp%2Fv2%2Fcategories&post=78044"},{"taxonomy":"post_tag","embeddable":true,"href":"https:\/\/arantv.az\/index.php?rest_route=%2Fwp%2Fv2%2Ftags&post=78044"}],"curies":[{"name":"wp","href":"https:\/\/api.w.org\/{rel}","templated":true}]}}