{"id":780468,"date":"2025-01-11T22:23:18","date_gmt":"2025-01-11T18:23:18","guid":{"rendered":"https:\/\/arantv.az\/?p=780468"},"modified":"2025-01-11T22:56:15","modified_gmt":"2025-01-11T18:56:15","slug":"qubadli-rayon-isa-c%c9%99mm%c9%99dov-adina-tam-orta-m%c9%99kt%c9%99bd%c9%99-s%c9%99hid-t%c9%99dbiri-kecirilib-foto","status":"publish","type":"post","link":"https:\/\/arantv.az\/?p=780468","title":{"rendered":"Qubadl\u0131 rayon \u0130sa M\u0259mm\u0259dov ad\u0131na tam orta m\u0259kt\u0259bd\u0259 \u015f\u0259hid t\u0259dbiri ke\u00e7irilib FOTO"},"content":{"rendered":"<p>\u015e\u0259rqi Z\u0259ng\u0259zur Regional T\u0259hsil \u0130dar\u0259si,Qubadl\u0131 Rayon Sektoru,Qubadl\u0131 rayon \u0130sa M\u0259mm\u0259dov ad\u0131na A\u015fa\u011f\u0131 Mollu k\u0259nd tam orta m\u0259kt\u0259bind\u0259 Az\u0259rbaycan D\u0130N-in Daxili Qo\u015funlar\u0131n\u0131n XVTD-nin \u00e7avu\u015fu, 2023 antiterror \u0259m\u0259liyyat\u0131 \u015f\u0259hidi Zahir \u018fliyevin m\u00f6vludu il\u0259 ba\u011fl\u0131 m\u0259kt\u0259bin ,,4c\u201d sinfi t\u0259r\u0259find\u0259n t\u0259dbir -layih\u0259 h\u0259yata ke\u00e7irildi. T\u0259dbir Az\u0259rbaycan Respublikas\u0131n\u0131n himni il\u0259 ba\u015flad\u0131. \u015e\u0259hidl\u0259rimizin ruhu ayaqda s\u00fckutla yad olundu<br \/>\nSonra m\u0259kt\u0259bin direktoru Allahver\u0259n Allahverdiyev \u015f\u0259hid Zahir \u018fliyev haqq\u0131nda geni\u015f m\u0259lumat ver\u0259r\u0259k \u015f\u0259hidin iki q\u0131z \u00f6vlad\u0131n\u0131n da m\u0259kt\u0259bimizd\u0259 t\u0259hsil ald\u0131\u011f\u0131n\u0131 vur\u011fulad\u0131 .<br \/>\nDaha sonra m\u0259kt\u0259bin tarix m\u00fc\u0259llimi Ramin Heyd\u0259rov \u00e7\u0131x\u0131\u015f ed\u0259r\u0259k qalib \u00f6lk\u0259mizin qalib v\u0259t\u0259nda\u015flar\u0131 m\u00f6vzusunda \u0259trafl\u0131 m\u0259lumat verdi,\u015f\u0259hid Zahir \u018fliyevin q\u0131z\u0131 v\u0259 yax\u0131nlar\u0131 \u00e7\u0131x\u0131\u015f ed\u0259r\u0259k m\u0259kt\u0259b r\u0259hb\u0259rliyin\u0259, \u015fagirdl\u0259r\u0259, x\u00fcsusil\u0259 Simnar\u0259 m\u00fc\u0259llim\u0259y\u0259 y\u00fcks\u0259k s\u0259viyy\u0259li haz\u0131rlanan t\u0259dbir \u00fc\u00e7\u00fcn t\u0259\u015f\u0259kk\u00fcr etdil\u0259r . ,,4c\u201dsinif \u015fagirdl\u0259rind\u0259n ibar\u0259t ,,d\u00f6y\u00fc\u015f yollar\u0131 \u201cm\u00f6vzusunda nikbin notlarla kompazisiya h\u0259yata ke\u00e7irildi .<br \/>\n\u015eagirdl\u0259r y\u00fcks\u0259k \u0259hval-ruhiyy\u0259 il\u0259 \u015f\u0259hidin m\u00f6vludu t\u0259dbirind\u0259 \u015feirl\u0259r s\u0259hn\u0259cikl\u0259r n\u00fcmayi\u015f etdil\u0259r .M\u0259kt\u0259b r\u0259hb\u0259rliyi v\u0259 m\u00fc\u0259lliml\u0259r ,,4c\u201dsinfinin v\u0259 m\u0259kt\u0259b\u0259haz\u0131rl\u0131q qrupunun m\u00fc\u0259llimi Simnar\u0259 \u0130smay\u0131lovaya minn\u0259tdarl\u0131qlar\u0131n\u0131 bildirdil\u0259r.<br \/>\nT\u0259dbirin sonunda xatir\u0259 \u015f\u0259kili \u00e7\u0259kildi .<br \/>\nQeyd ed\u0259k ki, \u015f\u0259hid Zahir \u018fliyev 1987-ci il yanvar\u0131n 4 \u2014 d\u0259 Lerik rayonu Soru k\u0259ndind\u0259 anadan olub. 1994\u20132004-c\u00fc ill\u0259rd\u0259 T. C\u0259f\u0259rov ad\u0131na Soru k\u0259nd tam orta m\u0259kt\u0259bind\u0259 t\u0259hsil al\u0131b. Ail\u0259li idi, 2 q\u0131z \u00f6vlad\u0131 vard\u0131.<br \/>\nZahir \u018fliyev 2005\u20132007-ci ill\u0259rd\u0259 Daxili I\u015fl\u0259r Nazirliyinin &#8220;N&#8221; sayl\u0131 h\u0259rbi hiss\u0259sind\u0259 m\u00fcdd\u0259tli h\u0259rbi xidm\u0259td\u0259 olub. 2013-c\u00fc ild\u0259n is\u0259 m\u00fcdd\u0259td\u0259n art\u0131q xidm\u0259t ed\u0259n h\u0259rbi qulluq\u00e7u idi. 12 illik h\u0259rbi pe\u015f\u0259 f\u0259aliyy\u0259tind\u0259 onlarla f\u0259xri f\u0259rmanla t\u0259ltif olunmu\u015fdur.<br \/>\nAz\u0259rbaycan ordusunun Daxili Qo\u015funlar\u0131n\u0131n X\u00fcsusi Vasit\u0259l\u0259rin T\u0259tbiqi D\u0259st\u0259sinin \u00e7avu\u015fu olan Zahir \u018fliyev 2023-c\u00fc il sentyabr\u0131n 19 \u2014 da Az\u0259rbaycan Silahl\u0131 Q\u00fcvv\u0259l\u0259ri t\u0259r\u0259find\u0259n Qaraba\u011fda ke\u00e7iril\u0259n lokal antiterror \u0259m\u0259liyyat\u0131na c\u0259lb olunmu\u015f, 20 sentyabr tarixind\u0259 A\u011fd\u0259r\u0259 u\u011frunda ged\u0259n d\u00f6y\u00fc\u015fl\u0259rd\u0259 q\u0259hr\u0259mancas\u0131na \u015f\u0259hid olmu\u015fdur. 21 sentyabr tarixind\u0259 Lerik rayonu Soru k\u0259ndind\u0259 d\u0259fn olunmu\u015fdur.<br \/>\nAz\u0259rbaycan Respublikas\u0131n\u0131n Prezdenti \u0130lham \u018fliyevin 7 noyabr 2023-c\u00fc il tarixind\u0259 imzalad\u0131\u011f\u0131 m\u00fcvafiq s\u0259r\u0259ncamla \u00e7avu\u015f Zahir S\u0259di o\u011flu \u018fliyev \u00f6l\u00fcm\u00fcnd\u0259n sonra &#8220;V\u0259t\u0259n\u0259 xidm\u0259t\u0259 g\u00f6r\u0259&#8221; 3-c\u00fc d\u0259r\u0259c\u0259li ordeni v\u0259 &#8220;V\u0259t\u0259n u\u011frunda&#8221; medal\u0131 il\u0259 t\u0259ltif olunmu\u015fdur<br \/>\n11.01.2025<\/p>\n<p><img loading=\"lazy\" class=\"alignnone size-medium wp-image-780469\" src=\"https:\/\/arantv.az\/wp-content\/uploads\/2025\/01\/900cb085-d79b-4394-b5bd-ec60949b850c-267x365.jpg\" alt=\"\" width=\"267\" height=\"365\" \/> <img loading=\"lazy\" class=\"alignnone size-medium wp-image-780470\" src=\"https:\/\/arantv.az\/wp-content\/uploads\/2025\/01\/4ef88766-fdc8-42f6-b4ab-f35d51aeb41e-260x365.jpg\" alt=\"\" width=\"260\" height=\"365\" \/> <img loading=\"lazy\" class=\"alignnone size-medium wp-image-780471\" src=\"https:\/\/arantv.az\/wp-content\/uploads\/2025\/01\/f46d2116-bd91-4a40-83a1-b1a0155f025e-267x365.jpg\" alt=\"\" width=\"267\" height=\"365\" \/> <img loading=\"lazy\" class=\"alignnone size-medium wp-image-780472\" src=\"https:\/\/arantv.az\/wp-content\/uploads\/2025\/01\/ae88eb88-83ec-4860-940b-f230a4598f85-432x365.jpg\" alt=\"\" width=\"432\" height=\"365\" \/> <img loading=\"lazy\" class=\"alignnone size-medium wp-image-780473\" src=\"https:\/\/arantv.az\/wp-content\/uploads\/2025\/01\/10730537-105e-4782-9ef1-370b39a6c9b4-274x365.jpg\" alt=\"\" width=\"274\" height=\"365\" \/> <img loading=\"lazy\" class=\"alignnone size-medium wp-image-780474\" src=\"https:\/\/arantv.az\/wp-content\/uploads\/2025\/01\/5bdb501a-f572-4150-8548-a43608e082fb-498x365.jpg\" alt=\"\" width=\"498\" height=\"365\" \/><\/p>\n","protected":false},"excerpt":{"rendered":"<p>\u015e\u0259rqi Z\u0259ng\u0259zur Regional T\u0259hsil \u0130dar\u0259si,Qubadl\u0131 Rayon Sektoru,Qubadl\u0131 rayon \u0130sa M\u0259mm\u0259dov ad\u0131na A\u015fa\u011f\u0131 Mollu k\u0259nd tam orta m\u0259kt\u0259bind\u0259 Az\u0259rbaycan D\u0130N-in Daxili Qo\u015funlar\u0131n\u0131n XVTD-nin \u00e7avu\u015fu, 2023 antiterror \u0259m\u0259liyyat\u0131 \u015f\u0259hidi Zahir \u018fliyevin m\u00f6vludu il\u0259 ba\u011fl\u0131 m\u0259kt\u0259bin ,,4c\u201d sinfi t\u0259r\u0259find\u0259n t\u0259dbir -layih\u0259 h\u0259yata ke\u00e7irildi. T\u0259dbir Az\u0259rbaycan Respublikas\u0131n\u0131n himni il\u0259 ba\u015flad\u0131. \u015e\u0259hidl\u0259rimizin ruhu ayaqda s\u00fckutla yad olundu Sonra m\u0259kt\u0259bin direktoru Allahver\u0259n Allahverdiyev \u015f\u0259hid Zahir \u018fliyev haqq\u0131nda geni\u015f m\u0259lumat ver\u0259r\u0259k \u015f\u0259hidin iki q\u0131z \u00f6vlad\u0131n\u0131n da m\u0259kt\u0259bimizd\u0259 t\u0259hsil ald\u0131\u011f\u0131n\u0131 vur\u011fulad\u0131 . Daha sonra m\u0259kt\u0259bin tarix m\u00fc\u0259llimi Ramin Heyd\u0259rov \u00e7\u0131x\u0131\u015f ed\u0259r\u0259k qalib \u00f6lk\u0259mizin qalib v\u0259t\u0259nda\u015flar\u0131 m\u00f6vzusunda \u0259trafl\u0131 m\u0259lumat&hellip;<\/p>\n","protected":false},"author":2,"featured_media":780472,"comment_status":"closed","ping_status":"closed","sticky":false,"template":"","format":"standard","meta":{"om_disable_all_campaigns":false,"_monsterinsights_skip_tracking":false,"_monsterinsights_sitenote_active":false,"_monsterinsights_sitenote_note":"","_monsterinsights_sitenote_category":0},"categories":[1],"tags":[],"aioseo_notices":[],"gutentor_comment":0,"rttpg_featured_image_url":{"full":["https:\/\/arantv.az\/wp-content\/uploads\/2025\/01\/ae88eb88-83ec-4860-940b-f230a4598f85.jpg",1080,913,false],"landscape":["https:\/\/arantv.az\/wp-content\/uploads\/2025\/01\/ae88eb88-83ec-4860-940b-f230a4598f85.jpg",1080,913,false],"portraits":["https:\/\/arantv.az\/wp-content\/uploads\/2025\/01\/ae88eb88-83ec-4860-940b-f230a4598f85.jpg",1080,913,false],"thumbnail":["https:\/\/arantv.az\/wp-content\/uploads\/2025\/01\/ae88eb88-83ec-4860-940b-f230a4598f85-500x280.jpg",500,280,true],"medium":["https:\/\/arantv.az\/wp-content\/uploads\/2025\/01\/ae88eb88-83ec-4860-940b-f230a4598f85-432x365.jpg",432,365,true],"large":["https:\/\/arantv.az\/wp-content\/uploads\/2025\/01\/ae88eb88-83ec-4860-940b-f230a4598f85-840x710.jpg",640,541,true],"1536x1536":["https:\/\/arantv.az\/wp-content\/uploads\/2025\/01\/ae88eb88-83ec-4860-940b-f230a4598f85.jpg",1080,913,false],"2048x2048":["https:\/\/arantv.az\/wp-content\/uploads\/2025\/01\/ae88eb88-83ec-4860-940b-f230a4598f85.jpg",1080,913,false],"post-thumbnail":["https:\/\/arantv.az\/wp-content\/uploads\/2025\/01\/ae88eb88-83ec-4860-940b-f230a4598f85-240x172.jpg",240,172,true],"advps-thumb-one":["https:\/\/arantv.az\/wp-content\/uploads\/2025\/01\/ae88eb88-83ec-4860-940b-f230a4598f85-1080x620.jpg",1080,620,true]},"rttpg_author":{"display_name":"V\u00fcsal Rafiqo\u011flu","author_link":"https:\/\/arantv.az\/?author=2"},"rttpg_comment":0,"rttpg_category":"<a href=\"https:\/\/arantv.az\/?cat=1\" rel=\"category\">C\u0259miyy\u0259t<\/a>","rttpg_excerpt":"\u015e\u0259rqi Z\u0259ng\u0259zur Regional T\u0259hsil \u0130dar\u0259si,Qubadl\u0131 Rayon Sektoru,Qubadl\u0131 rayon \u0130sa M\u0259mm\u0259dov ad\u0131na A\u015fa\u011f\u0131 Mollu k\u0259nd tam orta m\u0259kt\u0259bind\u0259 Az\u0259rbaycan D\u0130N-in Daxili Qo\u015funlar\u0131n\u0131n XVTD-nin \u00e7avu\u015fu, 2023 antiterror \u0259m\u0259liyyat\u0131 \u015f\u0259hidi Zahir \u018fliyevin m\u00f6vludu il\u0259 ba\u011fl\u0131 m\u0259kt\u0259bin ,,4c\u201d sinfi t\u0259r\u0259find\u0259n t\u0259dbir -layih\u0259 h\u0259yata ke\u00e7irildi. T\u0259dbir Az\u0259rbaycan Respublikas\u0131n\u0131n himni il\u0259 ba\u015flad\u0131. \u015e\u0259hidl\u0259rimizin ruhu ayaqda s\u00fckutla yad olundu Sonra m\u0259kt\u0259bin direktoru&hellip;","_links":{"self":[{"href":"https:\/\/arantv.az\/index.php?rest_route=\/wp\/v2\/posts\/780468"}],"collection":[{"href":"https:\/\/arantv.az\/index.php?rest_route=\/wp\/v2\/posts"}],"about":[{"href":"https:\/\/arantv.az\/index.php?rest_route=\/wp\/v2\/types\/post"}],"author":[{"embeddable":true,"href":"https:\/\/arantv.az\/index.php?rest_route=\/wp\/v2\/users\/2"}],"replies":[{"embeddable":true,"href":"https:\/\/arantv.az\/index.php?rest_route=%2Fwp%2Fv2%2Fcomments&post=780468"}],"version-history":[{"count":6,"href":"https:\/\/arantv.az\/index.php?rest_route=\/wp\/v2\/posts\/780468\/revisions"}],"predecessor-version":[{"id":780484,"href":"https:\/\/arantv.az\/index.php?rest_route=\/wp\/v2\/posts\/780468\/revisions\/780484"}],"wp:featuredmedia":[{"embeddable":true,"href":"https:\/\/arantv.az\/index.php?rest_route=\/wp\/v2\/media\/780472"}],"wp:attachment":[{"href":"https:\/\/arantv.az\/index.php?rest_route=%2Fwp%2Fv2%2Fmedia&parent=780468"}],"wp:term":[{"taxonomy":"category","embeddable":true,"href":"https:\/\/arantv.az\/index.php?rest_route=%2Fwp%2Fv2%2Fcategories&post=780468"},{"taxonomy":"post_tag","embeddable":true,"href":"https:\/\/arantv.az\/index.php?rest_route=%2Fwp%2Fv2%2Ftags&post=780468"}],"curies":[{"name":"wp","href":"https:\/\/api.w.org\/{rel}","templated":true}]}}