{"id":78047,"date":"2019-09-10T15:56:01","date_gmt":"2019-09-10T12:56:01","guid":{"rendered":"http:\/\/arantv.az\/?p=78047"},"modified":"2019-09-10T15:56:01","modified_gmt":"2019-09-10T12:56:01","slug":"deputat-sabirabadda-bas-ver%c9%99nl%c9%99r-gost%c9%99rir-ki-bu-sah%c9%99d%c9%99-h%c9%99l%c9%99-gorul%c9%99si-isl%c9%99r-coxdur","status":"publish","type":"post","link":"https:\/\/arantv.az\/?p=78047","title":{"rendered":"Deputat: &#8220;Sabirabadda ba\u015f ver\u0259nl\u0259r g\u00f6st\u0259rir ki, bu sah\u0259d\u0259 h\u0259l\u0259 g\u00f6r\u00fcl\u0259si i\u015fl\u0259r \u00e7oxdur&#8221;"},"content":{"rendered":"<blockquote><p><em><strong>\u018fhalinin sa\u011flaml\u0131\u011f\u0131n\u0131n v\u0259 qida t\u0259hl\u00fck\u0259sizliyinin qorunmas\u0131 d\u00f6vl\u0259t siyas\u0259tinin ba\u015fl\u0131ca istiqam\u0259tl\u0259rind\u0259n biridir.<\/strong><\/em><\/p><\/blockquote>\n<p><strong>ARANTV.AZ\u00a0<\/strong> x\u0259b\u0259r verir ki, bunu\u00a0<a href=\"https:\/\/az.trend.az\/\" target=\"_blank\" rel=\"noopener\">Trend<\/a>-\u0259 mill\u0259t v\u0259kili Rauf \u018fliyev deyib.<\/p>\n<p>Deputat deyib ki, Az\u0259rbaycanda d\u00f6vl\u0259t siyas\u0259tinin ba\u015fl\u0131ca istiqam\u0259tl\u0259rind\u0259n biri \u0259halinin sa\u011flaml\u0131\u011f\u0131n\u0131n v\u0259 qida t\u0259hl\u00fck\u0259sizliyinin t\u0259min olunmas\u0131d\u0131r:<\/p>\n<p>&#8220;Az\u0259rbaycan Respublikas\u0131nda k\u0259nd t\u0259s\u0259rr\u00fcfat\u0131 m\u0259hsullar\u0131n\u0131n istehsal\u0131 v\u0259 emal\u0131na dair &#8220;Strateji Yol X\u0259rit\u0259si&#8221;nd\u0259 n\u0259z\u0259rd\u0259 tutulmu\u015f t\u0259dbirl\u0259rin h\u0259yata ke\u00e7irilm\u0259sini t\u0259min etm\u0259k, qida t\u0259hl\u00fck\u0259sizliyin\u0259 n\u0259zar\u0259t sistemini t\u0259kminl\u0259\u015fdirm\u0259k, bu sah\u0259d\u0259 \u015f\u0259ffafl\u0131\u011f\u0131n art\u0131r\u0131lmas\u0131 m\u0259qs\u0259di il\u0259 Az\u0259rbaycan Respublikas\u0131 Prezidentinin 10 fevral 2017-ci il tarixli F\u0259rman\u0131 il\u0259 Az\u0259rbaycan Qida T\u0259hl\u00fck\u0259sizliyi Agentliyi yarad\u0131l\u0131b. Agentlik yarad\u0131ld\u0131qdan sonra \u0259halinin qida t\u0259hl\u00fck\u0259sizliyinin t\u0259min olunmas\u0131 istiqam\u0259tind\u0259 bir s\u0131ra m\u00fch\u00fcm t\u0259dbirl\u0259r h\u0259yata ke\u00e7irilir v\u0259 bu istiqam\u0259td\u0259 i\u015fl\u0259r davam etdirilir. Mill\u0259t v\u0259kili olaraq qida t\u0259hl\u00fck\u0259sizliyi il\u0259 \u0259laq\u0259dar, respublikam\u0131z\u0131n m\u00fcxt\u0259lif b\u00f6lg\u0259l\u0259rind\u0259, o c\u00fcml\u0259d\u0259n Bak\u0131 \u015f\u0259h\u0259rind\u0259 baytarl\u0131q-sanitariya v\u0259 baytarl\u0131q-gigiyena t\u0259l\u0259bl\u0259rin\u0259 cavab verm\u0259y\u0259n, m\u0259n\u015f\u0259yi m\u0259lum olmayan \u0259t m\u0259hsullar\u0131n\u0131n istehsal\u0131 v\u0259 sat\u0131\u015f\u0131 il\u0259 m\u0259\u015f\u011ful olan \u015f\u0259xsl\u0259rin qanunsuz f\u0259aliyy\u0259tl\u0259rinin qar\u015f\u0131s\u0131n\u0131n al\u0131nmas\u0131 il\u0259 \u0259laq\u0259dar bu m\u0259s\u0259l\u0259l\u0259ri tez bir zamanda h\u0259ll edilm\u0259sinin vacibliyini d\u0259f\u0259l\u0259rl\u0259 m\u0259tbuatda qald\u0131rm\u0131\u015fam. Agentlik t\u0259r\u0259find\u0259n bu sah\u0259d\u0259 yol veril\u0259n n\u00f6qsanlar\u0131n aradan qald\u0131r\u0131lmas\u0131 \u00fc\u00e7\u00fcn, qald\u0131r\u0131lan m\u0259s\u0259l\u0259l\u0259rin h\u0259ll edilm\u0259si m\u0259qs\u0259di il\u0259 \u00f6z s\u0259lahiyy\u0259tl\u0259ri daxilind\u0259 m\u00fcvafiq i\u015fl\u0259r g\u00f6r\u00fcl\u00fcr&#8221;.<\/p>\n<p>R.\u018fliyev qeyd edib ki, bu g\u00fcnl\u0259rd\u0259 Agentlik t\u0259r\u0259find\u0259n qarayara x\u0259st\u0259liyi il\u0259 \u0259laq\u0259dar a\u00e7\u0131qlama yay\u0131l\u0131b. Bildirilib ki, Sabirabad rayonunun iki n\u0259f\u0259r sakinind\u0259 qarayara x\u0259st\u0259liyi ehtimal\u0131 il\u0259 daxil olan m\u0259lumat \u0259sas\u0131nda Agentliyin m\u00fct\u0259x\u0259ssisl\u0259rind\u0259n ibar\u0259t qurup yarad\u0131l\u0131b v\u0259 hadis\u0259 yerin\u0259 ezam olunublar: &#8220;Qeyd etm\u0259k laz\u0131md\u0131r ki, bu ilin iyul ay\u0131nda Sabirabad rayonunda daha iki n\u0259f\u0259rd\u0259 qarayara a\u015fkar olunmu\u015fdu, onlardan biri bu x\u0259st\u0259likd\u0259n v\u0259fat etmi\u015fdi. Haz\u0131rda m\u00fct\u0259x\u0259ssisl\u0259r t\u0259r\u0259find\u0259n t\u00f6r\u0259dicil\u0259rin m\u00fc\u0259yy\u0259n olunmas\u0131 istiqam\u0259tind\u0259 ara\u015fd\u0131rmalara ba\u015flan\u0131l\u0131b. Bu onu g\u00f6st\u0259rir ki, Agentlik t\u0259r\u0259find\u0259n k\u00fctl\u0259vi informasiya vasit\u0259l\u0259rind\u0259 qida t\u0259hl\u00fck\u0259sizliyi il\u0259 v\u0259 m\u00fc\u0259yy\u0259n infeksion x\u0259st\u0259likl\u0259r bar\u0259d\u0259 yay\u0131lm\u0131\u015f m\u0259lumatlara diqq\u0259tl\u0259 yana\u015f\u0131l\u0131r v\u0259 m\u0259s\u0259l\u0259l\u0259rin h\u0259lli \u00fc\u00e7\u00fcn m\u00fcvafiq t\u0259dbirl\u0259r g\u00f6r\u00fcl\u00fcr. Ba\u015f ver\u0259n hadis\u0259l\u0259r eyni zamanda g\u00f6st\u0259rir ki, bu sah\u0259d\u0259 h\u0259l\u0259 g\u00f6r\u00fcl\u0259si i\u015fl\u0259r \u00e7oxdur. Qida T\u0259hl\u00fck\u0259sizliyi Agentliyi v\u0259 bu sah\u0259y\u0259 cavabdeh olan dig\u0259r qurumlar yuxar\u0131da qeyd olunan hallar\u0131n qar\u015f\u0131s\u0131n\u0131n al\u0131nmas\u0131 m\u0259qs\u0259di il\u0259 qabaqlay\u0131c\u0131, proflaktik t\u0259dbirl\u0259rin h\u0259yata ke\u00e7irilm\u0259si istiqam\u0259tind\u0259 i\u015fl\u0259rini g\u00fccl\u0259ndirm\u0259lidirl\u0259r. Eyni zamanda bu m\u00fch\u00fcm m\u0259s\u0259l\u0259nin h\u0259llind\u0259 yerl\u0259rd\u0259ki m\u00fcvafiq d\u00f6vl\u0259t orqanlar\u0131, yerli\u00f6z\u00fcn\u00fcidar\u0259 qurumlar\u0131 v\u0259 sakinl\u0259r yax\u0131ndan i\u015ftirak etm\u0259lidirl\u0259r&#8221;.<\/p>\n","protected":false},"excerpt":{"rendered":"<p>\u018fhalinin sa\u011flaml\u0131\u011f\u0131n\u0131n v\u0259 qida t\u0259hl\u00fck\u0259sizliyinin qorunmas\u0131 d\u00f6vl\u0259t siyas\u0259tinin ba\u015fl\u0131ca istiqam\u0259tl\u0259rind\u0259n biridir. ARANTV.AZ\u00a0 x\u0259b\u0259r verir ki, bunu\u00a0Trend-\u0259 mill\u0259t v\u0259kili Rauf \u018fliyev deyib. Deputat deyib ki, Az\u0259rbaycanda d\u00f6vl\u0259t siyas\u0259tinin ba\u015fl\u0131ca istiqam\u0259tl\u0259rind\u0259n biri \u0259halinin sa\u011flaml\u0131\u011f\u0131n\u0131n v\u0259 qida t\u0259hl\u00fck\u0259sizliyinin t\u0259min olunmas\u0131d\u0131r: &#8220;Az\u0259rbaycan Respublikas\u0131nda k\u0259nd t\u0259s\u0259rr\u00fcfat\u0131 m\u0259hsullar\u0131n\u0131n istehsal\u0131 v\u0259 emal\u0131na dair &#8220;Strateji Yol X\u0259rit\u0259si&#8221;nd\u0259 n\u0259z\u0259rd\u0259 tutulmu\u015f t\u0259dbirl\u0259rin h\u0259yata ke\u00e7irilm\u0259sini t\u0259min etm\u0259k, qida t\u0259hl\u00fck\u0259sizliyin\u0259 n\u0259zar\u0259t sistemini t\u0259kminl\u0259\u015fdirm\u0259k, bu sah\u0259d\u0259 \u015f\u0259ffafl\u0131\u011f\u0131n art\u0131r\u0131lmas\u0131 m\u0259qs\u0259di il\u0259 Az\u0259rbaycan Respublikas\u0131 Prezidentinin 10 fevral 2017-ci il tarixli F\u0259rman\u0131 il\u0259 Az\u0259rbaycan Qida T\u0259hl\u00fck\u0259sizliyi Agentliyi yarad\u0131l\u0131b. Agentlik yarad\u0131ld\u0131qdan sonra \u0259halinin qida t\u0259hl\u00fck\u0259sizliyinin t\u0259min olunmas\u0131&hellip;<\/p>\n","protected":false},"author":2,"featured_media":78048,"comment_status":"closed","ping_status":"closed","sticky":false,"template":"","format":"standard","meta":{"om_disable_all_campaigns":false,"_monsterinsights_skip_tracking":false,"_monsterinsights_sitenote_active":false,"_monsterinsights_sitenote_note":"","_monsterinsights_sitenote_category":0},"categories":[4],"tags":[],"aioseo_notices":[],"gutentor_comment":0,"rttpg_featured_image_url":{"full":["https:\/\/arantv.az\/wp-content\/uploads\/2019\/09\/784892.jpg",800,600,false],"landscape":["https:\/\/arantv.az\/wp-content\/uploads\/2019\/09\/784892.jpg",800,600,false],"portraits":["https:\/\/arantv.az\/wp-content\/uploads\/2019\/09\/784892.jpg",800,600,false],"thumbnail":["https:\/\/arantv.az\/wp-content\/uploads\/2019\/09\/784892-150x150.jpg",150,150,true],"medium":["https:\/\/arantv.az\/wp-content\/uploads\/2019\/09\/784892-300x225.jpg",300,225,true],"large":["https:\/\/arantv.az\/wp-content\/uploads\/2019\/09\/784892.jpg",640,480,false],"1536x1536":["https:\/\/arantv.az\/wp-content\/uploads\/2019\/09\/784892.jpg",800,600,false],"2048x2048":["https:\/\/arantv.az\/wp-content\/uploads\/2019\/09\/784892.jpg",800,600,false],"post-thumbnail":["https:\/\/arantv.az\/wp-content\/uploads\/2019\/09\/784892-240x172.jpg",240,172,true],"advps-thumb-one":["https:\/\/arantv.az\/wp-content\/uploads\/2019\/09\/784892.jpg",800,600,false]},"rttpg_author":{"display_name":"V\u00fcsal Rafiqo\u011flu","author_link":"https:\/\/arantv.az\/?author=2"},"rttpg_comment":0,"rttpg_category":"<a href=\"https:\/\/arantv.az\/?cat=4\" rel=\"category\">Siyas\u0259t<\/a>","rttpg_excerpt":"\u018fhalinin sa\u011flaml\u0131\u011f\u0131n\u0131n v\u0259 qida t\u0259hl\u00fck\u0259sizliyinin qorunmas\u0131 d\u00f6vl\u0259t siyas\u0259tinin ba\u015fl\u0131ca istiqam\u0259tl\u0259rind\u0259n biridir. ARANTV.AZ\u00a0 x\u0259b\u0259r verir ki, bunu\u00a0Trend-\u0259 mill\u0259t v\u0259kili Rauf \u018fliyev deyib. Deputat deyib ki, Az\u0259rbaycanda d\u00f6vl\u0259t siyas\u0259tinin ba\u015fl\u0131ca istiqam\u0259tl\u0259rind\u0259n biri \u0259halinin sa\u011flaml\u0131\u011f\u0131n\u0131n v\u0259 qida t\u0259hl\u00fck\u0259sizliyinin t\u0259min olunmas\u0131d\u0131r: &#8220;Az\u0259rbaycan Respublikas\u0131nda k\u0259nd t\u0259s\u0259rr\u00fcfat\u0131 m\u0259hsullar\u0131n\u0131n istehsal\u0131 v\u0259 emal\u0131na dair &#8220;Strateji Yol X\u0259rit\u0259si&#8221;nd\u0259 n\u0259z\u0259rd\u0259 tutulmu\u015f t\u0259dbirl\u0259rin h\u0259yata ke\u00e7irilm\u0259sini t\u0259min&hellip;","_links":{"self":[{"href":"https:\/\/arantv.az\/index.php?rest_route=\/wp\/v2\/posts\/78047"}],"collection":[{"href":"https:\/\/arantv.az\/index.php?rest_route=\/wp\/v2\/posts"}],"about":[{"href":"https:\/\/arantv.az\/index.php?rest_route=\/wp\/v2\/types\/post"}],"author":[{"embeddable":true,"href":"https:\/\/arantv.az\/index.php?rest_route=\/wp\/v2\/users\/2"}],"replies":[{"embeddable":true,"href":"https:\/\/arantv.az\/index.php?rest_route=%2Fwp%2Fv2%2Fcomments&post=78047"}],"version-history":[{"count":0,"href":"https:\/\/arantv.az\/index.php?rest_route=\/wp\/v2\/posts\/78047\/revisions"}],"wp:featuredmedia":[{"embeddable":true,"href":"https:\/\/arantv.az\/index.php?rest_route=\/wp\/v2\/media\/78048"}],"wp:attachment":[{"href":"https:\/\/arantv.az\/index.php?rest_route=%2Fwp%2Fv2%2Fmedia&parent=78047"}],"wp:term":[{"taxonomy":"category","embeddable":true,"href":"https:\/\/arantv.az\/index.php?rest_route=%2Fwp%2Fv2%2Fcategories&post=78047"},{"taxonomy":"post_tag","embeddable":true,"href":"https:\/\/arantv.az\/index.php?rest_route=%2Fwp%2Fv2%2Ftags&post=78047"}],"curies":[{"name":"wp","href":"https:\/\/api.w.org\/{rel}","templated":true}]}}