{"id":78050,"date":"2019-09-10T15:57:12","date_gmt":"2019-09-10T12:57:12","guid":{"rendered":"http:\/\/arantv.az\/?p=78050"},"modified":"2019-09-10T15:57:12","modified_gmt":"2019-09-10T12:57:12","slug":"iranda-saatda-101-km-sur%c9%99tl%c9%99-%c9%99s%c9%99n-kul%c9%99k-qum-qasirgasi-yaratdi","status":"publish","type":"post","link":"https:\/\/arantv.az\/?p=78050","title":{"rendered":"\u0130randa saatda 101 km s\u00fcr\u0259tl\u0259 \u0259s\u0259n k\u00fcl\u0259k qum qas\u0131r\u011fas\u0131 yaratd\u0131"},"content":{"rendered":"<p><strong>ARANTV.AZ<\/strong> Trend-\u0259 istinad\u0259n x\u0259b\u0259r verir ki, k\u0259skin hava \u015f\u0259raiti il\u0259 ba\u011fl\u0131 x\u0259b\u0259ri \u0130ran\u0131n Sistan v\u0259 B\u0259lu\u00e7estan vilay\u0259tinin hava proqnozlar\u0131 b\u00fcrosunun direktoru Mahmud Diyan\u0259ti r\u0259smi t\u0259sdiql\u0259yib. M.Diyan\u0259tinin s\u00f6zl\u0259rin\u0259 g\u00f6r\u0259, g\u00fccl\u00fc k\u00fcl\u0259k b\u00f6lg\u0259d\u0259 qum qas\u0131r\u011fas\u0131na da s\u0259b\u0259b olub.<\/p>\n<p>B\u00fcro direktoru \u0259lav\u0259 edib ki, haz\u0131rda rayonda hava tozlu, g\u00f6r\u00fcnt\u00fc z\u0259ifdir, x\u00fcsus\u0259n d\u0259 aeroportun i\u015find\u0259 problem yarad\u0131r.<\/p>\n<p>B\u00fcro r\u0259smisi proqnozlara \u0259sas\u0259n, hava \u015f\u0259raitinin h\u0259ft\u0259 sonuna q\u0259d\u0259r bu c\u00fcr davam ed\u0259c\u0259yini deyib.<\/p>\n","protected":false},"excerpt":{"rendered":"<p>ARANTV.AZ Trend-\u0259 istinad\u0259n x\u0259b\u0259r verir ki, k\u0259skin hava \u015f\u0259raiti il\u0259 ba\u011fl\u0131 x\u0259b\u0259ri \u0130ran\u0131n Sistan v\u0259 B\u0259lu\u00e7estan vilay\u0259tinin hava proqnozlar\u0131 b\u00fcrosunun direktoru Mahmud Diyan\u0259ti r\u0259smi t\u0259sdiql\u0259yib. M.Diyan\u0259tinin s\u00f6zl\u0259rin\u0259 g\u00f6r\u0259, g\u00fccl\u00fc k\u00fcl\u0259k b\u00f6lg\u0259d\u0259 qum qas\u0131r\u011fas\u0131na da s\u0259b\u0259b olub. B\u00fcro direktoru \u0259lav\u0259 edib ki, haz\u0131rda rayonda hava tozlu, g\u00f6r\u00fcnt\u00fc z\u0259ifdir, x\u00fcsus\u0259n d\u0259 aeroportun i\u015find\u0259 problem yarad\u0131r. B\u00fcro r\u0259smisi proqnozlara \u0259sas\u0259n, hava \u015f\u0259raitinin h\u0259ft\u0259 sonuna q\u0259d\u0259r bu c\u00fcr davam ed\u0259c\u0259yini deyib.<\/p>\n","protected":false},"author":2,"featured_media":78051,"comment_status":"closed","ping_status":"closed","sticky":false,"template":"","format":"standard","meta":{"om_disable_all_campaigns":false,"_monsterinsights_skip_tracking":false,"_monsterinsights_sitenote_active":false,"_monsterinsights_sitenote_note":"","_monsterinsights_sitenote_category":0},"categories":[7],"tags":[],"aioseo_notices":[],"gutentor_comment":0,"rttpg_featured_image_url":{"full":["https:\/\/arantv.az\/wp-content\/uploads\/2019\/09\/784870.jpg",800,600,false],"landscape":["https:\/\/arantv.az\/wp-content\/uploads\/2019\/09\/784870.jpg",800,600,false],"portraits":["https:\/\/arantv.az\/wp-content\/uploads\/2019\/09\/784870.jpg",800,600,false],"thumbnail":["https:\/\/arantv.az\/wp-content\/uploads\/2019\/09\/784870-150x150.jpg",150,150,true],"medium":["https:\/\/arantv.az\/wp-content\/uploads\/2019\/09\/784870-300x225.jpg",300,225,true],"large":["https:\/\/arantv.az\/wp-content\/uploads\/2019\/09\/784870.jpg",640,480,false],"1536x1536":["https:\/\/arantv.az\/wp-content\/uploads\/2019\/09\/784870.jpg",800,600,false],"2048x2048":["https:\/\/arantv.az\/wp-content\/uploads\/2019\/09\/784870.jpg",800,600,false],"post-thumbnail":["https:\/\/arantv.az\/wp-content\/uploads\/2019\/09\/784870-240x172.jpg",240,172,true],"advps-thumb-one":["https:\/\/arantv.az\/wp-content\/uploads\/2019\/09\/784870.jpg",800,600,false]},"rttpg_author":{"display_name":"V\u00fcsal Rafiqo\u011flu","author_link":"https:\/\/arantv.az\/?author=2"},"rttpg_comment":0,"rttpg_category":"<a href=\"https:\/\/arantv.az\/?cat=7\" rel=\"category\">D\u00fcnya<\/a>","rttpg_excerpt":"ARANTV.AZ Trend-\u0259 istinad\u0259n x\u0259b\u0259r verir ki, k\u0259skin hava \u015f\u0259raiti il\u0259 ba\u011fl\u0131 x\u0259b\u0259ri \u0130ran\u0131n Sistan v\u0259 B\u0259lu\u00e7estan vilay\u0259tinin hava proqnozlar\u0131 b\u00fcrosunun direktoru Mahmud Diyan\u0259ti r\u0259smi t\u0259sdiql\u0259yib. M.Diyan\u0259tinin s\u00f6zl\u0259rin\u0259 g\u00f6r\u0259, g\u00fccl\u00fc k\u00fcl\u0259k b\u00f6lg\u0259d\u0259 qum qas\u0131r\u011fas\u0131na da s\u0259b\u0259b olub. B\u00fcro direktoru \u0259lav\u0259 edib ki, haz\u0131rda rayonda hava tozlu, g\u00f6r\u00fcnt\u00fc z\u0259ifdir, x\u00fcsus\u0259n d\u0259 aeroportun i\u015find\u0259 problem yarad\u0131r. B\u00fcro r\u0259smisi&hellip;","_links":{"self":[{"href":"https:\/\/arantv.az\/index.php?rest_route=\/wp\/v2\/posts\/78050"}],"collection":[{"href":"https:\/\/arantv.az\/index.php?rest_route=\/wp\/v2\/posts"}],"about":[{"href":"https:\/\/arantv.az\/index.php?rest_route=\/wp\/v2\/types\/post"}],"author":[{"embeddable":true,"href":"https:\/\/arantv.az\/index.php?rest_route=\/wp\/v2\/users\/2"}],"replies":[{"embeddable":true,"href":"https:\/\/arantv.az\/index.php?rest_route=%2Fwp%2Fv2%2Fcomments&post=78050"}],"version-history":[{"count":0,"href":"https:\/\/arantv.az\/index.php?rest_route=\/wp\/v2\/posts\/78050\/revisions"}],"wp:featuredmedia":[{"embeddable":true,"href":"https:\/\/arantv.az\/index.php?rest_route=\/wp\/v2\/media\/78051"}],"wp:attachment":[{"href":"https:\/\/arantv.az\/index.php?rest_route=%2Fwp%2Fv2%2Fmedia&parent=78050"}],"wp:term":[{"taxonomy":"category","embeddable":true,"href":"https:\/\/arantv.az\/index.php?rest_route=%2Fwp%2Fv2%2Fcategories&post=78050"},{"taxonomy":"post_tag","embeddable":true,"href":"https:\/\/arantv.az\/index.php?rest_route=%2Fwp%2Fv2%2Ftags&post=78050"}],"curies":[{"name":"wp","href":"https:\/\/api.w.org\/{rel}","templated":true}]}}