{"id":780541,"date":"2025-01-12T17:30:32","date_gmt":"2025-01-12T13:30:32","guid":{"rendered":"https:\/\/arantv.az\/?p=780541"},"modified":"2025-01-12T17:30:32","modified_gmt":"2025-01-12T13:30:32","slug":"az%c9%99rbaycanda-usagina-uc-ad-verm%c9%99k-ist%c9%99di-amma","status":"publish","type":"post","link":"https:\/\/arantv.az\/?p=780541","title":{"rendered":"Az\u0259rbaycanda u\u015fa\u011f\u0131na \u00fc\u00e7 ad verm\u0259k ist\u0259di, amma&#8230;"},"content":{"rendered":"<p><strong>Yeni do\u011fulan u\u015faqlara eyni adlar\u0131n t\u0259krar-t\u0259krar verilm\u0259sinin qar\u015f\u0131s\u0131 al\u0131nmal\u0131d\u0131r.<\/strong><\/p>\n<p><b>ARANTV.AZ <\/b>&#8220;Modern&#8221;\u0259 istinadla x\u0259b\u0259r verir ki, bunu Terminologiya Komissiyas\u0131n\u0131n s\u0259dr m\u00fcavini Sayal\u0131 Sad\u0131qova deyib.<\/p>\n<p>O bildirib ki, Az\u0259rbaycan dilind\u0259 izahl\u0131 l\u00fc\u011f\u0259tl\u0259r haz\u0131rlan\u0131b: \u201cBu l\u00fc\u011f\u0259tl\u0259rd\u0259 12-13 min\u0259 q\u0259d\u0259r ad \u00f6z \u0259ksini tap\u0131b. Bir m\u0259kt\u0259bd\u0259, sinifd\u0259 \u018fli yaxud Fatim\u0259 ad\u0131n\u0131n 15-20 n\u0259f\u0259r\u0259 verilm\u0259si yax\u015f\u0131 hal deyil\u201d .<\/p>\n<p>Sayal\u0131 Sad\u0131qova u\u015faqlara m\u00fcr\u0259kk\u0259b adlar\u0131n verilm\u0259sini d\u0259 yax\u015f\u0131 hal hesab etmir:<\/p>\n<p>\u201cM\u0259s\u0259l\u0259n, u\u015fa\u011fa Zeyn\u0259b, Fatim\u0259, M\u0259ry\u0259m adlar\u0131n\u0131n birlikd\u0259 verilm\u0259si il\u0259 ba\u011fl\u0131 m\u00fcraci\u0259t edilmi\u015fdi. Bu adlar\u0131n ancaq birinin yaz\u0131lmas\u0131 t\u00f6vsiy\u0259 edilib\u201d.<\/p>\n","protected":false},"excerpt":{"rendered":"<p>Yeni do\u011fulan u\u015faqlara eyni adlar\u0131n t\u0259krar-t\u0259krar verilm\u0259sinin qar\u015f\u0131s\u0131 al\u0131nmal\u0131d\u0131r. ARANTV.AZ &#8220;Modern&#8221;\u0259 istinadla x\u0259b\u0259r verir ki, bunu Terminologiya Komissiyas\u0131n\u0131n s\u0259dr m\u00fcavini Sayal\u0131 Sad\u0131qova deyib. O bildirib ki, Az\u0259rbaycan dilind\u0259 izahl\u0131 l\u00fc\u011f\u0259tl\u0259r haz\u0131rlan\u0131b: \u201cBu l\u00fc\u011f\u0259tl\u0259rd\u0259 12-13 min\u0259 q\u0259d\u0259r ad \u00f6z \u0259ksini tap\u0131b. Bir m\u0259kt\u0259bd\u0259, sinifd\u0259 \u018fli yaxud Fatim\u0259 ad\u0131n\u0131n 15-20 n\u0259f\u0259r\u0259 verilm\u0259si yax\u015f\u0131 hal deyil\u201d . Sayal\u0131 Sad\u0131qova u\u015faqlara m\u00fcr\u0259kk\u0259b adlar\u0131n verilm\u0259sini d\u0259 yax\u015f\u0131 hal hesab etmir: \u201cM\u0259s\u0259l\u0259n, u\u015fa\u011fa Zeyn\u0259b, Fatim\u0259, M\u0259ry\u0259m adlar\u0131n\u0131n birlikd\u0259 verilm\u0259si il\u0259 ba\u011fl\u0131 m\u00fcraci\u0259t edilmi\u015fdi. Bu adlar\u0131n ancaq birinin yaz\u0131lmas\u0131 t\u00f6vsiy\u0259 edilib\u201d.<\/p>\n","protected":false},"author":2,"featured_media":780542,"comment_status":"closed","ping_status":"closed","sticky":false,"template":"","format":"standard","meta":{"om_disable_all_campaigns":false,"_monsterinsights_skip_tracking":false,"_monsterinsights_sitenote_active":false,"_monsterinsights_sitenote_note":"","_monsterinsights_sitenote_category":0},"categories":[1],"tags":[],"aioseo_notices":[],"gutentor_comment":0,"rttpg_featured_image_url":{"full":["https:\/\/arantv.az\/wp-content\/uploads\/2025\/01\/korpe.jpg",637,400,false],"landscape":["https:\/\/arantv.az\/wp-content\/uploads\/2025\/01\/korpe.jpg",637,400,false],"portraits":["https:\/\/arantv.az\/wp-content\/uploads\/2025\/01\/korpe.jpg",637,400,false],"thumbnail":["https:\/\/arantv.az\/wp-content\/uploads\/2025\/01\/korpe-500x280.jpg",500,280,true],"medium":["https:\/\/arantv.az\/wp-content\/uploads\/2025\/01\/korpe-581x365.jpg",581,365,true],"large":["https:\/\/arantv.az\/wp-content\/uploads\/2025\/01\/korpe.jpg",637,400,false],"1536x1536":["https:\/\/arantv.az\/wp-content\/uploads\/2025\/01\/korpe.jpg",637,400,false],"2048x2048":["https:\/\/arantv.az\/wp-content\/uploads\/2025\/01\/korpe.jpg",637,400,false],"post-thumbnail":["https:\/\/arantv.az\/wp-content\/uploads\/2025\/01\/korpe-240x172.jpg",240,172,true],"advps-thumb-one":["https:\/\/arantv.az\/wp-content\/uploads\/2025\/01\/korpe.jpg",637,400,false]},"rttpg_author":{"display_name":"V\u00fcsal Rafiqo\u011flu","author_link":"https:\/\/arantv.az\/?author=2"},"rttpg_comment":0,"rttpg_category":"<a href=\"https:\/\/arantv.az\/?cat=1\" rel=\"category\">C\u0259miyy\u0259t<\/a>","rttpg_excerpt":"Yeni do\u011fulan u\u015faqlara eyni adlar\u0131n t\u0259krar-t\u0259krar verilm\u0259sinin qar\u015f\u0131s\u0131 al\u0131nmal\u0131d\u0131r. ARANTV.AZ &#8220;Modern&#8221;\u0259 istinadla x\u0259b\u0259r verir ki, bunu Terminologiya Komissiyas\u0131n\u0131n s\u0259dr m\u00fcavini Sayal\u0131 Sad\u0131qova deyib. O bildirib ki, Az\u0259rbaycan dilind\u0259 izahl\u0131 l\u00fc\u011f\u0259tl\u0259r haz\u0131rlan\u0131b: \u201cBu l\u00fc\u011f\u0259tl\u0259rd\u0259 12-13 min\u0259 q\u0259d\u0259r ad \u00f6z \u0259ksini tap\u0131b. Bir m\u0259kt\u0259bd\u0259, sinifd\u0259 \u018fli yaxud Fatim\u0259 ad\u0131n\u0131n 15-20 n\u0259f\u0259r\u0259 verilm\u0259si yax\u015f\u0131 hal deyil\u201d . Sayal\u0131&hellip;","_links":{"self":[{"href":"https:\/\/arantv.az\/index.php?rest_route=\/wp\/v2\/posts\/780541"}],"collection":[{"href":"https:\/\/arantv.az\/index.php?rest_route=\/wp\/v2\/posts"}],"about":[{"href":"https:\/\/arantv.az\/index.php?rest_route=\/wp\/v2\/types\/post"}],"author":[{"embeddable":true,"href":"https:\/\/arantv.az\/index.php?rest_route=\/wp\/v2\/users\/2"}],"replies":[{"embeddable":true,"href":"https:\/\/arantv.az\/index.php?rest_route=%2Fwp%2Fv2%2Fcomments&post=780541"}],"version-history":[{"count":1,"href":"https:\/\/arantv.az\/index.php?rest_route=\/wp\/v2\/posts\/780541\/revisions"}],"predecessor-version":[{"id":780543,"href":"https:\/\/arantv.az\/index.php?rest_route=\/wp\/v2\/posts\/780541\/revisions\/780543"}],"wp:featuredmedia":[{"embeddable":true,"href":"https:\/\/arantv.az\/index.php?rest_route=\/wp\/v2\/media\/780542"}],"wp:attachment":[{"href":"https:\/\/arantv.az\/index.php?rest_route=%2Fwp%2Fv2%2Fmedia&parent=780541"}],"wp:term":[{"taxonomy":"category","embeddable":true,"href":"https:\/\/arantv.az\/index.php?rest_route=%2Fwp%2Fv2%2Fcategories&post=780541"},{"taxonomy":"post_tag","embeddable":true,"href":"https:\/\/arantv.az\/index.php?rest_route=%2Fwp%2Fv2%2Ftags&post=780541"}],"curies":[{"name":"wp","href":"https:\/\/api.w.org\/{rel}","templated":true}]}}