{"id":780554,"date":"2025-01-12T19:34:43","date_gmt":"2025-01-12T15:34:43","guid":{"rendered":"https:\/\/arantv.az\/?p=780554"},"modified":"2025-01-12T19:34:43","modified_gmt":"2025-01-12T15:34:43","slug":"az%c9%99rbaycan-s%c9%99firi-moldova-prezidentin%c9%99-hansi-bahali-h%c9%99diyy%c9%99-verib","status":"publish","type":"post","link":"https:\/\/arantv.az\/?p=780554","title":{"rendered":"Az\u0259rbaycan s\u0259firi Moldova prezidentin\u0259 hans\u0131 bahal\u0131 h\u0259diyy\u0259 verib?"},"content":{"rendered":"<p><strong>Moldova lideri Maria Sandunun 2024-c\u00fc ild\u0259 ald\u0131\u011f\u0131 h\u0259diyy\u0259l\u0259rin\u00a0 d\u0259 d\u0259y\u0259ri a\u00e7\u0131qlan\u0131b.\u00a0 Musavat. com IPN-\u0259 istinad\u0259n x\u0259b\u0259r verir ki,\u00a0 Moldova prezidentin\u0259 \u0259n bahal\u0131 h\u0259diyy\u0259ni Az\u0259rbaycan\u0131n bu \u00f6lk\u0259d\u0259ki s\u0259firi \u00dclvi Bax\u015f\u0259liyevin t\u0259\u00fcqdim etdiyi yun xal\u00e7a olub. Onun d\u0259y\u0259ri 17,490 lei (94,6 min rubl) olub.\u00a0 Yada salaq ki, Moldovadak\u0131 s\u0259fir 2023-c\u00fc ilin dekabr\u0131nda d\u0259yi\u015fib.\u00a0 Q\u00fcdsi\u00a0 Osmanov Az\u0259rbaycan Respublikas\u0131n\u0131n Moldova Respublikas\u0131nda f\u00f6vq\u0259lad\u0259 v\u0259 s\u0259lahiyy\u0259tli s\u0259firi v\u0259zif\u0259sind\u0259n geri \u00e7a\u011f\u0131r\u0131l\u0131b v\u0259 onun yerin\u0259 Belarusdak\u0131 sabiq s\u0131fir\u00a0 \u00dclvi Bax\u015f\u0259liyev t\u0259yin olunub.\u00a0<\/strong><\/p>\n<p>\u00dclvi Bax\u015f\u0259liyev 8 aprel 1972-ci ild\u0259 anadan olub. 1994-c\u00fc ild\u0259\u00a0<a href=\"https:\/\/az.wikipedia.org\/wiki\/Bak%C4%B1_D%C3%B6vl%C9%99t_Universiteti\">Bak\u0131 D\u00f6vl\u0259t Universitetinin<\/a>\u00a0\u015f\u0259rq\u015f\u00fcnasl\u0131q fak\u00fclt\u0259sini bitirib. 2005-ci ild\u0259\u00a0<a href=\"https:\/\/az.wikipedia.org\/wiki\/Sumqay%C4%B1t_D%C3%B6vl%C9%99t_Universiteti\">Sumqay\u0131t D\u00f6vl\u0259t Universitetinin<\/a>\u00a0\u0130qtisadiyyat v\u0259 idar\u0259etm\u0259 fak\u00fclt\u0259sind\u0259n m\u0259zun olub.<\/p>\n<p>2001-ci ild\u0259 Az\u0259rbaycan Xarici \u0130\u015fl\u0259r Nazirliyinin ikinci \u015e\u0259rq \u0130dar\u0259sinin atta\u015fesi olub. 2001-2006-c\u0131 ill\u0259rd\u0259 Az\u0259rbaycan\u0131n \u0130randak\u0131 s\u0259firliyinin \u00fc\u00e7\u00fcnc\u00fc katibi, 2006-2009-cu ill\u0259rd\u0259 is\u0259 Az\u0259rbaycan Xarici \u0130\u015fl\u0259r Nazirliyinin \u0130kinci \u015e\u0259rq \u0130dar\u0259sinin birinci katibi kimi \u00e7al\u0131\u015f\u0131b. 2009-2012 v\u0259 2013-2017-ci ill\u0259rd\u0259 Az\u0259rbaycan\u0131n Pol\u015fadak\u0131 s\u0259firliyinin m\u00fc\u015faviri kimi f\u0259aliyy\u0259t g\u00f6st\u0259rib. 2012-2013-c\u00fc ill\u0259rd\u0259 Az\u0259rbaycan Xarici \u0130\u015fl\u0259r Nazirliyinin ikinci Avropa Direktorlu\u011funun \u015f\u00f6b\u0259 m\u00fcdiri, 2017-2018-ci ill\u0259rd\u0259 Az\u0259rbaycan Xarici \u0130\u015fl\u0259r Nazirliyinin \u0130kinci Avropa \u0130dar\u0259sinin r\u0259is m\u00fcavini, 2019-2021-ci ill\u0259rd\u0259 is\u0259 Az\u0259rbaycan Xarici \u0130\u015fl\u0259r Nazirliyinin \u015e\u0259rqi Avropa v\u0259 M\u0259rk\u0259zi Asiya \u015f\u00f6b\u0259sinin m\u00fcdiri v\u0259zif\u0259sind\u0259 \u00e7al\u0131\u015f\u0131b.<\/p>\n<p><img loading=\"lazy\" src=\"https:\/\/cdn.musavat.com\/news\/thumbnails\/fc1d4454ce30570ab900a33ca2eb7cf4.jpg\" alt=\"e8e781ba5b0b8756c9a0936c2397e240 (1).jpg (640 KB)\" width=\"800\" height=\"533\" \/><\/p>\n<p><strong>2021-ci il iyulun 16-da Az\u0259rbaycan Respublikas\u0131n\u0131n Prezidenti\u00a0<a href=\"https:\/\/az.wikipedia.org\/wiki\/%C4%B0lham_%C6%8Fliyev\">\u0130lham \u018fliyevin<\/a>\u00a0s\u0259r\u0259ncam\u0131 il\u0259 ikinci d\u0259r\u0259c\u0259li f\u00f6vq\u0259lad\u0259 v\u0259 s\u0259lahiyy\u0259tli el\u00e7i diplomatik r\u00fctb\u0259si verilib.<a href=\"https:\/\/az.wikipedia.org\/wiki\/%C3%9Clvi_Bax%C5%9F%C9%99liyev#cite_note-1\">[1]<\/a>\u00a0H\u0259min tarixd\u0259 prezidentin dig\u0259r s\u0259r\u0259ncamlar\u0131 il\u0259 Az\u0259rbaycan Respublikas\u0131n\u0131n\u00a0<a href=\"https:\/\/az.wikipedia.org\/wiki\/Belarus\">Belarus Respublikas\u0131nda<\/a>\u00a0f\u00f6vq\u0259lad\u0259 v\u0259 s\u0259lahiyy\u0259tli s\u0259firi v\u0259 eyni zamanda Az\u0259rbaycan Respublikas\u0131n\u0131n M\u00fcst\u0259qil D\u00f6vl\u0259tl\u0259r Birliyinin nizamnam\u0259 v\u0259 dig\u0259r orqanlar\u0131 yan\u0131nda daimi s\u0259lahiyy\u0259tli n\u00fcmay\u0259nd\u0259si t\u0259yin edilib.\u00a0<\/strong><\/p>\n<p>Moldova prezidentin\u0259 C\u0259nubi Bessarabiya yepiskopu da qiym\u0259tli\u00a0 h\u0259ddiy\u0259 veribmi\u015f. O, Sanduya 9250 lei (50 min rubl) d\u0259y\u0259rind\u0259 ikona\u00a0 veribmi\u015f.\u00a0 Fransan\u0131n xarici i\u015fl\u0259r naziri Ketrin Kolonna is\u0259 Moldovan\u0131n xan\u0131m\u00a0 r\u0259hb\u0259rin\u0259 \u015f\u00fc\u015f\u0259d\u0259n haz\u0131rlanm\u0131\u015f a\u00e7\u0131q l\u0259\u00e7\u0259kl\u0259ri olan q\u0131z\u0131lg\u00fcl\u00fc t\u0259msil ed\u0259n \u0259l istehsal\u0131 suvenir t\u0259qdim edibmi\u015f.<\/p>\n<p>Ke\u00e7\u0259n il Baden-V\u00fcrtemberq federal \u0259yal\u0259tinin ba\u015f naziri Vinfrid Kret\u00e7man Moldova prezidentin\u0259 5590 ley (30 min rubl) d\u0259y\u0259rind\u0259\u00a0 divar saat\u0131, Zelenski is\u0259 Zaporojyan\u0131 \u0259ks etdir\u0259n r\u0259sm h\u0259diyy\u0259 etmi\u015fdi.\u00a0 Ki\u015finyova r\u0259smi s\u0259f\u0259ri zaman\u0131 Rum\u0131niya lideri Klaus \u0130ohannis Sanduya\u00a0 r\u0259ngli \u015f\u00fc\u015f\u0259 meyv\u0259 qab\u0131 h\u0259diyy\u0259 edib.<\/p>\n","protected":false},"excerpt":{"rendered":"<p>Moldova lideri Maria Sandunun 2024-c\u00fc ild\u0259 ald\u0131\u011f\u0131 h\u0259diyy\u0259l\u0259rin\u00a0 d\u0259 d\u0259y\u0259ri a\u00e7\u0131qlan\u0131b.\u00a0 Musavat. com IPN-\u0259 istinad\u0259n x\u0259b\u0259r verir ki,\u00a0 Moldova prezidentin\u0259 \u0259n bahal\u0131 h\u0259diyy\u0259ni Az\u0259rbaycan\u0131n bu \u00f6lk\u0259d\u0259ki s\u0259firi \u00dclvi Bax\u015f\u0259liyevin t\u0259\u00fcqdim etdiyi yun xal\u00e7a olub. Onun d\u0259y\u0259ri 17,490 lei (94,6 min rubl) olub.\u00a0 Yada salaq ki, Moldovadak\u0131 s\u0259fir 2023-c\u00fc ilin dekabr\u0131nda d\u0259yi\u015fib.\u00a0 Q\u00fcdsi\u00a0 Osmanov Az\u0259rbaycan Respublikas\u0131n\u0131n Moldova Respublikas\u0131nda f\u00f6vq\u0259lad\u0259 v\u0259 s\u0259lahiyy\u0259tli s\u0259firi v\u0259zif\u0259sind\u0259n geri \u00e7a\u011f\u0131r\u0131l\u0131b v\u0259 onun yerin\u0259 Belarusdak\u0131 sabiq s\u0131fir\u00a0 \u00dclvi Bax\u015f\u0259liyev t\u0259yin olunub.\u00a0 \u00dclvi Bax\u015f\u0259liyev 8 aprel 1972-ci ild\u0259 anadan olub. 1994-c\u00fc ild\u0259\u00a0Bak\u0131 D\u00f6vl\u0259t Universitetinin\u00a0\u015f\u0259rq\u015f\u00fcnasl\u0131q fak\u00fclt\u0259sini bitirib. 2005-ci ild\u0259\u00a0Sumqay\u0131t&hellip;<\/p>\n","protected":false},"author":2,"featured_media":780555,"comment_status":"closed","ping_status":"closed","sticky":false,"template":"","format":"standard","meta":{"om_disable_all_campaigns":false,"_monsterinsights_skip_tracking":false,"_monsterinsights_sitenote_active":false,"_monsterinsights_sitenote_note":"","_monsterinsights_sitenote_category":0},"categories":[4],"tags":[],"aioseo_notices":[],"gutentor_comment":0,"rttpg_featured_image_url":{"full":["https:\/\/arantv.az\/wp-content\/uploads\/2025\/01\/b5edbdd08d58d853080068aabbb4cbe2.jpg",679,413,false],"landscape":["https:\/\/arantv.az\/wp-content\/uploads\/2025\/01\/b5edbdd08d58d853080068aabbb4cbe2.jpg",679,413,false],"portraits":["https:\/\/arantv.az\/wp-content\/uploads\/2025\/01\/b5edbdd08d58d853080068aabbb4cbe2.jpg",679,413,false],"thumbnail":["https:\/\/arantv.az\/wp-content\/uploads\/2025\/01\/b5edbdd08d58d853080068aabbb4cbe2-500x280.jpg",500,280,true],"medium":["https:\/\/arantv.az\/wp-content\/uploads\/2025\/01\/b5edbdd08d58d853080068aabbb4cbe2-600x365.jpg",600,365,true],"large":["https:\/\/arantv.az\/wp-content\/uploads\/2025\/01\/b5edbdd08d58d853080068aabbb4cbe2.jpg",640,389,false],"1536x1536":["https:\/\/arantv.az\/wp-content\/uploads\/2025\/01\/b5edbdd08d58d853080068aabbb4cbe2.jpg",679,413,false],"2048x2048":["https:\/\/arantv.az\/wp-content\/uploads\/2025\/01\/b5edbdd08d58d853080068aabbb4cbe2.jpg",679,413,false],"post-thumbnail":["https:\/\/arantv.az\/wp-content\/uploads\/2025\/01\/b5edbdd08d58d853080068aabbb4cbe2-240x172.jpg",240,172,true],"advps-thumb-one":["https:\/\/arantv.az\/wp-content\/uploads\/2025\/01\/b5edbdd08d58d853080068aabbb4cbe2.jpg",679,413,false]},"rttpg_author":{"display_name":"V\u00fcsal Rafiqo\u011flu","author_link":"https:\/\/arantv.az\/?author=2"},"rttpg_comment":0,"rttpg_category":"<a href=\"https:\/\/arantv.az\/?cat=4\" rel=\"category\">Siyas\u0259t<\/a>","rttpg_excerpt":"Moldova lideri Maria Sandunun 2024-c\u00fc ild\u0259 ald\u0131\u011f\u0131 h\u0259diyy\u0259l\u0259rin\u00a0 d\u0259 d\u0259y\u0259ri a\u00e7\u0131qlan\u0131b.\u00a0 Musavat. com IPN-\u0259 istinad\u0259n x\u0259b\u0259r verir ki,\u00a0 Moldova prezidentin\u0259 \u0259n bahal\u0131 h\u0259diyy\u0259ni Az\u0259rbaycan\u0131n bu \u00f6lk\u0259d\u0259ki s\u0259firi \u00dclvi Bax\u015f\u0259liyevin t\u0259\u00fcqdim etdiyi yun xal\u00e7a olub. Onun d\u0259y\u0259ri 17,490 lei (94,6 min rubl) olub.\u00a0 Yada salaq ki, Moldovadak\u0131 s\u0259fir 2023-c\u00fc ilin dekabr\u0131nda d\u0259yi\u015fib.\u00a0 Q\u00fcdsi\u00a0 Osmanov Az\u0259rbaycan Respublikas\u0131n\u0131n&hellip;","_links":{"self":[{"href":"https:\/\/arantv.az\/index.php?rest_route=\/wp\/v2\/posts\/780554"}],"collection":[{"href":"https:\/\/arantv.az\/index.php?rest_route=\/wp\/v2\/posts"}],"about":[{"href":"https:\/\/arantv.az\/index.php?rest_route=\/wp\/v2\/types\/post"}],"author":[{"embeddable":true,"href":"https:\/\/arantv.az\/index.php?rest_route=\/wp\/v2\/users\/2"}],"replies":[{"embeddable":true,"href":"https:\/\/arantv.az\/index.php?rest_route=%2Fwp%2Fv2%2Fcomments&post=780554"}],"version-history":[{"count":1,"href":"https:\/\/arantv.az\/index.php?rest_route=\/wp\/v2\/posts\/780554\/revisions"}],"predecessor-version":[{"id":780556,"href":"https:\/\/arantv.az\/index.php?rest_route=\/wp\/v2\/posts\/780554\/revisions\/780556"}],"wp:featuredmedia":[{"embeddable":true,"href":"https:\/\/arantv.az\/index.php?rest_route=\/wp\/v2\/media\/780555"}],"wp:attachment":[{"href":"https:\/\/arantv.az\/index.php?rest_route=%2Fwp%2Fv2%2Fmedia&parent=780554"}],"wp:term":[{"taxonomy":"category","embeddable":true,"href":"https:\/\/arantv.az\/index.php?rest_route=%2Fwp%2Fv2%2Fcategories&post=780554"},{"taxonomy":"post_tag","embeddable":true,"href":"https:\/\/arantv.az\/index.php?rest_route=%2Fwp%2Fv2%2Ftags&post=780554"}],"curies":[{"name":"wp","href":"https:\/\/api.w.org\/{rel}","templated":true}]}}