{"id":780557,"date":"2025-01-12T19:35:34","date_gmt":"2025-01-12T15:35:34","guid":{"rendered":"https:\/\/arantv.az\/?p=780557"},"modified":"2025-01-12T19:35:34","modified_gmt":"2025-01-12T15:35:34","slug":"q%c9%99rb-erm%c9%99nistanda-rusiya-v%c9%99-irana-qarsi-c%c9%99bh%c9%99-acir-moskva-v%c9%99-tehran-h%c9%99l%c9%99-d%c9%99-erm%c9%99nil%c9%99ri-b%c9%99sl%c9%99yir","status":"publish","type":"post","link":"https:\/\/arantv.az\/?p=780557","title":{"rendered":"Q\u0259rb Erm\u0259nistanda Rusiya v\u0259 \u0130rana qar\u015f\u0131 c\u0259bh\u0259 a\u00e7\u0131r, Moskva v\u0259 Tehran h\u0259l\u0259 d\u0259 erm\u0259nil\u0259ri b\u0259sl\u0259yir&#8230;"},"content":{"rendered":"<p><strong>Erm\u0259nistan h\u00f6kum\u0259ti yanvar\u0131n 9-da \u00f6lk\u0259nin Avropa \u0130ttifaq\u0131na \u00fczvl\u00fck prosesinin ba\u015flanmas\u0131 il\u0259 ba\u011fl\u0131 qanun layih\u0259sin\u0259 \u201cya\u015f\u0131l i\u015f\u0131q\u201d yand\u0131r\u0131b. Sonrak\u0131 hadis\u0259l\u0259rin m\u0259suliyy\u0259tini \u00f6z \u00fcz\u0259rin\u0259 g\u00f6t\u00fcrm\u0259y\u0259 c\u0259sar\u0259t etm\u0259y\u0259n ba\u015f nazir Nikol Pa\u015finyan deyib ki, t\u0259\u015fkilata \u00fczvl\u00fck m\u0259s\u0259l\u0259si \u00fcmumxalq referendumunun ke\u00e7irilm\u0259si yolu il\u0259 h\u0259ll edilm\u0259lidir.<\/strong><\/p>\n<p>\u201cSoros u\u015faqlar\u0131\u201d hakimiyy\u0259t\u0259 g\u0259ldikl\u0259rind\u0259n b\u0259ri \u00fcz\u0259rin\u0259 g\u00f6t\u00fcrd\u00fckl\u0259ri \u00f6hd\u0259likl\u0259ri icra etm\u0259y\u0259 \u00e7al\u0131\u015f\u0131rlar, Erm\u0259nistan\u0131 Rusiyan\u0131n orbitind\u0259n uzaqla\u015fd\u0131r\u0131b, Q\u0259rbin a\u011fu\u015funa atmaq. \u0130r\u0259van\u0131n q\u0259rar\u0131n\u0131 Q\u0259rbd\u0259 sevinc\u0259k qar\u015f\u0131lay\u0131blar. Amma g\u00f6r\u00fcn\u00fcr, onlar da hay xisl\u0259tin\u0259 b\u0259l\u0259d olduqlar\u0131ndan t\u0259dbirli davranma\u011fa q\u0259rar veribl\u0259r. \u015e\u00fcbh\u0259l\u0259nibl\u0259r, g\u00f6r\u0259s\u0259n, Erm\u0259nistan ilin-g\u00fcn\u00fcn bu vaxt\u0131nda niy\u0259 Avrointeqrasiya q\u0259rar\u0131n\u0131 elan edib? G\u00fcrc\u00fcstan Avropaya yol\u00e7ulu\u011funu t\u0259xir\u0259 sal\u0131b, Moldova g\u00f6zl\u0259yir, Ukrayna od i\u00e7ind\u0259.<\/p>\n<h3><strong><em>Erm\u0259nistan niy\u0259 h\u0259v\u0259sl\u0259nib?<\/em><\/strong><\/h3>\n<p>B\u0259lk\u0259 Rusiya-Ukrayna m\u00fcharib\u0259sind\u0259n qazancl\u0131 \u00e7\u0131xan Finlandiya t\u0259cr\u00fcb\u0259si Pa\u015finyan h\u00f6kum\u0259tini h\u0259v\u0259sl\u0259ndirib? H\u0259r halda ara\u015fd\u0131r\u0131rlar.<\/p>\n<p><strong>Avropa xarici siyas\u0259t xidm\u0259tinin r\u0259smi n\u00fcmay\u0259nd\u0259si Anita Hipper deyib ki, Avropa Komissiyas\u0131 Erm\u0259nistan\u0131n Avropa \u0130ttifaq\u0131na qo\u015fulma prosesinin ba\u015flanmas\u0131 il\u0259 ba\u011fl\u0131 \u00f6lk\u0259 hakimiyy\u0259tinin qanunvericilik t\u0259\u015f\u0259bb\u00fcs\u00fcn\u00fc ara\u015fd\u0131rmaq niyy\u0259tind\u0259dir.<\/strong><\/p>\n<p>\u201cBiz qanun layih\u0259sini t\u0259hlil ed\u0259c\u0259k v\u0259 onu Erm\u0259nistan h\u00f6kum\u0259ti il\u0259 m\u00fczakir\u0259 ed\u0259c\u0259yik\u201d, &#8211; Hipper bildirib.<\/p>\n<p><img loading=\"lazy\" src=\"https:\/\/cdn.musavat.com\/news\/thumbnails\/d9293e19ba7f8f5f3dbf4b44f216b2f3.jpg\" alt=\"AN\u0130TA.jpg (45 KB)\" width=\"700\" height=\"394\" \/><\/p>\n<p><strong>Q\u0259rbd\u0259 d\u0259 anlay\u0131rlar ki, Erm\u0259nistan iki stulda oturma\u011fa \u00e7oxdan \u00f6yr\u0259nc\u0259lidir.<\/strong><\/p>\n<p>\u201cPolitiko\u201d n\u0259\u015fri \u0259b\u0259s yer\u0259 Pa\u015finyan\u0131n s\u00f6zl\u0259rini sitat g\u0259tirm\u0259yib.<\/p>\n<p>\u201cQanunun q\u0259bulu Erm\u0259nistan\u0131n s\u00f6z\u00fcn \u0259sl m\u0259nas\u0131nda A\u0130-y\u0259 daxil olmas\u0131 dem\u0259k deyil, \u00e7\u00fcnki bu, qanun v\u0259 ya h\u00f6kum\u0259tin q\u0259rar\u0131 il\u0259 edil\u0259 bilm\u0259z, bununla ba\u011fl\u0131 q\u0259rar yaln\u0131z referendum yolu il\u0259 veril\u0259 bil\u0259r\u201d &#8211; Pa\u015finyan bildirib.<\/p>\n<p>Avrasiya \u0130qtisadi \u0130ttifaq\u0131ndan b\u0259hr\u0259l\u0259n\u0259n Erm\u0259nistan\u0131n f\u00fcrs\u0259t d\u00fc\u015f\u0259n kimi 27 d\u00f6vl\u0259ti \u00f6z \u00e7\u0259tiri alt\u0131nda birl\u0259\u015fdir\u0259n Avropa \u0130ttifaq\u0131n\u0131n quca\u011f\u0131na at\u0131lmas\u0131 t\u0259bii ki, riskli hesab olunur. Forpost asanl\u0131qla \u0259ld\u0259n \u00e7\u0131xa bilm\u0259z. Ona g\u00f6r\u0259 d\u0259 \u201cb\u0259d ayaq\u201d \u00fc\u00e7\u00fcn referendum s\u00f6hb\u0259tini ortaya at\u0131blar.<\/p>\n<p>Erm\u0259nil\u0259rin v\u0259 Erm\u0259nistan\u0131n n\u0259 q\u0259d\u0259r etibars\u0131z oldu\u011funu h\u0259r k\u0259s bilir, o c\u00fcml\u0259d\u0259n Rusiya v\u0259 \u0130ran. Amma bu iki d\u00f6vl\u0259tin Erm\u0259nistan\u0131n Avropa \u0130ttifaq\u0131na do\u011fru o\u011frun-o\u011frun istiqam\u0259t g\u00f6t\u00fcrm\u0259sin\u0259 reaksiyalar t\u0259\u0259cc\u00fcb do\u011furur. 2022-ci ild\u0259n etibar\u0259n Avropa \u0130ttifaq\u0131n\u0131n \u201cm\u00fclki\u201d ad\u0131nda, \u0259slind\u0259 h\u0259rbi casus \u015f\u0259b\u0259k\u0259si Erm\u0259nistandad\u0131r: Rusiyan\u0131n h\u0259rbi bazas\u0131n\u0131n oldu\u011fu \u00f6lk\u0259d\u0259, h\u0259m d\u0259 \u0130ran\u0131n \u201cqula\u011f\u0131n\u0131n dibind\u0259\u201d. \u018fvv\u0259lc\u0259 iki ayl\u0131q 40 n\u0259f\u0259rl\u0259 Erm\u0259nistanda peyda olan A\u0130 \u201cm\u00fc\u015fahid\u0259\u00e7il\u0259ri\u201dnin say\u0131 sonradan 5 d\u0259f\u0259d\u0259n \u00e7ox, \u00f6mr\u00fc is\u0259 iki illik art\u0131r\u0131ld\u0131 v\u0259 bu g\u00fcn\u0259d\u0259k b\u00f6lg\u0259d\u0259dirl\u0259r. Fevral ay\u0131nda is\u0259 missiyan\u0131n Erm\u0259nistanda qalma m\u00fcdd\u0259tinin art\u0131r\u0131laca\u011f\u0131na \u015f\u00fcbh\u0259 yoxdur, b\u00fct\u00fcn prosesl\u0259r bu istiqam\u0259td\u0259 gedir. Cari ild\u0259n Avropa \u0130ttifaq\u0131na s\u0259drlik ed\u0259c\u0259k Pol\u015fan\u0131n prezidentinin \u0130r\u0259vana s\u0259f\u0259r ed\u0259rk\u0259n m\u0259hz Arazd\u0259y\u0259n t\u0259r\u0259f\u0259 ged\u0259r\u0259k, buradak\u0131 A\u0130 missiyas\u0131 il\u0259 g\u00f6r\u00fc\u015fm\u0259si d\u0259 t\u0259sad\u00fcfi deyildi. A\u0130 bununla h\u0259m d\u0259 \u0130ran v\u0259 dig\u0259r \u00f6lk\u0259l\u0259rl\u0259 ba\u011fl\u0131 planlar\u0131n\u0131 de\u015fifr\u0259 etmi\u015f oldu. Amma Az\u0259rbaycana m\u00fcnasib\u0259td\u0259 vaxta\u015f\u0131r\u0131 \u201cq\u0131rm\u0131z\u0131 x\u0259tt\u201dd\u0259n b\u0259hs ed\u0259nl\u0259r n\u0259d\u0259ns\u0259 bu fakt\u0131 g\u00f6rm\u0259zd\u0259n g\u0259ldil\u0259r. H\u0259m Rusiya susdu, h\u0259m d\u0259 \u0130ran.<\/p>\n<p><em><strong>2025-ci il Erm\u0259nistan \u00fc\u00e7\u00fcn iqtisadiyyat v\u0259 t\u0259hl\u00fck\u0259sizliyin sonu, t\u0259n\u0259zz\u00fcl\u00fc ili kimi g\u00f6r\u00fcn\u00fcr.<\/strong><\/em><\/p>\n<p>Teleqraf.com x\u0259b\u0259r verir ki, bunu Erm\u0259nistan\u0131n m\u00fcxalif Respublika Partiyas\u0131 G\u0259ncl\u0259r T\u0259\u015fkilat\u0131n\u0131n s\u0259dri Henrix Danielyan deyib.<\/p>\n<p><img loading=\"lazy\" src=\"https:\/\/cdn.musavat.com\/news\/thumbnails\/cab1265baaa0aa8a706ccb352f219887.jpg\" alt=\"DAN\u0130EL.png (1.34 MB)\" width=\"700\" height=\"394\" \/><\/p>\n<p>\u201cPa\u015finyan iqtidar\u0131 Erm\u0259nistan \u00fc\u00e7\u00fcn yeni da\u011f\u0131d\u0131c\u0131 g\u00fcnd\u0259m t\u0259\u015f\u0259bb\u00fcsl\u0259 \u00e7\u0131x\u0131\u015f edib: a\u011f\u0131r n\u0259tic\u0259l\u0259rl\u0259 dolu olan Avropa \u0130ttifaq\u0131na (A\u0130) \u00fczvl\u00fck m\u0259s\u0259l\u0259si. Erm\u0259nistan eyni vaxtda h\u0259m A\u0130-nin, h\u0259m d\u0259 Avrasiya \u0130qtisadi Birliyinin (A\u0130B) tamh\u00fcquqlu \u00fczv\u00fc ola bilm\u0259z.<\/p>\n<p>A\u0130B il\u0259 \u0259laq\u0259l\u0259rin azalmas\u0131 enerji v\u0259 \u0259rzaq m\u0259hsullar\u0131n\u0131n qiym\u0259tl\u0259rinin k\u0259skin artmas\u0131na, Erm\u0259nistan mallar\u0131n\u0131n ixrac\u0131n\u0131n is\u0259 80 faiz\u0259 q\u0259d\u0259r azalmas\u0131na s\u0259b\u0259b olacaq. Erm\u0259nistan\u0131n biznes sektorunun b\u00f6y\u00fck hiss\u0259si m\u00fcflis olacaq v\u0259 b\u00fct\u00fcn bunlar\u0131n \u201cyegan\u0259 u\u011fur\u201du o olacaq ki, onlar A\u0130-nin vizas\u0131z rejimi say\u0259sind\u0259, m\u0259s\u0259l\u0259n, Barselona v\u0259 ya Neapolda iflas fakt\u0131 il\u0259 \u00fczl\u0259\u015f\u0259 bil\u0259c\u0259kl\u0259r\u201d, &#8211; siyas\u0259t\u00e7i qeyd edib.<\/p>\n<p><strong>Yanvar\u0131n 9-da Rusiyan\u0131n ba\u015f nazirinin m\u00fcavini Aleksey Over\u00e7uk bildirdi ki, Moskva \u0130r\u0259van\u0131n Avropa \u0130ttifaq\u0131na qo\u015fulmaq haqq\u0131nda qanun layih\u0259sinin m\u00fczakir\u0259sin\u0259 ba\u015flamas\u0131n\u0131 Erm\u0259nistan\u0131n Avrasiya \u0130qtisadi \u0130ttifaq\u0131ndan \u00e7\u0131xmas\u0131n\u0131n ba\u015flan\u011f\u0131c\u0131 kimi qiym\u0259tl\u0259ndirir.<\/strong><\/p>\n<p>T\u0259\u0259cc\u00fcbl\u00fcs\u00fc budur ki, Over\u00e7uk bunu \u0130r\u0259van\u0131n \u201csuveren se\u00e7imi\u201d adland\u0131r\u0131b. Maraql\u0131d\u0131r, Rusiya n\u0259 vaxtdan postsovet \u00f6lk\u0259l\u0259rinin \u201csuveren se\u00e7imi\u201dn\u0259 h\u00f6rm\u0259t etm\u0259y\u0259 ba\u015flay\u0131b, \u00f6z\u00fc d\u0259 forpost Erm\u0259nistan\u0131n?.. D\u00fczd\u00fcr, Over\u00e7uk onu da deyib ki, Erm\u0259nistan\u0131n Avropa \u0130ttifaq\u0131na (A\u0130) daxil olmas\u0131 \u00f6lk\u0259nin Avrasiya \u0130qtisadi \u0130ttifaq\u0131na (A\u0130\u0130) \u00fczvl\u00fcy\u00fc il\u0259 bir araya s\u0131\u011fm\u0131r.<\/p>\n<p>\u201cH\u0259r iki ittifaq g\u00f6mr\u00fck s\u0259rh\u0259dl\u0259rinin olmamas\u0131n\u0131 v\u0259 mallar\u0131n, xidm\u0259tl\u0259rin, kapital\u0131n v\u0259 i\u015f\u00e7i q\u00fcvv\u0259sinin s\u0259rb\u0259st h\u0259r\u0259k\u0259tini n\u0259z\u0259rd\u0259 tutur\u201d, &#8211; dey\u0259n rusiyal\u0131 m\u0259mur bu iki birliyin n\u0259 vaxtsa yax\u0131nla\u015faca\u011f\u0131n\u0131 t\u0259s\u0259vv\u00fcr etm\u0259yi m\u00fcmk\u00fcns\u00fcz say\u0131b.<\/p>\n<p><img loading=\"lazy\" src=\"https:\/\/cdn.musavat.com\/news\/thumbnails\/45bfdc8a42954a3536a0904806d8d2b7.jpg\" alt=\"OVERCUK.jpg (63 KB)\" width=\"700\" height=\"436\" \/><\/p>\n<p>\u201cOna g\u00f6r\u0259 d\u0259 Erm\u0259nistanda haz\u0131rda m\u00fczakir\u0259si ged\u0259n \u201cAvropa \u0130ttifaq\u0131na qo\u015fulma prosesinin ba\u015flanmas\u0131 haqq\u0131nda\u201d qanun layih\u0259si bu \u00f6lk\u0259ni se\u00e7im qar\u015f\u0131s\u0131nda qoyur\u201d &#8211; dem\u0259kl\u0259 Over\u00e7uk dolay\u0131s\u0131 il\u0259 Pa\u015finyan h\u00f6kum\u0259tini \u201ca\u011f\u0131ll\u0131 olma\u011fa\u201d \u00e7a\u011f\u0131r\u0131b. H\u0259m d\u0259 x\u0259b\u0259rdarl\u0131q edib ki, Erm\u0259nistanda A\u0130\u0130 il\u0259 m\u00fcnasib\u0259tl\u0259r m\u0259hdudla\u015fd\u0131r\u0131larsa, bir t\u0259r\u0259fd\u0259n enerji v\u0259 \u0259rzaq qiym\u0259tl\u0259ri qalxacaq, dig\u0259r t\u0259r\u0259fd\u0259n is\u0259 yerli mallar\u0131n ixrac\u0131 70-80% azalacaq.<\/p>\n<p>\u201cBel\u0259likl\u0259, sad\u0259 insanlar \u00f6z g\u0259lirl\u0259rini, i\u015f yerl\u0259rini itir\u0259c\u0259k, t\u0259l\u0259bat mallar\u0131na daha \u00e7ox pul \u00f6d\u0259y\u0259c\u0259kl\u0259r. Bunun m\u00fcqabilind\u0259 Erm\u0259nistan \u0259halinin azalmas\u0131 il\u0259 \u00fczl\u0259\u015f\u0259c\u0259k. \u0130ndi getdikc\u0259 ayd\u0131nla\u015f\u0131r ki, A\u0130\u0130-y\u0259 \u00fczvl\u00fck imtiyazd\u0131r\u201d, &#8211; dey\u0259n Over\u00e7uk A\u0130-y\u0259 \u00fczvl\u00fcy\u00fc \u201cTitanik\u201d g\u0259misin\u0259 bilet almaqla m\u00fcqayis\u0259 edib. B\u0259li, x\u0259b\u0259rdarl\u0131qd\u0131r. Amma Ukraynan\u0131n ba\u015f\u0131na \u00fc\u00e7 ildir od \u0259l\u0259y\u0259n Rusiyan\u0131n Erm\u0259nistanla bel\u0259 ehtiyatl\u0131 dan\u0131\u015fmas\u0131 heyr\u0259t do\u011furur.<\/p>\n<p>Ke\u00e7\u0259n ilin sonlar\u0131nda Over\u00e7uk demi\u015fdi ki, Rusiya il\u0259 Erm\u0259nistan aras\u0131nda ticar\u0259t d\u00f6vriyy\u0259si 2024-c\u00fc ilin 10 ay\u0131 \u0259rzind\u0259 iki d\u0259f\u0259 art\u0131b. 2024-c\u00fc ild\u0259 Erm\u0259nistan v\u0259 Rusiya aras\u0131ndak\u0131 ticar\u0259t d\u00f6vriyy\u0259sinin 14-16 milyard AB\u015e dollar\u0131 aras\u0131nda d\u0259yi\u015f\u0259 bil\u0259c\u0259yini d\u0259 m\u0259hz o demi\u015fdi. 2020-ci ilin analoji g\u00f6st\u0259ricisind\u0259n (2,3 milyard AB\u015e dollar\u0131) 6 d\u0259f\u0259 \u00e7ox! \u00dcst\u0259lik, \u201cBizim Erm\u0259nistandak\u0131 s\u0259rmay\u0259l\u0259rimiz art\u0131q 3,4 milyard AB\u015e dollar\u0131na \u00e7at\u0131b. Erm\u0259nistanda 40-dan \u00e7ox iri Rusiya \u015firk\u0259ti f\u0259aliyy\u0259t g\u00f6st\u0259rir. Onlar\u0131n bir hiss\u0259si d\u00f6vl\u0259t b\u00fcdc\u0259sin\u0259 \u0259n b\u00f6y\u00fck vergi \u00f6d\u0259yicil\u0259rind\u0259n biridir\u201d.<\/p>\n<p><strong>Y\u0259ni Erm\u0259nistan\u0131 b\u00fct\u00fcn m\u0259nalarda saxlayan Rusiya niy\u0259 ondan \u00e7\u0259kinir v\u0259 bu \u00f6lk\u0259y\u0259 Q\u0259rbin m\u00fclki geyimli q\u00fcvv\u0259l\u0259rinin, casus \u015f\u0259b\u0259k\u0259sinin c\u0259m olmas\u0131na qar\u015f\u0131 s\u0259rt t\u0259pki g\u00f6st\u0259rmir?<\/strong><\/p>\n<p>\u0130ran da susqun. Q\u0259rib\u0259dir, bu iki n\u0259h\u0259ng \u00f6lk\u0259nin Erm\u0259nistan\u0131n yan\u0131nda n\u0259 ay\u0131b \u0259m\u0259ll\u0259ri var ki, Pa\u015finyan h\u00f6kum\u0259tinin \u015fantaj\u0131ndan \u00e7\u0259kindikl\u0259rin\u0259 g\u00f6r\u0259 onun Q\u0259rb \u00fc\u00e7\u00fcn plasdarm olmas\u0131na t\u0259pki g\u00f6st\u0259rmirl\u0259r? B\u0259lk\u0259 Qaraba\u011f h\u0259qiq\u0259tl\u0259rinin a\u00e7\u0131lmas\u0131ndan ehtiyatlan\u0131rlar. Ax\u0131, Pa\u015finyan bu yax\u0131nlarda Qaraba\u011fla ba\u011fl\u0131 arxivl\u0259ri a\u00e7ma\u011f\u0131 tap\u015f\u0131r\u0131b. Levon Ter-Petrosyan\u0131n 1993-c\u00fc ild\u0259ki \u00e7\u0131x\u0131\u015f\u0131 n\u0259 q\u0259d\u0259r h\u0259qiq\u0259tl\u0259ri ortaya \u00e7\u0131xard\u0131. H\u0259l\u0259 g\u00f6r\u00fcn orada \u0130ran v\u0259 Rusiya il\u0259 ba\u011fl\u0131 n\u0259l\u0259r var&#8230; \u0130stisna deyil ki, Erm\u0259nistan\u0131n \u015fantaj\u0131 onun Avrointeqrasiya yolundak\u0131 \u201cc\u0259sar\u0259tli\u201d add\u0131mlar\u0131nda yard\u0131m\u00e7\u0131 olur. \u0130ran v\u0259 Rusiya Erm\u0259nistan\u0131 h\u0259m qidaland\u0131r\u0131r, h\u0259m isidir, h\u0259m h\u0259rbi c\u0259h\u0259td\u0259n t\u0259min edir, amma Avropa \u0130ttifaq\u0131 \u201chaz\u0131ra nazir\u201d olur. S\u0259b\u0259bsiz ola bilm\u0259z. Bir m\u00fcdd\u0259t \u0259vv\u0259l Erm\u0259nistan\u0131n ba\u015f nazirinin m\u00fcavini Mqer Qriqoryan demi\u015fdi ki, \u00f6lk\u0259si \u00fc\u00e7\u00fcn Rusiya \u0259n b\u00f6y\u00fck ticar\u0259t t\u0259r\u0259fda\u015flar\u0131ndan biri olaraq qal\u0131r.<\/p>\n<p><img loading=\"lazy\" src=\"https:\/\/cdn.musavat.com\/news\/thumbnails\/b6f91bd4b857bb52c6cc75477ba932bb.jpg\" alt=\"MHER.jpg (95 KB)\" width=\"700\" height=\"436\" \/><\/p>\n<p><strong>Son ill\u0259rd\u0259 Erm\u0259nistandak\u0131 anti-Rusiya meyll\u0259rinin dinamikas\u0131 heyr\u0259t do\u011furur.<\/strong>\u00a0Rusiyan\u0131n t\u0259sir dair\u0259sind\u0259 olanlar ya h\u0259bs edilib, ya istintaq alt\u0131ndad\u0131r, ya da k\u00fcnc\u0259 s\u0131x\u0131\u015fd\u0131r\u0131l\u0131b. Rusiyan\u0131n \u0130r\u0259vandak\u0131 s\u0259firliyinin \u201cyumurta at\u0259\u015fin\u0259\u201d tutulmas\u0131 da unudulmay\u0131b. Erm\u0259nistan\u0131n Rusiya prezidenti Vladimir Putinin h\u0259bsin\u0259 hesablanm\u0131\u015f Roma Statusuna qo\u015fulmas\u0131 da m\u0259hz Q\u0259rbin dikt\u0259si il\u0259 ba\u015f verdi. \u00d6t\u0259n il \u201cZvartnos\u201ddan, \u0130ran-Erm\u0259nistan s\u0259rh\u0259dind\u0259n rus s\u0259rh\u0259d\u00e7il\u0259r \u00e7\u0131xar\u0131ld\u0131. AB\u015e v\u0259 A\u0130 h\u0259rb\u00e7il\u0259rinin, h\u0259rbi y\u00fckl\u0259rinin rahat da\u015f\u0131nmas\u0131na z\u0259min yarad\u0131ld\u0131. \u0130r\u0259van \u201cRus NATO-su\u201dnu \u2013 KTMT-ni \u201ct\u0259\u015fkilat yerin\u0259\u201d qoymur, amma Rusiya yen\u0259 d\u0259 d\u00f6z\u00fcr. Rus dilini m\u0259hdudla\u015fd\u0131ran Erm\u0259nistan hakimiyy\u0259ti \u00f6lk\u0259 \u0259razisind\u0259 Rusiya telekanallar\u0131n\u0131n yay\u0131mlanmas\u0131 il\u0259 ba\u011fl\u0131 \u00f6z t\u0259klifl\u0259rini yanvar ay\u0131nda yenid\u0259n Moskvaya g\u00f6nd\u0259r\u0259c\u0259k. H\u0259r yerd\u0259 Rusiyadan uzaqla\u015fmaq x\u0259tti y\u00fcr\u00fcd\u00fcl\u00fcr, amma Rusiya Erm\u0259nistana \u201cd\u00f6z\u00fcr\u201d. H\u0259l\u0259 \u00fcst\u0259lik, Rusiya \u00fc\u00e7\u00fcn d\u0259 vacib layih\u0259 olan Z\u0259ng\u0259zur d\u0259hlizinin a\u00e7\u0131lmas\u0131na Erm\u0259nistan\u0131n m\u00fcqavim\u0259tin\u0259 d\u0259 bigan\u0259 yana\u015f\u0131l\u0131r.<\/p>\n<p>\u0130rana g\u0259ldikd\u0259, Az\u0259rbaycan\u0131n Z\u0259ngilan b\u00f6lg\u0259sind\u0259 bir vaxtlar cam\u0131\u015f fermas\u0131n\u0131n a\u00e7\u0131laca\u011f\u0131 x\u0259b\u0259rind\u0259n t\u0259\u015fvi\u015f\u0259 d\u00fc\u015f\u0259r\u0259k cam\u0131\u015flar\u0131 hans\u0131sa \u00f6lk\u0259nin \u201ch\u0259rbi obyektl\u0259ri\u201d kimi g\u00f6r\u0259n v\u0259 m\u00fcsib\u0259t qoparan c\u0259nub qon\u015fumuz n\u0259d\u0259ns\u0259 Erm\u0259nistana doldurulan NATO v\u0259 Avropa \u0130ttifaq\u0131n\u0131n h\u0259rb\u00e7il\u0259rini g\u00f6r\u0259 bilmir. B\u0259lk\u0259 \u201ceyn\u0259yini\u201d d\u0259yi\u015fdirsin. Erm\u0259nistandak\u0131 \u201cbinokl diplomatiyas\u0131\u201dn\u0131n t\u0259msil\u00e7il\u0259ri t\u0259kc\u0259 Az\u0259rbaycan \u0259razil\u0259rin\u0259 boylanm\u0131rlar!<\/p>\n<p><strong>Budur, x\u0259b\u0259r yay\u0131l\u0131b ki, \u0130slam Respublikas\u0131 parlamentinin \u0130ran-Erm\u0259nistan Dostluq Qrupu yanvar\u0131n 12-15-d\u0259 Erm\u0259nistana s\u0259f\u0259r ed\u0259c\u0259k.<\/strong>\u00a0\u00d6z\u00fc d\u0259 dostluq qrupuna \u0130ran v\u0259t\u0259nda\u015f\u0131 Ara \u015eahverdiyan r\u0259hb\u0259rlik edir. N\u0259 dan\u0131\u015facaqlar, indid\u0259n dem\u0259k \u00e7\u0259tindir. Bundan \u0259vv\u0259l \u0130ran\u0131n T\u0259hl\u00fck\u0259sizlik \u015euras\u0131n\u0131n katibi d\u0259 Bak\u0131dan sonra \u0130r\u0259vana getdi. G\u00fcman ki, Erm\u0259nistana dolu\u015fan Q\u0259rb emissarlar\u0131 il\u0259 ba\u011fl\u0131 narahatl\u0131q ifad\u0259 olunub, amma bu, yet\u0259rlidirmi? Niy\u0259 \u0130ran birc\u0259 d\u0259f\u0259 d\u0259 olsun Erm\u0259nistana Mehri \u201cn\u0259f\u0259sliyi\u201d x\u0259b\u0259rdarl\u0131\u011f\u0131n\u0131 etmir? Erm\u0259nistan\u0131n bo\u011faz\u0131n\u0131 tutsa, can\u0131n\u0131 o d\u0259qiq\u0259 tap\u015f\u0131rar, el\u0259 is\u0259 niy\u0259 Az\u0259rbaycan\u0131 g\u00fcna\u015f\u0131r\u0131 t\u0259hdid ed\u0259n \u0130ran generallar\u0131 v\u0259 \u0259yal\u0259t mollalar\u0131 Erm\u0259nistan\u0131n add\u0131mlar\u0131na bigan\u0259dirl\u0259r? Olmaya \u0130randa da \u0130r\u0259van\u0131n Avropa \u0130ttifaq\u0131na \u00fczvl\u00fcy\u00fcn\u00fc onun \u201csuveren h\u00fcququ\u201d say\u0131rlar? B\u0259lk\u0259 Erm\u0259nistan\u0131n NATO-ya \u00fczvl\u00fcy\u00fc il\u0259 ba\u011fl\u0131 planlar\u0131ndan x\u0259b\u0259rsizdir \u201cg\u00f6z ya\u015flar\u0131na inanmayan\u201d Moskva v\u0259 \u201cqorxulu Tehran\u201d&#8230; Nec\u0259 olur ki, Az\u0259rbaycan\u0131n \u0259sas hiss\u0259sind\u0259n Nax\u00e7\u0131vana s\u0259rb\u0259st gedi\u015f-g\u0259li\u015fin t\u0259min olunmas\u0131n\u0131, Z\u0259ng\u0259zur d\u0259hlizinin a\u00e7\u0131lmas\u0131n\u0131 \u00f6z\u00fcn\u00fcn qara, q\u0131rm\u0131z\u0131, nar\u0131nc\u0131 x\u0259tl\u0259rin\u0259 t\u0259hl\u00fck\u0259 say\u0131r, amma Erm\u0259nistanda Amerika, Fransa, Kanada&#8230;h\u0259rb\u00e7il\u0259ri min hoqqadan \u00e7\u0131x\u0131r, \u0130ran buna sakit yana\u015f\u0131r?!<\/p>\n<p><img loading=\"lazy\" src=\"https:\/\/cdn.musavat.com\/news\/thumbnails\/67a7a98793509978105a54006ddb714f.jpg\" alt=\"DEHL\u0130Z YEN\u0130.jpg (197 KB)\" width=\"700\" height=\"436\" \/><\/p>\n<p>\u00d6t\u0259n ilin m\u0259lumat\u0131na g\u00f6r\u0259, t\u0259kc\u0259 mart-avqust aylar\u0131nda \u0130ran v\u0259 Erm\u0259nistan aras\u0131nda qeyri-neft ticar\u0259tinin h\u0259cmi 2023-c\u00fc\u00a0ilin eyni d\u00f6vr\u00fc il\u0259 m\u00fcqayis\u0259d\u0259 6% art\u0131b. \u0130ki \u00f6lk\u0259 aras\u0131nda qeyri-neft ticar\u0259ti 192 108 milyon dollar t\u0259\u015fkil edib. N\u0259tic\u0259d\u0259 Erm\u0259nistan \u0130ran\u0131n ticar\u0259t etdiyi d\u00f6vl\u0259tl\u0259r aras\u0131nda 10-cu pill\u0259y\u0259 y\u00fcks\u0259lib. Diqq\u0259t edin, h\u0259m Rusiya, h\u0259m d\u0259 \u0130ranla ticar\u0259t d\u00f6vriyy\u0259si \u201ck\u0259ll\u0259-\u00e7arx\u201da qalx\u0131b. Amma v\u0259 lakin Q\u0259rbi Erm\u0259nistandan Rusiya v\u0259 \u0130rana qar\u015f\u0131 c\u0259bh\u0259 a\u00e7maq planlar\u0131na h\u0259m Moskva, h\u0259m d\u0259 Tehran s\u0259ssiz yana\u015f\u0131r. Fransa Gorusda ba\u015f konsulluq a\u00e7ma\u011fa haz\u0131rla\u015f\u0131r, \u00fcst\u0259lik, bu gedi\u015fl\u0259 Erm\u0259nistanda h\u0259rbi baza qurma\u011fa da giri\u015f\u0259c\u0259k. Az\u0259rbaycan \u0259leyhin\u0259 f\u0259aliyy\u0259td\u0259 Fransa il\u0259 birg\u0259 add\u0131mlar atan \u0130ran Makronun Erm\u0259nistan siyas\u0259tin\u0259 s\u0259ssizdir. Rusiyan\u0131n erm\u0259nil\u0259r \u00fc\u00e7\u00fcn etdikl\u0259rinin say\u0131-hesab\u0131 yox, amma erm\u0259nil\u0259r Putini h\u0259bs etm\u0259k \u00fc\u00e7\u00fcn f\u00fcrs\u0259t g\u0259zir. Rusiya r\u0259hb\u0259rliyi h\u0259l\u0259 bel\u0259 t\u0259hqir olunmam\u0131\u015fd\u0131, \u00f6z\u00fc d\u0259 \u00f6z t\u0259b\u0259\u0259si t\u0259r\u0259find\u0259n. Sususrlar, d\u00f6z\u00fcrl\u0259r bu q\u0259d\u0259r t\u0259hqirl\u0259r\u0259. Niy\u0259? S\u0259b\u0259bini desinl\u0259r, biz d\u0259 bil\u0259k.<\/p>\n<p><em><strong>Avropa \u0130ttifaq\u0131n\u0131n h\u0259rbi casus \u015f\u0259b\u0259k\u0259sinin m\u00fcdd\u0259tinin uzad\u0131lmas\u0131 t\u0259kc\u0259 Az\u0259rbaycana qar\u015f\u0131 deyil, h\u0259m d\u0259 Rusiya v\u0259 \u0130ran \u0259leyhin\u0259 haz\u0131rlanan pland\u0131r, g\u00f6zl\u0259rini a\u00e7\u0131b, yax\u015f\u0131-yax\u015f\u0131 baxs\u0131nlar!<\/strong><\/em><\/p>\n<div class=\"news-author text-left\"><a href=\"https:\/\/musavat.com\/author\/elsad-pasasoy_10\"><img class=\"img-responsive img-author\" src=\"https:\/\/cdn.musavat.com\/authors\/thumbnails\/efebc9e552e05242fb5c15b017367239.jpg\" \/>El\u015fad PA\u015eASOY<\/a><\/div>\n","protected":false},"excerpt":{"rendered":"<p>Erm\u0259nistan h\u00f6kum\u0259ti yanvar\u0131n 9-da \u00f6lk\u0259nin Avropa \u0130ttifaq\u0131na \u00fczvl\u00fck prosesinin ba\u015flanmas\u0131 il\u0259 ba\u011fl\u0131 qanun layih\u0259sin\u0259 \u201cya\u015f\u0131l i\u015f\u0131q\u201d yand\u0131r\u0131b. Sonrak\u0131 hadis\u0259l\u0259rin m\u0259suliyy\u0259tini \u00f6z \u00fcz\u0259rin\u0259 g\u00f6t\u00fcrm\u0259y\u0259 c\u0259sar\u0259t etm\u0259y\u0259n ba\u015f nazir Nikol Pa\u015finyan deyib ki, t\u0259\u015fkilata \u00fczvl\u00fck m\u0259s\u0259l\u0259si \u00fcmumxalq referendumunun ke\u00e7irilm\u0259si yolu il\u0259 h\u0259ll edilm\u0259lidir. \u201cSoros u\u015faqlar\u0131\u201d hakimiyy\u0259t\u0259 g\u0259ldikl\u0259rind\u0259n b\u0259ri \u00fcz\u0259rin\u0259 g\u00f6t\u00fcrd\u00fckl\u0259ri \u00f6hd\u0259likl\u0259ri icra etm\u0259y\u0259 \u00e7al\u0131\u015f\u0131rlar, Erm\u0259nistan\u0131 Rusiyan\u0131n orbitind\u0259n uzaqla\u015fd\u0131r\u0131b, Q\u0259rbin a\u011fu\u015funa atmaq. \u0130r\u0259van\u0131n q\u0259rar\u0131n\u0131 Q\u0259rbd\u0259 sevinc\u0259k qar\u015f\u0131lay\u0131blar. Amma g\u00f6r\u00fcn\u00fcr, onlar da hay xisl\u0259tin\u0259 b\u0259l\u0259d olduqlar\u0131ndan t\u0259dbirli davranma\u011fa q\u0259rar veribl\u0259r. \u015e\u00fcbh\u0259l\u0259nibl\u0259r, g\u00f6r\u0259s\u0259n, Erm\u0259nistan ilin-g\u00fcn\u00fcn bu vaxt\u0131nda niy\u0259 Avrointeqrasiya q\u0259rar\u0131n\u0131 elan edib? G\u00fcrc\u00fcstan Avropaya yol\u00e7ulu\u011funu&hellip;<\/p>\n","protected":false},"author":2,"featured_media":780558,"comment_status":"closed","ping_status":"closed","sticky":false,"template":"","format":"standard","meta":{"om_disable_all_campaigns":false,"_monsterinsights_skip_tracking":false,"_monsterinsights_sitenote_active":false,"_monsterinsights_sitenote_note":"","_monsterinsights_sitenote_category":0},"categories":[19],"tags":[],"aioseo_notices":[],"gutentor_comment":0,"rttpg_featured_image_url":{"full":["https:\/\/arantv.az\/wp-content\/uploads\/2025\/01\/60e49f9095a57a8789e2ebab416a2ee9.jpg",850,500,false],"landscape":["https:\/\/arantv.az\/wp-content\/uploads\/2025\/01\/60e49f9095a57a8789e2ebab416a2ee9.jpg",850,500,false],"portraits":["https:\/\/arantv.az\/wp-content\/uploads\/2025\/01\/60e49f9095a57a8789e2ebab416a2ee9.jpg",850,500,false],"thumbnail":["https:\/\/arantv.az\/wp-content\/uploads\/2025\/01\/60e49f9095a57a8789e2ebab416a2ee9-500x280.jpg",500,280,true],"medium":["https:\/\/arantv.az\/wp-content\/uploads\/2025\/01\/60e49f9095a57a8789e2ebab416a2ee9-621x365.jpg",621,365,true],"large":["https:\/\/arantv.az\/wp-content\/uploads\/2025\/01\/60e49f9095a57a8789e2ebab416a2ee9-840x494.jpg",640,376,true],"1536x1536":["https:\/\/arantv.az\/wp-content\/uploads\/2025\/01\/60e49f9095a57a8789e2ebab416a2ee9.jpg",850,500,false],"2048x2048":["https:\/\/arantv.az\/wp-content\/uploads\/2025\/01\/60e49f9095a57a8789e2ebab416a2ee9.jpg",850,500,false],"post-thumbnail":["https:\/\/arantv.az\/wp-content\/uploads\/2025\/01\/60e49f9095a57a8789e2ebab416a2ee9-240x172.jpg",240,172,true],"advps-thumb-one":["https:\/\/arantv.az\/wp-content\/uploads\/2025\/01\/60e49f9095a57a8789e2ebab416a2ee9.jpg",850,500,false]},"rttpg_author":{"display_name":"V\u00fcsal Rafiqo\u011flu","author_link":"https:\/\/arantv.az\/?author=2"},"rttpg_comment":0,"rttpg_category":"<a href=\"https:\/\/arantv.az\/?cat=19\" rel=\"category\">G\u00fcnd\u0259m<\/a>","rttpg_excerpt":"Erm\u0259nistan h\u00f6kum\u0259ti yanvar\u0131n 9-da \u00f6lk\u0259nin Avropa \u0130ttifaq\u0131na \u00fczvl\u00fck prosesinin ba\u015flanmas\u0131 il\u0259 ba\u011fl\u0131 qanun layih\u0259sin\u0259 \u201cya\u015f\u0131l i\u015f\u0131q\u201d yand\u0131r\u0131b. Sonrak\u0131 hadis\u0259l\u0259rin m\u0259suliyy\u0259tini \u00f6z \u00fcz\u0259rin\u0259 g\u00f6t\u00fcrm\u0259y\u0259 c\u0259sar\u0259t etm\u0259y\u0259n ba\u015f nazir Nikol Pa\u015finyan deyib ki, t\u0259\u015fkilata \u00fczvl\u00fck m\u0259s\u0259l\u0259si \u00fcmumxalq referendumunun ke\u00e7irilm\u0259si yolu il\u0259 h\u0259ll edilm\u0259lidir. \u201cSoros u\u015faqlar\u0131\u201d hakimiyy\u0259t\u0259 g\u0259ldikl\u0259rind\u0259n b\u0259ri \u00fcz\u0259rin\u0259 g\u00f6t\u00fcrd\u00fckl\u0259ri \u00f6hd\u0259likl\u0259ri icra etm\u0259y\u0259 \u00e7al\u0131\u015f\u0131rlar, Erm\u0259nistan\u0131 Rusiyan\u0131n orbitind\u0259n&hellip;","_links":{"self":[{"href":"https:\/\/arantv.az\/index.php?rest_route=\/wp\/v2\/posts\/780557"}],"collection":[{"href":"https:\/\/arantv.az\/index.php?rest_route=\/wp\/v2\/posts"}],"about":[{"href":"https:\/\/arantv.az\/index.php?rest_route=\/wp\/v2\/types\/post"}],"author":[{"embeddable":true,"href":"https:\/\/arantv.az\/index.php?rest_route=\/wp\/v2\/users\/2"}],"replies":[{"embeddable":true,"href":"https:\/\/arantv.az\/index.php?rest_route=%2Fwp%2Fv2%2Fcomments&post=780557"}],"version-history":[{"count":1,"href":"https:\/\/arantv.az\/index.php?rest_route=\/wp\/v2\/posts\/780557\/revisions"}],"predecessor-version":[{"id":780559,"href":"https:\/\/arantv.az\/index.php?rest_route=\/wp\/v2\/posts\/780557\/revisions\/780559"}],"wp:featuredmedia":[{"embeddable":true,"href":"https:\/\/arantv.az\/index.php?rest_route=\/wp\/v2\/media\/780558"}],"wp:attachment":[{"href":"https:\/\/arantv.az\/index.php?rest_route=%2Fwp%2Fv2%2Fmedia&parent=780557"}],"wp:term":[{"taxonomy":"category","embeddable":true,"href":"https:\/\/arantv.az\/index.php?rest_route=%2Fwp%2Fv2%2Fcategories&post=780557"},{"taxonomy":"post_tag","embeddable":true,"href":"https:\/\/arantv.az\/index.php?rest_route=%2Fwp%2Fv2%2Ftags&post=780557"}],"curies":[{"name":"wp","href":"https:\/\/api.w.org\/{rel}","templated":true}]}}