{"id":780577,"date":"2025-01-13T10:13:52","date_gmt":"2025-01-13T06:13:52","guid":{"rendered":"https:\/\/arantv.az\/?p=780577"},"modified":"2025-01-13T10:13:52","modified_gmt":"2025-01-13T06:13:52","slug":"bu-gun-kohn%c9%99-yeni-ildir-qeyd-edil%c9%99n-olk%c9%99l%c9%99r","status":"publish","type":"post","link":"https:\/\/arantv.az\/?p=780577","title":{"rendered":"Bu g\u00fcn &#8220;K\u00f6hn\u0259 Yeni il&#8221;dir- qeyd edil\u0259n \u00f6lk\u0259l\u0259r&#8230;"},"content":{"rendered":"<p><strong>K\u00f6hn\u0259 Yeni il qeyd etm\u0259k ad\u0259ti Yuli t\u0259qviminin t\u0259tbiq olundu\u011fu d\u00f6vrd\u0259 yaran\u0131b. Ke\u00e7mi\u015fd\u0259 Rusiyada Yuli t\u0259qvimi istifad\u0259 edil\u0259rk\u0259n, Yeni ilin ba\u015flan\u011f\u0131c\u0131 13 yanvar tarixin\u0259 t\u0259sad\u00fcf edirdi.<\/strong><\/p>\n<p><strong>Musavat.com<\/strong>\u00a0bu maraql\u0131 \u0259n\u0259n\u0259nin yaranmas\u0131 v\u0259 onun tarixi haqq\u0131nda faktlar\u0131 t\u0259qdim edir:<\/p>\n<p>Rusiya tarixind\u0259 Yuli t\u0259qvimi il\u0259 Qriqori t\u0259qvimi aras\u0131nda f\u0259rqlilik yaran\u0131b. Bu iki t\u0259qvim aras\u0131ndak\u0131 13 g\u00fcnl\u00fck f\u0259rq s\u0259b\u0259bind\u0259n ruslar 13 yanvar tarixind\u0259 K\u00f6hn\u0259 Yeni ili qeyd etm\u0259y\u0259 ba\u015flad\u0131lar.<\/p>\n<p>Bu g\u00fcn\u00fcn dini inanclarla \u0259laq\u0259li oldu\u011fu da b\u0259zi m\u0259nb\u0259l\u0259rd\u0259 qeyd olunur. Rusiya il\u0259 yana\u015f\u0131, Az\u0259rbaycan, G\u00fcrc\u00fcstan, Moldova, Ukrayna, Belarus, Serbiya, Monteneqro v\u0259 h\u0259tta \u0130sve\u00e7r\u0259d\u0259 d\u0259 K\u00f6hn\u0259 Yeni il qeyd edilir. Sovet \u0130ttifaq\u0131 d\u00f6vr\u00fcnd\u0259 bu \u0259n\u0259n\u0259 saxlan\u0131lm\u0131\u015f v\u0259 13 yanvar r\u0259smi olaraq &#8220;K\u00f6hn\u0259 Yeni il&#8221; g\u00fcn\u00fc kimi q\u0259bul edilmi\u015fdir. Bunun \u0259sas s\u0259b\u0259bi provaslav kils\u0259sinin dini g\u00fcnl\u0259ri h\u0259l\u0259 d\u0259 Yuli t\u0259qvimi il\u0259 qeyd etm\u0259sidir. M\u00fcasir Yeni il is\u0259 provaslavlarda Milad bayram\u0131 kimi qeyd olunur.<\/p>\n<p>D\u00fcnyan\u0131n m\u00fcxt\u0259lif \u00f6lk\u0259l\u0259rind\u0259 K\u00f6hn\u0259 Yeni ilin qeyd olunma t\u0259rzi f\u0259rql\u0259nir. Bu f\u0259rqliliyin s\u0259b\u0259bl\u0259rind\u0259n biri, 31 dekabra nisb\u0259t\u0259n 13 yanvar\u0131n daha sakit v\u0259 izdihams\u0131z \u015f\u0259kild\u0259 qar\u015f\u0131lanmas\u0131d\u0131r. H\u0259m\u00e7inin bu ad\u0259t b\u0259zi insanlar\u0131n t\u0259qvim d\u0259yi\u015fikliyin\u0259 adaptasiya olmamas\u0131ndan qaynaqlan\u0131r.<\/p>\n<p>K\u00f6hn\u0259 Yeni ilin qeyd edilm\u0259si \u00f6z\u00fcn\u0259m\u0259xsus ad\u0259t-\u0259n\u0259n\u0259l\u0259rl\u0259 z\u0259ngindir. M\u0259s\u0259l\u0259n, 13 yanvar gec\u0259si saat 2-d\u0259 x\u00fcsusi s\u00fcdl\u00fc s\u0131y\u0131q haz\u0131rlan\u0131r. Bu proses maraql\u0131 m\u0259rasiml\u0259rl\u0259 m\u00fc\u015fayi\u0259t olunur: evin b\u00f6y\u00fck xan\u0131m\u0131 anbardan d\u00fcy\u00fc g\u0259tirir, ya\u015fl\u0131 ki\u015fisi is\u0259 t\u0259miz bulaq suyu il\u0259 bu haz\u0131rl\u0131\u011fa qat\u0131l\u0131r. H\u0259r k\u0259s soban\u0131n isinm\u0259sini g\u00f6zl\u0259yir v\u0259 sonra masan\u0131n \u0259traf\u0131na y\u0131\u011f\u0131\u015faraq s\u0131y\u0131\u011f\u0131n haz\u0131rlanmas\u0131n\u0131 izl\u0259yir. S\u0131y\u0131q l\u0259zz\u0259tli al\u0131narsa, bu, g\u0259l\u0259c\u0259k ilin b\u0259r\u0259k\u0259tli v\u0259 u\u011furlu olaca\u011f\u0131n\u0131n \u0259lam\u0259ti hesab olunur.<\/p>\n","protected":false},"excerpt":{"rendered":"<p>K\u00f6hn\u0259 Yeni il qeyd etm\u0259k ad\u0259ti Yuli t\u0259qviminin t\u0259tbiq olundu\u011fu d\u00f6vrd\u0259 yaran\u0131b. Ke\u00e7mi\u015fd\u0259 Rusiyada Yuli t\u0259qvimi istifad\u0259 edil\u0259rk\u0259n, Yeni ilin ba\u015flan\u011f\u0131c\u0131 13 yanvar tarixin\u0259 t\u0259sad\u00fcf edirdi. Musavat.com\u00a0bu maraql\u0131 \u0259n\u0259n\u0259nin yaranmas\u0131 v\u0259 onun tarixi haqq\u0131nda faktlar\u0131 t\u0259qdim edir: Rusiya tarixind\u0259 Yuli t\u0259qvimi il\u0259 Qriqori t\u0259qvimi aras\u0131nda f\u0259rqlilik yaran\u0131b. Bu iki t\u0259qvim aras\u0131ndak\u0131 13 g\u00fcnl\u00fck f\u0259rq s\u0259b\u0259bind\u0259n ruslar 13 yanvar tarixind\u0259 K\u00f6hn\u0259 Yeni ili qeyd etm\u0259y\u0259 ba\u015flad\u0131lar. Bu g\u00fcn\u00fcn dini inanclarla \u0259laq\u0259li oldu\u011fu da b\u0259zi m\u0259nb\u0259l\u0259rd\u0259 qeyd olunur. Rusiya il\u0259 yana\u015f\u0131, Az\u0259rbaycan, G\u00fcrc\u00fcstan, Moldova, Ukrayna, Belarus, Serbiya, Monteneqro v\u0259 h\u0259tta \u0130sve\u00e7r\u0259d\u0259 d\u0259&hellip;<\/p>\n","protected":false},"author":2,"featured_media":780578,"comment_status":"closed","ping_status":"closed","sticky":false,"template":"","format":"standard","meta":{"om_disable_all_campaigns":false,"_monsterinsights_skip_tracking":false,"_monsterinsights_sitenote_active":false,"_monsterinsights_sitenote_note":"","_monsterinsights_sitenote_category":0},"categories":[7],"tags":[],"aioseo_notices":[],"gutentor_comment":0,"rttpg_featured_image_url":{"full":["https:\/\/arantv.az\/wp-content\/uploads\/2025\/01\/b4fa71b552570468af83e39fbd2f301d.jpg",424,280,false],"landscape":["https:\/\/arantv.az\/wp-content\/uploads\/2025\/01\/b4fa71b552570468af83e39fbd2f301d.jpg",424,280,false],"portraits":["https:\/\/arantv.az\/wp-content\/uploads\/2025\/01\/b4fa71b552570468af83e39fbd2f301d.jpg",424,280,false],"thumbnail":["https:\/\/arantv.az\/wp-content\/uploads\/2025\/01\/b4fa71b552570468af83e39fbd2f301d.jpg",424,280,false],"medium":["https:\/\/arantv.az\/wp-content\/uploads\/2025\/01\/b4fa71b552570468af83e39fbd2f301d.jpg",424,280,false],"large":["https:\/\/arantv.az\/wp-content\/uploads\/2025\/01\/b4fa71b552570468af83e39fbd2f301d.jpg",424,280,false],"1536x1536":["https:\/\/arantv.az\/wp-content\/uploads\/2025\/01\/b4fa71b552570468af83e39fbd2f301d.jpg",424,280,false],"2048x2048":["https:\/\/arantv.az\/wp-content\/uploads\/2025\/01\/b4fa71b552570468af83e39fbd2f301d.jpg",424,280,false],"post-thumbnail":["https:\/\/arantv.az\/wp-content\/uploads\/2025\/01\/b4fa71b552570468af83e39fbd2f301d-240x172.jpg",240,172,true],"advps-thumb-one":["https:\/\/arantv.az\/wp-content\/uploads\/2025\/01\/b4fa71b552570468af83e39fbd2f301d.jpg",424,280,false]},"rttpg_author":{"display_name":"V\u00fcsal Rafiqo\u011flu","author_link":"https:\/\/arantv.az\/?author=2"},"rttpg_comment":0,"rttpg_category":"<a href=\"https:\/\/arantv.az\/?cat=7\" rel=\"category\">D\u00fcnya<\/a>","rttpg_excerpt":"K\u00f6hn\u0259 Yeni il qeyd etm\u0259k ad\u0259ti Yuli t\u0259qviminin t\u0259tbiq olundu\u011fu d\u00f6vrd\u0259 yaran\u0131b. Ke\u00e7mi\u015fd\u0259 Rusiyada Yuli t\u0259qvimi istifad\u0259 edil\u0259rk\u0259n, Yeni ilin ba\u015flan\u011f\u0131c\u0131 13 yanvar tarixin\u0259 t\u0259sad\u00fcf edirdi. Musavat.com\u00a0bu maraql\u0131 \u0259n\u0259n\u0259nin yaranmas\u0131 v\u0259 onun tarixi haqq\u0131nda faktlar\u0131 t\u0259qdim edir: Rusiya tarixind\u0259 Yuli t\u0259qvimi il\u0259 Qriqori t\u0259qvimi aras\u0131nda f\u0259rqlilik yaran\u0131b. Bu iki t\u0259qvim aras\u0131ndak\u0131 13 g\u00fcnl\u00fck f\u0259rq s\u0259b\u0259bind\u0259n&hellip;","_links":{"self":[{"href":"https:\/\/arantv.az\/index.php?rest_route=\/wp\/v2\/posts\/780577"}],"collection":[{"href":"https:\/\/arantv.az\/index.php?rest_route=\/wp\/v2\/posts"}],"about":[{"href":"https:\/\/arantv.az\/index.php?rest_route=\/wp\/v2\/types\/post"}],"author":[{"embeddable":true,"href":"https:\/\/arantv.az\/index.php?rest_route=\/wp\/v2\/users\/2"}],"replies":[{"embeddable":true,"href":"https:\/\/arantv.az\/index.php?rest_route=%2Fwp%2Fv2%2Fcomments&post=780577"}],"version-history":[{"count":2,"href":"https:\/\/arantv.az\/index.php?rest_route=\/wp\/v2\/posts\/780577\/revisions"}],"predecessor-version":[{"id":780580,"href":"https:\/\/arantv.az\/index.php?rest_route=\/wp\/v2\/posts\/780577\/revisions\/780580"}],"wp:featuredmedia":[{"embeddable":true,"href":"https:\/\/arantv.az\/index.php?rest_route=\/wp\/v2\/media\/780578"}],"wp:attachment":[{"href":"https:\/\/arantv.az\/index.php?rest_route=%2Fwp%2Fv2%2Fmedia&parent=780577"}],"wp:term":[{"taxonomy":"category","embeddable":true,"href":"https:\/\/arantv.az\/index.php?rest_route=%2Fwp%2Fv2%2Fcategories&post=780577"},{"taxonomy":"post_tag","embeddable":true,"href":"https:\/\/arantv.az\/index.php?rest_route=%2Fwp%2Fv2%2Ftags&post=780577"}],"curies":[{"name":"wp","href":"https:\/\/api.w.org\/{rel}","templated":true}]}}