{"id":780581,"date":"2025-01-13T10:14:33","date_gmt":"2025-01-13T06:14:33","guid":{"rendered":"https:\/\/arantv.az\/?p=780581"},"modified":"2025-01-13T10:14:33","modified_gmt":"2025-01-13T06:14:33","slug":"bu-toyuq-ginnesin-rekordlar-kitabina-dusdu-sahibi-gorun-ona-n%c9%99-oyr%c9%99tdi-video","status":"publish","type":"post","link":"https:\/\/arantv.az\/?p=780581","title":{"rendered":"Bu toyuq Ginnesin Rekordlar Kitab\u0131na d\u00fc\u015fd\u00fc: sahibi g\u00f6r\u00fcn ona n\u0259 \u00f6yr\u0259tdi &#8211; V\u0130DEO"},"content":{"rendered":"<div class=\"text-content\" data-id=\"\" data-url=\"\">\n<p><strong>Kanadal\u0131 Lesli l\u0259q\u0259bli toyuq d\u00fcnyan\u0131 qu\u015flar\u0131n imkanlar\u0131 haqq\u0131nda d\u00fc\u015f\u00fcnm\u0259y\u0259 vadar edib.<\/strong><\/p>\n<p>Bu heyr\u0259tamiz qu\u015f bu yax\u0131nlarda onu Ginnesin Rekordlar Kitab\u0131na daxil edib v\u0259 ham\u0131s\u0131 alt\u0131 r\u0259q\u0259mini, h\u0259rfi v\u0259 r\u0259ngi tan\u0131ya bildiyi \u00fc\u00e7\u00fcn.<\/p>\n<p>Daha da heyr\u0259tl\u0259ndiricisi odur ki, Lesli bunu bir d\u0259qiq\u0259d\u0259n az m\u00fcdd\u0259td\u0259 ed\u0259 bilib.<\/p>\n<p>Bunun \u00fc\u00e7\u00fcn qu\u015fun sahibi Emili Kerrinqtona t\u0259\u015f\u0259kk\u00fcr etm\u0259k laz\u0131md\u0131r.<\/p>\n<p>Qad\u0131n baytar i\u015fl\u0259yir v\u0259 bir g\u00fcn onlar\u0131 \u00f6yr\u0259tm\u0259k \u00fc\u00e7\u00fcn be\u015f Haylin toyuq cinsi alma\u011fa q\u0259rar verib.<\/p>\n<p>Bunun \u00fc\u00e7\u00fcn o, toyuqlar\u0131n qar\u015f\u0131s\u0131na m\u00fcxt\u0259lif simvollar olan maqnitl\u0259r qoyub.<\/p>\n<p>\u018fvv\u0259lc\u0259 qu\u015flar bu qeyri-adi obyektl\u0259rin niy\u0259 onlara g\u00f6st\u0259rildiyini ba\u015fa d\u00fc\u015f\u0259 bilm\u0259yibl\u0259r.<\/p>\n<p>Bununla bel\u0259, Emili s\u0259birli olub: qu\u015f h\u0259r d\u0259f\u0259 dimdiyi do\u011fru i\u015far\u0259y\u0259 vuranda o, l\u0259zz\u0259t al\u0131b. T\u0259dric\u0259n toyuqlar ba\u015fa d\u00fc\u015f\u00fcbl\u0259r ki, d\u00fczg\u00fcn se\u00e7iml\u0259 m\u00fckafat aras\u0131nda \u0259laq\u0259 var.<\/p>\n<p>Emili bir v\u0259 ya iki forman\u0131 \u0259zb\u0259rl\u0259diyi \u00fc\u00e7\u00fcn yeni simvollar t\u0259qdim edib.<\/p>\n<p>Toyuqlar\u0131n v\u0259zif\u0259si yaln\u0131z bildikl\u0259ri n\u00f6mr\u0259ni v\u0259 ya h\u0259rfi dimdikl\u0259m\u0259k v\u0259 qalanlar\u0131na \u0259h\u0259miyy\u0259t verm\u0259m\u0259k olub.<\/p>\n<p>Toyqlar\u0131n\u0131n u\u011furundan ruhlanan Kerrinqton q\u0259rara g\u0259lib ki, onlar\u0131n ham\u0131s\u0131 Ginnesin Rekordlar Kitab\u0131n\u0131n rekord\u00e7usu ad\u0131 u\u011frunda m\u00fcbariz\u0259 aparmal\u0131d\u0131r.<\/p>\n<p>Lesli ham\u0131dan \u015fansl\u0131 olub v\u0259 \u0259n \u00e7ox fiqurlar\u0131 tan\u0131ya bilib.<\/p>\n<p>Bu yolla Emili Kerrinqton d\u00fcnyaya toyuqlar\u0131n inan\u0131ld\u0131\u011f\u0131ndan daha a\u011f\u0131ll\u0131 ola bil\u0259c\u0259yini g\u00f6st\u0259rm\u0259k ist\u0259yib. \/lent.az<\/p>\n<p><iframe loading=\"lazy\" src=\"https:\/\/newstube.az\/embed\/177196\" width=\"670\" height=\"400\" frameborder=\"0\" allowfullscreen=\"allowfullscreen\" data-mce-fragment=\"1\"><\/iframe><\/p>\n<\/div>\n<div><\/div>\n<div><\/div>\n<div class=\"inner-social-box\">\n<div class=\"subs-in-social subs-whatsapp\"><\/div>\n<\/div>\n","protected":false},"excerpt":{"rendered":"<p>Kanadal\u0131 Lesli l\u0259q\u0259bli toyuq d\u00fcnyan\u0131 qu\u015flar\u0131n imkanlar\u0131 haqq\u0131nda d\u00fc\u015f\u00fcnm\u0259y\u0259 vadar edib. Bu heyr\u0259tamiz qu\u015f bu yax\u0131nlarda onu Ginnesin Rekordlar Kitab\u0131na daxil edib v\u0259 ham\u0131s\u0131 alt\u0131 r\u0259q\u0259mini, h\u0259rfi v\u0259 r\u0259ngi tan\u0131ya bildiyi \u00fc\u00e7\u00fcn. Daha da heyr\u0259tl\u0259ndiricisi odur ki, Lesli bunu bir d\u0259qiq\u0259d\u0259n az m\u00fcdd\u0259td\u0259 ed\u0259 bilib. Bunun \u00fc\u00e7\u00fcn qu\u015fun sahibi Emili Kerrinqtona t\u0259\u015f\u0259kk\u00fcr etm\u0259k laz\u0131md\u0131r. Qad\u0131n baytar i\u015fl\u0259yir v\u0259 bir g\u00fcn onlar\u0131 \u00f6yr\u0259tm\u0259k \u00fc\u00e7\u00fcn be\u015f Haylin toyuq cinsi alma\u011fa q\u0259rar verib. Bunun \u00fc\u00e7\u00fcn o, toyuqlar\u0131n qar\u015f\u0131s\u0131na m\u00fcxt\u0259lif simvollar olan maqnitl\u0259r qoyub. \u018fvv\u0259lc\u0259 qu\u015flar bu qeyri-adi obyektl\u0259rin niy\u0259 onlara g\u00f6st\u0259rildiyini ba\u015fa d\u00fc\u015f\u0259&hellip;<\/p>\n","protected":false},"author":2,"featured_media":780582,"comment_status":"closed","ping_status":"closed","sticky":false,"template":"","format":"standard","meta":{"om_disable_all_campaigns":false,"_monsterinsights_skip_tracking":false,"_monsterinsights_sitenote_active":false,"_monsterinsights_sitenote_note":"","_monsterinsights_sitenote_category":0},"categories":[24],"tags":[],"aioseo_notices":[],"gutentor_comment":0,"rttpg_featured_image_url":{"full":["https:\/\/arantv.az\/wp-content\/uploads\/2025\/01\/e4268bf2d5b888cc04740a3c996e0bd9.jpg",740,493,false],"landscape":["https:\/\/arantv.az\/wp-content\/uploads\/2025\/01\/e4268bf2d5b888cc04740a3c996e0bd9.jpg",740,493,false],"portraits":["https:\/\/arantv.az\/wp-content\/uploads\/2025\/01\/e4268bf2d5b888cc04740a3c996e0bd9.jpg",740,493,false],"thumbnail":["https:\/\/arantv.az\/wp-content\/uploads\/2025\/01\/e4268bf2d5b888cc04740a3c996e0bd9-500x280.jpg",500,280,true],"medium":["https:\/\/arantv.az\/wp-content\/uploads\/2025\/01\/e4268bf2d5b888cc04740a3c996e0bd9-548x365.jpg",548,365,true],"large":["https:\/\/arantv.az\/wp-content\/uploads\/2025\/01\/e4268bf2d5b888cc04740a3c996e0bd9.jpg",640,426,false],"1536x1536":["https:\/\/arantv.az\/wp-content\/uploads\/2025\/01\/e4268bf2d5b888cc04740a3c996e0bd9.jpg",740,493,false],"2048x2048":["https:\/\/arantv.az\/wp-content\/uploads\/2025\/01\/e4268bf2d5b888cc04740a3c996e0bd9.jpg",740,493,false],"post-thumbnail":["https:\/\/arantv.az\/wp-content\/uploads\/2025\/01\/e4268bf2d5b888cc04740a3c996e0bd9-240x172.jpg",240,172,true],"advps-thumb-one":["https:\/\/arantv.az\/wp-content\/uploads\/2025\/01\/e4268bf2d5b888cc04740a3c996e0bd9.jpg",740,493,false]},"rttpg_author":{"display_name":"V\u00fcsal Rafiqo\u011flu","author_link":"https:\/\/arantv.az\/?author=2"},"rttpg_comment":0,"rttpg_category":"<a href=\"https:\/\/arantv.az\/?cat=24\" rel=\"category\">Maraql\u0131<\/a>","rttpg_excerpt":"Kanadal\u0131 Lesli l\u0259q\u0259bli toyuq d\u00fcnyan\u0131 qu\u015flar\u0131n imkanlar\u0131 haqq\u0131nda d\u00fc\u015f\u00fcnm\u0259y\u0259 vadar edib. Bu heyr\u0259tamiz qu\u015f bu yax\u0131nlarda onu Ginnesin Rekordlar Kitab\u0131na daxil edib v\u0259 ham\u0131s\u0131 alt\u0131 r\u0259q\u0259mini, h\u0259rfi v\u0259 r\u0259ngi tan\u0131ya bildiyi \u00fc\u00e7\u00fcn. Daha da heyr\u0259tl\u0259ndiricisi odur ki, Lesli bunu bir d\u0259qiq\u0259d\u0259n az m\u00fcdd\u0259td\u0259 ed\u0259 bilib. Bunun \u00fc\u00e7\u00fcn qu\u015fun sahibi Emili Kerrinqtona t\u0259\u015f\u0259kk\u00fcr etm\u0259k laz\u0131md\u0131r. Qad\u0131n&hellip;","_links":{"self":[{"href":"https:\/\/arantv.az\/index.php?rest_route=\/wp\/v2\/posts\/780581"}],"collection":[{"href":"https:\/\/arantv.az\/index.php?rest_route=\/wp\/v2\/posts"}],"about":[{"href":"https:\/\/arantv.az\/index.php?rest_route=\/wp\/v2\/types\/post"}],"author":[{"embeddable":true,"href":"https:\/\/arantv.az\/index.php?rest_route=\/wp\/v2\/users\/2"}],"replies":[{"embeddable":true,"href":"https:\/\/arantv.az\/index.php?rest_route=%2Fwp%2Fv2%2Fcomments&post=780581"}],"version-history":[{"count":1,"href":"https:\/\/arantv.az\/index.php?rest_route=\/wp\/v2\/posts\/780581\/revisions"}],"predecessor-version":[{"id":780583,"href":"https:\/\/arantv.az\/index.php?rest_route=\/wp\/v2\/posts\/780581\/revisions\/780583"}],"wp:featuredmedia":[{"embeddable":true,"href":"https:\/\/arantv.az\/index.php?rest_route=\/wp\/v2\/media\/780582"}],"wp:attachment":[{"href":"https:\/\/arantv.az\/index.php?rest_route=%2Fwp%2Fv2%2Fmedia&parent=780581"}],"wp:term":[{"taxonomy":"category","embeddable":true,"href":"https:\/\/arantv.az\/index.php?rest_route=%2Fwp%2Fv2%2Fcategories&post=780581"},{"taxonomy":"post_tag","embeddable":true,"href":"https:\/\/arantv.az\/index.php?rest_route=%2Fwp%2Fv2%2Ftags&post=780581"}],"curies":[{"name":"wp","href":"https:\/\/api.w.org\/{rel}","templated":true}]}}