{"id":780986,"date":"2025-01-14T17:56:23","date_gmt":"2025-01-14T13:56:23","guid":{"rendered":"https:\/\/arantv.az\/?p=780986"},"modified":"2025-01-14T17:56:23","modified_gmt":"2025-01-14T13:56:23","slug":"tramvaylarda-gedishaqqi-n%c9%99-q%c9%99d%c9%99r-olacaq","status":"publish","type":"post","link":"https:\/\/arantv.az\/?p=780986","title":{"rendered":"Tramvaylarda gedi\u015fhaqq\u0131 n\u0259 q\u0259d\u0259r olacaq?"},"content":{"rendered":"<p>&#8220;Ba\u015f Plan\u0131n izahat hiss\u0259sind\u0259 qeyd edilir ki, 2027-ci il\u0259 q\u0259d\u0259r 17,3 km, 2040-c\u0131 il\u0259 q\u0259d\u0259r is\u0259 54,6 km, daha sonrak\u0131 ill\u0259rd\u0259 is\u0259 110,4 km tramvay x\u0259tl\u0259rinin sal\u0131nmas\u0131 n\u0259z\u0259rd\u0259 tutulub. Bu o dem\u0259kdir ki, 2027-ci il\u0259 q\u0259d\u0259r 26 dayanacaq, 2040-c\u0131 il\u0259 q\u0259d\u0259r 78 dayanacaq sal\u0131nmas\u0131 planla\u015fd\u0131r\u0131l\u0131r. \u00d6t\u0259n g\u00fcn r\u0259q\u0259msal inki\u015faf v\u0259 n\u0259qliyyat nazirinin m\u00fcavini bildirdi ki, Mehdiabad &#8211; 28 May v\u0259 &#8220;Seebreze&#8221; \u0259razisi d\u0259 t\u0259klif olunur. Biz bununla planda b\u0259zi d\u0259yi\u015fiklikl\u0259rin edilm\u0259y\u0259c\u0259yini m\u00fc\u015fahid\u0259 edirik&#8221;.<\/p>\n<div id=\"browsi_adWrapper_ai_0_ati_1_rc_0\">\n<div id=\"browsi_adContainer_ai_0_ati_1_rc_0\">\n<div data-type=\"_mgwidget\" data-widget-id=\"1711084\" data-uid=\"12203\">\n<div id=\"mgw1711084_12203\">\n<div class=\"mgbox width-less-650 width-less-550\">\n<div class=\"mgheader1711084\">\n<div class=\"mg_addad1711084\">Bu s\u00f6zl\u0259ri BAKU.WS-\u0259 a\u00e7\u0131qlamas\u0131nda n\u0259qliyyat sah\u0259si \u00fczr\u0259 ekspert Az\u0259r Axundov bildirib.<\/div>\n<\/div>\n<\/div>\n<\/div>\n<\/div>\n<\/div>\n<\/div>\n<p>Onun s\u00f6zl\u0259rin\u0259 g\u00f6r\u0259, \u0259sas sal\u0131nacaq istiqam\u0259tl\u0259r Ba\u015f Planda qeyd olunub:<\/p>\n<p>&#8220;\u018fsas istiqam\u0259t \u015fimal-c\u0259nubdur. Azadl\u0131q prospekti boyunca &#8220;28 May&#8221;a q\u0259d\u0259r olan yoldur. Bu, \u00e7ox \u00f6n\u0259mli istiqam\u0259tdir. \u00c7\u00fcnki Mehdiabaddan \u015f\u0259h\u0259rin m\u0259rk\u0259zin\u0259 do\u011fru yol \u00e7ox y\u00fckl\u00fcd\u00fcr. Metronun konseptual sxemind\u0259 &#8220;Sar\u0131 x\u0259tt&#8221; n\u0259z\u0259rd\u0259 tutulmu\u015fdu. Tramvay yolunun sal\u0131nmas\u0131 m\u0259hz bu yola alternativ olacaq. Tramvay yolunun sal\u0131nmas\u0131 metro x\u0259ttinin sal\u0131nmas\u0131ndan 10 d\u0259f\u0259 ucuz ba\u015fa g\u0259l\u0259c\u0259k. Bu yol h\u0259m d\u0259 metronun &#8220;Q\u0131rm\u0131z\u0131 x\u0259tti&#8221; v\u0259 &#8220;Ya\u015f\u0131l x\u0259tti&#8221; aras\u0131nda q\u0131sa ba\u011flant\u0131 olacaq. &#8220;Azadl\u0131q&#8221; stansiyas\u0131ndan d\u00fc\u015f\u0259n v\u0259t\u0259nda\u015flar &#8220;28 May&#8221; istiqam\u0259tin\u0259 daha tez v\u0259 rahat getm\u0259k m\u00fcmk\u00fcn olacaq. Daha \u0259vv\u0259lki kimi &#8220;20 Yanvar&#8221;, &#8220;Elml\u0259r Akademiyas\u0131&#8221; v\u0259 &#8220;Nizami&#8221; metro stansiyalar\u0131n\u0131n f\u0131rlan\u0131b &#8220;28 May&#8221;a getm\u0259y\u0259c\u0259kl\u0259r.<\/p>\n<p>Tramvay x\u0259tl\u0259ri istifad\u0259 verildikd\u0259n sonra burada gedi\u015fhaqq\u0131 da ham\u0131n\u0131 d\u00fc\u015f\u00fcnd\u00fcr\u00fcr. N\u0259z\u0259r\u0259 almaq laz\u0131md\u0131r ki, metro v\u0259 avtobuslarda gedi\u015fhaqq\u0131 \u015f\u0259h\u0259r i\u00e7ind\u0259 dem\u0259k olar ki, eynidir v\u0259 50 q\u0259pik t\u0259\u015fkil edir. Tramvaylar f\u0259aliyy\u0259t\u0259 ba\u015flad\u0131qdan sonra 50 q\u0259pik olmal\u0131d\u0131r. \u00c7\u00fcnki qiym\u0259tin bir az baha olmas\u0131 buna mara\u011f\u0131 azaldacaq.<\/p>\n<p>N\u0259z\u0259r\u0259 almaq laz\u0131md\u0131r ki, tramvaylar avtobuslara nisb\u0259td\u0259 daha \u0259lveri\u015fli n\u0259qliyyat n\u00f6v\u00fc say\u0131l\u0131rlar. \u018fvv\u0259la onu dey\u0259k ki, tramvay\u0131n istismar m\u00fcdd\u0259ti daha \u00e7oxdur. Avtobuslarda bu r\u0259q\u0259m 10-15 ildirs\u0259, tramvay\u0131n vaqonlar\u0131nda 30 il t\u0259\u015fkil edir. Bundan \u0259lav\u0259 tarmvay\u0131n \u00f6z yolu da olur v\u0259 avtobuslara nisb\u0259td\u0259 daha \u00e7ox s\u0259rni\u015fin da\u015f\u0131ya bilir. \u00dcst\u0259lik tramvaylara \u0259lav\u0259 vaqonlar qo\u015fmaqla onu uzatmaq da olur&#8221;.<\/p>\n","protected":false},"excerpt":{"rendered":"<p>&#8220;Ba\u015f Plan\u0131n izahat hiss\u0259sind\u0259 qeyd edilir ki, 2027-ci il\u0259 q\u0259d\u0259r 17,3 km, 2040-c\u0131 il\u0259 q\u0259d\u0259r is\u0259 54,6 km, daha sonrak\u0131 ill\u0259rd\u0259 is\u0259 110,4 km tramvay x\u0259tl\u0259rinin sal\u0131nmas\u0131 n\u0259z\u0259rd\u0259 tutulub. Bu o dem\u0259kdir ki, 2027-ci il\u0259 q\u0259d\u0259r 26 dayanacaq, 2040-c\u0131 il\u0259 q\u0259d\u0259r 78 dayanacaq sal\u0131nmas\u0131 planla\u015fd\u0131r\u0131l\u0131r. \u00d6t\u0259n g\u00fcn r\u0259q\u0259msal inki\u015faf v\u0259 n\u0259qliyyat nazirinin m\u00fcavini bildirdi ki, Mehdiabad &#8211; 28 May v\u0259 &#8220;Seebreze&#8221; \u0259razisi d\u0259 t\u0259klif olunur. Biz bununla planda b\u0259zi d\u0259yi\u015fiklikl\u0259rin edilm\u0259y\u0259c\u0259yini m\u00fc\u015fahid\u0259 edirik&#8221;. Bu s\u00f6zl\u0259ri BAKU.WS-\u0259 a\u00e7\u0131qlamas\u0131nda n\u0259qliyyat sah\u0259si \u00fczr\u0259 ekspert Az\u0259r Axundov bildirib. Onun s\u00f6zl\u0259rin\u0259 g\u00f6r\u0259, \u0259sas sal\u0131nacaq istiqam\u0259tl\u0259r&hellip;<\/p>\n","protected":false},"author":2,"featured_media":780987,"comment_status":"closed","ping_status":"closed","sticky":false,"template":"","format":"standard","meta":{"om_disable_all_campaigns":false,"_monsterinsights_skip_tracking":false,"_monsterinsights_sitenote_active":false,"_monsterinsights_sitenote_note":"","_monsterinsights_sitenote_category":0},"categories":[1],"tags":[],"aioseo_notices":[],"gutentor_comment":0,"rttpg_featured_image_url":{"full":["https:\/\/arantv.az\/wp-content\/uploads\/2025\/01\/tramvay.png",649,431,false],"landscape":["https:\/\/arantv.az\/wp-content\/uploads\/2025\/01\/tramvay.png",649,431,false],"portraits":["https:\/\/arantv.az\/wp-content\/uploads\/2025\/01\/tramvay.png",649,431,false],"thumbnail":["https:\/\/arantv.az\/wp-content\/uploads\/2025\/01\/tramvay-500x280.png",500,280,true],"medium":["https:\/\/arantv.az\/wp-content\/uploads\/2025\/01\/tramvay-550x365.png",550,365,true],"large":["https:\/\/arantv.az\/wp-content\/uploads\/2025\/01\/tramvay.png",640,425,false],"1536x1536":["https:\/\/arantv.az\/wp-content\/uploads\/2025\/01\/tramvay.png",649,431,false],"2048x2048":["https:\/\/arantv.az\/wp-content\/uploads\/2025\/01\/tramvay.png",649,431,false],"post-thumbnail":["https:\/\/arantv.az\/wp-content\/uploads\/2025\/01\/tramvay-240x172.png",240,172,true],"advps-thumb-one":["https:\/\/arantv.az\/wp-content\/uploads\/2025\/01\/tramvay.png",649,431,false]},"rttpg_author":{"display_name":"V\u00fcsal Rafiqo\u011flu","author_link":"https:\/\/arantv.az\/?author=2"},"rttpg_comment":0,"rttpg_category":"<a href=\"https:\/\/arantv.az\/?cat=1\" rel=\"category\">C\u0259miyy\u0259t<\/a>","rttpg_excerpt":"&#8220;Ba\u015f Plan\u0131n izahat hiss\u0259sind\u0259 qeyd edilir ki, 2027-ci il\u0259 q\u0259d\u0259r 17,3 km, 2040-c\u0131 il\u0259 q\u0259d\u0259r is\u0259 54,6 km, daha sonrak\u0131 ill\u0259rd\u0259 is\u0259 110,4 km tramvay x\u0259tl\u0259rinin sal\u0131nmas\u0131 n\u0259z\u0259rd\u0259 tutulub. Bu o dem\u0259kdir ki, 2027-ci il\u0259 q\u0259d\u0259r 26 dayanacaq, 2040-c\u0131 il\u0259 q\u0259d\u0259r 78 dayanacaq sal\u0131nmas\u0131 planla\u015fd\u0131r\u0131l\u0131r. \u00d6t\u0259n g\u00fcn r\u0259q\u0259msal inki\u015faf v\u0259 n\u0259qliyyat nazirinin m\u00fcavini bildirdi ki,&hellip;","_links":{"self":[{"href":"https:\/\/arantv.az\/index.php?rest_route=\/wp\/v2\/posts\/780986"}],"collection":[{"href":"https:\/\/arantv.az\/index.php?rest_route=\/wp\/v2\/posts"}],"about":[{"href":"https:\/\/arantv.az\/index.php?rest_route=\/wp\/v2\/types\/post"}],"author":[{"embeddable":true,"href":"https:\/\/arantv.az\/index.php?rest_route=\/wp\/v2\/users\/2"}],"replies":[{"embeddable":true,"href":"https:\/\/arantv.az\/index.php?rest_route=%2Fwp%2Fv2%2Fcomments&post=780986"}],"version-history":[{"count":1,"href":"https:\/\/arantv.az\/index.php?rest_route=\/wp\/v2\/posts\/780986\/revisions"}],"predecessor-version":[{"id":780988,"href":"https:\/\/arantv.az\/index.php?rest_route=\/wp\/v2\/posts\/780986\/revisions\/780988"}],"wp:featuredmedia":[{"embeddable":true,"href":"https:\/\/arantv.az\/index.php?rest_route=\/wp\/v2\/media\/780987"}],"wp:attachment":[{"href":"https:\/\/arantv.az\/index.php?rest_route=%2Fwp%2Fv2%2Fmedia&parent=780986"}],"wp:term":[{"taxonomy":"category","embeddable":true,"href":"https:\/\/arantv.az\/index.php?rest_route=%2Fwp%2Fv2%2Fcategories&post=780986"},{"taxonomy":"post_tag","embeddable":true,"href":"https:\/\/arantv.az\/index.php?rest_route=%2Fwp%2Fv2%2Ftags&post=780986"}],"curies":[{"name":"wp","href":"https:\/\/api.w.org\/{rel}","templated":true}]}}