{"id":780998,"date":"2025-01-14T19:16:16","date_gmt":"2025-01-14T15:16:16","guid":{"rendered":"https:\/\/arantv.az\/?p=780998"},"modified":"2025-01-14T19:16:16","modified_gmt":"2025-01-14T15:16:16","slug":"z%c9%99ng%c9%99zur-d%c9%99hlizi-regionun-g%c9%99l%c9%99c%c9%99yini-d%c9%99yis%c9%99n-strateji-yol-elnur-m%c9%99cidli-yazir","status":"publish","type":"post","link":"https:\/\/arantv.az\/?p=780998","title":{"rendered":"Z\u0259ng\u0259zur d\u0259hlizi: Regionun g\u0259l\u0259c\u0259yini d\u0259yi\u015f\u0259n strateji yol &#8211; Elnur M\u0259cidli YAZIR&#8230;"},"content":{"rendered":"<h3><strong>Z\u0259ng\u0259zur d\u0259hlizi, C\u0259nubi Qafqazda m\u00fch\u00fcm strateji v\u0259 iqtisadi \u0259h\u0259miyy\u0259t\u0259 malik bir n\u0259qliyyat v\u0259 kommunikasiya layih\u0259sidir. Bu d\u0259hliz, Az\u0259rbaycan\u0131 Nax\u00e7\u0131van Muxtar Respublikas\u0131 vasit\u0259sil\u0259 T\u00fcrkiy\u0259 il\u0259 birl\u0259\u015fdir\u0259r\u0259k regionda yeni logistika imkanlar\u0131 yarad\u0131r. Layih\u0259, x\u00fcsusil\u0259 d\u0259 \u0130kinci Qaraba\u011f m\u00fcharib\u0259sind\u0259n sonra imzalanan 2020-ci il 10 noyabr tarixli \u00fc\u00e7t\u0259r\u0259fli b\u0259yanata \u0259saslan\u0131r v\u0259 b\u00f6lg\u0259d\u0259 uzunm\u00fcdd\u0259tli s\u00fclh v\u0259 \u0259m\u0259kda\u015fl\u0131\u011fa t\u00f6hf\u0259 verm\u0259yi h\u0259d\u0259fl\u0259yir.<\/strong><\/h3>\n<p><strong><img src=\"https:\/\/baki-xeber.com\/uploads\/posts\/2023-11\/1700664639_dehilz-zengezur.webp\" alt=\"Erm\u0259nistan Z\u0259ng\u0259zur d\u0259hlizi m\u0259s\u0259l\u0259sind\u0259 n\u00f6vb\u0259ti dalana girib... \u00bb  BAK\u0130-XEBER.COM - BAKI X\u018fB\u018fR \u0130CT\u0130MA\u0130-S\u0130YAS\u0130 Q\u018fZET\" \/><\/strong><\/p>\n<p><strong>Tarixi v\u0259 Strateji \u018fh\u0259miyy\u0259ti<\/strong><\/p>\n<p>Sovet hakimiyy\u0259ti t\u0259r\u0259find\u0259n Z\u0259ng\u0259zurun Erm\u0259nistana verilm\u0259siyl\u0259, Az\u0259rbaycanla Nax\u00e7\u0131van aras\u0131ndak\u0131 birba\u015fa \u0259laq\u0259nin k\u0259silm\u0259si v\u0259 daha sonralar Az\u0259rbaycan\u0131n Nax\u00e7\u0131vanla co\u011frafi \u0259laq\u0259sinin m\u0259hdud olmas\u0131 s\u0259b\u0259bind\u0259n Z\u0259ng\u0259zur d\u0259hlizi ideyas\u0131 h\u0259r zaman aktual olmu\u015fdur.<\/p>\n<p>Erm\u0259nistan\u0131n Z\u0259ng\u0259zur d\u0259hlizinin \u00f6z suverenliyin\u0259 t\u0259hl\u00fck\u0259 yarada bil\u0259c\u0259yini iddia etm\u0259sinin, h\u0259m\u00e7inin bu d\u0259hliz vasit\u0259sil\u0259 Az\u0259rbaycanla Nax\u00e7\u0131van aras\u0131nda birba\u015fa \u0259laq\u0259 t\u0259min edilm\u0259sinin Erm\u0259nistan\u0131n \u0259razi b\u00fct\u00f6vl\u00fcy\u00fcn\u0259 x\u0259l\u0259l g\u0259tir\u0259 bil\u0259c\u0259k element kimi t\u0259qdim olunmas\u0131n\u0131n he\u00e7 bir ciddi daya\u011f\u0131 yoxdur, \u0259ksin\u0259 bu d\u0259hliz, h\u0259m regionun ticar\u0259t potensial\u0131n\u0131 art\u0131rmaq, h\u0259m d\u0259 regiondak\u0131 \u00f6lk\u0259l\u0259r aras\u0131nda m\u00fcnasib\u0259tl\u0259ri normalla\u015fd\u0131rmaq \u00fc\u00e7\u00fcn \u0259h\u0259miyy\u0259tli layih\u0259 hesab olunur.<\/p>\n<p><img loading=\"lazy\" src=\"https:\/\/www.bizimyol.info\/az\/wp-content\/uploads\/2021\/01\/2021-01-02_173612.jpg\" alt=\"Erm\u0259nistan-Nax\u00e7\u0131van s\u0259rh\u0259dind\u0259 ba\u015f ver\u0259n at\u0131\u015fmalar n\u0259d\u0259n x\u0259b\u0259r verir\u2026\" width=\"758\" height=\"449\" \/><\/p>\n<p><strong>F\u0259rqli reaksiyalar<\/strong><\/p>\n<p>Z\u0259ng\u0259zur d\u0259hlizin\u0259 qar\u015f\u0131 \u00e7\u0131xan t\u0259r\u0259fl\u0259r \u0259sas\u0259n Erm\u0259nistan v\u0259 onun m\u00fctt\u0259fiql\u0259ri, h\u0259m\u00e7inin b\u0259zi beyn\u0259lxalq dair\u0259l\u0259rd\u0259 f\u0259rqli maraqlar\u0131 olan \u00f6lk\u0259l\u0259rdir. Bu qar\u015f\u0131durmalar\u0131n arxas\u0131nda siyasi, iqtisadi v\u0259 geosiyasi s\u0259b\u0259bl\u0259r dayan\u0131r.<\/p>\n<p>Geosiyasi r\u0259qab\u0259t fonunda, bu layih\u0259nin, regionda T\u00fcrkiy\u0259, Az\u0259rbaycan v\u0259 Rusiyan\u0131n t\u0259sirini art\u0131raca\u011f\u0131 d\u00fc\u015f\u00fcn\u00fcld\u00fcy\u00fc \u00fc\u00e7\u00fcn b\u0259zi \u00f6lk\u0259l\u0259r bu g\u00fcc d\u0259yi\u015fm\u0259sind\u0259n narahatd\u0131r. D\u0259hliz, C\u0259nubi Qafqazda n\u0259qliyyat v\u0259 iqtisadi \u0259laq\u0259l\u0259ri d\u0259yi\u015f\u0259 bil\u0259r ki, bu da b\u0259zi t\u0259r\u0259fl\u0259rin maraqlar\u0131na uy\u011fun g\u0259lmir.<\/p>\n<p><img src=\"https:\/\/files.modern.az\/articles\/2023\/01\/19\/1674110301_aaa.jpg\" alt=\"D\u00fcnyan\u0131n erm\u0259ni diasporu: Avropa \u00f6lk\u0259l\u0259rind\u0259ki da\u015fnak, h\u0131ncak v\u0259  ramqavarlar - ARA\u015eDIRMA (II)\" \/><\/p>\n<p><strong>Erm\u0259nistan v\u0259 erm\u0259ni diasporu<\/strong><\/p>\n<p>\u0130lk n\u00f6vb\u0259d\u0259 Erm\u0259nistan, d\u0259hlizin \u00f6z n\u0259zar\u0259tind\u0259n \u00e7\u0131xaraq m\u00fcst\u0259qil bir koridora \u00e7evril\u0259c\u0259yind\u0259n narahatd\u0131r v\u0259 buna g\u00f6r\u0259 layih\u0259ni q\u0259bul etm\u0259kd\u0259 t\u0259r\u0259dd\u00fcd edir.<\/p>\n<p>Eyni zamanda, Erm\u0259nistan t\u0259r\u0259fi Z\u0259ng\u0259zur d\u0259hlizini b\u00f6lg\u0259d\u0259 Az\u0259rbaycan\u0131n strateji \u00fcst\u00fcnl\u00fck \u0259ld\u0259 etm\u0259si kimi g\u00f6r\u00fcr v\u0259 bu layih\u0259nin h\u0259yata ke\u00e7irilm\u0259sini l\u0259ngitm\u0259y\u0259 \u00e7al\u0131\u015f\u0131r.<\/p>\n<p>Erm\u0259ni diasporu da, Z\u0259ng\u0259zur d\u0259hlizin\u0259 qar\u015f\u0131 aktiv \u015f\u0259kild\u0259 \u00e7\u0131x\u0131\u015f edir v\u0259 \u00a0beyn\u0259lxalq s\u0259viyy\u0259d\u0259 bu layih\u0259y\u0259 qar\u015f\u0131 lobbi\u00e7ilik f\u0259aliyy\u0259ti apar\u0131r, d\u0259hlizin Erm\u0259nistana m\u0259nfi t\u0259sir g\u00f6st\u0259r\u0259c\u0259yini iddia edirl\u0259r.<\/p>\n<p><img loading=\"lazy\" src=\"https:\/\/bizim.media\/photo\/700x394\/2024\/09\/10\/1725970305_5406786921818088363.jpg\" alt=\"\u0130ran\u0131n Z\u0259ng\u0259zur FOB\u0130YASI \u2013 Tehran \u201cq\u0131rm\u0131z\u0131 x\u0259ttin\u0259\u201d g\u00f6r\u0259 dostlar\u0131 il\u0259  D\u00dc\u015eM\u018fN OLACAQ?\" width=\"1030\" height=\"580\" \/><\/p>\n<p><strong>\u0130ran<\/strong><\/p>\n<p>\u0130ran, son iki ild\u0259 Z\u0259ng\u0259zur d\u0259hlizinin realla\u015fmas\u0131n\u0131 \u00f6z regional t\u0259sirin\u0259 t\u0259hdid kimi q\u0259bul edir v\u0259 bu d\u0259hlizin, onun Erm\u0259nistan vasit\u0259sil\u0259 Qafqazdak\u0131 tranzit rolunu z\u0259ifl\u0259tm\u0259sind\u0259n \u00e7\u0259kinirdi.<\/p>\n<p>Bununla yana\u015f\u0131, \u0130ran, Z\u0259ng\u0259zur d\u0259hlizi vasit\u0259sil\u0259 Az\u0259rbaycan\u0131n T\u00fcrkiy\u0259 il\u0259 birba\u015fa \u0259laq\u0259sinin m\u00f6hk\u0259ml\u0259nm\u0259sini v\u0259 bunun regional g\u00fcc balans\u0131n\u0131 d\u0259yi\u015f\u0259 bil\u0259c\u0259yind\u0259n d\u0259 narahatl\u0131\u011f\u0131n\u0131 ortaya qoyur.<\/p>\n<p>Bu d\u0259hlizinin f\u0259aliyy\u0259t\u0259 ba\u015flamas\u0131yla, beyn\u0259lxalq ticar\u0259t mar\u015frutlar\u0131n\u0131n d\u0259yi\u015fm\u0259si lab\u00fcd g\u00f6rs\u0259nir, buna g\u00f6r\u0259 d\u0259 \u0130ran C\u0259nubi Qafqazdak\u0131 ticar\u0259t tranzit mar\u015frutlar\u0131 v\u0259 g\u0259lirl\u0259rinin azalmas\u0131ndan ehtiyat edir.<\/p>\n<p><img src=\"https:\/\/aqreqator.az\/storage\/images\/news\/2024-09\/4e08b4f7-3691-43d8-8cb3-91a6f7cb650e.jpg\" alt=\"Rusiya Z\u0259ng\u0259zur d\u0259hlizi u\u011frunda m\u00fcharib\u0259y\u0259 ba\u015flayacaq - \u015eOK \u0130DD\u0130A\" \/><\/p>\n<p><strong>Rusiya<\/strong><\/p>\n<p>Regionda \u0259sas vasit\u0259\u00e7i rolunu qoruyub saxlama\u011fa \u00e7al\u0131\u015fan Rusiya, Z\u0259ng\u0259zur d\u0259hlizi m\u0259s\u0259l\u0259sind\u0259 balansl\u0131 yana\u015fma n\u00fcmayi\u015f etdirm\u0259y\u0259 \u00e7al\u0131\u015fsa da, b\u0259zi rus dair\u0259l\u0259ri bu layih\u0259ni Q\u0259rbin v\u0259 T\u00fcrkiy\u0259nin t\u0259sirinin artmas\u0131 kimi qiym\u0259tl\u0259ndirir v\u0259 Rusiyan\u0131n n\u0259zar\u0259tind\u0259 olan dig\u0259r tranzit yollar\u0131n\u0131n z\u0259ifl\u0259m\u0259sind\u0259n ehtiyat edir.<\/p>\n<p><strong>Q\u0259rb \u00f6lk\u0259l\u0259ri<\/strong><\/p>\n<p>Erm\u0259nistanla tarixi \u0259laq\u0259l\u0259rin\u0259 v\u0259 erm\u0259ni diasporunun t\u0259sirin\u0259 g\u00f6r\u0259 Z\u0259ng\u0259zur d\u0259hlizin\u0259 t\u0259nqidi yana\u015fan Fransa, bu layih\u0259ni Az\u0259rbaycan\u0131n v\u0259 T\u00fcrkiy\u0259nin strateji g\u00fcc\u00fcn\u00fc art\u0131racaq bir add\u0131m kimi g\u00f6r\u00fcr.<\/p>\n<p>AB\u015e v\u0259 b\u0259zi Avropa \u00f6lk\u0259l\u0259ri regionda yeni balans yaranmas\u0131 ehtimal\u0131n\u0131 diqq\u0259tl\u0259 izl\u0259yir. Onlar T\u00fcrkiy\u0259 v\u0259 Rusiyan\u0131n C\u0259nubi Qafqazdak\u0131 t\u0259sirinin geni\u015fl\u0259nm\u0259sini ist\u0259m\u0259y\u0259r\u0259k layih\u0259y\u0259 ehtiyatla yana\u015f\u0131r.<\/p>\n<p><img loading=\"lazy\" src=\"https:\/\/eu2.contabostorage.com\/71933ea89b5a4d0ca528a15679956e5d:azerbaijannews\/uploads\/img\/posts\/2023\/08\/06\/6H0A1214%20copy%20copy%20%D0%9A%D0%BE%D0%BF%D0%B8%D1%80%D0%BE%D0%B2%D0%B0%D0%BD%D0%B8%D0%B5jpg-1691270156.jpg\" alt=\"Z\u0259ng\u0259zur d\u0259hlizinin regional v\u0259 beyn\u0259lxalq \u0259h\u0259miyy\u0259ti var\" width=\"884\" height=\"439\" \/><\/p>\n<p><strong>Z\u0259ng\u0259zur d\u0259hlizinin \u0259sas istiqam\u0259tl\u0259ri<\/strong><\/p>\n<p>Z\u0259ng\u0259zur d\u0259hlizi, C\u0259nubi Qafqaz regionunun inteqrasiya olunmu\u015f inki\u015faf\u0131nda m\u00fch\u00fcm rol oynaya bil\u0259c\u0259k strateji layih\u0259dir. Bu layih\u0259nin h\u0259yata ke\u00e7irilm\u0259si, b\u00f6lg\u0259d\u0259 sabitlik, \u0259m\u0259kda\u015fl\u0131q v\u0259 rifah\u0131n t\u0259min olunmas\u0131na xidm\u0259t ed\u0259c\u0259k.<\/p>\n<p><strong>N\u0259qliyyat<\/strong><\/p>\n<p>D\u0259hlizd\u0259 avtomobil yollar\u0131 v\u0259 d\u0259mir yolu x\u0259tl\u0259ri n\u0259z\u0259rd\u0259 tutulur. Bu, n\u0259qliyyat\u0131n s\u00fcr\u0259tl\u0259nm\u0259sin\u0259 v\u0259 lojistik x\u0259rcl\u0259rin azalmas\u0131na \u015f\u0259rait yaradacaq.<\/p>\n<p>Z\u0259ng\u0259zur d\u0259hlizi, Az\u0259rbaycan\u0131n \u0259sas \u0259razisini Nax\u00e7\u0131van Muxtar Respublikas\u0131 v\u0259 T\u00fcrkiy\u0259 il\u0259 birl\u0259\u015fdir\u0259r\u0259k, \u00f6lk\u0259nin daxili \u0259laq\u0259l\u0259rini b\u0259rpa etm\u0259kl\u0259 b\u0259rab\u0259r, Az\u0259rbaycan\u0131n, T\u00fcrkiy\u0259nin, Rusiyan\u0131n v\u0259 Erm\u0259nistan\u0131n bu d\u0259hlizd\u0259n istifad\u0259 ed\u0259r\u0259k iqtisadi v\u0259 n\u0259qliyyat sah\u0259sind\u0259 daha s\u0131x \u0259m\u0259kda\u015fl\u0131q qurmas\u0131 \u00fc\u00e7\u00fcn \u015f\u0259rait yaradacaq.<\/p>\n<p><strong>Ticar\u0259t<\/strong><\/p>\n<p>Bu d\u0259hliz, h\u0259m, Az\u0259rbaycan v\u0259 T\u00fcrkiy\u0259 \u00fc\u00e7\u00fcn yeni iqtisadi ticar\u0259t yollar\u0131n\u0131n a\u00e7\u0131lmas\u0131na t\u0259kan ver\u0259c\u0259k, h\u0259m d\u0259 \u00c7in v\u0259 Avropa aras\u0131nda da ticar\u0259t \u0259laq\u0259l\u0259rini daha da g\u00fccl\u0259ndir\u0259c\u0259k.<\/p>\n<p><strong>Beyn\u0259lxalq \u015eimal-C\u0259nub N\u0259qliyyat D\u0259hlizi<\/strong>nin bir qoluna \u00e7evril\u0259c\u0259k Z\u0259ng\u0259zur d\u0259hlizi, Avropa il\u0259 Asiyan\u0131 birl\u0259\u015fdir\u0259n \u0259n q\u0131sa v\u0259 iqtisadi c\u0259h\u0259td\u0259n s\u0259rf\u0259li n\u0259qliyyat yolu kimi \u00e7\u0131x\u0131\u015f ed\u0259c\u0259k v\u0259 daha geni\u015f ticar\u0259t \u015f\u0259b\u0259k\u0259l\u0259rinin yaranmas\u0131na d\u0259st\u0259k olacaq.<\/p>\n<p>Mallar\u0131n da\u015f\u0131nma m\u00fcdd\u0259ti v\u0259 n\u0259qliyyat x\u0259rcl\u0259ri azalacaq, bu da region \u00f6lk\u0259l\u0259ri \u00fc\u00e7\u00fcn iqtisadi m\u0259nf\u0259\u0259t dem\u0259kdir.<\/p>\n<p><strong>Enerji t\u0259chizat\u0131<\/strong><\/p>\n<p>D\u0259hliz enerji infrastrukturu \u00fc\u00e7\u00fcn d\u0259 \u0259h\u0259miyy\u0259tlidir. Enerji x\u0259tl\u0259ri vasit\u0259sil\u0259 regionda enerji t\u0259minat\u0131n\u0131n yax\u015f\u0131la\u015fd\u0131r\u0131lmas\u0131 n\u0259z\u0259rd\u0259 tutulur.<\/p>\n<p>Z\u0259ng\u0259zur d\u0259hlizinin, qaz v\u0259 neft boru k\u0259m\u0259rl\u0259ri \u00fc\u00e7\u00fcn yeni imkanlar yaradaraq enerji ixrac\u0131n\u0131n artmas\u0131na vasit\u0259\u00e7i olmas\u0131, bu d\u0259hlizi, Avropa \u00fc\u00e7\u00fcn yeni enerji t\u0259chizat m\u0259nb\u0259yin\u0259 d\u0259 \u00e7evir\u0259 bil\u0259r.<\/p>\n<p><img loading=\"lazy\" src=\"https:\/\/cdn.musavat.com\/news\/images\/To%C4%9Frul%20%C4%B0smay%C4%B1l\/canli%20kesikler\/WhatsApp%20Image%202025-01-14%20at%2019.03.15%20%281%29.jpeg\" width=\"800\" height=\"457\" \/><\/p>\n<p><strong>Ekoloji v\u0259 Turizm Potensial\u0131<\/strong><\/p>\n<p>Z\u0259ng\u0259zur d\u0259hlizi, yaln\u0131z iqtisadi deyil, h\u0259m d\u0259 turizm bax\u0131m\u0131ndan diqq\u0259t\u0259layiqdir. D\u0259hlizin ke\u00e7diyi da\u011fl\u0131q \u0259razil\u0259r \u00f6z t\u0259bii g\u00f6z\u0259llikl\u0259ri il\u0259 m\u0259\u015fhurdur v\u0259 regionu ekoturizm \u00fc\u00e7\u00fcn c\u0259lbedici m\u0259kana \u00e7evir\u0259 bil\u0259r.<\/p>\n<p>X\u00fcsus\u0259n, Da\u011fl\u0131q Z\u0259ng\u0259zur b\u00f6lg\u0259si, t\u0259bii g\u00f6z\u0259llikl\u0259ri il\u0259 turizm \u00fc\u00e7\u00fcn c\u0259lbedici m\u0259kan ola bil\u0259r.<\/p>\n<p>Z\u0259ng\u0259zur d\u0259hlizi, h\u0259m\u00e7inin region \u00f6lk\u0259l\u0259ri aras\u0131nda qar\u015f\u0131l\u0131ql\u0131 m\u0259d\u0259ni \u0259laq\u0259l\u0259rin inki\u015faf\u0131na da k\u00f6m\u0259k ed\u0259c\u0259k.<\/p>\n<p><strong>\u0130qtisadi \u0130nki\u015faf v\u0259 \u0130\u015f Yerl\u0259ri<\/strong><\/p>\n<p>D\u0259hliz boyunca infrastruktur layih\u0259l\u0259ri (yollar, d\u0259mir yollar\u0131 v\u0259 enerji x\u0259tl\u0259ri) yerli \u0259hali \u00fc\u00e7\u00fcn yeni i\u015f yerl\u0259rinin a\u00e7\u0131lmas\u0131na s\u0259b\u0259b olacaq, o c\u00fcml\u0259d\u0259n, xarici s\u0259rmay\u0259darlar\u0131n regiona mara\u011f\u0131 artacaq v\u0259 d\u0259hliz boyunca yeni s\u0259naye v\u0259 xidm\u0259t sektorlar\u0131n\u0131n inki\u015faf\u0131na \u015f\u0259rait yaranacaq.<\/p>\n<p><strong>Geosiyasi Sabitlik<\/strong><\/p>\n<p>D\u0259hlizin f\u0259aliyy\u0259t\u0259 ba\u015flamas\u0131 il\u0259 region \u00f6lk\u0259l\u0259ri aras\u0131nda iqtisadi ba\u011fl\u0131l\u0131q artacaq v\u0259 bu, m\u00fcnaqi\u015f\u0259 ehtimallar\u0131n\u0131 daha da azaldacaq.<\/p>\n<p>D\u0259hliz, Az\u0259rbaycan v\u0259 T\u00fcrkiy\u0259 aras\u0131nda birba\u015fa \u0259laq\u0259ni t\u0259min ed\u0259r\u0259k strateji t\u0259r\u0259fda\u015fl\u0131\u011f\u0131 daha da m\u00f6hk\u0259ml\u0259ndir\u0259c\u0259k v\u0259 eyni zamanda, Rusiya, T\u00fcrkiy\u0259, \u0130ran v\u0259 Q\u0259rb bu d\u0259hlizd\u0259n m\u00fc\u0259yy\u0259n m\u0259nf\u0259\u0259t \u0259ld\u0259 ed\u0259r\u0259k regionda balans\u0131 qoruya bil\u0259c\u0259k v\u0259 bel\u0259likl\u0259 \u00e7oxq\u00fctbl\u00fc maraqlar\u0131n t\u0259mini ba\u015f tutacaq.<\/p>\n<p><strong>\u00c7a\u011f\u0131r\u0131\u015flar v\u0259 Perspektivl\u0259r<\/strong><\/p>\n<p>Z\u0259ng\u0259zur d\u0259hlizinin h\u0259yata ke\u00e7irilm\u0259si il\u0259 ba\u011fl\u0131 m\u00fc\u0259yy\u0259n siyasi v\u0259 texniki \u00e7a\u011f\u0131r\u0131\u015flar m\u00f6vcuddur.<\/p>\n<p>Z\u0259ng\u0259zur d\u0259hlizin\u0259 qar\u015f\u0131 \u00e7\u0131xan t\u0259r\u0259fl\u0259r, bu layih\u0259ni \u00f6z maraqlar\u0131na t\u0259hl\u00fck\u0259 kimi g\u00f6rs\u0259l\u0259r d\u0259, d\u0259hlizin realla\u015fmas\u0131, region \u00fc\u00e7\u00fcn m\u00fch\u00fcm strateji v\u0259 iqtisadi imkanlar t\u0259qdim edir.<\/p>\n<p><strong>Z\u0259ng\u0259zur d\u0259hlizinin \u0259n b\u00f6y\u00fck t\u00f6hf\u0259si<\/strong>, C\u0259nubi Qafqaz regionunda\u00a0<strong>n\u0259qliyyat, iqtisadi \u0259m\u0259kda\u015fl\u0131q v\u0259 geosiyasi stabilliyin g\u00fccl\u0259ndirilm\u0259si<\/strong>\u00a0olacaq. Bu d\u0259hliz, t\u0259kc\u0259 Az\u0259rbaycan v\u0259 T\u00fcrkiy\u0259 \u00fc\u00e7\u00fcn deyil, h\u0259m d\u0259 regionda yerl\u0259\u015f\u0259n b\u00fct\u00fcn \u00f6lk\u0259l\u0259r \u00fc\u00e7\u00fcn strateji v\u0259 iqtisadi \u00fcst\u00fcnl\u00fckl\u0259r v\u0259d edir.<\/p>\n<p><strong>Elnur M\u018fC\u0130DL\u0130<\/strong><\/p>\n<div class=\"news-author text-left\"><a href=\"https:\/\/musavat.com\/author\/elnur-mecidli_161\"><img class=\"img-responsive img-author\" src=\"https:\/\/cdn.musavat.com\/authors\/thumbnails\/174a9a98dfc5a250dc2caa1f9fe77b00.jpeg\" \/>Elnur M\u0259cidli<\/a><\/div>\n","protected":false},"excerpt":{"rendered":"<p>Z\u0259ng\u0259zur d\u0259hlizi, C\u0259nubi Qafqazda m\u00fch\u00fcm strateji v\u0259 iqtisadi \u0259h\u0259miyy\u0259t\u0259 malik bir n\u0259qliyyat v\u0259 kommunikasiya layih\u0259sidir. Bu d\u0259hliz, Az\u0259rbaycan\u0131 Nax\u00e7\u0131van Muxtar Respublikas\u0131 vasit\u0259sil\u0259 T\u00fcrkiy\u0259 il\u0259 birl\u0259\u015fdir\u0259r\u0259k regionda yeni logistika imkanlar\u0131 yarad\u0131r. Layih\u0259, x\u00fcsusil\u0259 d\u0259 \u0130kinci Qaraba\u011f m\u00fcharib\u0259sind\u0259n sonra imzalanan 2020-ci il 10 noyabr tarixli \u00fc\u00e7t\u0259r\u0259fli b\u0259yanata \u0259saslan\u0131r v\u0259 b\u00f6lg\u0259d\u0259 uzunm\u00fcdd\u0259tli s\u00fclh v\u0259 \u0259m\u0259kda\u015fl\u0131\u011fa t\u00f6hf\u0259 verm\u0259yi h\u0259d\u0259fl\u0259yir. Tarixi v\u0259 Strateji \u018fh\u0259miyy\u0259ti Sovet hakimiyy\u0259ti t\u0259r\u0259find\u0259n Z\u0259ng\u0259zurun Erm\u0259nistana verilm\u0259siyl\u0259, Az\u0259rbaycanla Nax\u00e7\u0131van aras\u0131ndak\u0131 birba\u015fa \u0259laq\u0259nin k\u0259silm\u0259si v\u0259 daha sonralar Az\u0259rbaycan\u0131n Nax\u00e7\u0131vanla co\u011frafi \u0259laq\u0259sinin m\u0259hdud olmas\u0131 s\u0259b\u0259bind\u0259n Z\u0259ng\u0259zur d\u0259hlizi ideyas\u0131 h\u0259r zaman aktual olmu\u015fdur. Erm\u0259nistan\u0131n Z\u0259ng\u0259zur&hellip;<\/p>\n","protected":false},"author":2,"featured_media":780999,"comment_status":"closed","ping_status":"closed","sticky":false,"template":"","format":"standard","meta":{"om_disable_all_campaigns":false,"_monsterinsights_skip_tracking":false,"_monsterinsights_sitenote_active":false,"_monsterinsights_sitenote_note":"","_monsterinsights_sitenote_category":0},"categories":[19],"tags":[],"aioseo_notices":[],"gutentor_comment":0,"rttpg_featured_image_url":{"full":["https:\/\/arantv.az\/wp-content\/uploads\/2025\/01\/0e0f77ddf1ddf3c4f0f1b57c9c05cbaf.jpg",870,500,false],"landscape":["https:\/\/arantv.az\/wp-content\/uploads\/2025\/01\/0e0f77ddf1ddf3c4f0f1b57c9c05cbaf.jpg",870,500,false],"portraits":["https:\/\/arantv.az\/wp-content\/uploads\/2025\/01\/0e0f77ddf1ddf3c4f0f1b57c9c05cbaf.jpg",870,500,false],"thumbnail":["https:\/\/arantv.az\/wp-content\/uploads\/2025\/01\/0e0f77ddf1ddf3c4f0f1b57c9c05cbaf-500x280.jpg",500,280,true],"medium":["https:\/\/arantv.az\/wp-content\/uploads\/2025\/01\/0e0f77ddf1ddf3c4f0f1b57c9c05cbaf-635x365.jpg",635,365,true],"large":["https:\/\/arantv.az\/wp-content\/uploads\/2025\/01\/0e0f77ddf1ddf3c4f0f1b57c9c05cbaf-840x483.jpg",640,368,true],"1536x1536":["https:\/\/arantv.az\/wp-content\/uploads\/2025\/01\/0e0f77ddf1ddf3c4f0f1b57c9c05cbaf.jpg",870,500,false],"2048x2048":["https:\/\/arantv.az\/wp-content\/uploads\/2025\/01\/0e0f77ddf1ddf3c4f0f1b57c9c05cbaf.jpg",870,500,false],"post-thumbnail":["https:\/\/arantv.az\/wp-content\/uploads\/2025\/01\/0e0f77ddf1ddf3c4f0f1b57c9c05cbaf-240x172.jpg",240,172,true],"advps-thumb-one":["https:\/\/arantv.az\/wp-content\/uploads\/2025\/01\/0e0f77ddf1ddf3c4f0f1b57c9c05cbaf.jpg",870,500,false]},"rttpg_author":{"display_name":"V\u00fcsal Rafiqo\u011flu","author_link":"https:\/\/arantv.az\/?author=2"},"rttpg_comment":0,"rttpg_category":"<a href=\"https:\/\/arantv.az\/?cat=19\" rel=\"category\">G\u00fcnd\u0259m<\/a>","rttpg_excerpt":"Z\u0259ng\u0259zur d\u0259hlizi, C\u0259nubi Qafqazda m\u00fch\u00fcm strateji v\u0259 iqtisadi \u0259h\u0259miyy\u0259t\u0259 malik bir n\u0259qliyyat v\u0259 kommunikasiya layih\u0259sidir. Bu d\u0259hliz, Az\u0259rbaycan\u0131 Nax\u00e7\u0131van Muxtar Respublikas\u0131 vasit\u0259sil\u0259 T\u00fcrkiy\u0259 il\u0259 birl\u0259\u015fdir\u0259r\u0259k regionda yeni logistika imkanlar\u0131 yarad\u0131r. Layih\u0259, x\u00fcsusil\u0259 d\u0259 \u0130kinci Qaraba\u011f m\u00fcharib\u0259sind\u0259n sonra imzalanan 2020-ci il 10 noyabr tarixli \u00fc\u00e7t\u0259r\u0259fli b\u0259yanata \u0259saslan\u0131r v\u0259 b\u00f6lg\u0259d\u0259 uzunm\u00fcdd\u0259tli s\u00fclh v\u0259 \u0259m\u0259kda\u015fl\u0131\u011fa t\u00f6hf\u0259 verm\u0259yi h\u0259d\u0259fl\u0259yir.&hellip;","_links":{"self":[{"href":"https:\/\/arantv.az\/index.php?rest_route=\/wp\/v2\/posts\/780998"}],"collection":[{"href":"https:\/\/arantv.az\/index.php?rest_route=\/wp\/v2\/posts"}],"about":[{"href":"https:\/\/arantv.az\/index.php?rest_route=\/wp\/v2\/types\/post"}],"author":[{"embeddable":true,"href":"https:\/\/arantv.az\/index.php?rest_route=\/wp\/v2\/users\/2"}],"replies":[{"embeddable":true,"href":"https:\/\/arantv.az\/index.php?rest_route=%2Fwp%2Fv2%2Fcomments&post=780998"}],"version-history":[{"count":1,"href":"https:\/\/arantv.az\/index.php?rest_route=\/wp\/v2\/posts\/780998\/revisions"}],"predecessor-version":[{"id":781000,"href":"https:\/\/arantv.az\/index.php?rest_route=\/wp\/v2\/posts\/780998\/revisions\/781000"}],"wp:featuredmedia":[{"embeddable":true,"href":"https:\/\/arantv.az\/index.php?rest_route=\/wp\/v2\/media\/780999"}],"wp:attachment":[{"href":"https:\/\/arantv.az\/index.php?rest_route=%2Fwp%2Fv2%2Fmedia&parent=780998"}],"wp:term":[{"taxonomy":"category","embeddable":true,"href":"https:\/\/arantv.az\/index.php?rest_route=%2Fwp%2Fv2%2Fcategories&post=780998"},{"taxonomy":"post_tag","embeddable":true,"href":"https:\/\/arantv.az\/index.php?rest_route=%2Fwp%2Fv2%2Ftags&post=780998"}],"curies":[{"name":"wp","href":"https:\/\/api.w.org\/{rel}","templated":true}]}}