{"id":78101,"date":"2019-09-11T09:44:13","date_gmt":"2019-09-11T06:44:13","guid":{"rendered":"http:\/\/arantv.az\/?p=78101"},"modified":"2019-09-11T09:44:13","modified_gmt":"2019-09-11T06:44:13","slug":"qadin-ona-x%c9%99yan%c9%99t-ed%c9%99n-sevgilisind%c9%99n-qisas-almaq-ucun-iki-ovladini-suda-bogdu","status":"publish","type":"post","link":"https:\/\/arantv.az\/?p=78101","title":{"rendered":"Qad\u0131n ona x\u0259yan\u0259t ed\u0259n sevgilisind\u0259n qisas almaq \u00fc\u00e7\u00fcn iki \u00f6vlad\u0131n\u0131 suda bo\u011fdu"},"content":{"rendered":"<p>Rusiyan\u0131n Kam\u00e7atka vilay\u0259tind\u0259 iki azya\u015fl\u0131 u\u015fa\u011f\u0131n q\u0259tli il\u0259 ba\u011fl\u0131 cinay\u0259t i\u015fi ba\u015flan\u0131l\u0131b.<\/p>\n<p>Faci\u0259 sentyabr\u0131n 9-da, s\u0259h\u0259r saatlar\u0131nda<a href=\"https:\/\/www.vesti.ru\/m\/doc.html?id=3187558&amp;fbclid=IwAR1D1-11RYaSWZ3JHnZk3asxHitwpzYiOCIkXkuXR-E5MSCzQsbN47iylBE\" target=\"_blank\" rel=\"noopener\">\u00a0ba\u015f verib<\/a>.<\/p>\n<p>27 ya\u015fl\u0131 qad\u0131n be\u015f\u00a0ya\u015fl\u0131 o\u011flunu v\u0259 ya\u015f yar\u0131ml\u0131q q\u0131z\u0131n\u0131 \u00f6z\u00fcn\u0259 ba\u011flayaraq Kra\u015feninnikov buxtas\u0131na girib. \u018ftrafdan ke\u00e7\u0259n insanlar u\u015faq q\u0131\u015fq\u0131r\u0131qlar\u0131n\u0131 e\u015fid\u0259r\u0259k, polis\u0259 v\u0259 xilasedicil\u0259r\u0259 m\u0259lumat veribl\u0259r.<\/p>\n<div id=\"AdviadNativeVideo0\" class=\"AdviadNativeVideo\"><\/div>\n<p>H\u00fcquq-m\u00fchafiz\u0259 orqanlar\u0131 v\u0259 xilasedicil\u0259r hadis\u0259 yerin\u0259 g\u0259ldikd\u0259n sonra qad\u0131na qay\u0131q vasit\u0259sil\u0259 \u00e7ata bilibl\u0259r. Be\u015f ya\u015fl\u0131 u\u015fa\u011f\u0131n meyiti sudan \u00e7\u0131xar\u0131l\u0131b, ya\u015f yar\u0131ml\u0131q q\u0131z is\u0259 reanimasiyada \u00f6l\u00fcb. Qad\u0131n\u0131 is\u0259 h\u0259yata qaytarmaq m\u00fcmk\u00fcn olub. Haz\u0131rda onun saxlan\u0131lmas\u0131 il\u0259 ba\u011fl\u0131 m\u0259s\u0259l\u0259 m\u00fczakir\u0259 edilir.<\/p>\n<p>Kam\u00e7atka vilay\u0259tinin h\u00fcquq-m\u00fchafiz\u0259 orqanlar\u0131n\u0131n m\u0259lumat\u0131na \u0259sas\u0259n, qad\u0131n onunla m\u00fcnasib\u0259td\u0259 olan ki\u015finin x\u0259yan\u0259tind\u0259n x\u0259b\u0259r tutduqdan sonra u\u015faqlar\u0131n\u0131 bo\u011fmaq q\u0259rar\u0131na g\u0259lib.<\/p>\n<p>Yekaterina adl\u0131 qad\u0131n u\u015faqlar\u0131n\u0131n atas\u0131n\u0131n\u00a0ail\u0259li oldu\u011funu v\u0259 ba\u015fqa qad\u0131nlarla da g\u00f6r\u00fc\u015fd\u00fcy\u00fcn\u00fc \u00f6yr\u0259nib. Qon\u015fular\u0131n dediyin\u0259 g\u00f6r\u0259, bunu e\u015fid\u0259n qad\u0131n a\u011fl\u0131n\u0131 itirib.<\/p>\n","protected":false},"excerpt":{"rendered":"<p>Rusiyan\u0131n Kam\u00e7atka vilay\u0259tind\u0259 iki azya\u015fl\u0131 u\u015fa\u011f\u0131n q\u0259tli il\u0259 ba\u011fl\u0131 cinay\u0259t i\u015fi ba\u015flan\u0131l\u0131b. Faci\u0259 sentyabr\u0131n 9-da, s\u0259h\u0259r saatlar\u0131nda\u00a0ba\u015f verib. 27 ya\u015fl\u0131 qad\u0131n be\u015f\u00a0ya\u015fl\u0131 o\u011flunu v\u0259 ya\u015f yar\u0131ml\u0131q q\u0131z\u0131n\u0131 \u00f6z\u00fcn\u0259 ba\u011flayaraq Kra\u015feninnikov buxtas\u0131na girib. \u018ftrafdan ke\u00e7\u0259n insanlar u\u015faq q\u0131\u015fq\u0131r\u0131qlar\u0131n\u0131 e\u015fid\u0259r\u0259k, polis\u0259 v\u0259 xilasedicil\u0259r\u0259 m\u0259lumat veribl\u0259r. H\u00fcquq-m\u00fchafiz\u0259 orqanlar\u0131 v\u0259 xilasedicil\u0259r hadis\u0259 yerin\u0259 g\u0259ldikd\u0259n sonra qad\u0131na qay\u0131q vasit\u0259sil\u0259 \u00e7ata bilibl\u0259r. Be\u015f ya\u015fl\u0131 u\u015fa\u011f\u0131n meyiti sudan \u00e7\u0131xar\u0131l\u0131b, ya\u015f yar\u0131ml\u0131q q\u0131z is\u0259 reanimasiyada \u00f6l\u00fcb. Qad\u0131n\u0131 is\u0259 h\u0259yata qaytarmaq m\u00fcmk\u00fcn olub. Haz\u0131rda onun saxlan\u0131lmas\u0131 il\u0259 ba\u011fl\u0131 m\u0259s\u0259l\u0259 m\u00fczakir\u0259 edilir. Kam\u00e7atka vilay\u0259tinin h\u00fcquq-m\u00fchafiz\u0259 orqanlar\u0131n\u0131n m\u0259lumat\u0131na \u0259sas\u0259n, qad\u0131n onunla&hellip;<\/p>\n","protected":false},"author":2,"featured_media":78102,"comment_status":"closed","ping_status":"closed","sticky":false,"template":"","format":"standard","meta":{"om_disable_all_campaigns":false,"_monsterinsights_skip_tracking":false,"_monsterinsights_sitenote_active":false,"_monsterinsights_sitenote_note":"","_monsterinsights_sitenote_category":0},"categories":[7],"tags":[],"aioseo_notices":[],"gutentor_comment":0,"rttpg_featured_image_url":{"full":["https:\/\/arantv.az\/wp-content\/uploads\/2019\/09\/58599-11877-21947-1qcko1l.jpg",550,372,false],"landscape":["https:\/\/arantv.az\/wp-content\/uploads\/2019\/09\/58599-11877-21947-1qcko1l.jpg",550,372,false],"portraits":["https:\/\/arantv.az\/wp-content\/uploads\/2019\/09\/58599-11877-21947-1qcko1l.jpg",550,372,false],"thumbnail":["https:\/\/arantv.az\/wp-content\/uploads\/2019\/09\/58599-11877-21947-1qcko1l-150x150.jpg",150,150,true],"medium":["https:\/\/arantv.az\/wp-content\/uploads\/2019\/09\/58599-11877-21947-1qcko1l-300x203.jpg",300,203,true],"large":["https:\/\/arantv.az\/wp-content\/uploads\/2019\/09\/58599-11877-21947-1qcko1l.jpg",550,372,false],"1536x1536":["https:\/\/arantv.az\/wp-content\/uploads\/2019\/09\/58599-11877-21947-1qcko1l.jpg",550,372,false],"2048x2048":["https:\/\/arantv.az\/wp-content\/uploads\/2019\/09\/58599-11877-21947-1qcko1l.jpg",550,372,false],"post-thumbnail":["https:\/\/arantv.az\/wp-content\/uploads\/2019\/09\/58599-11877-21947-1qcko1l-240x172.jpg",240,172,true],"advps-thumb-one":["https:\/\/arantv.az\/wp-content\/uploads\/2019\/09\/58599-11877-21947-1qcko1l.jpg",550,372,false]},"rttpg_author":{"display_name":"V\u00fcsal Rafiqo\u011flu","author_link":"https:\/\/arantv.az\/?author=2"},"rttpg_comment":0,"rttpg_category":"<a href=\"https:\/\/arantv.az\/?cat=7\" rel=\"category\">D\u00fcnya<\/a>","rttpg_excerpt":"Rusiyan\u0131n Kam\u00e7atka vilay\u0259tind\u0259 iki azya\u015fl\u0131 u\u015fa\u011f\u0131n q\u0259tli il\u0259 ba\u011fl\u0131 cinay\u0259t i\u015fi ba\u015flan\u0131l\u0131b. Faci\u0259 sentyabr\u0131n 9-da, s\u0259h\u0259r saatlar\u0131nda\u00a0ba\u015f verib. 27 ya\u015fl\u0131 qad\u0131n be\u015f\u00a0ya\u015fl\u0131 o\u011flunu v\u0259 ya\u015f yar\u0131ml\u0131q q\u0131z\u0131n\u0131 \u00f6z\u00fcn\u0259 ba\u011flayaraq Kra\u015feninnikov buxtas\u0131na girib. \u018ftrafdan ke\u00e7\u0259n insanlar u\u015faq q\u0131\u015fq\u0131r\u0131qlar\u0131n\u0131 e\u015fid\u0259r\u0259k, polis\u0259 v\u0259 xilasedicil\u0259r\u0259 m\u0259lumat veribl\u0259r. H\u00fcquq-m\u00fchafiz\u0259 orqanlar\u0131 v\u0259 xilasedicil\u0259r hadis\u0259 yerin\u0259 g\u0259ldikd\u0259n sonra qad\u0131na qay\u0131q vasit\u0259sil\u0259 \u00e7ata&hellip;","_links":{"self":[{"href":"https:\/\/arantv.az\/index.php?rest_route=\/wp\/v2\/posts\/78101"}],"collection":[{"href":"https:\/\/arantv.az\/index.php?rest_route=\/wp\/v2\/posts"}],"about":[{"href":"https:\/\/arantv.az\/index.php?rest_route=\/wp\/v2\/types\/post"}],"author":[{"embeddable":true,"href":"https:\/\/arantv.az\/index.php?rest_route=\/wp\/v2\/users\/2"}],"replies":[{"embeddable":true,"href":"https:\/\/arantv.az\/index.php?rest_route=%2Fwp%2Fv2%2Fcomments&post=78101"}],"version-history":[{"count":0,"href":"https:\/\/arantv.az\/index.php?rest_route=\/wp\/v2\/posts\/78101\/revisions"}],"wp:featuredmedia":[{"embeddable":true,"href":"https:\/\/arantv.az\/index.php?rest_route=\/wp\/v2\/media\/78102"}],"wp:attachment":[{"href":"https:\/\/arantv.az\/index.php?rest_route=%2Fwp%2Fv2%2Fmedia&parent=78101"}],"wp:term":[{"taxonomy":"category","embeddable":true,"href":"https:\/\/arantv.az\/index.php?rest_route=%2Fwp%2Fv2%2Fcategories&post=78101"},{"taxonomy":"post_tag","embeddable":true,"href":"https:\/\/arantv.az\/index.php?rest_route=%2Fwp%2Fv2%2Ftags&post=78101"}],"curies":[{"name":"wp","href":"https:\/\/api.w.org\/{rel}","templated":true}]}}