{"id":781037,"date":"2025-01-15T08:46:18","date_gmt":"2025-01-15T04:46:18","guid":{"rendered":"https:\/\/arantv.az\/?p=781037"},"modified":"2025-01-15T08:46:18","modified_gmt":"2025-01-15T04:46:18","slug":"yasar-%c9%99liyev-quterresl%c9%99-gorusub","status":"publish","type":"post","link":"https:\/\/arantv.az\/?p=781037","title":{"rendered":"Ya\u015far \u018fliyev Quterre\u015fl\u0259 g\u00f6r\u00fc\u015f\u00fcb"},"content":{"rendered":"<p>Az\u0259rbaycan\u0131n BMT yan\u0131nda sabiq daimi n\u00fcmay\u0259nd\u0259si Ya\u015far \u018fliyev d\u00fcnya t\u0259\u015fkilat\u0131n\u0131n Ba\u015f katibi Antonio Quterre\u015fl\u0259 g\u00f6r\u00fc\u015f\u00fcb.<\/p>\n<p>\u201cReport\u201d x\u0259b\u0259r verir ki, bu bar\u0259d\u0259 Daimi N\u00fcmay\u0259nd\u0259liyin sosial \u015f\u0259b\u0259k\u0259 hesab\u0131nda bildirilib.<\/p>\n<p>\u201cBMT-nin m\u0259nzil-q\u0259rargah\u0131nda Ba\u015f katib Antonio Quterre\u015f il\u0259 s\u0259fir Ya\u015far \u018fliyevin vida g\u00f6r\u00fc\u015f\u00fc s\u0259mimi v\u0259 mehriban \u015f\u0259raitd\u0259 ke\u00e7ib. S\u00f6hb\u0259t zaman\u0131 s\u0259fir \u018fliyevin \u00e7oxt\u0259r\u0259fli diplomatiyaya v\u0259 BMT d\u0259y\u0259rl\u0259rinin t\u0259\u015fviqin\u0259 t\u00f6hf\u0259l\u0259ri, eyni zamanda Az\u0259rbaycan\u0131n milli maraqlar\u0131n\u0131n \u201ceffektiv v\u0259 h\u0259v\u0259sli\u201d m\u00fcdafi\u0259sinin h\u0259yata ke\u00e7irilm\u0259si vur\u011fulan\u0131b\u201d, \u2013 m\u0259lumatda qeyd olunub.<\/p>\n","protected":false},"excerpt":{"rendered":"<p>Az\u0259rbaycan\u0131n BMT yan\u0131nda sabiq daimi n\u00fcmay\u0259nd\u0259si Ya\u015far \u018fliyev d\u00fcnya t\u0259\u015fkilat\u0131n\u0131n Ba\u015f katibi Antonio Quterre\u015fl\u0259 g\u00f6r\u00fc\u015f\u00fcb. \u201cReport\u201d x\u0259b\u0259r verir ki, bu bar\u0259d\u0259 Daimi N\u00fcmay\u0259nd\u0259liyin sosial \u015f\u0259b\u0259k\u0259 hesab\u0131nda bildirilib. \u201cBMT-nin m\u0259nzil-q\u0259rargah\u0131nda Ba\u015f katib Antonio Quterre\u015f il\u0259 s\u0259fir Ya\u015far \u018fliyevin vida g\u00f6r\u00fc\u015f\u00fc s\u0259mimi v\u0259 mehriban \u015f\u0259raitd\u0259 ke\u00e7ib. S\u00f6hb\u0259t zaman\u0131 s\u0259fir \u018fliyevin \u00e7oxt\u0259r\u0259fli diplomatiyaya v\u0259 BMT d\u0259y\u0259rl\u0259rinin t\u0259\u015fviqin\u0259 t\u00f6hf\u0259l\u0259ri, eyni zamanda Az\u0259rbaycan\u0131n milli maraqlar\u0131n\u0131n \u201ceffektiv v\u0259 h\u0259v\u0259sli\u201d m\u00fcdafi\u0259sinin h\u0259yata ke\u00e7irilm\u0259si vur\u011fulan\u0131b\u201d, \u2013 m\u0259lumatda qeyd olunub.<\/p>\n","protected":false},"author":2,"featured_media":781038,"comment_status":"closed","ping_status":"closed","sticky":false,"template":"","format":"standard","meta":{"om_disable_all_campaigns":false,"_monsterinsights_skip_tracking":false,"_monsterinsights_sitenote_active":false,"_monsterinsights_sitenote_note":"","_monsterinsights_sitenote_category":0},"categories":[4],"tags":[],"aioseo_notices":[],"gutentor_comment":0,"rttpg_featured_image_url":{"full":["https:\/\/arantv.az\/wp-content\/uploads\/2025\/01\/947eae73a067cd057b379023c3d04bef.jpg",850,500,false],"landscape":["https:\/\/arantv.az\/wp-content\/uploads\/2025\/01\/947eae73a067cd057b379023c3d04bef.jpg",850,500,false],"portraits":["https:\/\/arantv.az\/wp-content\/uploads\/2025\/01\/947eae73a067cd057b379023c3d04bef.jpg",850,500,false],"thumbnail":["https:\/\/arantv.az\/wp-content\/uploads\/2025\/01\/947eae73a067cd057b379023c3d04bef-500x280.jpg",500,280,true],"medium":["https:\/\/arantv.az\/wp-content\/uploads\/2025\/01\/947eae73a067cd057b379023c3d04bef-621x365.jpg",621,365,true],"large":["https:\/\/arantv.az\/wp-content\/uploads\/2025\/01\/947eae73a067cd057b379023c3d04bef-840x494.jpg",640,376,true],"1536x1536":["https:\/\/arantv.az\/wp-content\/uploads\/2025\/01\/947eae73a067cd057b379023c3d04bef.jpg",850,500,false],"2048x2048":["https:\/\/arantv.az\/wp-content\/uploads\/2025\/01\/947eae73a067cd057b379023c3d04bef.jpg",850,500,false],"post-thumbnail":["https:\/\/arantv.az\/wp-content\/uploads\/2025\/01\/947eae73a067cd057b379023c3d04bef-240x172.jpg",240,172,true],"advps-thumb-one":["https:\/\/arantv.az\/wp-content\/uploads\/2025\/01\/947eae73a067cd057b379023c3d04bef.jpg",850,500,false]},"rttpg_author":{"display_name":"V\u00fcsal Rafiqo\u011flu","author_link":"https:\/\/arantv.az\/?author=2"},"rttpg_comment":0,"rttpg_category":"<a href=\"https:\/\/arantv.az\/?cat=4\" rel=\"category\">Siyas\u0259t<\/a>","rttpg_excerpt":"Az\u0259rbaycan\u0131n BMT yan\u0131nda sabiq daimi n\u00fcmay\u0259nd\u0259si Ya\u015far \u018fliyev d\u00fcnya t\u0259\u015fkilat\u0131n\u0131n Ba\u015f katibi Antonio Quterre\u015fl\u0259 g\u00f6r\u00fc\u015f\u00fcb. \u201cReport\u201d x\u0259b\u0259r verir ki, bu bar\u0259d\u0259 Daimi N\u00fcmay\u0259nd\u0259liyin sosial \u015f\u0259b\u0259k\u0259 hesab\u0131nda bildirilib. \u201cBMT-nin m\u0259nzil-q\u0259rargah\u0131nda Ba\u015f katib Antonio Quterre\u015f il\u0259 s\u0259fir Ya\u015far \u018fliyevin vida g\u00f6r\u00fc\u015f\u00fc s\u0259mimi v\u0259 mehriban \u015f\u0259raitd\u0259 ke\u00e7ib. S\u00f6hb\u0259t zaman\u0131 s\u0259fir \u018fliyevin \u00e7oxt\u0259r\u0259fli diplomatiyaya v\u0259 BMT d\u0259y\u0259rl\u0259rinin t\u0259\u015fviqin\u0259 t\u00f6hf\u0259l\u0259ri,&hellip;","_links":{"self":[{"href":"https:\/\/arantv.az\/index.php?rest_route=\/wp\/v2\/posts\/781037"}],"collection":[{"href":"https:\/\/arantv.az\/index.php?rest_route=\/wp\/v2\/posts"}],"about":[{"href":"https:\/\/arantv.az\/index.php?rest_route=\/wp\/v2\/types\/post"}],"author":[{"embeddable":true,"href":"https:\/\/arantv.az\/index.php?rest_route=\/wp\/v2\/users\/2"}],"replies":[{"embeddable":true,"href":"https:\/\/arantv.az\/index.php?rest_route=%2Fwp%2Fv2%2Fcomments&post=781037"}],"version-history":[{"count":2,"href":"https:\/\/arantv.az\/index.php?rest_route=\/wp\/v2\/posts\/781037\/revisions"}],"predecessor-version":[{"id":781040,"href":"https:\/\/arantv.az\/index.php?rest_route=\/wp\/v2\/posts\/781037\/revisions\/781040"}],"wp:featuredmedia":[{"embeddable":true,"href":"https:\/\/arantv.az\/index.php?rest_route=\/wp\/v2\/media\/781038"}],"wp:attachment":[{"href":"https:\/\/arantv.az\/index.php?rest_route=%2Fwp%2Fv2%2Fmedia&parent=781037"}],"wp:term":[{"taxonomy":"category","embeddable":true,"href":"https:\/\/arantv.az\/index.php?rest_route=%2Fwp%2Fv2%2Fcategories&post=781037"},{"taxonomy":"post_tag","embeddable":true,"href":"https:\/\/arantv.az\/index.php?rest_route=%2Fwp%2Fv2%2Ftags&post=781037"}],"curies":[{"name":"wp","href":"https:\/\/api.w.org\/{rel}","templated":true}]}}