{"id":78104,"date":"2019-09-11T09:46:31","date_gmt":"2019-09-11T06:46:31","guid":{"rendered":"http:\/\/arantv.az\/?p=78104"},"modified":"2019-09-11T09:46:31","modified_gmt":"2019-09-11T06:46:31","slug":"rusiya-m%c9%99hk%c9%99m%c9%99si-az%c9%99rbaycanlinin-xeyrin%c9%99-q%c9%99rar-cixardi","status":"publish","type":"post","link":"https:\/\/arantv.az\/?p=78104","title":{"rendered":"Rusiya m\u0259hk\u0259m\u0259si az\u0259rbaycanl\u0131n\u0131n xeyrin\u0259 q\u0259rar \u00e7\u0131xard\u0131"},"content":{"rendered":"<p>Bryanks vilay\u0259t m\u0259hk\u0259m\u0259si Az\u0259rbaycan v\u0259t\u0259nda\u015f\u0131 C\u0259m\u015fid \u018fl\u0259kb\u0259rovun m\u00fcv\u0259qq\u0259ti ya\u015fama icaz\u0259si bar\u0259d\u0259 \u0259riz\u0259sin\u0259 yenid\u0259n baxmaq \u00fc\u00e7\u00fcn g\u00f6st\u0259ri\u015f verib.<\/p>\n<p>M\u0259lum olub ki, \u018fl\u0259kb\u0259rov Rusiya Daxili \u0130\u015fl\u0259r Nazirliyinin Bryans vilay\u0259ti \u00fczr\u0259 \u0130dar\u0259sin\u0259 s\u0259n\u0259dl\u0259ri il\u0259 m\u00fcraci\u0259t ed\u0259r\u0259k m\u00fcv\u0259qq\u0259ti ya\u015fama icaz\u0259sinin\u00a0<a href=\"https:\/\/www.bragazeta.ru\/news\/2019\/09\/11\/bryanskij-sud-vstal-na-storonu-azerbajdzhanca-v-spore-poslednego-s-policiej\/?fbclid=IwAR00vx8plFVZuIeNtZLAciYKeQfuMeAt8d4isZZTmDmZTa8Tc4MXjdek1DI\" target=\"_blank\" rel=\"noopener\">verilm\u0259sini ist\u0259yib<\/a>.<\/p>\n<div id=\"AdviadNativeVideo0\" class=\"AdviadNativeVideo\"><\/div>\n<p>Miqrasiya m\u0259s\u0259l\u0259l\u0259ri \u00fczr\u0259 idar\u0259 is\u0259 \u018fl\u0259kb\u0259rovun m\u00fcraci\u0259tin\u0259 r\u0259dd cavab\u0131 verib v\u0259 bildirib ki, Rusiya \u0259razisind\u0259 ya\u015fay\u0131\u015f yerini s\u0259hv g\u00f6st\u0259rdiyi \u00fc\u00e7\u00fcn bel\u0259 q\u0259rar q\u0259bul edilib. \u015eikay\u0259t\u00e7i\u00a0bu r\u0259dd cavab\u0131na g\u00f6r\u0259 m\u0259hk\u0259m\u0259y\u0259 m\u00fcraci\u0259t edib. M\u0259hk\u0259m\u0259 is\u0259 f\u0259rqli q\u0259rar q\u0259bul edib.<\/p>\n<p>M\u0259lum olub ki, \u018fl\u0259kb\u0259rov idar\u0259y\u0259 yalan m\u0259lumat verm\u0259yib, polisd\u0259 onun qeydiyyatda oldu\u011fu \u0259razi \u00fczr\u0259 ya\u015famad\u0131\u011f\u0131 bar\u0259d\u0259 m\u0259lumat yoxdur. Bu s\u0259b\u0259bd\u0259n m\u0259hk\u0259m\u0259nin q\u0259rar\u0131 il\u0259 idar\u0259 \u018fl\u0259kb\u0259rova m\u00fcv\u0259qq\u0259ti ya\u015fay\u0131\u015f icaz\u0259si verilm\u0259si bar\u0259d\u0259 m\u0259s\u0259l\u0259y\u0259 yenid\u0259n baxmal\u0131d\u0131r.<\/p>\n","protected":false},"excerpt":{"rendered":"<p>Bryanks vilay\u0259t m\u0259hk\u0259m\u0259si Az\u0259rbaycan v\u0259t\u0259nda\u015f\u0131 C\u0259m\u015fid \u018fl\u0259kb\u0259rovun m\u00fcv\u0259qq\u0259ti ya\u015fama icaz\u0259si bar\u0259d\u0259 \u0259riz\u0259sin\u0259 yenid\u0259n baxmaq \u00fc\u00e7\u00fcn g\u00f6st\u0259ri\u015f verib. M\u0259lum olub ki, \u018fl\u0259kb\u0259rov Rusiya Daxili \u0130\u015fl\u0259r Nazirliyinin Bryans vilay\u0259ti \u00fczr\u0259 \u0130dar\u0259sin\u0259 s\u0259n\u0259dl\u0259ri il\u0259 m\u00fcraci\u0259t ed\u0259r\u0259k m\u00fcv\u0259qq\u0259ti ya\u015fama icaz\u0259sinin\u00a0verilm\u0259sini ist\u0259yib. Miqrasiya m\u0259s\u0259l\u0259l\u0259ri \u00fczr\u0259 idar\u0259 is\u0259 \u018fl\u0259kb\u0259rovun m\u00fcraci\u0259tin\u0259 r\u0259dd cavab\u0131 verib v\u0259 bildirib ki, Rusiya \u0259razisind\u0259 ya\u015fay\u0131\u015f yerini s\u0259hv g\u00f6st\u0259rdiyi \u00fc\u00e7\u00fcn bel\u0259 q\u0259rar q\u0259bul edilib. \u015eikay\u0259t\u00e7i\u00a0bu r\u0259dd cavab\u0131na g\u00f6r\u0259 m\u0259hk\u0259m\u0259y\u0259 m\u00fcraci\u0259t edib. M\u0259hk\u0259m\u0259 is\u0259 f\u0259rqli q\u0259rar q\u0259bul edib. M\u0259lum olub ki, \u018fl\u0259kb\u0259rov idar\u0259y\u0259 yalan m\u0259lumat verm\u0259yib, polisd\u0259 onun qeydiyyatda oldu\u011fu \u0259razi \u00fczr\u0259 ya\u015famad\u0131\u011f\u0131 bar\u0259d\u0259&hellip;<\/p>\n","protected":false},"author":2,"featured_media":78105,"comment_status":"closed","ping_status":"closed","sticky":false,"template":"","format":"standard","meta":{"om_disable_all_campaigns":false,"_monsterinsights_skip_tracking":false,"_monsterinsights_sitenote_active":false,"_monsterinsights_sitenote_note":"","_monsterinsights_sitenote_category":0},"categories":[1],"tags":[],"aioseo_notices":[],"gutentor_comment":0,"rttpg_featured_image_url":{"full":["https:\/\/arantv.az\/wp-content\/uploads\/2019\/09\/iuyiuyuiy.jpg",620,413,false],"landscape":["https:\/\/arantv.az\/wp-content\/uploads\/2019\/09\/iuyiuyuiy.jpg",620,413,false],"portraits":["https:\/\/arantv.az\/wp-content\/uploads\/2019\/09\/iuyiuyuiy.jpg",620,413,false],"thumbnail":["https:\/\/arantv.az\/wp-content\/uploads\/2019\/09\/iuyiuyuiy-150x150.jpg",150,150,true],"medium":["https:\/\/arantv.az\/wp-content\/uploads\/2019\/09\/iuyiuyuiy-300x200.jpg",300,200,true],"large":["https:\/\/arantv.az\/wp-content\/uploads\/2019\/09\/iuyiuyuiy.jpg",620,413,false],"1536x1536":["https:\/\/arantv.az\/wp-content\/uploads\/2019\/09\/iuyiuyuiy.jpg",620,413,false],"2048x2048":["https:\/\/arantv.az\/wp-content\/uploads\/2019\/09\/iuyiuyuiy.jpg",620,413,false],"post-thumbnail":["https:\/\/arantv.az\/wp-content\/uploads\/2019\/09\/iuyiuyuiy-240x172.jpg",240,172,true],"advps-thumb-one":["https:\/\/arantv.az\/wp-content\/uploads\/2019\/09\/iuyiuyuiy.jpg",620,413,false]},"rttpg_author":{"display_name":"V\u00fcsal Rafiqo\u011flu","author_link":"https:\/\/arantv.az\/?author=2"},"rttpg_comment":0,"rttpg_category":"<a href=\"https:\/\/arantv.az\/?cat=1\" rel=\"category\">C\u0259miyy\u0259t<\/a>","rttpg_excerpt":"Bryanks vilay\u0259t m\u0259hk\u0259m\u0259si Az\u0259rbaycan v\u0259t\u0259nda\u015f\u0131 C\u0259m\u015fid \u018fl\u0259kb\u0259rovun m\u00fcv\u0259qq\u0259ti ya\u015fama icaz\u0259si bar\u0259d\u0259 \u0259riz\u0259sin\u0259 yenid\u0259n baxmaq \u00fc\u00e7\u00fcn g\u00f6st\u0259ri\u015f verib. M\u0259lum olub ki, \u018fl\u0259kb\u0259rov Rusiya Daxili \u0130\u015fl\u0259r Nazirliyinin Bryans vilay\u0259ti \u00fczr\u0259 \u0130dar\u0259sin\u0259 s\u0259n\u0259dl\u0259ri il\u0259 m\u00fcraci\u0259t ed\u0259r\u0259k m\u00fcv\u0259qq\u0259ti ya\u015fama icaz\u0259sinin\u00a0verilm\u0259sini ist\u0259yib. Miqrasiya m\u0259s\u0259l\u0259l\u0259ri \u00fczr\u0259 idar\u0259 is\u0259 \u018fl\u0259kb\u0259rovun m\u00fcraci\u0259tin\u0259 r\u0259dd cavab\u0131 verib v\u0259 bildirib ki, Rusiya \u0259razisind\u0259 ya\u015fay\u0131\u015f yerini s\u0259hv&hellip;","_links":{"self":[{"href":"https:\/\/arantv.az\/index.php?rest_route=\/wp\/v2\/posts\/78104"}],"collection":[{"href":"https:\/\/arantv.az\/index.php?rest_route=\/wp\/v2\/posts"}],"about":[{"href":"https:\/\/arantv.az\/index.php?rest_route=\/wp\/v2\/types\/post"}],"author":[{"embeddable":true,"href":"https:\/\/arantv.az\/index.php?rest_route=\/wp\/v2\/users\/2"}],"replies":[{"embeddable":true,"href":"https:\/\/arantv.az\/index.php?rest_route=%2Fwp%2Fv2%2Fcomments&post=78104"}],"version-history":[{"count":0,"href":"https:\/\/arantv.az\/index.php?rest_route=\/wp\/v2\/posts\/78104\/revisions"}],"wp:featuredmedia":[{"embeddable":true,"href":"https:\/\/arantv.az\/index.php?rest_route=\/wp\/v2\/media\/78105"}],"wp:attachment":[{"href":"https:\/\/arantv.az\/index.php?rest_route=%2Fwp%2Fv2%2Fmedia&parent=78104"}],"wp:term":[{"taxonomy":"category","embeddable":true,"href":"https:\/\/arantv.az\/index.php?rest_route=%2Fwp%2Fv2%2Fcategories&post=78104"},{"taxonomy":"post_tag","embeddable":true,"href":"https:\/\/arantv.az\/index.php?rest_route=%2Fwp%2Fv2%2Ftags&post=78104"}],"curies":[{"name":"wp","href":"https:\/\/api.w.org\/{rel}","templated":true}]}}