{"id":78107,"date":"2019-09-11T09:48:02","date_gmt":"2019-09-11T06:48:02","guid":{"rendered":"http:\/\/arantv.az\/?p=78107"},"modified":"2019-09-11T09:48:02","modified_gmt":"2019-09-11T06:48:02","slug":"pes%c9%99-m%c9%99kt%c9%99bl%c9%99rin%c9%99-q%c9%99bulla-bagli-naraziligi-olanlarin-n%c9%99z%c9%99rin%c9%99","status":"publish","type":"post","link":"https:\/\/arantv.az\/?p=78107","title":{"rendered":"Pe\u015f\u0259 m\u0259kt\u0259bl\u0259rin\u0259 q\u0259bulla ba\u011fl\u0131 naraz\u0131l\u0131\u011f\u0131 olanlar\u0131n n\u0259z\u0259rin\u0259"},"content":{"rendered":"<p>Pe\u015f\u0259 t\u0259hsili m\u00fc\u0259ssis\u0259l\u0259rin\u0259 q\u0259bul v\u0259 n\u0259tic\u0259l\u0259rl\u0259 ba\u011fl\u0131 v\u0259t\u0259nda\u015flar\u0131n m\u00fcraci\u0259tl\u0259rin\u0259 bax\u0131lmas\u0131 \u00fc\u00e7\u00fcn yarad\u0131lan Apellyasiya Komissiyas\u0131 f\u0259aliyy\u0259t\u0259 ba\u015flay\u0131b.<\/p>\n<p>Komissiya 18 n\u00f6mr\u0259li Bak\u0131 Pe\u015f\u0259 Liseyind\u0259 (Bin\u0259q\u0259di rayonu, Heyd\u0259r H\u00fcseynov k\u00fc\u00e7. 17A) \u015fikay\u0259tl\u0259ri\u00a0<a href=\"https:\/\/edu.gov.az\/az\/page\/9\/17215\" target=\"_blank\" rel=\"noopener\">dinl\u0259y\u0259c\u0259k<\/a>.<\/p>\n<div id=\"AdviadNativeVideo0\" class=\"AdviadNativeVideo\"><\/div>\n<p>Apellyasiya Komissiyas\u0131na saat 10:00-dan 18:00-d\u0259k \u015f\u0259xsiyy\u0259ti t\u0259sdiq ed\u0259n s\u0259n\u0259din \u0259slini v\u0259 t\u0259hsil haqq\u0131nda s\u0259n\u0259di t\u0259qdim etm\u0259kl\u0259 m\u00fcraci\u0259t etm\u0259k m\u00fcmk\u00fcnd\u00fcr. Komissiya i\u015fini sentyabr\u0131n 13-d\u0259 yekunla\u015fd\u0131racaq.<\/p>\n<p>Qeyd ed\u0259k ki, 2019-2020-ci t\u0259dris ili \u00fczr\u0259 pe\u015f\u0259 t\u0259hsili m\u00fc\u0259ssis\u0259l\u0259rin\u0259 s\u0259n\u0259d q\u0259bulu art\u0131q ba\u015fa \u00e7at\u0131b.<\/p>\n<p>Avqustun 5-d\u0259k 20-d\u0259k ke\u00e7iril\u0259n birinci m\u0259rh\u0259l\u0259d\u0259 8 808 n\u0259f\u0259r, 28 avqust &#8211; 5 sentyabr tarixl\u0259rind\u0259 ke\u00e7iril\u0259n ikinci m\u0259rh\u0259l\u0259d\u0259 is\u0259 3 754 n\u0259f\u0259r pe\u015f\u0259 t\u0259hsili m\u00fc\u0259ssis\u0259l\u0259rind\u0259 t\u0259hsil almaq h\u00fcququ \u0259ld\u0259 edib.<\/p>\n","protected":false},"excerpt":{"rendered":"<p>Pe\u015f\u0259 t\u0259hsili m\u00fc\u0259ssis\u0259l\u0259rin\u0259 q\u0259bul v\u0259 n\u0259tic\u0259l\u0259rl\u0259 ba\u011fl\u0131 v\u0259t\u0259nda\u015flar\u0131n m\u00fcraci\u0259tl\u0259rin\u0259 bax\u0131lmas\u0131 \u00fc\u00e7\u00fcn yarad\u0131lan Apellyasiya Komissiyas\u0131 f\u0259aliyy\u0259t\u0259 ba\u015flay\u0131b. Komissiya 18 n\u00f6mr\u0259li Bak\u0131 Pe\u015f\u0259 Liseyind\u0259 (Bin\u0259q\u0259di rayonu, Heyd\u0259r H\u00fcseynov k\u00fc\u00e7. 17A) \u015fikay\u0259tl\u0259ri\u00a0dinl\u0259y\u0259c\u0259k. Apellyasiya Komissiyas\u0131na saat 10:00-dan 18:00-d\u0259k \u015f\u0259xsiyy\u0259ti t\u0259sdiq ed\u0259n s\u0259n\u0259din \u0259slini v\u0259 t\u0259hsil haqq\u0131nda s\u0259n\u0259di t\u0259qdim etm\u0259kl\u0259 m\u00fcraci\u0259t etm\u0259k m\u00fcmk\u00fcnd\u00fcr. Komissiya i\u015fini sentyabr\u0131n 13-d\u0259 yekunla\u015fd\u0131racaq. Qeyd ed\u0259k ki, 2019-2020-ci t\u0259dris ili \u00fczr\u0259 pe\u015f\u0259 t\u0259hsili m\u00fc\u0259ssis\u0259l\u0259rin\u0259 s\u0259n\u0259d q\u0259bulu art\u0131q ba\u015fa \u00e7at\u0131b. Avqustun 5-d\u0259k 20-d\u0259k ke\u00e7iril\u0259n birinci m\u0259rh\u0259l\u0259d\u0259 8 808 n\u0259f\u0259r, 28 avqust &#8211; 5 sentyabr tarixl\u0259rind\u0259 ke\u00e7iril\u0259n ikinci m\u0259rh\u0259l\u0259d\u0259 is\u0259 3 754 n\u0259f\u0259r&hellip;<\/p>\n","protected":false},"author":2,"featured_media":78108,"comment_status":"closed","ping_status":"closed","sticky":false,"template":"","format":"standard","meta":{"om_disable_all_campaigns":false,"_monsterinsights_skip_tracking":false,"_monsterinsights_sitenote_active":false,"_monsterinsights_sitenote_note":"","_monsterinsights_sitenote_category":0},"categories":[1],"tags":[],"aioseo_notices":[],"gutentor_comment":0,"rttpg_featured_image_url":{"full":["https:\/\/arantv.az\/wp-content\/uploads\/2019\/09\/SLT_7021.jpg",620,413,false],"landscape":["https:\/\/arantv.az\/wp-content\/uploads\/2019\/09\/SLT_7021.jpg",620,413,false],"portraits":["https:\/\/arantv.az\/wp-content\/uploads\/2019\/09\/SLT_7021.jpg",620,413,false],"thumbnail":["https:\/\/arantv.az\/wp-content\/uploads\/2019\/09\/SLT_7021-150x150.jpg",150,150,true],"medium":["https:\/\/arantv.az\/wp-content\/uploads\/2019\/09\/SLT_7021-300x200.jpg",300,200,true],"large":["https:\/\/arantv.az\/wp-content\/uploads\/2019\/09\/SLT_7021.jpg",620,413,false],"1536x1536":["https:\/\/arantv.az\/wp-content\/uploads\/2019\/09\/SLT_7021.jpg",620,413,false],"2048x2048":["https:\/\/arantv.az\/wp-content\/uploads\/2019\/09\/SLT_7021.jpg",620,413,false],"post-thumbnail":["https:\/\/arantv.az\/wp-content\/uploads\/2019\/09\/SLT_7021-240x172.jpg",240,172,true],"advps-thumb-one":["https:\/\/arantv.az\/wp-content\/uploads\/2019\/09\/SLT_7021.jpg",620,413,false]},"rttpg_author":{"display_name":"V\u00fcsal Rafiqo\u011flu","author_link":"https:\/\/arantv.az\/?author=2"},"rttpg_comment":0,"rttpg_category":"<a href=\"https:\/\/arantv.az\/?cat=1\" rel=\"category\">C\u0259miyy\u0259t<\/a>","rttpg_excerpt":"Pe\u015f\u0259 t\u0259hsili m\u00fc\u0259ssis\u0259l\u0259rin\u0259 q\u0259bul v\u0259 n\u0259tic\u0259l\u0259rl\u0259 ba\u011fl\u0131 v\u0259t\u0259nda\u015flar\u0131n m\u00fcraci\u0259tl\u0259rin\u0259 bax\u0131lmas\u0131 \u00fc\u00e7\u00fcn yarad\u0131lan Apellyasiya Komissiyas\u0131 f\u0259aliyy\u0259t\u0259 ba\u015flay\u0131b. Komissiya 18 n\u00f6mr\u0259li Bak\u0131 Pe\u015f\u0259 Liseyind\u0259 (Bin\u0259q\u0259di rayonu, Heyd\u0259r H\u00fcseynov k\u00fc\u00e7. 17A) \u015fikay\u0259tl\u0259ri\u00a0dinl\u0259y\u0259c\u0259k. Apellyasiya Komissiyas\u0131na saat 10:00-dan 18:00-d\u0259k \u015f\u0259xsiyy\u0259ti t\u0259sdiq ed\u0259n s\u0259n\u0259din \u0259slini v\u0259 t\u0259hsil haqq\u0131nda s\u0259n\u0259di t\u0259qdim etm\u0259kl\u0259 m\u00fcraci\u0259t etm\u0259k m\u00fcmk\u00fcnd\u00fcr. Komissiya i\u015fini sentyabr\u0131n 13-d\u0259 yekunla\u015fd\u0131racaq. Qeyd ed\u0259k&hellip;","_links":{"self":[{"href":"https:\/\/arantv.az\/index.php?rest_route=\/wp\/v2\/posts\/78107"}],"collection":[{"href":"https:\/\/arantv.az\/index.php?rest_route=\/wp\/v2\/posts"}],"about":[{"href":"https:\/\/arantv.az\/index.php?rest_route=\/wp\/v2\/types\/post"}],"author":[{"embeddable":true,"href":"https:\/\/arantv.az\/index.php?rest_route=\/wp\/v2\/users\/2"}],"replies":[{"embeddable":true,"href":"https:\/\/arantv.az\/index.php?rest_route=%2Fwp%2Fv2%2Fcomments&post=78107"}],"version-history":[{"count":0,"href":"https:\/\/arantv.az\/index.php?rest_route=\/wp\/v2\/posts\/78107\/revisions"}],"wp:featuredmedia":[{"embeddable":true,"href":"https:\/\/arantv.az\/index.php?rest_route=\/wp\/v2\/media\/78108"}],"wp:attachment":[{"href":"https:\/\/arantv.az\/index.php?rest_route=%2Fwp%2Fv2%2Fmedia&parent=78107"}],"wp:term":[{"taxonomy":"category","embeddable":true,"href":"https:\/\/arantv.az\/index.php?rest_route=%2Fwp%2Fv2%2Fcategories&post=78107"},{"taxonomy":"post_tag","embeddable":true,"href":"https:\/\/arantv.az\/index.php?rest_route=%2Fwp%2Fv2%2Ftags&post=78107"}],"curies":[{"name":"wp","href":"https:\/\/api.w.org\/{rel}","templated":true}]}}