{"id":78132,"date":"2019-09-11T10:21:12","date_gmt":"2019-09-11T07:21:12","guid":{"rendered":"http:\/\/arantv.az\/?p=78132"},"modified":"2019-09-11T10:21:12","modified_gmt":"2019-09-11T07:21:12","slug":"ceyhun-bayramov-20-mind%c9%99n-cox-g%c9%99nc-mu%c9%99llim-is%c9%99-q%c9%99bul-olunub","status":"publish","type":"post","link":"https:\/\/arantv.az\/?p=78132","title":{"rendered":"Ceyhun Bayramov: 20 mind\u0259n \u00e7ox g\u0259nc m\u00fc\u0259llim i\u015f\u0259 q\u0259bul olunub"},"content":{"rendered":"<p>N\u00f6vb\u0259ti t\u0259dris ilind\u0259 icma \u0259sasl\u0131 m\u0259kt\u0259b\u0259q\u0259d\u0259r qruplar\u0131n say\u0131n\u0131n art\u0131r\u0131laraq 300-\u0259, u\u015faqlar\u0131n is\u0259 6000 n\u0259f\u0259r\u0259 \u00e7atd\u0131r\u0131lmas\u0131 n\u0259z\u0259rd\u0259 tutulur.<\/p>\n<p><strong>ARANTV.AZ<\/strong>-\u0131n m\u0259lumat\u0131na g\u00f6r\u0259, bunu T\u0259hsil naziri Ceyhun Bayramov t\u0259hsil i\u015f\u00e7il\u0259rinin respublika konfrans\u0131nda \u00e7\u0131x\u0131\u015f\u0131 zaman\u0131 deyib.<\/p>\n<p>Onun s\u00f6zl\u0259rin\u0259 g\u00f6r\u0259, son ill\u0259rd\u0259 \u00f6lk\u0259d\u0259 t\u0259hsil sah\u0259sind\u0259 m\u00fcsb\u0259t dinamika m\u00fc\u015fahid\u0259 olunub\u00a0v\u0259 bir s\u0131ra \u0259sasl\u0131 nailiyy\u0259tl\u0259r \u0259ld\u0259 edilib.<\/p>\n<div id=\"AdviadNativeVideo0\" class=\"AdviadNativeVideo\"><\/div>\n<p>Nazir m\u00fc\u0259llim n\u00fcfuzunun, m\u00fc\u0259lliml\u0259rin pe\u015f\u0259karl\u0131q s\u0259viyy\u0259sinin y\u00fcks\u0259ldilm\u0259si, istedadl\u0131 insanlar\u0131n m\u00fc\u0259llim pe\u015f\u0259sin\u0259 c\u0259lb edilm\u0259si istiqam\u0259tind\u0259 g\u00f6r\u00fcl\u0259n i\u015fl\u0259rd\u0259n d\u0259 dan\u0131\u015f\u0131b:<\/p>\n<p>\u201cBu il m\u00fcsabiq\u0259d\u0259 i\u015ftirak ed\u0259nl\u0259rin say\u0131 \u0259vv\u0259lki ill\u0259r\u0259 nisb\u0259t\u0259n bir q\u0259d\u0259r d\u0259 art\u0131b, m\u00fcraci\u0259t ed\u0259nl\u0259rin say\u0131 55 mini \u00f6t\u00fcb. \u00dcmumilikd\u0259, son be\u015f\u00a0ild\u0259 m\u0259kt\u0259bl\u0259rin m\u00fc\u0259llim t\u0259rkibi keyfiyy\u0259t bax\u0131m\u0131ndan yax\u015f\u0131la\u015f\u0131b, 20 mind\u0259n \u00e7ox g\u0259nc m\u00fc\u0259llim i\u015f\u0259 q\u0259bul olunub.<\/p>\n<p>Bu il 500-d\u0259n \u00e7ox bal toplayan abituriyentl\u0259rin 25 faizi (h\u0259r d\u00f6rd abituriyentd\u0259n biri) m\u00fc\u0259llimlik ixtisas\u0131n\u0131 se\u00e7ib ki, bu da m\u00fc\u0259llim pe\u015f\u0259sinin r\u0259qab\u0259tliliyi, t\u0259hsilin keyfiyy\u0259ti haqq\u0131nda m\u00fcsb\u0259t proqnozlar verm\u0259y\u0259 imkan verir\u201d.oxu.az<\/p>\n","protected":false},"excerpt":{"rendered":"<p>N\u00f6vb\u0259ti t\u0259dris ilind\u0259 icma \u0259sasl\u0131 m\u0259kt\u0259b\u0259q\u0259d\u0259r qruplar\u0131n say\u0131n\u0131n art\u0131r\u0131laraq 300-\u0259, u\u015faqlar\u0131n is\u0259 6000 n\u0259f\u0259r\u0259 \u00e7atd\u0131r\u0131lmas\u0131 n\u0259z\u0259rd\u0259 tutulur. ARANTV.AZ-\u0131n m\u0259lumat\u0131na g\u00f6r\u0259, bunu T\u0259hsil naziri Ceyhun Bayramov t\u0259hsil i\u015f\u00e7il\u0259rinin respublika konfrans\u0131nda \u00e7\u0131x\u0131\u015f\u0131 zaman\u0131 deyib. Onun s\u00f6zl\u0259rin\u0259 g\u00f6r\u0259, son ill\u0259rd\u0259 \u00f6lk\u0259d\u0259 t\u0259hsil sah\u0259sind\u0259 m\u00fcsb\u0259t dinamika m\u00fc\u015fahid\u0259 olunub\u00a0v\u0259 bir s\u0131ra \u0259sasl\u0131 nailiyy\u0259tl\u0259r \u0259ld\u0259 edilib. Nazir m\u00fc\u0259llim n\u00fcfuzunun, m\u00fc\u0259lliml\u0259rin pe\u015f\u0259karl\u0131q s\u0259viyy\u0259sinin y\u00fcks\u0259ldilm\u0259si, istedadl\u0131 insanlar\u0131n m\u00fc\u0259llim pe\u015f\u0259sin\u0259 c\u0259lb edilm\u0259si istiqam\u0259tind\u0259 g\u00f6r\u00fcl\u0259n i\u015fl\u0259rd\u0259n d\u0259 dan\u0131\u015f\u0131b: \u201cBu il m\u00fcsabiq\u0259d\u0259 i\u015ftirak ed\u0259nl\u0259rin say\u0131 \u0259vv\u0259lki ill\u0259r\u0259 nisb\u0259t\u0259n bir q\u0259d\u0259r d\u0259 art\u0131b, m\u00fcraci\u0259t ed\u0259nl\u0259rin say\u0131 55 mini \u00f6t\u00fcb. \u00dcmumilikd\u0259, son be\u015f\u00a0ild\u0259&hellip;<\/p>\n","protected":false},"author":2,"featured_media":78133,"comment_status":"closed","ping_status":"closed","sticky":false,"template":"","format":"standard","meta":{"om_disable_all_campaigns":false,"_monsterinsights_skip_tracking":false,"_monsterinsights_sitenote_active":false,"_monsterinsights_sitenote_note":"","_monsterinsights_sitenote_category":0},"categories":[23],"tags":[],"aioseo_notices":[],"gutentor_comment":0,"rttpg_featured_image_url":{"full":["https:\/\/arantv.az\/wp-content\/uploads\/2019\/09\/mhm.jpg",620,413,false],"landscape":["https:\/\/arantv.az\/wp-content\/uploads\/2019\/09\/mhm.jpg",620,413,false],"portraits":["https:\/\/arantv.az\/wp-content\/uploads\/2019\/09\/mhm.jpg",620,413,false],"thumbnail":["https:\/\/arantv.az\/wp-content\/uploads\/2019\/09\/mhm-150x150.jpg",150,150,true],"medium":["https:\/\/arantv.az\/wp-content\/uploads\/2019\/09\/mhm-300x200.jpg",300,200,true],"large":["https:\/\/arantv.az\/wp-content\/uploads\/2019\/09\/mhm.jpg",620,413,false],"1536x1536":["https:\/\/arantv.az\/wp-content\/uploads\/2019\/09\/mhm.jpg",620,413,false],"2048x2048":["https:\/\/arantv.az\/wp-content\/uploads\/2019\/09\/mhm.jpg",620,413,false],"post-thumbnail":["https:\/\/arantv.az\/wp-content\/uploads\/2019\/09\/mhm-240x172.jpg",240,172,true],"advps-thumb-one":["https:\/\/arantv.az\/wp-content\/uploads\/2019\/09\/mhm.jpg",620,413,false]},"rttpg_author":{"display_name":"V\u00fcsal Rafiqo\u011flu","author_link":"https:\/\/arantv.az\/?author=2"},"rttpg_comment":0,"rttpg_category":"<a href=\"https:\/\/arantv.az\/?cat=23\" rel=\"category\">T\u0259hsil<\/a>","rttpg_excerpt":"N\u00f6vb\u0259ti t\u0259dris ilind\u0259 icma \u0259sasl\u0131 m\u0259kt\u0259b\u0259q\u0259d\u0259r qruplar\u0131n say\u0131n\u0131n art\u0131r\u0131laraq 300-\u0259, u\u015faqlar\u0131n is\u0259 6000 n\u0259f\u0259r\u0259 \u00e7atd\u0131r\u0131lmas\u0131 n\u0259z\u0259rd\u0259 tutulur. ARANTV.AZ-\u0131n m\u0259lumat\u0131na g\u00f6r\u0259, bunu T\u0259hsil naziri Ceyhun Bayramov t\u0259hsil i\u015f\u00e7il\u0259rinin respublika konfrans\u0131nda \u00e7\u0131x\u0131\u015f\u0131 zaman\u0131 deyib. Onun s\u00f6zl\u0259rin\u0259 g\u00f6r\u0259, son ill\u0259rd\u0259 \u00f6lk\u0259d\u0259 t\u0259hsil sah\u0259sind\u0259 m\u00fcsb\u0259t dinamika m\u00fc\u015fahid\u0259 olunub\u00a0v\u0259 bir s\u0131ra \u0259sasl\u0131 nailiyy\u0259tl\u0259r \u0259ld\u0259 edilib. Nazir m\u00fc\u0259llim n\u00fcfuzunun, m\u00fc\u0259lliml\u0259rin pe\u015f\u0259karl\u0131q&hellip;","_links":{"self":[{"href":"https:\/\/arantv.az\/index.php?rest_route=\/wp\/v2\/posts\/78132"}],"collection":[{"href":"https:\/\/arantv.az\/index.php?rest_route=\/wp\/v2\/posts"}],"about":[{"href":"https:\/\/arantv.az\/index.php?rest_route=\/wp\/v2\/types\/post"}],"author":[{"embeddable":true,"href":"https:\/\/arantv.az\/index.php?rest_route=\/wp\/v2\/users\/2"}],"replies":[{"embeddable":true,"href":"https:\/\/arantv.az\/index.php?rest_route=%2Fwp%2Fv2%2Fcomments&post=78132"}],"version-history":[{"count":0,"href":"https:\/\/arantv.az\/index.php?rest_route=\/wp\/v2\/posts\/78132\/revisions"}],"wp:featuredmedia":[{"embeddable":true,"href":"https:\/\/arantv.az\/index.php?rest_route=\/wp\/v2\/media\/78133"}],"wp:attachment":[{"href":"https:\/\/arantv.az\/index.php?rest_route=%2Fwp%2Fv2%2Fmedia&parent=78132"}],"wp:term":[{"taxonomy":"category","embeddable":true,"href":"https:\/\/arantv.az\/index.php?rest_route=%2Fwp%2Fv2%2Fcategories&post=78132"},{"taxonomy":"post_tag","embeddable":true,"href":"https:\/\/arantv.az\/index.php?rest_route=%2Fwp%2Fv2%2Ftags&post=78132"}],"curies":[{"name":"wp","href":"https:\/\/api.w.org\/{rel}","templated":true}]}}