{"id":781335,"date":"2025-01-16T10:20:23","date_gmt":"2025-01-16T06:20:23","guid":{"rendered":"https:\/\/arantv.az\/?p=781335"},"modified":"2025-01-16T10:20:23","modified_gmt":"2025-01-16T06:20:23","slug":"t%c9%99hluk%c9%99sizliyimiz-d%c9%99-birdir-maraqlarimiz-da-birdir-g%c9%99l%c9%99c%c9%99yimiz-d%c9%99-birdir","status":"publish","type":"post","link":"https:\/\/arantv.az\/?p=781335","title":{"rendered":"T\u0259hl\u00fck\u0259sizliyimiz d\u0259 birdir, maraqlar\u0131m\u0131z da birdir, g\u0259l\u0259c\u0259yimiz d\u0259 birdir"},"content":{"rendered":"<p><em><strong>D\u00f6vl\u0259t ba\u015f\u00e7\u0131s\u0131 \u0130lham \u018fliyev yerli televiziya kanallar\u0131na m\u00fcsahib\u0259sind\u0259 Az\u0259rbaycan-T\u00fcrkiy\u0259 birliyind\u0259n b\u0259hs ed\u0259r\u0259k onu da bildirdi ki, \u00f6lk\u0259mizin D-8 t\u0259\u015fkilat\u0131na \u00fczvl\u00fcy\u00fcn\u00fc d\u0259st\u0259kl\u0259y\u0259n v\u0259 birinci t\u0259brik ed\u0259n qarda\u015f \u00f6lk\u0259 oldu<\/strong><\/em><\/p>\n<p>D\u00f6vl\u0259t ba\u015f\u00e7\u0131s\u0131 \u0130lham \u018fliyev b\u00f6y\u00fck q\u00fcrur hissi il\u0259 qeyd edir ki, T\u00fcrkiy\u0259 v\u0259 Az\u0259rbaycan h\u0259r zaman bir yerd\u0259dir. T\u00fcrkiy\u0259 v\u0259 Az\u0259rbaycan dost, qarda\u015f \u00f6lk\u0259l\u0259rdir.<\/p>\n<p>\u0130ki dost, qarda\u015f, m\u00fctt\u0259fiq \u00f6lk\u0259nin birliyini, h\u0259mr\u0259yliyini, h\u0259r zaman bir-birinin yan\u0131nda oldu\u011funu t\u0259sdiql\u0259y\u0259n says\u0131z-hesabs\u0131z faktlar sadalaya bil\u0259rik. S\u0131x tell\u0259rl\u0259 bir-biri il\u0259 ba\u011fl\u0131 olan Az\u0259rbaycan v\u0259 T\u00fcrkiy\u0259nin dostlu\u011fu, qarda\u015fl\u0131\u011f\u0131 d\u00fcnyaya n\u00fcmun\u0259dir. \u00c7\u00fcnki bu qarda\u015fl\u0131q s\u00f6zd\u0259 deyil, \u0259m\u0259ld\u0259 \u00f6z t\u0259sdiqini tap\u0131r. Bunun \u00fc\u00e7\u00fcn t\u0259kc\u0259 tarixi Z\u0259f\u0259rimizd\u0259n sonrak\u0131 d\u00f6vr\u0259 n\u0259z\u0259r salmaq kifay\u0259tdir. 44 g\u00fcnl\u00fck \u0130kinci Qaraba\u011f m\u00fcharib\u0259si Az\u0259rbaycan-T\u00fcrkiy\u0259 birliyinin n\u00fcmayi\u015fi oldu. Dill\u0259r \u0259zb\u0259rin\u0259 \u00e7evril\u0259n olan v\u0259 h\u0259r birimizin q\u00fcrurla qeyd etdiyimiz \u201cAz\u0259rbaycan t\u0259k deyil, T\u00fcrkiy\u0259 yan\u0131ndad\u0131r\u201d \u00e7a\u011f\u0131r\u0131\u015f\u0131 qarda\u015f \u00f6lk\u0259nin Prezidenti R\u0259c\u0259b Tayyib \u018frdo\u011fan\u0131n V\u0259t\u0259n m\u00fcharib\u0259sinin ba\u015fland\u0131\u011f\u0131 ilk g\u00fcnd\u0259n d\u00fcnyaya \u00fcnvanlad\u0131\u011f\u0131 mesaj oldu.<\/p>\n<p>2021-ci il 15 iyun tarixind\u0259 Az\u0259rbaycan\u0131n d\u00f6y\u00fcn\u0259n \u00fcr\u0259yi, Qaraba\u011f\u0131n tac\u0131 \u015eu\u015fa iki dost, qarda\u015f \u00f6lk\u0259nin dostlu\u011funun, qarda\u015fl\u0131\u011f\u0131n\u0131n, m\u00fctt\u0259fiqliyinin r\u0259smil\u0259\u015fdirilmsin\u0259 \u015fahidlik etdi. Bel\u0259 ki, \u015eu\u015fa B\u0259yannam\u0259si Az\u0259rbaycan-T\u00fcrkiy\u0259 qarda\u015fl\u0131\u011f\u0131n\u0131n bundan sonrak\u0131 m\u0259rh\u0259l\u0259d\u0259 inki\u015faf\u0131n\u0131n yol x\u0259rit\u0259sidir. B\u00f6y\u00fck \u00f6nd\u0259rl\u0259r- Mustafa Kamal Atat\u00fcrk\u00fcn \u201cAz\u0259rbacan\u0131n sevinci bizim sevincimiz, k\u0259d\u0259ri bizim k\u0259d\u0259rimizdir\u201d, Heyd\u0259r \u018fliyevin \u201cBiz bir mill\u0259t, iki d\u00f6vl\u0259tik\u201d tezisl\u0259ri b\u00fct\u00fcn d\u00f6vrl\u0259r \u00fc\u00e7\u00fcn \u00f6z aktuall\u0131\u011f\u0131n\u0131 qoruyur, Az\u0259rbaycan-T\u00fcrkiy\u0259 qarda\u015fl\u0131\u011f\u0131na b\u0259l\u0259d\u00e7ilik edir.<\/p>\n<p>Bu m\u00fch\u00fcm m\u0259qam\u0131 da x\u00fcsusi qeyd ed\u0259k ki, 2020-ci ild\u0259 V\u0259t\u0259n m\u00fcharib\u0259sind\u0259 Qaraba\u011f\u0131 v\u0259 \u015e\u0259rqi Z\u0259ng\u0259zuru erm\u0259ni i\u015f\u011fal\u0131ndan azad ed\u0259n Az\u0259rbaycan bununla t\u00fcrk d\u00fcnyas\u0131 \u00f6lk\u0259l\u0259ri aras\u0131nda co\u011frafi ba\u011flant\u0131n\u0131 da t\u0259min etm\u0259k \u00fc\u00e7\u00fcn g\u00f6z\u0259l imkan yaratd\u0131. Bel\u0259 ki, 2020-ci il 10 noyabr tarixli \u00fc\u00e7t\u0259r\u0259fli B\u0259yanatda Z\u0259ng\u0259zur d\u0259hlizinin a\u00e7\u0131lmas\u0131 il\u0259 ba\u011fl\u0131 b\u0259ndin yer almas\u0131 v\u0259 bu m\u00fcdd\u0259an\u0131n yerin\u0259 yetirilm\u0259si t\u00fcrk d\u00f6vl\u0259tl\u0259rini co\u011frafi bax\u0131mdan da bir-birin\u0259 ba\u011flayacaq.<\/p>\n<p>D\u00f6vl\u0259t ba\u015f\u00e7\u0131s\u0131 \u0130lham \u018fliyevin r\u0259hb\u0259rliyi il\u0259 Az\u0259rbaycan \u015e\u0259rql\u0259 Q\u0259rb aras\u0131nda m\u00fch\u00fcm qov\u015fa\u011fa \u00e7evrilib. \u00d6lk\u0259mizin inki\u015faf etdirdiyi n\u0259qliyyat-logistika \u015f\u0259b\u0259k\u0259si, Avropa il\u0259 Asiya aras\u0131nda da\u015f\u0131malar \u00fc\u00e7\u00fcn olduqca vacib \u0259h\u0259miyy\u0259t da\u015f\u0131y\u0131r. Bel\u0259 ki, M\u0259rk\u0259zi Asiyadan v\u0259 \u00c7ind\u0259n Avropaya da\u015f\u0131nan y\u00fckl\u0259r art\u0131q daha q\u0131sa vaxta v\u0259 daha az x\u0259rcl\u0259 Avropaya \u00e7atd\u0131r\u0131l\u0131r. Bu, h\u0259m\u00e7inin M\u0259rk\u0259zi Asiya \u00f6lk\u0259l\u0259rinin, o c\u00fcml\u0259d\u0259n t\u00fcrk d\u00f6vl\u0259tl\u0259rinin inki\u015faf\u0131na da m\u00fcsb\u0259t t\u0259sirini g\u00f6st\u0259rir. Son ill\u0259r Az\u0259rbaycan Prezidentinin M\u0259rk\u0259zi Asiya \u00f6lk\u0259l\u0259rin\u0259 ard\u0131c\u0131l s\u0259f\u0259rl\u0259ri, h\u0259m\u00e7inin bu regiondak\u0131 \u00f6lk\u0259l\u0259rin d\u00f6vl\u0259t ba\u015f\u00e7\u0131lar\u0131n\u0131n Az\u0259rbaycana s\u0259f\u0259rl\u0259ri d\u0259rinl\u0259\u015f\u0259n \u0259laq\u0259l\u0259rin m\u00fch\u00fcm komponentini t\u0259\u015fkil edir. Bu s\u0259f\u0259rl\u0259r zaman\u0131 imzalanan s\u0259n\u0259dl\u0259r \u00f6lk\u0259l\u0259r aras\u0131nda \u0259m\u0259kda\u015fl\u0131\u011f\u0131n geni\u015fl\u0259ndirilm\u0259si \u00fc\u00e7\u00fcn m\u00f6hk\u0259m t\u0259m\u0259l rolunu oynay\u0131r. Prezident \u0130lham \u018fliyev T\u00fcrk D\u00f6vl\u0259tl\u0259ri T\u0259\u015fkilat\u0131na \u00fczv \u00f6lk\u0259l\u0259rl\u0259 \u0259laq\u0259l\u0259rin b\u00fct\u00fcn sah\u0259l\u0259rd\u0259 m\u00f6hk\u0259ml\u0259ndirilm\u0259sinin Az\u0259rbaycan\u0131n xarici siyas\u0259tinin prioritetl\u0259rind\u0259n biri oldu\u011funu b\u0259yan edir.<\/p>\n<p>\u018fvv\u0259ld\u0259 d\u0259 qeyd etdiyimiz kimi, Az\u0259rbaycan-T\u00fcrkiy\u0259 dostlu\u011fu, qarda\u015fl\u0131\u011f\u0131 n\u0259inki t\u00fcrk d\u00fcnyas\u0131, \u00fcmumilikd\u0259 d\u00fcnya \u00fc\u00e7\u00fcn n\u00fcmun\u0259dir. \u0130ki \u00f6lk\u0259nin qarda\u015fl\u0131q n\u00fcmun\u0259sini \u0130kinci Qaraba\u011f m\u00fcharib\u0259sind\u0259, azad olunmu\u015f torpaqlar\u0131m\u0131zda apar\u0131lan b\u0259rpa v\u0259 yenid\u0259nqurma i\u015fl\u0259rind\u0259 T\u00fcrkiy\u0259nin \u00f6lk\u0259miz\u0259 d\u0259st\u0259yind\u0259, eyni zamanda, Az\u0259rbaycan\u0131n qarda\u015f \u00f6lk\u0259d\u0259 ba\u015f vermi\u015f me\u015f\u0259 yan\u011f\u0131nlar\u0131n\u0131n s\u00f6nd\u00fcr\u00fclm\u0259si v\u0259 2023-c\u00fc ild\u0259 ba\u015f ver\u0259n z\u0259lz\u0259l\u0259nin n\u0259tic\u0259l\u0259rinin aradan qald\u0131r\u0131lmas\u0131 i\u015fl\u0259rind\u0259 g\u00f6st\u0259ril\u0259n qarda\u015f k\u00f6m\u0259yind\u0259 g\u00f6rd\u00fck. Prezidentl\u0259r \u0130lham \u018fliyevin v\u0259 R\u0259c\u0259b Tayyib \u018frdo\u011fan\u0131n liderlikl\u0259ri il\u0259 \u00f6lk\u0259l\u0259rimiz aras\u0131nda formala\u015fan s\u0131x m\u00fcnasib\u0259tl\u0259r dig\u0259r t\u00fcrk d\u00f6vl\u0259tl\u0259ri aras\u0131ndak\u0131 \u0259laq\u0259l\u0259r\u0259 d\u0259 siray\u0259t etm\u0259kd\u0259dir.<\/p>\n<p>T\u00fcrk D\u00f6vl\u0259tl\u0259ri T\u0259\u015fkilat\u0131n\u0131n apar\u0131c\u0131 \u00f6lk\u0259si olan qarda\u015f T\u00fcrkiy\u0259 t\u0259lat\u00fcml\u0259rl\u0259 dolu m\u00fcasir d\u00fcnyaya Prezident R\u0259c\u0259b Tayyib \u018frdo\u011fan\u0131n r\u0259hb\u0259rliyi il\u0259 superg\u00fcc d\u00f6vl\u0259tl\u0259rd\u0259n birin\u0259 \u00e7evrilib, \u00f6lk\u0259d\u0259 sabitlik, inki\u015faf v\u0259 rifah t\u0259min edilib. T\u00fcrkiy\u0259 Silahl\u0131 Q\u00fcvv\u0259l\u0259ri bu g\u00fcn d\u00fcnyan\u0131n \u0259n g\u00fccl\u00fc ordular\u0131ndan biridir. Az\u0259rbaycan Prezidenti \u0130lham \u018fliyev qarda\u015f \u00f6lk\u0259 il\u0259 ba\u011fl\u0131 reall\u0131qlar\u0131 bu s\u00f6zl\u0259rl\u0259 ifad\u0259 edib: \u201cBu g\u00fcn d\u00fcnyan\u0131n bir \u00e7ox \u00f6lk\u0259l\u0259rind\u0259 b\u00f6hran ya\u015fan\u0131r, \u00f6lk\u0259l\u0259r idar\u0259olunmaz v\u0259ziyy\u0259t\u0259 d\u00fc\u015f\u00fcr, iqtisadi \u00e7\u0259tinlikl\u0259r, s\u0131x\u0131nt\u0131lar insanlar\u0131n haql\u0131 etiraz\u0131na s\u0259b\u0259b olur. T\u00fcrkiy\u0259 is\u0259 inamla ir\u0259lil\u0259yir, n\u0259h\u0259ng layih\u0259l\u0259r ger\u00e7\u0259kl\u0259\u015fdirir, b\u00f6lg\u0259d\u0259 s\u00f6z sahibidir, d\u00fcnyada \u00f6n\u0259mli g\u00fcc m\u0259rk\u0259zidir v\u0259 h\u0259r k\u0259s bununla hesabla\u015fmal\u0131d\u0131r. H\u0259r k\u0259s bilm\u0259lidir ki, bu u\u011furlar\u0131n s\u0259b\u0259bkar\u0131 m\u0259nim qarda\u015f\u0131m R\u0259c\u0259b Tayyib \u018frdo\u011fand\u0131r. Az\u0259rbaycanda Tayyib b\u0259y\u0259 \u00e7ox b\u00f6y\u00fck h\u00f6rm\u0259t, m\u0259h\u0259bb\u0259t vard\u0131r v\u0259 bunu Az\u0259rbaycana g\u0259l\u0259n h\u0259r bir insan g\u00f6r\u00fcr\u201d.<\/p>\n<p>B\u0259li, bu g\u00fcn \u0259minlikl\u0259 s\u00f6yl\u0259m\u0259k olar ki, Az\u0259rbaycan v\u0259 T\u00fcrkiy\u0259nin s\u0131x m\u00fcnasib\u0259tl\u0259ri d\u00fcnya \u00f6lk\u0259l\u0259ri \u00fc\u00e7\u00fcn n\u00fcmun\u0259dir. X\u00fcsusil\u0259 t\u00fcrk d\u00fcnyas\u0131 d\u00f6vl\u0259tl\u0259rinin birliyinin m\u00f6hk\u0259ml\u0259nm\u0259sin\u0259 xidm\u0259t edir. Bir s\u00f6zl\u0259, Az\u0259rbaycan bu prosesd\u0259 T\u00fcrkiy\u0259 il\u0259 birg\u0259 liderliyi \u0259l\u0259 al\u0131b v\u0259 onu u\u011furla davam etdirir. D\u00f6vl\u0259t ba\u015f\u00e7\u0131s\u0131 \u0130lham \u018fliyevin \u00e7\u0131x\u0131\u015flar\u0131nda bu m\u00fch\u00fcm m\u0259qam daim vur\u011fulan\u0131r ki, bu g\u00fcn regional i\u015fl\u0259rd\u0259, h\u0259tta d\u00fcnya \u00e7ap\u0131nda T\u00fcrkiy\u0259 v\u0259 Az\u0259rbaycan \u0259m\u0259kda\u015fl\u0131\u011f\u0131, qarda\u015fl\u0131\u011f\u0131 \u00f6n\u0259mli amil\u0259 \u00e7evrilib. T\u00fcrkiy\u0259 \u0259ziz qarda\u015f\u0131m\u0131n liderliyi il\u0259 art\u0131q d\u00fcnya \u00e7ap\u0131nda b\u00f6y\u00fck g\u00fcc\u0259 \u00e7evrilib v\u0259 he\u00e7 kim T\u00fcrkiy\u0259y\u0259 \u00f6z irad\u0259sini dikt\u0259 ed\u0259 bilm\u0259z. B\u00fct\u00fcn t\u00fcrk d\u00fcnyas\u0131 \u00fc\u00e7\u00fcn R\u0259c\u0259b Tayyib \u018frdo\u011fan amili \u0259n \u00f6n\u0259mli amill\u0259rd\u0259n biridir.<\/p>\n<p>Az\u0259rbaycan v\u0259 T\u00fcrkiy\u0259 daim biri-birinin yan\u0131ndad\u0131r. Az\u0259rbaycan xalq\u0131 q\u0259dim d\u00f6vrl\u0259rd\u0259n insanp\u0259rv\u0259rliyi v\u0259 humanistliyi il\u0259 se\u00e7ilib. Qon\u015fuya v\u0259 dosta yard\u0131m g\u00f6st\u0259rm\u0259k ad\u0259ti biz\u0259 babalar\u0131m\u0131zdan miras qal\u0131b v\u0259 xalq\u0131m\u0131z\u0131n m\u0259n\u0259vi d\u0259y\u0259rl\u0259r\u0259 sadiqliyini g\u00f6st\u0259rir. 2023-c\u00fc ilin fevral\u0131nda qarda\u015f T\u00fcrkiy\u0259d\u0259 ba\u015f ver\u0259n g\u00fccl\u00fc z\u0259lz\u0259l\u0259 n\u0259tic\u0259sind\u0259 40 mind\u0259n \u00e7ox insan\u0131n h\u0259lak olmas\u0131, geni\u015fmiqyasl\u0131 da\u011f\u0131nt\u0131lara yol a\u00e7mas\u0131 Az\u0259rbaycanda da d\u0259rin \u00fcr\u0259k a\u011fr\u0131s\u0131 il\u0259 qar\u015f\u0131land\u0131. Az\u0259rbaycan d\u00f6vl\u0259ti il\u0259 yana\u015f\u0131, aidiyy\u0259ti qurumlar\u0131n, el\u0259c\u0259 d\u0259 ictimai t\u0259\u015fkilatlar\u0131n v\u0259 \u00f6lk\u0259 \u0259halisinin yard\u0131m kampaniyalar\u0131na f\u0259al \u015f\u0259kild\u0259 qo\u015fulmas\u0131 b\u00fct\u00f6vl\u00fckd\u0259 Az\u0259rbaycan\u0131n T\u00fcrkiy\u0259 il\u0259 ba\u011fl\u0131 h\u0259ssasl\u0131\u011f\u0131n\u0131, xalq\u0131m\u0131z\u0131n qarda\u015fl\u0131q ba\u011flar\u0131n\u0131n n\u0259 q\u0259d\u0259r g\u00fccl\u00fc oldu\u011funu g\u00f6st\u0259rdi. Az\u0259rbaycan\u0131n Birinci vitse-prezidenti Mehriban xan\u0131m \u018fliyeva T\u00fcrkiy\u0259d\u0259ki z\u0259lz\u0259l\u0259d\u0259n z\u0259r\u0259r \u00e7\u0259k\u0259nl\u0259r\u0259 humanitar yard\u0131mla ba\u011fl\u0131 payla\u015f\u0131m\u0131nda bildirmi\u015fdir ki, h\u0259r zaman birlik v\u0259 h\u0259mr\u0259ylik n\u00fcmayi\u015f etdir\u0259r\u0259k bir-birin\u0259 k\u00f6m\u0259k etm\u0259y\u0259 haz\u0131r olmaq, \u0259l-\u0259l\u0259 ver\u0259r\u0259k \u00e7\u0259tinlikl\u0259rd\u0259n v\u0259 s\u0131naqlardan birlikd\u0259 \u00fcz\u00fca\u011f \u00e7\u0131xmaq Az\u0259rbaycan xalq\u0131n\u0131n \u0259n g\u00f6z\u0259l x\u00fcsusiyy\u0259tl\u0259rind\u0259n biridir. Qarda\u015f T\u00fcrkiy\u0259d\u0259 ba\u015f vermi\u015f d\u0259h\u015f\u0259tli z\u0259lz\u0259l\u0259nin ilk saatlar\u0131ndan T\u00fcrkiy\u0259 xalq\u0131na g\u00f6st\u0259rdiyiniz d\u0259st\u0259k xalqlar\u0131m\u0131z aras\u0131nda qarda\u015fl\u0131q, dostluq m\u00fcnasib\u0259tl\u0259rinin, qar\u015f\u0131l\u0131ql\u0131 sevginin sars\u0131lmazl\u0131\u011f\u0131n\u0131n, m\u00f6hk\u0259mliyinin, \u0259b\u0259diliyinin n\u00f6vb\u0259ti \u0259yani s\u00fcbutudur.<\/p>\n<p>D\u00f6vl\u0259t ba\u015f\u00e7\u0131s\u0131 \u0130lham \u018fliyev daim bildirir ki, d\u00fcnyada Az\u0259rbaycan v\u0259 T\u00fcrkiy\u0259 q\u0259d\u0259r biri-birin\u0259 yax\u0131n \u00f6lk\u0259l\u0259r yoxdur. Az\u0259rbaycan-T\u00fcrkiy\u0259 dostlu\u011fu, qarda\u015fl\u0131\u011f\u0131 sars\u0131lmazd\u0131r. Bundan sonra da T\u00fcrkiy\u0259 v\u0259 Az\u0259rbaycan iki qarda\u015f \u00f6lk\u0259 kimi bir yerd\u0259 ir\u0259li ged\u0259c\u0259k, xalqlar\u0131m\u0131z bir-birin\u0259 daha da yax\u0131n olacaq, d\u00f6vl\u0259tl\u0259rimiz bundan sonra da u\u011furlu \u0259m\u0259kda\u015fl\u0131q ed\u0259c\u0259k. T\u00fcrkiy\u0259 il\u0259 Az\u0259rbaycan\u0131n birg\u0259 g\u00fcc\u00fc daha da t\u0259sirli olacaq.<\/p>\n<p>V\u0259t\u0259n m\u00fcharib\u0259sind\u0259 tarixi Z\u0259f\u0259rimizin t\u0259qdimat\u0131nda \u0259h\u0259miyy\u0259tli rol oynayan Z\u0259f\u0259r parad\u0131ndan ba\u015flayaraq bug\u00fcn\u0259d\u0259k hadis\u0259l\u0259rin xronologiyas\u0131na diqq\u0259t yetirdikd\u0259 Az\u0259rbaycan-T\u00fcrkiy\u0259 qarda\u015fl\u0131\u011f\u0131n\u0131n sars\u0131lmazl\u0131\u011f\u0131ndan b\u00f6y\u00fck q\u00fcrur hissi ke\u00e7iririk. T\u00fcrkiy\u0259 Prezidenti R\u0259c\u0259b Tayyib \u018frdo\u011fan paradda i\u015ftirak etm\u0259k \u00fc\u00e7\u00fcn \u00f6lk\u0259mizd\u0259 s\u0259f\u0259rd\u0259 oldu v\u0259 bir s\u0131ra s\u0259n\u0259dl\u0259r imzaland\u0131. Onun s\u0259f\u0259rl\u0259 ba\u011fl\u0131 m\u0259tbuata b\u0259yanat\u0131nda s\u0259sl\u0259ndirdiyi \u00abAt\u0131lacaq daha \u00e7ox imzalar var\u00bb \u00e7a\u011f\u0131r\u0131\u015f\u0131 bug\u00fcnk\u00fc reall\u0131qlar\u0131m\u0131zda \u00f6z\u00fcn\u00fcn ayd\u0131n ifad\u0259sini tap\u0131b. \u015eu\u015fa B\u0259yannam\u0259si Az\u0259rbaycan-T\u00fcrkiy\u0259 \u0259laq\u0259l\u0259rinin zirv\u0259si oldu. Bu B\u0259yannam\u0259 d\u00fcnyaya bir s\u0131ra mesajlar\u0131 \u00fcnvanlad\u0131.<\/p>\n<p>Reall\u0131q budur ki, Az\u0259rbaycan v\u0259 T\u00fcrkiy\u0259 d\u00f6vl\u0259tl\u0259rinin birg\u0259 s\u0259yl\u0259ri, siyasi irad\u0259si v\u0259 q\u0259tiyy\u0259ti say\u0259sind\u0259 realla\u015fan enerji layih\u0259l\u0259ri b\u00f6lg\u0259y\u0259 s\u00fclh, sabitlik g\u0259tir\u0259r\u0259k d\u00f6vl\u0259tl\u0259r, xalqlar aras\u0131nda k\u00f6rp\u00fc rolunu oynay\u0131r. \u018fvv\u0259ll\u0259r regional \u00e7\u0259r\u00e7iv\u0259d\u0259 ba\u015flanan \u0259m\u0259kda\u015fl\u0131q sonrak\u0131 ill\u0259rd\u0259 co\u011frafiyas\u0131n\u0131 geni\u015fl\u0259ndir\u0259r\u0259k \u00e7oxt\u0259r\u0259fli formata \u00e7evrilib. Bak\u0131-Tbilisi-Ceyhan, Bak\u0131-Tbilisi-\u018frzurum neft-qaz k\u0259m\u0259rl\u0259rinin, iqtisadi \u0259h\u0259miyy\u0259tin\u0259 g\u00f6r\u0259 onlardan geri qalmayan Bak\u0131-Tbilisi-Qars d\u0259mir yolu layih\u0259sinin reall\u0131\u011fa \u00e7evrilm\u0259si il\u0259 Az\u0259rbaycan regional inki\u015faf\u0131n apar\u0131c\u0131 q\u00fcvv\u0259sin\u0259, d\u00fcnyan\u0131n enerji t\u0259hl\u00fck\u0259sizliyinin t\u0259minat\u00e7\u0131s\u0131na \u00e7evrildi. Az\u0259rbaycan t\u0259\u015f\u0259bb\u00fcs\u00e7\u00fcs\u00fc v\u0259 i\u015ftirak\u00e7\u0131s\u0131 oldu\u011fu enerji layih\u0259l\u0259rinin u\u011furlu icras\u0131 il\u0259 d\u00fcnyan\u0131n enerji x\u0259rit\u0259sini yenid\u0259n t\u0259rtib etdi. BTC v\u0259 BT\u018f neft-qaz layih\u0259l\u0259rinin ard\u0131nca iqtisadi \u0259h\u0259miyy\u0259tin\u0259 g\u00f6r\u0259 enerji layih\u0259l\u0259rind\u0259n geri qalmayan BTQ d\u0259mir yolunun istifad\u0259y\u0259 verilm\u0259si, eyni zamanda, \u0259m\u0259kda\u015fl\u0131\u011f\u0131n regional \u00e7\u0259r\u00e7iv\u0259d\u0259n \u00e7\u0131xaraq co\u011frafiyas\u0131n\u0131 geni\u015fl\u0259ndirm\u0259si fonunda C\u0259nub Qaz D\u0259hlizinin icras\u0131n\u0131n tam \u015f\u0259kild\u0259 ba\u015fa \u00e7atd\u0131r\u0131lmas\u0131 kimi biri-birind\u0259n \u00f6n\u0259mli hadis\u0259l\u0259r Qafqazdan Avropayad\u0259k uzanan k\u00f6lg\u0259nin t\u0259qdimatlar\u0131d\u0131r.<\/p>\n<p>\u0130ki qarda\u015f \u00f6lk\u0259 aras\u0131nda \u0259laq\u0259l\u0259r h\u0259rbi sah\u0259d\u0259 d\u0259 y\u00fcks\u0259k s\u0259viyy\u0259d\u0259dir. Az\u0259rbaycan v\u0259 T\u00fcrkiy\u0259 ordular\u0131n\u0131n \u0259n\u0259n\u0259vi olaraq ke\u00e7iril\u0259n h\u0259rbi t\u0259liml\u0259ri bu \u0259laq\u0259l\u0259r\u0259 i\u015f\u0131q sal\u0131r. Az\u0259rbaycan tarixi Z\u0259f\u0259ri il\u0259 2020-ci ilin he\u00e7 zaman unudulmayacaq tarixini yazd\u0131. 10 noyabr b\u00f6y\u00fck \u00f6nd\u0259r Mustafa Kamal Atat\u00fcrk\u00fcn an\u0131m g\u00fcn\u00fc oldu\u011fu \u00fc\u00e7\u00fcn d\u00f6vl\u0259timizin ba\u015f\u00e7\u0131s\u0131 \u0130lham \u018fliyevin S\u0259r\u0259ncam\u0131 il\u0259 8 noyabr- \u015eu\u015fan\u0131n i\u015f\u011faldan azad olundu\u011fu g\u00fcn Z\u0259f\u0259r G\u00fcn\u00fc kimi t\u0259sis olundu. Bu, m\u00fch\u00fcm add\u0131m da Az\u0259rbaycan-T\u00fcrkiy\u0259 birliyinin t\u0259qdimat\u0131 oldu. T\u00fcrkiy\u0259 Prezidenti R\u0259c\u0259b Tayyib \u018frdo\u011fan qeyd etmi\u015fdir ki, Az\u0259rbaycan\u0131n h\u0259m h\u0259rbi, h\u0259m d\u0259 diplomatiya sah\u0259sind\u0259 \u0259ld\u0259 etdiyi bu u\u011furda \u0259n b\u00f6y\u00fck paylardan biri \u015f\u00fcbh\u0259siz ki, c\u0259nab Prezident \u0130lham \u018fliyev\u0259 aiddir: \u201cQarda\u015f\u0131m \u0130lham \u018fliyev bununla m\u0259rhum Heyd\u0259r \u018fliyevin ona v\u0259siyy\u0259t olaraq etdiyi arzusunu da yerin\u0259 yetirib. F\u00fcrs\u0259td\u0259n istifad\u0259 ed\u0259r\u0259k g\u00fccl\u00fc Az\u0259rbaycan\u0131n \u0259sas\u0131n\u0131 qoyan \u00dcmummilli Lider Heyd\u0259r \u018fliyevi d\u0259 burada r\u0259hm\u0259tl\u0259 yad edir\u0259m. Az\u0259rbaycan qarda\u015f\u0131m \u0130lham \u018fliyevin q\u0259tiyy\u0259tli r\u0259hb\u0259rliyi alt\u0131nda, in\u015fallah, dastan yazmaqda davam ed\u0259c\u0259k.\u201d Tarix\u0259 yaz\u0131lan \u0259n \u00f6n\u0259mli hadis\u0259l\u0259rd\u0259n biri d\u0259 Qaraba\u011f\u0131n v\u0259 \u015e\u0259rqi Z\u0259ng\u0259zurun hava qap\u0131lar\u0131n\u0131n iki qarda\u015f \u00f6lk\u0259nin prezidentl\u0259rinin i\u015ftirak\u0131 il\u0259 d\u00fcnyaya a\u00e7\u0131lmas\u0131 oldu.<\/p>\n<p>Bu g\u00fcn informasiya m\u00fcharib\u0259si d\u00f6vr\u00fc oldu\u011funu n\u0259z\u0259r\u0259 alsaq, h\u0259qiq\u0259tl\u0259rimizin t\u0259bli\u011find\u0259 diaspor t\u0259\u015fkilatlar\u0131 il\u0259 yana\u015f\u0131, m\u0259tbuat\u0131n da \u00fcz\u0259rin\u0259 d\u00fc\u015f\u0259n m\u0259suliyy\u0259t \u00f6z\u00fcn\u00fc qabar\u0131q \u015f\u0259kild\u0259 b\u00fcruz\u0259 verdi. 44 g\u00fcnl\u00fck m\u00fcharib\u0259 d\u00f6vr\u00fcnd\u0259 \u00f6lk\u0259 m\u0259tbuat\u0131 h\u0259qiq\u0259tl\u0259rin t\u0259bli\u011find\u0259 n\u0259 q\u0259d\u0259r f\u0259dakarl\u0131q g\u00f6st\u0259rdis\u0259, T\u00fcrkiy\u0259 m\u0259tbuat\u0131 da eyni qayda \u00fczr\u0259 h\u0259r\u0259k\u0259t etdi. M\u0259tbuat s\u0259hif\u0259l\u0259rind\u0259 yer alan q\u0259l\u0259b\u0259 x\u0259b\u0259rl\u0259ri televiziya kanallar\u0131 vasit\u0259sil\u0259 d\u0259 d\u00fcnya ictimaiyy\u0259tin\u0259 \u00e7atd\u0131r\u0131ld\u0131. T\u00fcrkiy\u0259 medias\u0131n\u0131 izl\u0259dikc\u0259 birliyimizd\u0259n, h\u0259mr\u0259yliyimizd\u0259n daha da q\u00fcrurlan\u0131rd\u0131q. Eyni ab-hava Z\u0259f\u0259r parad\u0131nda, \u015eu\u015fa B\u0259yannam\u0259sinin imzalanmas\u0131nda da \u00f6z\u00fcn\u00fc qabar\u0131q \u015f\u0259kild\u0259 b\u00fcruz\u0259 verirdi. Qaraba\u011f\u0131m\u0131zda Az\u0259rbaycan v\u0259 T\u00fcrkiy\u0259 bayraqlar\u0131 birg\u0259 dal\u011faland\u0131 v\u0259 d\u00fcnya bu birliyin bir daha \u015fahidi oldu. \u0130ki \u00f6lk\u0259 aras\u0131nda b\u00fct\u00fcn sah\u0259l\u0259rd\u0259 \u0259m\u0259kda\u015fl\u0131q media istiqam\u0259tind\u0259 d\u0259 bir z\u0259rur\u0259t\u0259 \u00e7evrildi. T\u00fcrkiy\u0259 Prezidenti R\u0259c\u0259b Tayyib \u018frdo\u011fan\u0131n 2020-ci ilin dekabr\u0131nda Az\u0259rbaycana s\u0259f\u0259ri zaman\u0131 imzalanan s\u0259n\u0259dl\u0259r aras\u0131nda Az\u0259rbaycan Respublikas\u0131 il\u0259 T\u00fcrkiy\u0259 Respublikas\u0131 aras\u0131nda media sah\u0259sind\u0259 strateji \u0259m\u0259kda\u015fl\u0131q haqq\u0131nda Anla\u015fma Memorandumu x\u00fcsusi diqq\u0259t \u00e7\u0259kdi. Az\u0259rbaycana v\u0259 T\u00fcrkiy\u0259y\u0259 qar\u015f\u0131 \u0259sass\u0131z iddialar\u0131n geni\u015f v\u00fcs\u0259t ald\u0131\u011f\u0131 indiki zamanda Ortaq Media Platformas\u0131n\u0131n yarad\u0131lmas\u0131 vacib idi. M\u0259tbuat\u0131n ictimai fikr\u0259 t\u0259sir imkanlar\u0131n\u0131n b\u00f6y\u00fckl\u00fcy\u00fcn\u00fc n\u0259z\u0259r\u0259 alaraq, haz\u0131rk\u0131 zamanda m\u00fcasir d\u00f6vr\u00fcn yaratd\u0131\u011f\u0131 imkanlardan maksimum istifad\u0259 etm\u0259kl\u0259 q\u0259r\u0259zi, \u0259sass\u0131z t\u0259bli\u011fatlar\u0131 tutarl\u0131 faktlarla cavabland\u0131rmaq, yalan\u0131n h\u0259qiq\u0259t \u00fcz\u0259rind\u0259 q\u0259l\u0259b\u0259sinin m\u00fcmk\u00fcns\u00fczl\u00fcy\u00fcn\u00fc bir daha d\u00fcnya ictimaiyy\u0259tinin diqq\u0259tin\u0259 \u00e7atd\u0131rmaq m\u00fcmk\u00fcnd\u00fcr. T\u00fcrkiy\u0259-Az\u0259rbaycan media \u0259laq\u0259l\u0259rinin inki\u015faf\u0131 il\u0259 iki \u00f6lk\u0259 medias\u0131n\u0131n inteqrasiya olunmu\u015f \u015f\u0259kild\u0259 h\u0259r\u0259k\u0259t etm\u0259si, xalqlar\u0131n m\u0259lumatland\u0131r\u0131lmas\u0131 m\u0259s\u0259l\u0259sind\u0259 s\u0259m\u0259r\u0259li f\u0259aliyy\u0259t g\u00f6st\u0259rilm\u0259si, x\u00fcsusil\u0259 sosial mediada yay\u0131lan dezinformasiyalar v\u0259 \u00f6lk\u0259 xaricind\u0259n g\u0259l\u0259n qara piarlara qar\u015f\u0131 m\u00fcbariz\u0259d\u0259 vahid strategiyalar\u0131n yarad\u0131lmas\u0131 prioritet m\u0259s\u0259l\u0259y\u0259 \u00e7evrildi. Media \u0259m\u0259kda\u015fl\u0131\u011f\u0131 Az\u0259rbaycan-T\u00fcrkiy\u0259 birliyin\u0259, h\u0259mr\u0259yliyin\u0259 b\u00f6y\u00fck t\u00f6hf\u0259 olmaqla yana\u015f\u0131, m\u00f6vcud \u0259laq\u0259l\u0259rin inki\u015faf\u0131nda yeni bir s\u0259hif\u0259 a\u00e7d\u0131. \u015eu\u015fa B\u0259yannam\u0259sind\u0259 \u0259ksini tapan m\u00fcdd\u0259alarda da bu m\u0259qam \u00f6z \u0259ksini tap\u0131r ki, yeni m\u00fcqavil\u0259y\u0259 \u0259sas\u0259n, T\u00fcrkiy\u0259 v\u0259 Az\u0259rbaycandan h\u0259r hans\u0131 birin\u0259 \u00fc\u00e7\u00fcnc\u00fc d\u00f6vl\u0259t t\u0259r\u0259find\u0259n t\u0259hl\u00fck\u0259 olarsa, bu \u00f6lk\u0259l\u0259r bir-birini qorumaq \u00fc\u00e7\u00fcn birg\u0259 add\u0131mlar atacaqlar. T\u0259bii ki, burada informasiya sah\u0259sind\u0259 \u0259m\u0259kda\u015fl\u0131q \u00f6z s\u00f6z\u00fcn\u00fc dey\u0259c\u0259k. D\u00f6vl\u0259t ba\u015f\u00e7\u0131s\u0131 \u0130lham \u018fliyev jurnalistl\u0259r\u0259 a\u00e7\u0131qlamas\u0131nda bildirmi\u015fdir ki, aram\u0131zdak\u0131 \u0259m\u0259kda\u015fl\u0131\u011f\u0131n ad\u0131 m\u00fctt\u0259fiqlikdir v\u0259 bunun \u00f6z\u00fc h\u0259r \u015feyi deyir.<\/p>\n<p>T\u0259bii ki, dostlu\u011fumuzun, qarda\u015fl\u0131\u011f\u0131m\u0131z\u0131n d\u00fcnyaya n\u00fcmayi\u015fi olan fikirl\u0259r n\u0259inki d\u00f6vl\u0259t r\u0259smil\u0259ri, sad\u0259 v\u0259t\u0259nda\u015flar t\u0259r\u0259find\u0259n bel\u0259 s\u0259sl\u0259ndirilir, dilimizin \u0259zb\u0259rin\u0259 \u00e7evrilib. \u00c7\u00fcnki bu dostluq, qarda\u015fl\u0131q b\u00f6y\u00fck tarix\u0259 s\u00f6yk\u0259nir, bir mill\u0259tin iki d\u00f6vl\u0259ti biri-biri il\u0259 s\u0131x tell\u0259rl\u0259 ba\u011fl\u0131d\u0131r. Az\u0259rbaycan-T\u00fcrkiy\u0259 dostlu\u011fu tarixin s\u0131naqlar\u0131ndan \u015f\u0259r\u0259fl\u0259 \u00e7\u0131xan v\u0259 bu g\u00fcn d\u00fcnyaya n\u00fcmun\u0259 olan birlik, h\u0259mr\u0259ylikdir. Qarda\u015f \u00f6lk\u0259nin Prezidenti R\u0259c\u0259b Tayyib \u018frdo\u011fan\u0131n qeyd etdiyi kimi, ortaq tariximizd\u0259n ald\u0131\u011f\u0131m\u0131z ilhamla aram\u0131zdak\u0131 dostluq v\u0259 m\u0259h\u0259bb\u0259ti daha da sa\u011flamla\u015fd\u0131r\u0131r, birlik v\u0259 b\u0259rab\u0259rliyimizi daha da m\u00f6hk\u0259ml\u0259ndiririk. Taleyimizin birliyi tarixin d\u0259rinlikl\u0259rin\u0259 q\u0259d\u0259r uzanmaqdad\u0131r. 1915-ci ild\u0259 \u00c7anaqqalada, 1918-ci ild\u0259 G\u0259nc\u0259d\u0259, Bak\u0131da v\u0259 Az\u0259rbaycan\u0131n dig\u0259r b\u00f6lg\u0259l\u0259rind\u0259 \u00fcr\u0259kl\u0259rimiz v\u0259 bil\u0259kl\u0259rimiz ortaq m\u00fcbariz\u0259mizd\u0259 yenid\u0259n b\u0259rab\u0259r olmu\u015fdur.<\/p>\n<p>D\u00fcnya 44 g\u00fcnl\u00fck \u0130kinci Qaraba\u011f m\u00fcharib\u0259si d\u00f6vr\u00fcnd\u0259 bu birliyin sars\u0131lmazl\u0131\u011f\u0131n\u0131n \u015fahidi oldu. T\u00fcrkiy\u0259 Prezidenti R\u0259c\u0259b Tayyib \u018frdo\u011fan sonad\u0259k \u00f6lk\u0259miz\u0259 m\u0259n\u0259vi v\u0259 siyasi d\u0259st\u0259yini n\u00fcmayi\u015f etdirdi. T\u00fcrkiy\u0259 Prezidenti R\u0259c\u0259b Tayyib \u018frdo\u011fan 2022-ci ild\u0259 Bak\u0131da ke\u00e7iril\u0259n \u201cTEKNOFEST Az\u0259rbaycan\u201d festival\u0131nda bu dostlu\u011fu, qarda\u015fl\u0131\u011f\u0131 bel\u0259 ifadl\u0259 etdi: \u201cB\u0259li, bizl\u0259r k\u0259d\u0259ri d\u0259, sevinci d\u0259 bir olan, s\u00f6zd\u0259 deyil, \u0259m\u0259ld\u0259 d\u0259 qarda\u015f olan iki d\u00f6vl\u0259tik, iki xalq\u0131q. G\u00f6yl\u0259rd\u0259 nazl\u0131-nazl\u0131 dal\u011falanan ayparalar\u0131m\u0131z kimi, biz eyni inanc\u0131 b\u00f6l\u00fc\u015f\u0259n q\u0259dim bir mill\u0259tin m\u0259nsublar\u0131y\u0131q. Eynil\u0259 Anadolu kimi, bura da bizim torpa\u011f\u0131m\u0131zd\u0131r. Eynil\u0259 T\u00fcrkiy\u0259 kimi, bura da bizim V\u0259t\u0259nimizdir. Eynil\u0259 do\u011fuldu\u011fumuz yerl\u0259r kimi, bura da bizim \u00f6z yurdumuzdur. Eyni qaydada T\u00fcrkiy\u0259nin h\u0259r bir qar\u0131\u015f\u0131 da sizl\u0259rin V\u0259t\u0259niniz, yurdunuzdur. T\u00fcrk mill\u0259tinin q\u0259lbind\u0259ki Az\u0259rbaycan sevgisini kim qopar\u0131b ata bil\u0259r? Qarda\u015flar aras\u0131nda kim m\u0259saf\u0259 qoya bil\u0259r? \u0130ki qarda\u015f\u0131 hans\u0131 h\u00fcdud ay\u0131ra bil\u0259r? K\u00f6n\u00fcll\u0259rimiz aras\u0131nda kim s\u0259rh\u0259d \u00e7\u0259k\u0259 bil\u0259r?\u201d<\/p>\n<p>M\u0259hz bu dostlu\u011fun h\u0259r bir s\u0131naqdan \u015f\u0259r\u0259fl\u0259 \u00e7\u0131xmas\u0131na r\u0259\u011fm\u0259n d\u00f6vl\u0259t ba\u015f\u00e7\u0131s\u0131 \u0130lham \u018fliyev \u00e7\u0131x\u0131\u015flar\u0131nda bu fikri b\u00f6y\u00fck q\u00fcrur hissi il\u0259 qeyd edir ki, T\u00fcrkiy\u0259-Az\u0259rbaycan qarda\u015fl\u0131\u011f\u0131, birliyi xalqlar\u0131m\u0131z \u00fc\u00e7\u00fcn \u0259sas yol istiqam\u0259tidir, b\u00f6lg\u0259 \u00fc\u00e7\u00fcn, d\u00fcnya \u00fc\u00e7\u00fcn d\u0259 \u00e7ox \u00f6n\u0259mli amildir, t\u0259hl\u00fck\u0259sizlik, sabitlik amilidir. \u00d6lk\u0259 Prezidenti onu da bildirir ki, bu g\u00fcn b\u00fct\u00fcn atalar\u0131m\u0131z\u0131n, \u0259cdadlar\u0131m\u0131z\u0131n ruhu \u015fadd\u0131r. \u00c7\u00fcnki T\u00fcrkiy\u0259 v\u0259 Az\u0259rbaycan bir yerd\u0259dir. Atam demi\u015fk\u0259n, \u201cBir mill\u0259t, iki d\u00f6vl\u0259t\u201d, \u0259lav\u0259 d\u0259 etm\u0259k ist\u0259yir\u0259m, \u201cBir yumruq!\u201d<\/p>\n<p>C\u0259nab \u0130lham \u018fliyev bu g\u00fcnl\u0259rd\u0259 yerli televiziya kanallar\u0131na m\u00fcsahib\u0259sind\u0259 d\u0259 Az\u0259rbaycan-T\u00fcrkiy\u0259 m\u00fcnasib\u0259tl\u0259rin\u0259 x\u00fcsusi diqq\u0259t y\u00f6n\u0259ltdi. \u201cT\u00fcrkiy\u0259nin m\u00fctt\u0259fiqi kimi h\u0259r zaman ist\u0259nil\u0259n formada onlar\u0131n yan\u0131nday\u0131q v\u0259 bunu T\u00fcrkiy\u0259 t\u0259r\u0259fi bilir. Nec\u0259 ki, T\u00fcrkiy\u0259 ist\u0259nil\u0259n formada, h\u0259r bir m\u0259s\u0259l\u0259d\u0259 bizim yan\u0131m\u0131zdad\u0131r, biz d\u0259 onun yan\u0131nday\u0131q\u201d s\u00f6yl\u0259y\u0259n c\u0259nab \u0130lham \u018fliyev onu da bildirdi ki, M\u00fctt\u0259fiqlik B\u0259yannam\u0259miz h\u0259r g\u00fcn yeni amill\u0259rl\u0259 z\u0259nginl\u0259\u015fir. Az\u0259rbaycan\u0131n \u0259 D-8 t\u0259\u015fkilat\u0131na \u00fczvl\u00fcy\u00fcn\u00fc \u0259n \u00e7ox d\u0259st\u0259kl\u0259y\u0259n d\u0259, birinci bizi t\u0259brik ed\u0259n d\u0259 T\u00fcrkiy\u0259 olmu\u015fdur. Ona g\u00f6r\u0259 T\u00fcrkiy\u0259nin mara\u011f\u0131nda n\u0259dirs\u0259, bizim d\u0259 mara\u011f\u0131m\u0131zda odur: \u201cT\u0259hl\u00fck\u0259sizliyimiz d\u0259 birdir, maraqlar\u0131m\u0131z da birdir, g\u0259l\u0259c\u0259yimiz d\u0259 birdir v\u0259 h\u0259m Yax\u0131n \u015e\u0259rqd\u0259, h\u0259m d\u0259 eyni zamanda, Avropada, &#8211; bir q\u0259d\u0259r bu m\u0259s\u0259l\u0259y\u0259 biz toxunduq, &#8211; tamamil\u0259 yeni v\u0259ziyy\u0259t yaran\u0131r v\u0259 burada g\u00fccl\u00fc T\u00fcrkiy\u0259 amili \u0259sas rol oynayacaq. Biz d\u0259 onun yan\u0131nday\u0131q. Y\u0259ni ki, g\u00fcc\u00fcm\u00fcz daha da artacaq. B\u00f6y\u00fck co\u011frafiya &#8211; Avropan\u0131, Asiyan\u0131, C\u0259nubi Qafqaz\u0131, X\u0259z\u0259r h\u00f6vz\u0259sini \u0259hat\u0259 ed\u0259n b\u00f6y\u00fck co\u011frafiya art\u0131q \u00f6zl\u00fcy\u00fcnd\u0259 bir ciddi geosiyasi amildir.\u201d<\/p>\n<p>Qeyd etdiyimiz kimi, Az\u0259rbaycan\u0131n \u00f6t\u0259n il n\u00f6vb\u0259ti diplomatik u\u011furu kimi d\u0259y\u0259rl\u0259ndiril\u0259n D-8 t\u0259\u015fkilat\u0131na \u00fczv q\u0259bul edilm\u0259sini d\u0259st\u0259kl\u0259y\u0259n T\u00fcrkiy\u0259 olub. C\u0259nab \u0130lham \u018fliyev s\u00f6z\u00fcged\u0259n m\u00fcsahib\u0259d\u0259 vur\u011fulad\u0131 ki, bu, bizim \u00fc\u00e7\u00fcn n\u00f6vb\u0259ti u\u011furlu add\u0131m oldu. \u00c7\u00fcnki Az\u0259rbaycan\u0131n bu t\u0259\u015fkilata q\u0259bul edilm\u0259si \u00f6lk\u0259mizin n\u00fcfuzunu bir daha g\u00f6st\u0259rir: \u201cBu t\u0259\u015fkilat 30 il\u0259 yax\u0131n bundan \u0259vv\u0259l yaranm\u0131\u015fd\u0131, T\u00fcrkiy\u0259nin t\u0259\u015f\u0259bb\u00fcs\u00fc il\u0259 v\u0259 s\u0259kkiz \u00f6lk\u0259d\u0259n ibar\u0259t idi. Bu ill\u0259r \u0259rzind\u0259 \u0259lav\u0259 \u00fczv q\u0259bul edilm\u0259mi\u015fdi. Birinci geni\u015fl\u0259nm\u0259 q\u0259rar\u0131ndan sonra q\u0259bul edil\u0259n \u00fczv Az\u0259rbaycan oldu. \u018flb\u0259tt\u0259 ki, bu, \u00f6lk\u0259mizin n\u00fcfuzunu, eyni zamanda, beyn\u0259lxalq al\u0259md\u0259 rolumuzu g\u00f6st\u0259rir. D-8 m\u00fcs\u0259lman \u00f6lk\u0259l\u0259rini birl\u0259\u015fdir\u0259n \u0259n b\u00f6y\u00fck t\u0259\u015fkilatd\u0131r. Bir milyarddan \u00e7ox \u0259halisi olan v\u0259 m\u00fcs\u0259lman \u00f6lk\u0259l\u0259rinin iqtisadiyyat\u0131n\u0131n 60 faizini t\u0259\u015fkil ed\u0259n bir t\u0259\u015fkilatd\u0131r. \u018fg\u0259r biz bu t\u0259\u015fkilat\u0131n \u00fcmumi daxili m\u0259hsulunu g\u00f6t\u00fcrs\u0259k, bu, 5 trilyon dollardan \u00e7oxdur. D\u00fcnyada 60-a yax\u0131n m\u00fcs\u0259lman \u00f6lk\u0259si var v\u0259 m\u0259hz Az\u0259rbaycan yeni \u00fczv se\u00e7ilmi\u015fdir. \u018flb\u0259tt\u0259 ki, bu, bizim \u00fc\u00e7\u00fcn h\u0259m b\u00f6y\u00fck \u015f\u0259r\u0259fdir, h\u0259m d\u0259 b\u00f6y\u00fck m\u0259suliyy\u0259tdir. Art\u0131q b\u00fct\u00fcn g\u00f6st\u0259ri\u015fl\u0259r verilib ki, Az\u0259rbaycan bu t\u0259\u015fkilatda f\u0259al olsun v\u0259 \u00f6z t\u00f6hf\u0259sini ver\u0259 bilsin.\u201d<\/p>\n<p>D\u00f6vl\u0259t ba\u015f\u00e7\u0131s\u0131 bir daha bildirdi ki, namiz\u0259dliyimizi ilk g\u00fcnd\u0259n d\u0259st\u0259kl\u0259y\u0259n T\u00fcrkiy\u0259 oldu. Prezident R\u0259c\u0259b Tayyib \u018frdo\u011fan\u0131n d\u0259v\u0259ti il\u0259 h\u0259tta bir d\u0259f\u0259 T\u00fcrkiy\u0259d\u0259 ke\u00e7irilmi\u015f D-8 Zirv\u0259 g\u00f6r\u00fc\u015f\u00fcnd\u0259 d\u0259 7-8 il bundan \u0259vv\u0259l qonaq qismind\u0259 i\u015ftirak etmi\u015fdim. Art\u0131q o vaxtdan b\u0259ri Az\u0259rbaycan\u0131n \u00fczvl\u00fcy\u00fc il\u0259 ba\u011fl\u0131 m\u0259s\u0259l\u0259 g\u00fcnd\u0259liy\u0259 sal\u0131nm\u0131\u015fd\u0131. Amma t\u0259bii ki, b\u00fct\u00fcn \u00fczv \u00f6lk\u0259l\u0259r aras\u0131nda konsensus olmal\u0131yd\u0131 v\u0259 n\u0259hay\u0259t, bu konsensus \u0259ld\u0259 edildi. D-8-in t\u0259\u015fkilat olaraq daha b\u00f6y\u00fck n\u00fcfuza malik olmas\u0131 m\u0259s\u0259l\u0259si tam reald\u0131r. Bir halda, art\u0131q geni\u015fl\u0259nm\u0259y\u0259 start verildi, bu, Az\u0259rbaycanla m\u0259hdudla\u015fmayacaq .<\/p>\n<p>T\u00fcrkiy\u0259 Prezidenti R\u0259c\u0259b Tayyib \u018frdo\u011fan\u0131n bu g\u00fcnl\u0259rd\u0259 Prezident \u0130lham \u018fliyev\u0259 telefon z\u0259ngind\u0259 Az\u0259rbaycan il\u0259 T\u00fcrkiy\u0259 aras\u0131nda ikit\u0259r\u0259fli m\u00fcnasib\u0259tl\u0259r, regional v\u0259 qlobal m\u0259s\u0259l\u0259l\u0259r \u0259traf\u0131nda fikir m\u00fcbadil\u0259si apar\u0131ld\u0131. R\u0259c\u0259b Tayyib \u018frdo\u011fan \u00f6lk\u0259l\u0259rimiz aras\u0131nda \u0259m\u0259kda\u015fl\u0131\u011f\u0131n b\u00fct\u00fcn sah\u0259l\u0259rd\u0259 \u201cBir mill\u0259t, iki d\u00f6vl\u0259t\u201d prinsipi \u0259sas\u0131nda inki\u015faf ed\u0259c\u0259yini vur\u011fulad\u0131. T\u00fcrkiy\u0259 Prezidenti \u00f6lk\u0259sinin C\u0259nubi Qafqaz regionunda davaml\u0131 s\u00fclh\u00fcn \u0259ld\u0259 edilm\u0259sin\u0259 tam d\u0259st\u0259k g\u00f6st\u0259rdiyini dey\u0259r\u0259k, h\u0259r zaman Az\u0259rbaycan\u0131n yan\u0131nda olma\u011fa davam ed\u0259c\u0259yini bildirdi. Prezident \u0130lham \u018fliyev d\u0259 \u00f6z n\u00f6vb\u0259sind\u0259 Az\u0259rbaycan-T\u00fcrkiy\u0259 qarda\u015fl\u0131q, dostluq v\u0259 strateji m\u00fctt\u0259fiqlik m\u00fcnasib\u0259tl\u0259rinin \u201cBir mill\u0259t, iki d\u00f6vl\u0259t\u201d prinsipi il\u0259 inki\u015faf etdiyini, \u00f6lk\u0259l\u0259rimizin h\u0259r zaman bir-birinin yan\u0131nda olduqlar\u0131n\u0131 vur\u011fulad\u0131. S\u00f6hb\u0259t zaman\u0131 2025-ci ild\u0259 iki qarda\u015f \u00f6lk\u0259 aras\u0131nda \u0259m\u0259kda\u015fl\u0131\u011f\u0131n inki\u015faf perspektivl\u0259rin\u0259 dair fikir m\u00fcbadil\u0259si apar\u0131ld\u0131. H\u0259m\u00e7inin d\u00f6vl\u0259t ba\u015f\u00e7\u0131lar\u0131 t\u0259maslar\u0131n davam etdirilm\u0259si m\u0259s\u0259l\u0259sini qeyd etdil\u0259r.<\/p>\n<p>\u018fvv\u0259ld\u0259 d\u0259 qeyd etdiyimiz kimi, bu g\u00fcn d\u00fcnya bu birliyi, h\u0259mr\u0259yliyi azad edilmi\u015f torpaqlar\u0131m\u0131zda geni\u015f miqyas alan b\u0259rpa-quruculuq i\u015fl\u0259rind\u0259 g\u00f6r\u00fcr. D\u00f6vl\u0259t ba\u015f\u00e7\u0131s\u0131 \u0130lham \u018fliyev yerli televiziya kanallar\u0131na m\u00fcsahib\u0259sind\u0259 bu m\u0259qama da x\u00fcsusi diqq\u0259t y\u00f6n\u0259ld\u0259r\u0259k bildirdi ki, \u0259g\u0259r biz d\u00fcnya tarixin\u0259 n\u0259z\u0259r salsaq g\u00f6r\u0259rik ki, i\u015f\u011faldan v\u0259 da\u011f\u0131nt\u0131dan \u0259ziyy\u0259t \u00e7\u0259kmi\u015f he\u00e7 bir \u00f6lk\u0259 \u00f6z \u0259razil\u0259rini bu templ\u0259 v\u0259 bu keyfiyy\u0259tl\u0259 b\u0259rpa etm\u0259yib. Y\u0259ni, burada h\u0259m pe\u015f\u0259karl\u0131q, h\u0259m d\u0259 \u00e7ox ciddi yana\u015fma g\u00f6st\u0259ririk: \u201cBurada sad\u0259c\u0259 olaraq, s\u00f6hb\u0259t maliyy\u0259 resurslar\u0131ndan getmir, y\u0259ni, resurslar ola bil\u0259r, amma g\u0259r\u0259k s\u0259nin insan potensial\u0131n olsun. Y\u0259ni, biz son ill\u0259r \u0259rzind\u0259 kadr haz\u0131rl\u0131\u011f\u0131na da b\u00f6y\u00fck investisiyalar qoymu\u015fuq, texniki imkanlar\u0131m\u0131z da geni\u015fdir. Orada apar\u0131lan i\u015fl\u0259rin b\u00f6y\u00fck hiss\u0259si Az\u0259rbaycan \u015firk\u0259tl\u0259ri t\u0259r\u0259find\u0259n g\u00f6r\u00fcl\u00fcr. \u0130kinci yerd\u0259 T\u00fcrkiy\u0259 \u015firk\u0259tl\u0259ridir. Onlar daha \u00e7ox tunell\u0259r, k\u00f6rp\u00fcl\u0259r, d\u0259mir yollar\u0131 layih\u0259l\u0259rind\u0259 i\u015ftirak edirl\u0259r. Y\u0259ni, bizd\u0259 \u00e7ox ciddi texniki potensial var, kadr potensial\u0131 var, maliyy\u0259 resurslar\u0131m\u0131z var v\u0259 g\u00fccl\u00fc d\u00fc\u015f\u00fcn\u00fclm\u00fc\u015f siyas\u0259t var.\u201d<\/p>\n<p>G\u00f6r\u00fcnd\u00fcy\u00fc kimi, arxada qalan h\u0259r g\u00fcn Az\u0259rbaycan-T\u00fcrkiy\u0259 qarda\u015fl\u0131\u011f\u0131n\u0131n t\u0259qdimat\u0131nda \u0259h\u0259miyy\u0259tli rol oynayacaq m\u00fch\u00fcm hadis\u0259 il\u0259 yadda qal\u0131r. Bu, iki \u00f6lk\u0259nin m\u00fcnasib\u0259tl\u0259rind\u0259 qar\u015f\u0131l\u0131ql\u0131 etmad m\u00fchitinin y\u00fcks\u0259k s\u0259viyy\u0259d\u0259 qorunmas\u0131ndan ir\u0259li g\u0259lir. Az\u0259rbaycan v\u0259 T\u00fcrkiy\u0259 h\u0259r zaman birg\u0259 add\u0131mlamaqdan q\u00fcrur duyur. C\u0259nab \u0130lham \u018fliyev yeni formala\u015fan d\u00fcnya nizam\u0131ndan b\u0259hs ed\u0259rk\u0259n bu fikri x\u00fcsusi qeyd edir ki, T\u00fcrk D\u00f6vl\u0259tl\u0259ri T\u0259\u015fkilat\u0131 d\u00fcnya miqyas\u0131nda ciddi g\u00fcc m\u0259rk\u0259zin\u0259 \u00e7evril\u0259 bil\u0259r. \u00c7\u00fcnki burada geni\u015f co\u011frafiya, insan resurslar\u0131, t\u0259bii s\u0259rv\u0259tl\u0259r, n\u0259qliyyat-kommunikasiya x\u0259tl\u0259ri v\u0259 birlik vard\u0131r.<\/p>\n<p><strong>Yegan\u0259 \u018fliyeva, \u201c\u0130ki sahil\u201d<\/strong><\/p>\n","protected":false},"excerpt":{"rendered":"<p>D\u00f6vl\u0259t ba\u015f\u00e7\u0131s\u0131 \u0130lham \u018fliyev yerli televiziya kanallar\u0131na m\u00fcsahib\u0259sind\u0259 Az\u0259rbaycan-T\u00fcrkiy\u0259 birliyind\u0259n b\u0259hs ed\u0259r\u0259k onu da bildirdi ki, \u00f6lk\u0259mizin D-8 t\u0259\u015fkilat\u0131na \u00fczvl\u00fcy\u00fcn\u00fc d\u0259st\u0259kl\u0259y\u0259n v\u0259 birinci t\u0259brik ed\u0259n qarda\u015f \u00f6lk\u0259 oldu D\u00f6vl\u0259t ba\u015f\u00e7\u0131s\u0131 \u0130lham \u018fliyev b\u00f6y\u00fck q\u00fcrur hissi il\u0259 qeyd edir ki, T\u00fcrkiy\u0259 v\u0259 Az\u0259rbaycan h\u0259r zaman bir yerd\u0259dir. T\u00fcrkiy\u0259 v\u0259 Az\u0259rbaycan dost, qarda\u015f \u00f6lk\u0259l\u0259rdir. \u0130ki dost, qarda\u015f, m\u00fctt\u0259fiq \u00f6lk\u0259nin birliyini, h\u0259mr\u0259yliyini, h\u0259r zaman bir-birinin yan\u0131nda oldu\u011funu t\u0259sdiql\u0259y\u0259n says\u0131z-hesabs\u0131z faktlar sadalaya bil\u0259rik. S\u0131x tell\u0259rl\u0259 bir-biri il\u0259 ba\u011fl\u0131 olan Az\u0259rbaycan v\u0259 T\u00fcrkiy\u0259nin dostlu\u011fu, qarda\u015fl\u0131\u011f\u0131 d\u00fcnyaya n\u00fcmun\u0259dir. \u00c7\u00fcnki bu qarda\u015fl\u0131q s\u00f6zd\u0259 deyil, \u0259m\u0259ld\u0259 \u00f6z t\u0259sdiqini&hellip;<\/p>\n","protected":false},"author":2,"featured_media":781336,"comment_status":"closed","ping_status":"closed","sticky":false,"template":"","format":"standard","meta":{"om_disable_all_campaigns":false,"_monsterinsights_skip_tracking":false,"_monsterinsights_sitenote_active":false,"_monsterinsights_sitenote_note":"","_monsterinsights_sitenote_category":0},"categories":[8],"tags":[],"aioseo_notices":[],"gutentor_comment":0,"rttpg_featured_image_url":{"full":["https:\/\/arantv.az\/wp-content\/uploads\/2025\/01\/b0f2ad44173625975678501140410962204-2.jpg",975,540,false],"landscape":["https:\/\/arantv.az\/wp-content\/uploads\/2025\/01\/b0f2ad44173625975678501140410962204-2.jpg",975,540,false],"portraits":["https:\/\/arantv.az\/wp-content\/uploads\/2025\/01\/b0f2ad44173625975678501140410962204-2.jpg",975,540,false],"thumbnail":["https:\/\/arantv.az\/wp-content\/uploads\/2025\/01\/b0f2ad44173625975678501140410962204-2-500x280.jpg",500,280,true],"medium":["https:\/\/arantv.az\/wp-content\/uploads\/2025\/01\/b0f2ad44173625975678501140410962204-2-660x365.jpg",660,365,true],"large":["https:\/\/arantv.az\/wp-content\/uploads\/2025\/01\/b0f2ad44173625975678501140410962204-2-840x465.jpg",640,354,true],"1536x1536":["https:\/\/arantv.az\/wp-content\/uploads\/2025\/01\/b0f2ad44173625975678501140410962204-2.jpg",975,540,false],"2048x2048":["https:\/\/arantv.az\/wp-content\/uploads\/2025\/01\/b0f2ad44173625975678501140410962204-2.jpg",975,540,false],"post-thumbnail":["https:\/\/arantv.az\/wp-content\/uploads\/2025\/01\/b0f2ad44173625975678501140410962204-2-240x172.jpg",240,172,true],"advps-thumb-one":["https:\/\/arantv.az\/wp-content\/uploads\/2025\/01\/b0f2ad44173625975678501140410962204-2.jpg",975,540,false]},"rttpg_author":{"display_name":"V\u00fcsal Rafiqo\u011flu","author_link":"https:\/\/arantv.az\/?author=2"},"rttpg_comment":0,"rttpg_category":"<a href=\"https:\/\/arantv.az\/?cat=8\" rel=\"category\">\u018fsas s\u0259hif\u0259<\/a>","rttpg_excerpt":"D\u00f6vl\u0259t ba\u015f\u00e7\u0131s\u0131 \u0130lham \u018fliyev yerli televiziya kanallar\u0131na m\u00fcsahib\u0259sind\u0259 Az\u0259rbaycan-T\u00fcrkiy\u0259 birliyind\u0259n b\u0259hs ed\u0259r\u0259k onu da bildirdi ki, \u00f6lk\u0259mizin D-8 t\u0259\u015fkilat\u0131na \u00fczvl\u00fcy\u00fcn\u00fc d\u0259st\u0259kl\u0259y\u0259n v\u0259 birinci t\u0259brik ed\u0259n qarda\u015f \u00f6lk\u0259 oldu D\u00f6vl\u0259t ba\u015f\u00e7\u0131s\u0131 \u0130lham \u018fliyev b\u00f6y\u00fck q\u00fcrur hissi il\u0259 qeyd edir ki, T\u00fcrkiy\u0259 v\u0259 Az\u0259rbaycan h\u0259r zaman bir yerd\u0259dir. T\u00fcrkiy\u0259 v\u0259 Az\u0259rbaycan dost, qarda\u015f \u00f6lk\u0259l\u0259rdir. \u0130ki dost, qarda\u015f,&hellip;","_links":{"self":[{"href":"https:\/\/arantv.az\/index.php?rest_route=\/wp\/v2\/posts\/781335"}],"collection":[{"href":"https:\/\/arantv.az\/index.php?rest_route=\/wp\/v2\/posts"}],"about":[{"href":"https:\/\/arantv.az\/index.php?rest_route=\/wp\/v2\/types\/post"}],"author":[{"embeddable":true,"href":"https:\/\/arantv.az\/index.php?rest_route=\/wp\/v2\/users\/2"}],"replies":[{"embeddable":true,"href":"https:\/\/arantv.az\/index.php?rest_route=%2Fwp%2Fv2%2Fcomments&post=781335"}],"version-history":[{"count":1,"href":"https:\/\/arantv.az\/index.php?rest_route=\/wp\/v2\/posts\/781335\/revisions"}],"predecessor-version":[{"id":781337,"href":"https:\/\/arantv.az\/index.php?rest_route=\/wp\/v2\/posts\/781335\/revisions\/781337"}],"wp:featuredmedia":[{"embeddable":true,"href":"https:\/\/arantv.az\/index.php?rest_route=\/wp\/v2\/media\/781336"}],"wp:attachment":[{"href":"https:\/\/arantv.az\/index.php?rest_route=%2Fwp%2Fv2%2Fmedia&parent=781335"}],"wp:term":[{"taxonomy":"category","embeddable":true,"href":"https:\/\/arantv.az\/index.php?rest_route=%2Fwp%2Fv2%2Fcategories&post=781335"},{"taxonomy":"post_tag","embeddable":true,"href":"https:\/\/arantv.az\/index.php?rest_route=%2Fwp%2Fv2%2Ftags&post=781335"}],"curies":[{"name":"wp","href":"https:\/\/api.w.org\/{rel}","templated":true}]}}