{"id":781353,"date":"2025-01-16T11:58:26","date_gmt":"2025-01-16T07:58:26","guid":{"rendered":"https:\/\/arantv.az\/?p=781353"},"modified":"2025-01-16T11:58:26","modified_gmt":"2025-01-16T07:58:26","slug":"icma-erm%c9%99nistan-xin-in-%c9%99sassiz-b%c9%99yanatini-qinayir","status":"publish","type":"post","link":"https:\/\/arantv.az\/?p=781353","title":{"rendered":"\u0130cma Erm\u0259nistan X\u0130N-in \u0259sass\u0131z b\u0259yanat\u0131n\u0131 q\u0131nay\u0131r"},"content":{"rendered":"<p><strong>Q\u0259rbi Az\u0259rbaycan \u0130cmas\u0131 Erm\u0259nistan Xarici \u0130\u015fl\u0259r Nazirliyinin (X\u0130N) yanvar\u0131n 15-d\u0259 verdiyi, Az\u0259rbaycan SSR-d\u0259 erm\u0259nil\u0259r\u0259 qar\u015f\u0131 qanunsuzluq t\u00f6r\u0259dildiyini iddia ed\u0259n \u0259sass\u0131z v\u0259 b\u00f6htan dolu b\u0259yanat\u0131n\u0131 q\u0131nay\u0131b.<\/strong><\/p>\n<p><strong>Musavat.com<\/strong>-un\u00a0m\u0259lumat\u0131na g\u00f6r\u0259, bu bar\u0259d\u0259 \u0130cma b\u0259yanat yay\u0131b.<\/p>\n<p>B\u0259yanatda bildirilib ki, Erm\u0259nistan X\u0130N-in b\u0259yanat\u0131n\u0131n tonu, h\u0259m d\u0259 Erm\u0259nistan\u0131n \u0130kinci Qaraba\u011f m\u00fcharib\u0259sind\u0259n \u0259vv\u0259lki ritorikas\u0131n\u0131 xat\u0131rlad\u0131r:<\/p>\n<p>&#8220;\u018fvv\u0259la vur\u011fulayaq ki, etnik t\u0259mizl\u0259m\u0259ni t\u00f6r\u0259d\u0259n d\u00f6vl\u0259t Erm\u0259nistand\u0131r. Hakimiyy\u0259t ill\u0259ri Az\u0259rbaycan torpaqlar\u0131n\u0131n i\u015f\u011fal\u0131 v\u0259 az\u0259rbaycanl\u0131lara qar\u015f\u0131 etnik t\u0259mizl\u0259m\u0259 siyas\u0259tinin b\u00f6y\u00fck hiss\u0259sinin apar\u0131ld\u0131\u011f\u0131 d\u00f6vr\u0259 t\u0259sad\u00fcf ed\u0259n Levon Ter-Petrosyan\u0131n prezident qismind\u0259 1993-c\u00fc ild\u0259 etdiyi m\u0259lum \u00e7\u0131x\u0131\u015f\u0131 az\u0259rbaycanl\u0131lara qar\u015f\u0131 etnik t\u0259mizl\u0259m\u0259nin Erm\u0259nistan\u0131n d\u00f6vl\u0259t siyas\u0259ti oldu\u011funu bir daha t\u0259sdiq edir&#8221;.<\/p>\n<p>\u0130cma L.Ter-Petrosyan\u0131n h\u0259min \u00e7\u0131x\u0131\u015f\u0131nda Az\u0259rbaycan SSR-d\u0259n erm\u0259nil\u0259rin k\u00f6\u00e7\u00fcn\u00fcn m\u0259hz Erm\u0259nistan\u0131n \u00f6z\u00fc t\u0259r\u0259find\u0259n t\u0259\u015fkil edildiyini d\u0259 bildirib:<\/p>\n<p>&#8220;L.Ter-Petrosyan\u0131n \u00e7\u0131x\u0131\u015f\u0131ndan m\u00fcvafiq \u00e7\u0131xar\u0131\u015f\u0131 a\u015fa\u011f\u0131da veririk:<\/p>\n<p>H\u0259r\u0259kat vaxt\u0131nda ba\u015flamasayd\u0131, bu g\u00fcn Az\u0259rbaycanda 500 min erm\u0259ni qalacaqd\u0131. Onlar fiziki c\u0259h\u0259td\u0259n m\u0259hv edilm\u0259s\u0259l\u0259r bel\u0259, bu, Erm\u0259nistan\u0131 diz \u00e7\u00f6kd\u00fcrm\u0259k \u00fc\u00e7\u00fcn \u0259n g\u00fccl\u00fc r\u0131\u00e7aq olard\u0131. Onlar\u0131n \u0259h\u0259miyy\u0259tli bir hiss\u0259si, 300 mind\u0259n \u00e7ox insan Erm\u0259nistanda s\u0131\u011f\u0131nacaq tapd\u0131. Bu da milli problem idi, h\u0259r\u0259kat\u0131m\u0131z say\u0259sind\u0259 h\u0259ll olunan b\u00f6y\u00fck miqyasl\u0131 problem.<\/p>\n<p>B\u00fct\u00fcn bunlar s\u00fcbut edir ki, Erm\u0259nistan i\u015f\u011fal\u0131n\u0131 m\u00fcmk\u00fcn hesab etm\u0259diyi Az\u0259rbaycan \u0259razil\u0259rind\u0259n erm\u0259nil\u0259rin k\u00f6\u00e7\u00fcn\u00fc t\u0259\u015fkil ed\u0259r\u0259k, iki xalq\u0131n n\u00fcmay\u0259nd\u0259l\u0259rinin dinc yana\u015f\u0131 ya\u015famaq t\u0259cr\u00fcb\u0259sini aradan qald\u0131rma\u011f\u0131 v\u0259 Erm\u0259nistanda mono-etnikd\u00f6vl\u0259t yaratma\u011f\u0131 h\u0259d\u0259fl\u0259nib&#8221;.<\/p>\n<p>B\u0259yanatda qeyd olunub ki, Erm\u0259nistan h\u00f6kum\u0259ti b\u00f6htan v\u0259 nifr\u0259t dolu b\u0259yanatlar verm\u0259k \u0259v\u0259zin\u0259, irq\u00e7iliyin\u0259 v\u0259 mono-etnik siyas\u0259tin\u0259 son verm\u0259li, Q\u0259rbi az\u0259rbaycanl\u0131lar\u0131n qay\u0131d\u0131\u015f\u0131na \u015f\u0259rait yaradaraq, oradak\u0131 multi-etnik m\u00fchiti b\u0259rpa etm\u0259lidir.<\/p>\n","protected":false},"excerpt":{"rendered":"<p>Q\u0259rbi Az\u0259rbaycan \u0130cmas\u0131 Erm\u0259nistan Xarici \u0130\u015fl\u0259r Nazirliyinin (X\u0130N) yanvar\u0131n 15-d\u0259 verdiyi, Az\u0259rbaycan SSR-d\u0259 erm\u0259nil\u0259r\u0259 qar\u015f\u0131 qanunsuzluq t\u00f6r\u0259dildiyini iddia ed\u0259n \u0259sass\u0131z v\u0259 b\u00f6htan dolu b\u0259yanat\u0131n\u0131 q\u0131nay\u0131b. Musavat.com-un\u00a0m\u0259lumat\u0131na g\u00f6r\u0259, bu bar\u0259d\u0259 \u0130cma b\u0259yanat yay\u0131b. B\u0259yanatda bildirilib ki, Erm\u0259nistan X\u0130N-in b\u0259yanat\u0131n\u0131n tonu, h\u0259m d\u0259 Erm\u0259nistan\u0131n \u0130kinci Qaraba\u011f m\u00fcharib\u0259sind\u0259n \u0259vv\u0259lki ritorikas\u0131n\u0131 xat\u0131rlad\u0131r: &#8220;\u018fvv\u0259la vur\u011fulayaq ki, etnik t\u0259mizl\u0259m\u0259ni t\u00f6r\u0259d\u0259n d\u00f6vl\u0259t Erm\u0259nistand\u0131r. Hakimiyy\u0259t ill\u0259ri Az\u0259rbaycan torpaqlar\u0131n\u0131n i\u015f\u011fal\u0131 v\u0259 az\u0259rbaycanl\u0131lara qar\u015f\u0131 etnik t\u0259mizl\u0259m\u0259 siyas\u0259tinin b\u00f6y\u00fck hiss\u0259sinin apar\u0131ld\u0131\u011f\u0131 d\u00f6vr\u0259 t\u0259sad\u00fcf ed\u0259n Levon Ter-Petrosyan\u0131n prezident qismind\u0259 1993-c\u00fc ild\u0259 etdiyi m\u0259lum \u00e7\u0131x\u0131\u015f\u0131 az\u0259rbaycanl\u0131lara qar\u015f\u0131 etnik t\u0259mizl\u0259m\u0259nin Erm\u0259nistan\u0131n d\u00f6vl\u0259t siyas\u0259ti oldu\u011funu&hellip;<\/p>\n","protected":false},"author":2,"featured_media":781354,"comment_status":"closed","ping_status":"closed","sticky":false,"template":"","format":"standard","meta":{"om_disable_all_campaigns":false,"_monsterinsights_skip_tracking":false,"_monsterinsights_sitenote_active":false,"_monsterinsights_sitenote_note":"","_monsterinsights_sitenote_category":0},"categories":[19],"tags":[],"aioseo_notices":[],"gutentor_comment":0,"rttpg_featured_image_url":{"full":["https:\/\/arantv.az\/wp-content\/uploads\/2025\/01\/176c70a1e6ad0c967bb006ad419e4a63.jpg",850,500,false],"landscape":["https:\/\/arantv.az\/wp-content\/uploads\/2025\/01\/176c70a1e6ad0c967bb006ad419e4a63.jpg",850,500,false],"portraits":["https:\/\/arantv.az\/wp-content\/uploads\/2025\/01\/176c70a1e6ad0c967bb006ad419e4a63.jpg",850,500,false],"thumbnail":["https:\/\/arantv.az\/wp-content\/uploads\/2025\/01\/176c70a1e6ad0c967bb006ad419e4a63-500x280.jpg",500,280,true],"medium":["https:\/\/arantv.az\/wp-content\/uploads\/2025\/01\/176c70a1e6ad0c967bb006ad419e4a63-621x365.jpg",621,365,true],"large":["https:\/\/arantv.az\/wp-content\/uploads\/2025\/01\/176c70a1e6ad0c967bb006ad419e4a63-840x494.jpg",640,376,true],"1536x1536":["https:\/\/arantv.az\/wp-content\/uploads\/2025\/01\/176c70a1e6ad0c967bb006ad419e4a63.jpg",850,500,false],"2048x2048":["https:\/\/arantv.az\/wp-content\/uploads\/2025\/01\/176c70a1e6ad0c967bb006ad419e4a63.jpg",850,500,false],"post-thumbnail":["https:\/\/arantv.az\/wp-content\/uploads\/2025\/01\/176c70a1e6ad0c967bb006ad419e4a63-240x172.jpg",240,172,true],"advps-thumb-one":["https:\/\/arantv.az\/wp-content\/uploads\/2025\/01\/176c70a1e6ad0c967bb006ad419e4a63.jpg",850,500,false]},"rttpg_author":{"display_name":"V\u00fcsal Rafiqo\u011flu","author_link":"https:\/\/arantv.az\/?author=2"},"rttpg_comment":0,"rttpg_category":"<a href=\"https:\/\/arantv.az\/?cat=19\" rel=\"category\">G\u00fcnd\u0259m<\/a>","rttpg_excerpt":"Q\u0259rbi Az\u0259rbaycan \u0130cmas\u0131 Erm\u0259nistan Xarici \u0130\u015fl\u0259r Nazirliyinin (X\u0130N) yanvar\u0131n 15-d\u0259 verdiyi, Az\u0259rbaycan SSR-d\u0259 erm\u0259nil\u0259r\u0259 qar\u015f\u0131 qanunsuzluq t\u00f6r\u0259dildiyini iddia ed\u0259n \u0259sass\u0131z v\u0259 b\u00f6htan dolu b\u0259yanat\u0131n\u0131 q\u0131nay\u0131b. Musavat.com-un\u00a0m\u0259lumat\u0131na g\u00f6r\u0259, bu bar\u0259d\u0259 \u0130cma b\u0259yanat yay\u0131b. B\u0259yanatda bildirilib ki, Erm\u0259nistan X\u0130N-in b\u0259yanat\u0131n\u0131n tonu, h\u0259m d\u0259 Erm\u0259nistan\u0131n \u0130kinci Qaraba\u011f m\u00fcharib\u0259sind\u0259n \u0259vv\u0259lki ritorikas\u0131n\u0131 xat\u0131rlad\u0131r: &#8220;\u018fvv\u0259la vur\u011fulayaq ki, etnik t\u0259mizl\u0259m\u0259ni t\u00f6r\u0259d\u0259n d\u00f6vl\u0259t&hellip;","_links":{"self":[{"href":"https:\/\/arantv.az\/index.php?rest_route=\/wp\/v2\/posts\/781353"}],"collection":[{"href":"https:\/\/arantv.az\/index.php?rest_route=\/wp\/v2\/posts"}],"about":[{"href":"https:\/\/arantv.az\/index.php?rest_route=\/wp\/v2\/types\/post"}],"author":[{"embeddable":true,"href":"https:\/\/arantv.az\/index.php?rest_route=\/wp\/v2\/users\/2"}],"replies":[{"embeddable":true,"href":"https:\/\/arantv.az\/index.php?rest_route=%2Fwp%2Fv2%2Fcomments&post=781353"}],"version-history":[{"count":1,"href":"https:\/\/arantv.az\/index.php?rest_route=\/wp\/v2\/posts\/781353\/revisions"}],"predecessor-version":[{"id":781355,"href":"https:\/\/arantv.az\/index.php?rest_route=\/wp\/v2\/posts\/781353\/revisions\/781355"}],"wp:featuredmedia":[{"embeddable":true,"href":"https:\/\/arantv.az\/index.php?rest_route=\/wp\/v2\/media\/781354"}],"wp:attachment":[{"href":"https:\/\/arantv.az\/index.php?rest_route=%2Fwp%2Fv2%2Fmedia&parent=781353"}],"wp:term":[{"taxonomy":"category","embeddable":true,"href":"https:\/\/arantv.az\/index.php?rest_route=%2Fwp%2Fv2%2Fcategories&post=781353"},{"taxonomy":"post_tag","embeddable":true,"href":"https:\/\/arantv.az\/index.php?rest_route=%2Fwp%2Fv2%2Ftags&post=781353"}],"curies":[{"name":"wp","href":"https:\/\/api.w.org\/{rel}","templated":true}]}}