{"id":781356,"date":"2025-01-16T11:59:23","date_gmt":"2025-01-16T07:59:23","guid":{"rendered":"https:\/\/arantv.az\/?p=781356"},"modified":"2025-01-16T11:59:23","modified_gmt":"2025-01-16T07:59:23","slug":"erm%c9%99nistan-konstitusiyasini-d%c9%99yism%c9%99y%c9%99-q%c9%99rar-verib-formal-yoxsa","status":"publish","type":"post","link":"https:\/\/arantv.az\/?p=781356","title":{"rendered":"Erm\u0259nistan konstitusiyas\u0131n\u0131 d\u0259yi\u015fm\u0259y\u0259 q\u0259rar verib &#8211; formal, yoxsa&#8230;"},"content":{"rendered":"<p><strong>R\u0259smi \u0130r\u0259van b\u0259han\u0259l\u0259rl\u0259 vaxt qazanma\u011fa \u00e7al\u0131\u015f\u0131r; Erm\u0259nistanda revan\u015fistl\u0259rin daha bir \u015fousu g\u00f6zl\u0259nilir<\/strong><\/p>\n<p><em>S\u00fclh m\u00fcqavil\u0259sinin imzalanmas\u0131na ba\u015fl\u0131ca amil Erm\u0259nistan Konstitusiyas\u0131nda Az\u0259rbaycana v\u0259 T\u00fcrkiy\u0259y\u0259 qar\u015f\u0131 torpaq iddialar\u0131n\u0131n olmas\u0131d\u0131r. Az\u0259rbaycan r\u0259smi olaraq b\u0259yan edib ki, bu i\u015f\u011fal\u00e7\u0131l\u0131q siyas\u0259tini ehtiva ed\u0259n b\u0259ndl\u0259r konstitusiyadan \u00e7\u0131xar\u0131lmayanad\u0259k s\u00fclh m\u00fcqavil\u0259sinin imzalanmas\u0131 real deyil.<\/em><\/p>\n<p>Az\u0259rbaycan Prezidenti s\u00fclh s\u0259n\u0259dinin imzalanmas\u0131 \u00fc\u00e7\u00fcn \u0259sas \u015f\u0259rtl\u0259rd\u0259n birincisi olaraq Erm\u0259nistan Konstitusiyas\u0131n\u0131n d\u0259yi\u015fdirilm\u0259si t\u0259l\u0259bini ir\u0259li s\u00fcr\u00fcb. Prinsipial m\u00f6vqe ondan ibar\u0259tdir ki, Erm\u0259nistan Konstitusiyas\u0131ndan \u00f6lk\u0259miz\u0259 qar\u015f\u0131 \u0259razi iddialar\u0131 \u00e7\u0131xar\u0131lmay\u0131nca, s\u00fclh sazi\u015finin imzalanmas\u0131 m\u00fcmk\u00fcn deyil. \u018fslind\u0259 bu, tamamil\u0259 m\u0259ntiq\u0259 v\u0259 beyn\u0259lxalq h\u00fcquqa \u0259saslanan m\u00f6vqedir. Bir \u00f6lk\u0259nin \u0259sas qanununda dig\u0259r \u00f6lk\u0259y\u0259 v\u0259 yaxud \u00f6lk\u0259l\u0259r\u0259 qar\u015f\u0131 \u0259razi iddias\u0131 \u0259ksini tapd\u0131\u011f\u0131 halda, nec\u0259 normal m\u00fcnasib\u0259tl\u0259r qurula bil\u0259r? \u0130ndiki halda Erm\u0259nistan h\u0259m s\u00fclh imzalamaq ist\u0259diyi Az\u0259rbaycana, h\u0259m d\u0259 s\u0259rh\u0259d qap\u0131lar\u0131n\u0131 a\u00e7maq \u00fc\u00e7\u00fcn c\u0259hd g\u00f6st\u0259rdiyi T\u00fcrkiy\u0259y\u0259 qar\u015f\u0131 \u0259razi iddialar\u0131 ir\u0259li s\u00fcr\u00fcr. Bel\u0259 oldu\u011fu halda normal \u0259m\u0259kda\u015fl\u0131qdan s\u00f6hb\u0259t ged\u0259 bilm\u0259z. Erm\u0259nistan r\u0259smil\u0259rinin vaxta\u015f\u0131r\u0131 konstitusiya m\u00f6vzusunda ziddiyy\u0259tli a\u00e7\u0131qlamalar verm\u0259si, yaxud Konstitusiya M\u0259hk\u0259m\u0259sinin q\u0259rar\u0131n\u0131 \u00f6n\u0259 \u00e7\u0259km\u0259y\u0259 \u00e7al\u0131\u015fmas\u0131 s\u00fclhd\u0259n boyun qa\u00e7\u0131rmaq v\u0259 vaxt uzatmaq c\u0259hdidir. D\u00fczd\u00fcr, Erm\u0259nistanda ab-hava normal q\u0259rar verm\u0259k \u00fc\u00e7\u00fcn ideal say\u0131la bilm\u0259z, bir s\u0131ra hallarda Nikol Pa\u015finyan\u0131n ehtiyatl\u0131 davranmas\u0131 anla\u015f\u0131lan say\u0131la bil\u0259r. Amma \u0259g\u0259r r\u0259smi \u0130r\u0259van do\u011frudan da s\u00fclh t\u0259r\u0259fdar\u0131d\u0131rsa, o halda qar\u015f\u0131s\u0131ndak\u0131 b\u00fct\u00fcn mane\u0259l\u0259ri adlay\u0131b, Az\u0259rbaycana v\u0259 T\u00fcrkiy\u0259y\u0259 \u0259l uzatmal\u0131d\u0131r.<\/p>\n<p><strong>Erm\u0259nistan c\u0259miyy\u0259tind\u0259 d\u0259 s\u00f6z\u00fcged\u0259n m\u0259s\u0259l\u0259 xeyli vaxtd\u0131r m\u00fczakir\u0259 olunur, amma onlar\u0131n indiy\u0259d\u0259k bu y\u00f6nd\u0259 i\u015fl\u0259ri yaln\u0131z manevrl\u0259r etm\u0259kd\u0259n ibar\u0259tdir. N\u00f6vb\u0259ti d\u0259f\u0259 bu m\u0259s\u0259l\u0259y\u0259 dair Erm\u0259nistan\u0131n \u0259dliyy\u0259 naziri Srbuhi Qalyan a\u00e7\u0131qlama verib. O, \u00f6lk\u0259 konstitusiyas\u0131n\u0131n d\u0259yi\u015fdiril\u0259c\u0259yini istisna etm\u0259yib. Nazir deyib ki, \u201cbizim v\u0259zif\u0259miz se\u00e7kil\u0259r\u0259 q\u0259d\u0259r yeni konstitusiyan\u0131n m\u0259tnin\u0259 sahib olmaqd\u0131r, bizim i\u015fimiz bu istiqam\u0259t\u0259 y\u00f6n\u0259ldilm\u0259lidir\u201d.<\/strong><\/p>\n<p>Xat\u0131rladaq ki, Nikol Pa\u015finyan h\u0259l\u0259 2024-c\u00fc ild\u0259 yeni konstitusiya layih\u0259si haz\u0131rlamaq \u00fc\u00e7\u00fcn komissiya yaratmaq bar\u0259d\u0259 s\u0259r\u0259ncam imzalam\u0131\u015fd\u0131. Bu y\u00f6nd\u0259 hans\u0131sa add\u0131mlar at\u0131lmas\u0131 is\u0259 b\u0259lli deyil. Amma erm\u0259ni nazirin a\u00e7\u0131qlamas\u0131n\u0131n ikinci hiss\u0259sind\u0259 Az\u0259rbaycan\u0131n Q\u0259rbi Az\u0259rbaycanla ba\u011fl\u0131 m\u00f6vqeyi d\u0259 xat\u0131rlad\u0131l\u0131r v\u0259 bununla da Bak\u0131n\u0131n \u015f\u0259rtinin icras\u0131n\u0131n m\u00fcmk\u00fcns\u00fcz olmas\u0131na i\u015far\u0259 edilir. K\u0259s\u0259si, Erm\u0259nistan hakimiyy\u0259ti q\u0259rbi az\u0259rbaycanl\u0131lar\u0131n t\u0259hl\u00fck\u0259siz qay\u0131d\u0131\u015f\u0131 m\u00f6vzusu il\u0259 konstitusiya d\u00fcz\u0259li\u015fl\u0259rini qar\u015f\u0131-qar\u015f\u0131ya qoyma\u011fa c\u0259hd edir. H\u0259r halda, suallar yaran\u0131r: Erm\u0259nistan a\u011f\u0131llan\u0131r, s\u00fclh\u0259 \u0259ng\u0259l olan m\u0259s\u0259l\u0259l\u0259ri ger\u00e7\u0259kd\u0259n aradan qald\u0131rma\u011fa haz\u0131rla\u015f\u0131r, yoxsa bu, vaxt udmaq \u00fc\u00e7\u00fcn n\u00f6vb\u0259ti manevrdir? M\u00fcsb\u0259t n\u0259tic\u0259 g\u00f6zl\u0259m\u0259y\u0259 d\u0259y\u0259rmi? Onlar konstitusiyan\u0131 formal d\u0259yi\u015f\u0259c\u0259k, yoxsa i\u015f\u011fal\u00e7\u0131l\u0131\u011f\u0131 ehtivar ed\u0259n b\u0259ndl\u0259r tamam y\u0131\u011f\u0131\u015fd\u0131r\u0131lacaq? Erm\u0259nistan\u0131n davran\u0131\u015flar\u0131 v\u0259 y\u00fcr\u00fctd\u00fcy\u00fc siyas\u0259t h\u0259l\u0259 d\u0259 m\u00fcsb\u0259t q\u0259na\u0259t\u0259 g\u0259lm\u0259y\u0259 imkan vermir. Yeri g\u0259lmi\u015fk\u0259n, Erm\u0259nistanda revan\u015fistl\u0259rin daha bir \u015fousu g\u00f6zl\u0259nilir. Bug\u00fcnl\u0259rd\u0259 ke\u015fi\u015f Baqrat Qalstanyan n\u00f6vb\u0259ti d\u0259f\u0259 meydan m\u00fcbariz\u0259sinin anonsunu verib. Bir s\u0131ra hallarda konstitusiyan\u0131 d\u0259yi\u015fdirm\u0259kd\u0259n boyun qa\u00e7\u0131ran Pa\u015finyan hakimiyy\u0259ti d\u0259 ke\u015fi\u015f h\u0259r\u0259kat\u0131n\u0131n f\u0259aliyy\u0259tind\u0259n b\u0259hr\u0259l\u0259nir. Pa\u015finyan prosesl\u0259ri 2027-ci il\u0259d\u0259k m\u0259hz bu \u015f\u0259rtl\u0259r alt\u0131nda apar\u0131b \u00e7\u0131xartma\u011fa \u00e7al\u0131\u015fd\u0131\u011f\u0131 \u00fc\u00e7\u00fcn meydan \u015foular\u0131na da \u015f\u0259rait yarad\u0131r.<\/p>\n<p>Bu arada, Rusiyadan s\u00fclh raz\u0131la\u015fmas\u0131 il\u0259 ba\u011fl\u0131 n\u00f6vb\u0259ti a\u00e7\u0131qlama g\u0259lib.<strong>\u00a0\u201cBiz ist\u0259r-ist\u0259m\u0259z n\u0259 vaxtsa Rusiyan\u0131n indi dan\u0131\u015fd\u0131qlar\u0131na g\u0259l\u0259c\u0259yik: C\u0259nubi Qafqaz \u00f6lk\u0259l\u0259ri b\u00fct\u00fcn probleml\u0259rini yax\u0131n qon\u015fular\u0131 il\u0259 h\u0259ll etm\u0259lidir\u201d.<\/strong>\u00a0Bunu Sergey Lavrov deyib. Sitat: \u201cB\u0259yan edirl\u0259r ki, A\u0130 missiyas\u0131 Erm\u0259nistan\u0131n Z\u0259ng\u0259zur (S\u00fcnik) b\u00f6lg\u0259sind\u0259 t\u0259hl\u00fck\u0259sizliyi t\u0259min ed\u0259c\u0259k, bu o q\u0259d\u0259r d\u0259 anla\u015f\u0131lan deyil. M\u0259hz buna g\u00f6r\u0259 d\u0259 3+3 C\u0259nubi Qafqaz \u00f6lk\u0259l\u0259ri v\u0259 onlar\u0131n qon\u015fular\u0131 mexanizminin yarad\u0131lmas\u0131 t\u0259\u015f\u0259bb\u00fcs\u00fc d\u0259st\u0259kl\u0259nib. D\u00fc\u015f\u00fcn\u00fcr\u0259m ki, bu, daha m\u0259hsuldar formatd\u0131r&#8221;.<\/p>\n<p>Lavrov Az\u0259rbaycanla Erm\u0259nistan aras\u0131nda s\u00fclh sazi\u015find\u0259n dan\u0131\u015fark\u0259n bildirib: \u201c\u0130ndi bel\u0259 g\u00f6r\u00fcn\u00fcr ki, Erm\u0259nistan v\u0259 Az\u0259rbaycan praktiki olaraq s\u00fclh m\u00fcqavil\u0259si il\u0259 ba\u011fl\u0131 raz\u0131l\u0131\u011fa g\u0259libl\u0259r v\u0259 ayd\u0131nd\u0131r ki, qalan iki m\u0259s\u0259l\u0259nin \u00fcst\u00fcnd\u0259n ke\u00e7m\u0259k \u00e7\u0259tindir. H\u0259ll etm\u0259k laz\u0131md\u0131r: ya h\u0259, ya da yox\u201d. Rusiya yenid\u0259n bu prosesd\u0259 t\u0259\u015f\u0259bb\u00fcs\u00fc \u0259l\u0259 almaq ist\u0259yir? Q\u0259rbin ruporuna \u00e7evril\u0259n Erm\u0259nistan\u0131n reaksiyas\u0131 nec\u0259 olacaq?<\/p>\n<p><img src=\"https:\/\/files.modern.az\/articles\/2024\/07\/18\/1721296991_ca11ca25-eab8-3c62-98e5-9d5c033ed0c8_850.jpg\" alt=\"Deputat Sahib Al\u0131yev se\u00e7ki dair\u0259sini d\u0259yi\u015fdi\" \/><\/p>\n<p><strong>\u00a0Sahib Al\u0131yev\u00a0<\/strong><\/p>\n<p><strong>Deputat Sahib Al\u0131yev \u201cYeni M\u00fcsavat\u201da a\u00e7\u0131qlamas\u0131nda bildirdi ki, Erm\u0259nistan\u0131n \u0259dliyy\u0259 nazirinin konstitusiyan\u0131n d\u0259yi\u015fm\u0259si haqda a\u00e7\u0131qlamas\u0131, ba\u015f nazirin s\u00f6z\u00e7\u00fcs\u00fcn\u00fcn bu yax\u0131nlarda Minsk Qrupunun burax\u0131lmas\u0131 m\u0259s\u0259l\u0259sini n\u0259z\u0259rd\u0259n ke\u00e7irdikl\u0259ri haqda dedikl\u0259rinin ba\u015fqa bir \u015f\u0259kild\u0259 t\u0259krar\u0131d\u0131r:<\/strong>\u00a0\u201cMaraql\u0131d\u0131r deyilmi, n\u0259d\u0259n konkretlikd\u0259n uzaq bu a\u00e7\u0131qlamalar\u0131 diqq\u0259t m\u0259rk\u0259zind\u0259 olmaq \u00fc\u00e7\u00fcn d\u0259rid\u0259n-qab\u0131qdan \u00e7\u0131xan Pa\u015finyan deyil, onun komandas\u0131ndak\u0131lar s\u0259sl\u0259ndirirl\u0259r? M\u0259nim fikrimc\u0259, onlar bununla h\u0259r hans\u0131 add\u0131m atma\u011fa yox, vaxt udma\u011fa \u00e7al\u0131\u015f\u0131rlar. G\u00f6zl\u0259yirl\u0259r ki, AB\u015e-\u0131n yeni se\u00e7ilmi\u015f prezidentinin bizi b\u00f6lg\u0259y\u0259 yana\u015fmada nec\u0259 bir siyas\u0259t yerid\u0259c\u0259yi tam b\u0259lli olsun. \u018fg\u0259r Tramp\u0131n komandas\u0131 da Baydeninki sayaq davransa, onda bu &#8220;n\u0259z\u0259rd\u0259n ke\u00e7irm\u0259&#8221;ni d\u0259, konstitusiyalar\u0131na d\u0259yi\u015fikliyi d\u0259 revan\u015fizm \u00fc\u00e7\u00fcn f\u00fcrs\u0259t \u00fcmidi il\u0259 uzatd\u0131qca uzatma\u011fa \u00e7al\u0131\u015facaqlar. \u018fslind\u0259 Pa\u015finyan \u201cQaraba\u011f Az\u0259rbaycand\u0131r\u201d dey\u0259nd\u0259n \u00e7ox, az sonra sonra Az\u0259rbaycan\u0131n haqq\u0131nda dan\u0131\u015fd\u0131\u011f\u0131m\u0131z h\u0259r iki t\u0259l\u0259bi yerin\u0259 yetirilm\u0259li idi. G\u00f6r\u00fcnd\u00fcy\u00fc kimi, yerin\u0259 yetirilm\u0259di. Bunun da iki s\u0259b\u0259bi var, birincisi Q\u0259rbd\u0259ki havadarlar\u0131 buna izn verm\u0259dil\u0259r, ikincisi, Pa\u015finyan \u00f6z\u00fc d\u0259 s\u00f6zd\u0259 \u201cQaraba\u011f Az\u0259rbaycand\u0131r\u201d des\u0259 d\u0259, niyy\u0259ti ba\u015fqad\u0131r&#8221;.<\/p>\n<p>Lavrovun 3+3 format\u0131 haqda dedikl\u0259rin\u0259 g\u0259ldikd\u0259, S.Al\u0131yev xat\u0131rlatd\u0131 ki, c\u0259nab Prezident yanvar\u0131n 8-d\u0259 \u0130ran\u0131n Milli T\u0259hl\u00fck\u0259sizlik \u00fczr\u0259 Ali \u015euras\u0131n\u0131n katibi \u018fli \u018fkb\u0259r \u018fhm\u0259dian\u0131 q\u0259bul ed\u0259rk\u0259n d\u0259 bildirdiyi kimi, bunun t\u0259\u015f\u0259bb\u00fcskar\u0131 m\u0259hz Az\u0259rbaycand\u0131r: \u201cS\u00f6zd\u0259 buna qar\u015f\u0131 \u00e7\u0131xmasa da, \u0259m\u0259ld\u0259 regiondak\u0131 probleml\u0259rin bu format \u00e7\u0259r\u00e7iv\u0259sind\u0259 h\u0259llini ist\u0259m\u0259y\u0259n el\u0259 h\u0259min \u0130ranla Rusiyan\u0131n indiy\u0259d\u0259k h\u0259r c\u00fcr d\u0259st\u0259k verdikl\u0259ri Erm\u0259nistand\u0131r. Rusiya il\u0259 \u0130ran 3+3 format\u0131n\u0131 t\u0259kc\u0259 Q\u0259rbin regionda m\u00f6hk\u0259ml\u0259nm\u0259sinin qar\u015f\u0131s\u0131n\u0131 almaq m\u0259qs\u0259dil\u0259 d\u0259st\u0259kl\u0259m\u0259yib, h\u0259m d\u0259 Az\u0259rbaycanla Erm\u0259nistan aras\u0131nda h\u0259qiq\u0259t\u0259n s\u00fclhd\u0259 maraql\u0131 olsayd\u0131lar, onda r\u0259smi \u0130r\u0259van\u0131n bu formata \u00fcst\u00fcnl\u00fck verm\u0259kd\u0259n ba\u015fqa yolu qalmayacaqd\u0131. \u00c7\u00fcnki Erm\u0259nistan\u0131n d\u00fcnyada \u0259n \u00e7ox as\u0131l\u0131 oldu\u011fu iki \u00f6lk\u0259 varsa, h\u0259l\u0259 d\u0259 onun biri Rusiya, dig\u0259ri \u0130rand\u0131r\u201d.<\/p>\n<p><img src=\"https:\/\/demokrat.az\/cdn\/uploadedfiles\/custom\/2023\/5\/18\/1\/e6d45e48-07f5-446e-9d98-51e810a455a3\/tural-ismayilov.jpg\" alt=\"Tural \u0130smay\u0131lov: \u201cD\u00f6vl\u0259t Suverinliyinin t\u0259sis edilm\u0259si h\u0259m dosta, h\u0259m d\u0259  d\u00fc\u015fm\u0259n\u0259 bir mesajd\u0131r\u201d:\" \/><\/p>\n<p><strong>Tural \u0130smay\u0131lov<\/strong><\/p>\n<p><strong>Sosial T\u0259dqiqatlar M\u0259rk\u0259zinin ba\u015f m\u00fct\u0259x\u0259ssisi, politoloq Tural \u0130smay\u0131lov qeyd etdi ki, Erm\u0259nistan, \u00fcmumiyy\u0259tl\u0259, s\u00fclh dan\u0131\u015f\u0131qlar\u0131 davam ed\u0259n zaman Az\u0259rbaycan\u0131n \u0259leyhin\u0259 m\u00fcxt\u0259lif t\u0259xribatlar t\u00f6r\u0259dib:<\/strong>\u00a0\u201cBundan \u00f6nc\u0259 Br\u00fcssel v\u0259 Va\u015finqton g\u00f6r\u00fc\u015fl\u0259rind\u0259 d\u0259 Erm\u0259nistan \u00e7oxsayl\u0131 t\u0259xribatlara \u0259l atd\u0131. Yen\u0259 g\u00f6r\u00fcr\u00fck ki, Erm\u0259nistan t\u0259r\u0259find\u0259n \u00f6lk\u0259miz\u0259 qar\u015f\u0131 \u00e7irkin h\u00fccumlar h\u0259yata ke\u00e7irilir. Bu g\u00fcn \u00f6z\u0259llikl\u0259 AB\u015e v\u0259 Fransan\u0131n patronajl\u0131\u011f\u0131 alt\u0131nda Q\u0259rbin neoimperialist \u015f\u0259b\u0259k\u0259l\u0259ri Az\u0259rbaycan v\u0259 Erm\u0259nistan aras\u0131nda formala\u015fa bil\u0259c\u0259k s\u00fclh m\u00fchitind\u0259n ciddi \u015f\u0259kild\u0259 narahatd\u0131r. C\u0259nubi Qafqaz regionunda sabitlik v\u0259 s\u00fclh\u00fcn \u0259ld\u0259 edilm\u0259si prosesini blok etm\u0259k \u00fc\u00e7\u00fcn \u0259ll\u0259rind\u0259n g\u0259l\u0259ni edirl\u0259r. \u018fvv\u0259la, ham\u0131ya b\u0259llidir ki, bu g\u00fcn Erm\u0259nistan \u0259razil\u0259rind\u0259 hans\u0131sa Avropa \u0130ttifaq\u0131n\u0131n m\u00fclki missiyas\u0131ndan s\u00f6hb\u0259t getmir. Bu qurumun missiyas\u0131n\u0131n ad\u0131ndak\u0131 m\u00fclkilik m\u0259s\u0259l\u0259si regionu qar\u0131\u015fd\u0131rmaq ist\u0259y\u0259n q\u00fcvv\u0259l\u0259rin \u00e7irkin siyasi niyy\u0259tl\u0259rini p\u0259rd\u0259l\u0259m\u0259k \u00fc\u00e7\u00fcn istifad\u0259 edilir\u201d. T.\u0130smay\u0131lov bildirdi ki, eyni zamanda Rusiya r\u0259smil\u0259rinin d\u0259 a\u00e7\u0131qlad\u0131\u011f\u0131 kimi, bu g\u00fcn Erm\u0259nistan \u0259razil\u0259rind\u0259 Avropa \u0130ttifaq\u0131n\u0131n m\u00fclki missiya ad\u0131 alt\u0131nda Az\u0259rbaycan, T\u00fcrkiy\u0259, Rusiya v\u0259 \u0130ran \u0259leyhin\u0259 pozucu k\u0259\u015ffiyyat f\u0259aliyy\u0259ti h\u0259yata ke\u00e7irilir: \u201c\u018fslind\u0259 Erm\u0259nistan uzun m\u00fcdd\u0259tdir ki, Avropa \u0130ttifaq\u0131n\u0131n missiyas\u0131 il\u0259 manipulyasiya edir. Lakin fakitiki olaraq Erm\u0259nistan parlamentinin Avropa \u0130ttifaq\u0131n\u0131n bu \u00f6lk\u0259d\u0259ki uzunm\u00fcdd\u0259tli missiyas\u0131n\u0131 indi ratifikasiya etm\u0259si m\u0259nfur qon\u015fumuzun \u00e7irkin niyy\u0259tl\u0259rini ortaya qoymu\u015f olur. Eyni zamanda Avropa \u0130ttifaq\u0131 v\u0259 AB\u015e-\u0131n Erm\u0259nistanla hans\u0131sa \u00fc\u00e7t\u0259r\u0259fli g\u00f6r\u00fc\u015fl\u0259r ke\u00e7irm\u0259si bu \u00f6lk\u0259y\u0259 d\u0259st\u0259k verm\u0259kl\u0259 ba\u011fl\u0131 m\u00fc\u0259yy\u0259n sazi\u015fl\u0259rin imzalanmas\u0131 faktoru C\u0259nubi Qafqaz\u0131 t\u0259hdid edir. Rusiya da Erm\u0259nistana laz\u0131m olan t\u0259sirl\u0259ri ed\u0259 bilmir ya da etmir. Rusiya h\u0259l\u0259 d\u0259 10 noyabr b\u0259yanat\u0131n\u0131 praktiki i\u015fl\u0259k etm\u0259k v\u0259 Z\u0259ng\u0259zur d\u0259hlizi \u0259leyhin\u0259 Erm\u0259nistandak\u0131 g\u00fcruhu dayand\u0131rma\u011f\u0131 bacarm\u0131r. Bunlar is\u0259 ciddi suallar da do\u011furur\u201d.<\/p>\n","protected":false},"excerpt":{"rendered":"<p>R\u0259smi \u0130r\u0259van b\u0259han\u0259l\u0259rl\u0259 vaxt qazanma\u011fa \u00e7al\u0131\u015f\u0131r; Erm\u0259nistanda revan\u015fistl\u0259rin daha bir \u015fousu g\u00f6zl\u0259nilir S\u00fclh m\u00fcqavil\u0259sinin imzalanmas\u0131na ba\u015fl\u0131ca amil Erm\u0259nistan Konstitusiyas\u0131nda Az\u0259rbaycana v\u0259 T\u00fcrkiy\u0259y\u0259 qar\u015f\u0131 torpaq iddialar\u0131n\u0131n olmas\u0131d\u0131r. Az\u0259rbaycan r\u0259smi olaraq b\u0259yan edib ki, bu i\u015f\u011fal\u00e7\u0131l\u0131q siyas\u0259tini ehtiva ed\u0259n b\u0259ndl\u0259r konstitusiyadan \u00e7\u0131xar\u0131lmayanad\u0259k s\u00fclh m\u00fcqavil\u0259sinin imzalanmas\u0131 real deyil. Az\u0259rbaycan Prezidenti s\u00fclh s\u0259n\u0259dinin imzalanmas\u0131 \u00fc\u00e7\u00fcn \u0259sas \u015f\u0259rtl\u0259rd\u0259n birincisi olaraq Erm\u0259nistan Konstitusiyas\u0131n\u0131n d\u0259yi\u015fdirilm\u0259si t\u0259l\u0259bini ir\u0259li s\u00fcr\u00fcb. Prinsipial m\u00f6vqe ondan ibar\u0259tdir ki, Erm\u0259nistan Konstitusiyas\u0131ndan \u00f6lk\u0259miz\u0259 qar\u015f\u0131 \u0259razi iddialar\u0131 \u00e7\u0131xar\u0131lmay\u0131nca, s\u00fclh sazi\u015finin imzalanmas\u0131 m\u00fcmk\u00fcn deyil. \u018fslind\u0259 bu, tamamil\u0259 m\u0259ntiq\u0259 v\u0259 beyn\u0259lxalq h\u00fcquqa \u0259saslanan m\u00f6vqedir. Bir \u00f6lk\u0259nin \u0259sas&hellip;<\/p>\n","protected":false},"author":2,"featured_media":781357,"comment_status":"closed","ping_status":"closed","sticky":false,"template":"","format":"standard","meta":{"om_disable_all_campaigns":false,"_monsterinsights_skip_tracking":false,"_monsterinsights_sitenote_active":false,"_monsterinsights_sitenote_note":"","_monsterinsights_sitenote_category":0},"categories":[4],"tags":[],"aioseo_notices":[],"gutentor_comment":0,"rttpg_featured_image_url":{"full":["https:\/\/arantv.az\/wp-content\/uploads\/2025\/01\/7dc7f04b158df8bf16f8a5f08fb05ead.jpg",800,364,false],"landscape":["https:\/\/arantv.az\/wp-content\/uploads\/2025\/01\/7dc7f04b158df8bf16f8a5f08fb05ead.jpg",800,364,false],"portraits":["https:\/\/arantv.az\/wp-content\/uploads\/2025\/01\/7dc7f04b158df8bf16f8a5f08fb05ead.jpg",800,364,false],"thumbnail":["https:\/\/arantv.az\/wp-content\/uploads\/2025\/01\/7dc7f04b158df8bf16f8a5f08fb05ead-500x280.jpg",500,280,true],"medium":["https:\/\/arantv.az\/wp-content\/uploads\/2025\/01\/7dc7f04b158df8bf16f8a5f08fb05ead-660x300.jpg",660,300,true],"large":["https:\/\/arantv.az\/wp-content\/uploads\/2025\/01\/7dc7f04b158df8bf16f8a5f08fb05ead.jpg",640,291,false],"1536x1536":["https:\/\/arantv.az\/wp-content\/uploads\/2025\/01\/7dc7f04b158df8bf16f8a5f08fb05ead.jpg",800,364,false],"2048x2048":["https:\/\/arantv.az\/wp-content\/uploads\/2025\/01\/7dc7f04b158df8bf16f8a5f08fb05ead.jpg",800,364,false],"post-thumbnail":["https:\/\/arantv.az\/wp-content\/uploads\/2025\/01\/7dc7f04b158df8bf16f8a5f08fb05ead-240x172.jpg",240,172,true],"advps-thumb-one":["https:\/\/arantv.az\/wp-content\/uploads\/2025\/01\/7dc7f04b158df8bf16f8a5f08fb05ead.jpg",800,364,false]},"rttpg_author":{"display_name":"V\u00fcsal Rafiqo\u011flu","author_link":"https:\/\/arantv.az\/?author=2"},"rttpg_comment":0,"rttpg_category":"<a href=\"https:\/\/arantv.az\/?cat=4\" rel=\"category\">Siyas\u0259t<\/a>","rttpg_excerpt":"R\u0259smi \u0130r\u0259van b\u0259han\u0259l\u0259rl\u0259 vaxt qazanma\u011fa \u00e7al\u0131\u015f\u0131r; Erm\u0259nistanda revan\u015fistl\u0259rin daha bir \u015fousu g\u00f6zl\u0259nilir S\u00fclh m\u00fcqavil\u0259sinin imzalanmas\u0131na ba\u015fl\u0131ca amil Erm\u0259nistan Konstitusiyas\u0131nda Az\u0259rbaycana v\u0259 T\u00fcrkiy\u0259y\u0259 qar\u015f\u0131 torpaq iddialar\u0131n\u0131n olmas\u0131d\u0131r. Az\u0259rbaycan r\u0259smi olaraq b\u0259yan edib ki, bu i\u015f\u011fal\u00e7\u0131l\u0131q siyas\u0259tini ehtiva ed\u0259n b\u0259ndl\u0259r konstitusiyadan \u00e7\u0131xar\u0131lmayanad\u0259k s\u00fclh m\u00fcqavil\u0259sinin imzalanmas\u0131 real deyil. Az\u0259rbaycan Prezidenti s\u00fclh s\u0259n\u0259dinin imzalanmas\u0131 \u00fc\u00e7\u00fcn \u0259sas \u015f\u0259rtl\u0259rd\u0259n birincisi olaraq&hellip;","_links":{"self":[{"href":"https:\/\/arantv.az\/index.php?rest_route=\/wp\/v2\/posts\/781356"}],"collection":[{"href":"https:\/\/arantv.az\/index.php?rest_route=\/wp\/v2\/posts"}],"about":[{"href":"https:\/\/arantv.az\/index.php?rest_route=\/wp\/v2\/types\/post"}],"author":[{"embeddable":true,"href":"https:\/\/arantv.az\/index.php?rest_route=\/wp\/v2\/users\/2"}],"replies":[{"embeddable":true,"href":"https:\/\/arantv.az\/index.php?rest_route=%2Fwp%2Fv2%2Fcomments&post=781356"}],"version-history":[{"count":1,"href":"https:\/\/arantv.az\/index.php?rest_route=\/wp\/v2\/posts\/781356\/revisions"}],"predecessor-version":[{"id":781358,"href":"https:\/\/arantv.az\/index.php?rest_route=\/wp\/v2\/posts\/781356\/revisions\/781358"}],"wp:featuredmedia":[{"embeddable":true,"href":"https:\/\/arantv.az\/index.php?rest_route=\/wp\/v2\/media\/781357"}],"wp:attachment":[{"href":"https:\/\/arantv.az\/index.php?rest_route=%2Fwp%2Fv2%2Fmedia&parent=781356"}],"wp:term":[{"taxonomy":"category","embeddable":true,"href":"https:\/\/arantv.az\/index.php?rest_route=%2Fwp%2Fv2%2Fcategories&post=781356"},{"taxonomy":"post_tag","embeddable":true,"href":"https:\/\/arantv.az\/index.php?rest_route=%2Fwp%2Fv2%2Ftags&post=781356"}],"curies":[{"name":"wp","href":"https:\/\/api.w.org\/{rel}","templated":true}]}}