{"id":781362,"date":"2025-01-16T12:01:11","date_gmt":"2025-01-16T08:01:11","guid":{"rendered":"https:\/\/arantv.az\/?p=781362"},"modified":"2025-01-16T12:01:11","modified_gmt":"2025-01-16T08:01:11","slug":"son-ill%c9%99rd%c9%99-reabilitasiya-xidm%c9%99ti-gost%c9%99ril%c9%99nl%c9%99rin-illik-sayi-104-d%c9%99f%c9%99-artib","status":"publish","type":"post","link":"https:\/\/arantv.az\/?p=781362","title":{"rendered":"Son ill\u0259rd\u0259 reabilitasiya xidm\u0259ti g\u00f6st\u0259ril\u0259nl\u0259rin illik say\u0131 10,4 d\u0259f\u0259 art\u0131b"},"content":{"rendered":"<p>Prezident \u0130lham \u018fliyevin tap\u015f\u0131r\u0131qlar\u0131 \u0259sas\u0131nda \u018fm\u0259k v\u0259 \u018fhalinin Sosial M\u00fcdafi\u0259si Nazirliyi t\u0259r\u0259find\u0259n son ill\u0259r apar\u0131lan sosial islahatlar\u0131n m\u00fch\u00fcm bir istiqam\u0259ti d\u0259 \u0259lilliyi olan \u015f\u0259xsl\u0259rin reabilitasiyas\u0131 sah\u0259sini \u0259hat\u0259 edib.<\/p>\n<p>Nazirliyin \u0130ctimaiyy\u0259tl\u0259 \u0259laq\u0259l\u0259r \u015f\u00f6b\u0259sind\u0259n\u00a0<a class=\"azertac-link\" href=\"https:\/\/azertag.az\/\" target=\"_blank\" rel=\"noopener\">AZ\u018fRTAC<\/a>-a veril\u0259n m\u0259lumata g\u00f6r\u0259, \u00f6lk\u0259mizd\u0259 m\u00fcasir reabilitasiya sistemi qurulmaqla, yeni reabilitasiya m\u0259rk\u0259zl\u0259ri a\u00e7\u0131l\u0131b. Xidm\u0259tl\u0259r spektri qabaqc\u0131l d\u00fcnya t\u0259cr\u00fcb\u0259sin\u0259 uy\u011fun yeni istiqam\u0259tl\u0259r \u00fczr\u0259 xeyli geni\u015fl\u0259ndirilib. Habel\u0259 icma \u0259sasl\u0131, telereabilitasiya, s\u0259yyar formalarda da reabilitasiya xidm\u0259tl\u0259rinin t\u0259tbiqin\u0259 ba\u015flan\u0131b.<\/p>\n<p>G\u00f6r\u00fcl\u0259n h\u0259min t\u0259dbirl\u0259r n\u0259tic\u0259sind\u0259 reabilitasiya xidm\u0259ti g\u00f6st\u0259ril\u0259n \u0259lilliyi olan \u015f\u0259xsl\u0259rin illik say\u0131 2018-ci ild\u0259ki 11,9 mind\u0259n 10,4 d\u0259f\u0259 artaraq 2024-c\u00fc ild\u0259 123,3 min\u0259 \u00e7at\u0131b.<\/p>\n<p>Eyni zamanda, \u0259lilliyi olan \u015f\u0259xsl\u0259rin reabilitasiya vasit\u0259l\u0259ri il\u0259 t\u0259minat\u0131 g\u00fccl\u0259ndirilib. Onlara d\u00f6vl\u0259t b\u00fcdc\u0259si hesab\u0131na veril\u0259n reabilitasiya vasit\u0259l\u0259ri n\u00f6vl\u0259rinin say\u0131 4 d\u0259f\u0259y\u0259d\u0259k art\u0131r\u0131laraq 34-d\u0259n 130-a \u00e7atd\u0131r\u0131l\u0131b.<\/p>\n<p>H\u0259min d\u00f6vrd\u0259 \u0259lilliyi olan \u015f\u0259xsl\u0259r\u0259 t\u0259qdim edil\u0259n reabilitasiya vasit\u0259l\u0259rinin illik say\u0131 2,7 d\u0259f\u0259 artaraq 97 min\u0259 \u00e7at\u0131b.<\/p>\n","protected":false},"excerpt":{"rendered":"<p>Prezident \u0130lham \u018fliyevin tap\u015f\u0131r\u0131qlar\u0131 \u0259sas\u0131nda \u018fm\u0259k v\u0259 \u018fhalinin Sosial M\u00fcdafi\u0259si Nazirliyi t\u0259r\u0259find\u0259n son ill\u0259r apar\u0131lan sosial islahatlar\u0131n m\u00fch\u00fcm bir istiqam\u0259ti d\u0259 \u0259lilliyi olan \u015f\u0259xsl\u0259rin reabilitasiyas\u0131 sah\u0259sini \u0259hat\u0259 edib. Nazirliyin \u0130ctimaiyy\u0259tl\u0259 \u0259laq\u0259l\u0259r \u015f\u00f6b\u0259sind\u0259n\u00a0AZ\u018fRTAC-a veril\u0259n m\u0259lumata g\u00f6r\u0259, \u00f6lk\u0259mizd\u0259 m\u00fcasir reabilitasiya sistemi qurulmaqla, yeni reabilitasiya m\u0259rk\u0259zl\u0259ri a\u00e7\u0131l\u0131b. Xidm\u0259tl\u0259r spektri qabaqc\u0131l d\u00fcnya t\u0259cr\u00fcb\u0259sin\u0259 uy\u011fun yeni istiqam\u0259tl\u0259r \u00fczr\u0259 xeyli geni\u015fl\u0259ndirilib. Habel\u0259 icma \u0259sasl\u0131, telereabilitasiya, s\u0259yyar formalarda da reabilitasiya xidm\u0259tl\u0259rinin t\u0259tbiqin\u0259 ba\u015flan\u0131b. G\u00f6r\u00fcl\u0259n h\u0259min t\u0259dbirl\u0259r n\u0259tic\u0259sind\u0259 reabilitasiya xidm\u0259ti g\u00f6st\u0259ril\u0259n \u0259lilliyi olan \u015f\u0259xsl\u0259rin illik say\u0131 2018-ci ild\u0259ki 11,9 mind\u0259n 10,4 d\u0259f\u0259 artaraq 2024-c\u00fc ild\u0259 123,3 min\u0259 \u00e7at\u0131b.&hellip;<\/p>\n","protected":false},"author":2,"featured_media":781363,"comment_status":"closed","ping_status":"closed","sticky":false,"template":"","format":"standard","meta":{"om_disable_all_campaigns":false,"_monsterinsights_skip_tracking":false,"_monsterinsights_sitenote_active":false,"_monsterinsights_sitenote_note":"","_monsterinsights_sitenote_category":0},"categories":[1],"tags":[],"aioseo_notices":[],"gutentor_comment":0,"rttpg_featured_image_url":{"full":["https:\/\/arantv.az\/wp-content\/uploads\/2025\/01\/17370134495815718674_1200x630.jpg",923,630,false],"landscape":["https:\/\/arantv.az\/wp-content\/uploads\/2025\/01\/17370134495815718674_1200x630.jpg",923,630,false],"portraits":["https:\/\/arantv.az\/wp-content\/uploads\/2025\/01\/17370134495815718674_1200x630.jpg",923,630,false],"thumbnail":["https:\/\/arantv.az\/wp-content\/uploads\/2025\/01\/17370134495815718674_1200x630-500x280.jpg",500,280,true],"medium":["https:\/\/arantv.az\/wp-content\/uploads\/2025\/01\/17370134495815718674_1200x630-535x365.jpg",535,365,true],"large":["https:\/\/arantv.az\/wp-content\/uploads\/2025\/01\/17370134495815718674_1200x630-840x573.jpg",640,437,true],"1536x1536":["https:\/\/arantv.az\/wp-content\/uploads\/2025\/01\/17370134495815718674_1200x630.jpg",923,630,false],"2048x2048":["https:\/\/arantv.az\/wp-content\/uploads\/2025\/01\/17370134495815718674_1200x630.jpg",923,630,false],"post-thumbnail":["https:\/\/arantv.az\/wp-content\/uploads\/2025\/01\/17370134495815718674_1200x630-240x172.jpg",240,172,true],"advps-thumb-one":["https:\/\/arantv.az\/wp-content\/uploads\/2025\/01\/17370134495815718674_1200x630-923x620.jpg",923,620,true]},"rttpg_author":{"display_name":"V\u00fcsal Rafiqo\u011flu","author_link":"https:\/\/arantv.az\/?author=2"},"rttpg_comment":0,"rttpg_category":"<a href=\"https:\/\/arantv.az\/?cat=1\" rel=\"category\">C\u0259miyy\u0259t<\/a>","rttpg_excerpt":"Prezident \u0130lham \u018fliyevin tap\u015f\u0131r\u0131qlar\u0131 \u0259sas\u0131nda \u018fm\u0259k v\u0259 \u018fhalinin Sosial M\u00fcdafi\u0259si Nazirliyi t\u0259r\u0259find\u0259n son ill\u0259r apar\u0131lan sosial islahatlar\u0131n m\u00fch\u00fcm bir istiqam\u0259ti d\u0259 \u0259lilliyi olan \u015f\u0259xsl\u0259rin reabilitasiyas\u0131 sah\u0259sini \u0259hat\u0259 edib. Nazirliyin \u0130ctimaiyy\u0259tl\u0259 \u0259laq\u0259l\u0259r \u015f\u00f6b\u0259sind\u0259n\u00a0AZ\u018fRTAC-a veril\u0259n m\u0259lumata g\u00f6r\u0259, \u00f6lk\u0259mizd\u0259 m\u00fcasir reabilitasiya sistemi qurulmaqla, yeni reabilitasiya m\u0259rk\u0259zl\u0259ri a\u00e7\u0131l\u0131b. Xidm\u0259tl\u0259r spektri qabaqc\u0131l d\u00fcnya t\u0259cr\u00fcb\u0259sin\u0259 uy\u011fun yeni istiqam\u0259tl\u0259r \u00fczr\u0259 xeyli geni\u015fl\u0259ndirilib.&hellip;","_links":{"self":[{"href":"https:\/\/arantv.az\/index.php?rest_route=\/wp\/v2\/posts\/781362"}],"collection":[{"href":"https:\/\/arantv.az\/index.php?rest_route=\/wp\/v2\/posts"}],"about":[{"href":"https:\/\/arantv.az\/index.php?rest_route=\/wp\/v2\/types\/post"}],"author":[{"embeddable":true,"href":"https:\/\/arantv.az\/index.php?rest_route=\/wp\/v2\/users\/2"}],"replies":[{"embeddable":true,"href":"https:\/\/arantv.az\/index.php?rest_route=%2Fwp%2Fv2%2Fcomments&post=781362"}],"version-history":[{"count":1,"href":"https:\/\/arantv.az\/index.php?rest_route=\/wp\/v2\/posts\/781362\/revisions"}],"predecessor-version":[{"id":781364,"href":"https:\/\/arantv.az\/index.php?rest_route=\/wp\/v2\/posts\/781362\/revisions\/781364"}],"wp:featuredmedia":[{"embeddable":true,"href":"https:\/\/arantv.az\/index.php?rest_route=\/wp\/v2\/media\/781363"}],"wp:attachment":[{"href":"https:\/\/arantv.az\/index.php?rest_route=%2Fwp%2Fv2%2Fmedia&parent=781362"}],"wp:term":[{"taxonomy":"category","embeddable":true,"href":"https:\/\/arantv.az\/index.php?rest_route=%2Fwp%2Fv2%2Fcategories&post=781362"},{"taxonomy":"post_tag","embeddable":true,"href":"https:\/\/arantv.az\/index.php?rest_route=%2Fwp%2Fv2%2Ftags&post=781362"}],"curies":[{"name":"wp","href":"https:\/\/api.w.org\/{rel}","templated":true}]}}