{"id":781414,"date":"2025-01-16T13:20:37","date_gmt":"2025-01-16T09:20:37","guid":{"rendered":"https:\/\/arantv.az\/?p=781414"},"modified":"2025-01-16T13:20:37","modified_gmt":"2025-01-16T09:20:37","slug":"qanli-20-yanvar-faci%c9%99si","status":"publish","type":"post","link":"https:\/\/arantv.az\/?p=781414","title":{"rendered":"Qanl\u0131 20 Yanvar faci\u0259si"},"content":{"rendered":"<p>20 Yanvar 1990-c\u0131 il Az\u0259rbaycan\u0131n m\u00fcst\u0259qillik tarixin\u0259 qanla yaz\u0131lm\u0131\u015f bir s\u0259hif\u0259dir. Bu g\u00fcn, h\u0259m faci\u0259, h\u0259m d\u0259 q\u0259hr\u0259manl\u0131q n\u00fcmun\u0259si kimi xalq\u0131m\u0131z\u0131n yadda\u015f\u0131nda \u0259b\u0259di ya\u015fayacaq. H\u0259min g\u00fcn Az\u0259rbaycan\u0131n azadl\u0131q m\u00fcbariz\u0259sin\u0259 qara buludlar \u00e7\u00f6kd\u00fc, lakin xalq\u0131n irad\u0259si v\u0259 birliyi bu qaranl\u0131\u011f\u0131 ayd\u0131nl\u0131\u011fa \u00e7evirdi<\/p>\n<p>1988-ci ild\u0259 erm\u0259nil\u0259n t\u0259cav\u00fcz\u00fc n\u0259tic\u0259sind\u0259 alovlanan qondarma Qaraba\u011f problemi v\u0259 erm\u0259ni separatizmin\u0259 qar\u015f\u0131 Az\u0259rbaycan xalq\u0131n\u0131n m\u00fcbariz\u0259si sovet hakimiyy\u0259tinin s\u0259rt reaksiyas\u0131na s\u0259b\u0259b oldu. 1990-c\u0131 ilin yanvar\u0131nda Sovet \u0130ttifaq\u0131n\u0131n qo\u015funlar\u0131 Bak\u0131ya yeridil\u0259r\u0259k g\u00fcnahs\u0131z insanlara qar\u015f\u0131 silahl\u0131 h\u00fccumlar t\u0259\u015fkil etdi. Bu h\u00fccumlar n\u0259tic\u0259sind\u0259 y\u00fczl\u0259rl\u0259 insan h\u0259yat\u0131n\u0131 itirdi, yaraland\u0131 v\u0259 h\u0259bs edildi. Lakin bu qanl\u0131 hadis\u0259 xalq\u0131n azadl\u0131q arzusunu bo\u011fa bilm\u0259di.<\/p>\n<p>20 Yanvar hadis\u0259si t\u0259kc\u0259 bir faci\u0259 deyil, h\u0259m d\u0259 milli ruhun oyan\u0131\u015f\u0131 oldu. Az\u0259rbaycan xalq\u0131 h\u0259min g\u00fcn bir daha s\u00fcbut etdi ki, azadl\u0131q u\u011frunda h\u0259r c\u00fcr \u00e7\u0259tinlikl\u0259r\u0259 d\u00f6zm\u0259y\u0259 haz\u0131rd\u0131r. \u015e\u0259hidl\u0259rin qan\u0131 il\u0259 suvar\u0131lm\u0131\u015f bu torpaq sonradan m\u00fcst\u0259qillik yolunda bir bayra\u011fa \u00e7evrildi.<\/p>\n<p>Bu g\u00fcn 20 Yanvar \u015f\u0259hidl\u0259rinin \u0259ziz xatir\u0259si h\u0259r il an\u0131l\u0131r, onlar\u0131n q\u0259hr\u0259manl\u0131\u011f\u0131 d\u0259rin h\u00f6rm\u0259tl\u0259 yad edilir. \u015e\u0259hidl\u0259r Xiyaban\u0131 xalq\u0131m\u0131z\u0131n q\u00fcrur m\u0259kan\u0131d\u0131r v\u0259 onlar\u0131n ruhu qar\u015f\u0131s\u0131nda ba\u015f \u0259y\u0259r\u0259k, m\u00fcst\u0259qil Az\u0259rbaycan\u0131n qurulmas\u0131nda onlar\u0131n verdiyi t\u00f6hf\u0259ni unutmuruq.<\/p>\n<p>20 Yanvar faci\u0259si h\u0259m d\u0259 g\u0259l\u0259c\u0259k n\u0259sill\u0259r\u0259 bir d\u0259rsdir. Bu hadis\u0259 biz\u0259 azadl\u0131q v\u0259 m\u00fcst\u0259qillik u\u011frunda m\u00fcbariz\u0259nin n\u0259 q\u0259d\u0259r d\u0259y\u0259rli oldu\u011funu xat\u0131rlad\u0131r. \u015e\u0259hidl\u0259rin ruhu qar\u015f\u0131s\u0131nda borcumuz onlar\u0131n ideallar\u0131n\u0131 ya\u015fatmaq v\u0259 Az\u0259rbaycan\u0131 daha g\u00fccl\u00fc v\u0259 m\u00fcst\u0259qil g\u00f6rm\u0259kdir.<\/p>\n<p>Qanla yaz\u0131lm\u0131\u015f bu tarix xalq\u0131m\u0131z\u0131n q\u0259hr\u0259manl\u0131q salnam\u0259sidir. Biz he\u00e7 vaxt unutmayaca\u011f\u0131q: 20 Yanvar xalq\u0131m\u0131z\u0131n azadl\u0131q yolunda \u0259n parlaq s\u0259hif\u0259l\u0259rind\u0259n biridir.<\/p>\n<p><strong>Bahar H\u00fcseynova,<\/strong><br \/>\n<em>Bak\u0131 \u015f\u0259h\u0259ri, X\u0259tai rayonu, \u018f.Abbasov ad\u0131na 257 \u2116-li tam orta m\u0259kt\u0259bin Az\u0259rbaycan dili v\u0259 \u0259d\u0259biyyat m\u00fc\u0259llimi<\/em><\/p>\n","protected":false},"excerpt":{"rendered":"<p>20 Yanvar 1990-c\u0131 il Az\u0259rbaycan\u0131n m\u00fcst\u0259qillik tarixin\u0259 qanla yaz\u0131lm\u0131\u015f bir s\u0259hif\u0259dir. Bu g\u00fcn, h\u0259m faci\u0259, h\u0259m d\u0259 q\u0259hr\u0259manl\u0131q n\u00fcmun\u0259si kimi xalq\u0131m\u0131z\u0131n yadda\u015f\u0131nda \u0259b\u0259di ya\u015fayacaq. H\u0259min g\u00fcn Az\u0259rbaycan\u0131n azadl\u0131q m\u00fcbariz\u0259sin\u0259 qara buludlar \u00e7\u00f6kd\u00fc, lakin xalq\u0131n irad\u0259si v\u0259 birliyi bu qaranl\u0131\u011f\u0131 ayd\u0131nl\u0131\u011fa \u00e7evirdi 1988-ci ild\u0259 erm\u0259nil\u0259n t\u0259cav\u00fcz\u00fc n\u0259tic\u0259sind\u0259 alovlanan qondarma Qaraba\u011f problemi v\u0259 erm\u0259ni separatizmin\u0259 qar\u015f\u0131 Az\u0259rbaycan xalq\u0131n\u0131n m\u00fcbariz\u0259si sovet hakimiyy\u0259tinin s\u0259rt reaksiyas\u0131na s\u0259b\u0259b oldu. 1990-c\u0131 ilin yanvar\u0131nda Sovet \u0130ttifaq\u0131n\u0131n qo\u015funlar\u0131 Bak\u0131ya yeridil\u0259r\u0259k g\u00fcnahs\u0131z insanlara qar\u015f\u0131 silahl\u0131 h\u00fccumlar t\u0259\u015fkil etdi. Bu h\u00fccumlar n\u0259tic\u0259sind\u0259 y\u00fczl\u0259rl\u0259 insan h\u0259yat\u0131n\u0131 itirdi, yaraland\u0131 v\u0259 h\u0259bs edildi. Lakin&hellip;<\/p>\n","protected":false},"author":2,"featured_media":781415,"comment_status":"closed","ping_status":"closed","sticky":false,"template":"","format":"standard","meta":{"om_disable_all_campaigns":false,"_monsterinsights_skip_tracking":false,"_monsterinsights_sitenote_active":false,"_monsterinsights_sitenote_note":"","_monsterinsights_sitenote_category":0},"categories":[19],"tags":[],"aioseo_notices":[],"gutentor_comment":0,"rttpg_featured_image_url":{"full":["https:\/\/arantv.az\/wp-content\/uploads\/2025\/01\/8cbd005a167414823764526429510598452.jpg",975,540,false],"landscape":["https:\/\/arantv.az\/wp-content\/uploads\/2025\/01\/8cbd005a167414823764526429510598452.jpg",975,540,false],"portraits":["https:\/\/arantv.az\/wp-content\/uploads\/2025\/01\/8cbd005a167414823764526429510598452.jpg",975,540,false],"thumbnail":["https:\/\/arantv.az\/wp-content\/uploads\/2025\/01\/8cbd005a167414823764526429510598452-500x280.jpg",500,280,true],"medium":["https:\/\/arantv.az\/wp-content\/uploads\/2025\/01\/8cbd005a167414823764526429510598452-660x365.jpg",660,365,true],"large":["https:\/\/arantv.az\/wp-content\/uploads\/2025\/01\/8cbd005a167414823764526429510598452-840x465.jpg",640,354,true],"1536x1536":["https:\/\/arantv.az\/wp-content\/uploads\/2025\/01\/8cbd005a167414823764526429510598452.jpg",975,540,false],"2048x2048":["https:\/\/arantv.az\/wp-content\/uploads\/2025\/01\/8cbd005a167414823764526429510598452.jpg",975,540,false],"post-thumbnail":["https:\/\/arantv.az\/wp-content\/uploads\/2025\/01\/8cbd005a167414823764526429510598452-240x172.jpg",240,172,true],"advps-thumb-one":["https:\/\/arantv.az\/wp-content\/uploads\/2025\/01\/8cbd005a167414823764526429510598452.jpg",975,540,false]},"rttpg_author":{"display_name":"V\u00fcsal Rafiqo\u011flu","author_link":"https:\/\/arantv.az\/?author=2"},"rttpg_comment":0,"rttpg_category":"<a href=\"https:\/\/arantv.az\/?cat=19\" rel=\"category\">G\u00fcnd\u0259m<\/a>","rttpg_excerpt":"20 Yanvar 1990-c\u0131 il Az\u0259rbaycan\u0131n m\u00fcst\u0259qillik tarixin\u0259 qanla yaz\u0131lm\u0131\u015f bir s\u0259hif\u0259dir. Bu g\u00fcn, h\u0259m faci\u0259, h\u0259m d\u0259 q\u0259hr\u0259manl\u0131q n\u00fcmun\u0259si kimi xalq\u0131m\u0131z\u0131n yadda\u015f\u0131nda \u0259b\u0259di ya\u015fayacaq. H\u0259min g\u00fcn Az\u0259rbaycan\u0131n azadl\u0131q m\u00fcbariz\u0259sin\u0259 qara buludlar \u00e7\u00f6kd\u00fc, lakin xalq\u0131n irad\u0259si v\u0259 birliyi bu qaranl\u0131\u011f\u0131 ayd\u0131nl\u0131\u011fa \u00e7evirdi 1988-ci ild\u0259 erm\u0259nil\u0259n t\u0259cav\u00fcz\u00fc n\u0259tic\u0259sind\u0259 alovlanan qondarma Qaraba\u011f problemi v\u0259 erm\u0259ni separatizmin\u0259 qar\u015f\u0131 Az\u0259rbaycan&hellip;","_links":{"self":[{"href":"https:\/\/arantv.az\/index.php?rest_route=\/wp\/v2\/posts\/781414"}],"collection":[{"href":"https:\/\/arantv.az\/index.php?rest_route=\/wp\/v2\/posts"}],"about":[{"href":"https:\/\/arantv.az\/index.php?rest_route=\/wp\/v2\/types\/post"}],"author":[{"embeddable":true,"href":"https:\/\/arantv.az\/index.php?rest_route=\/wp\/v2\/users\/2"}],"replies":[{"embeddable":true,"href":"https:\/\/arantv.az\/index.php?rest_route=%2Fwp%2Fv2%2Fcomments&post=781414"}],"version-history":[{"count":1,"href":"https:\/\/arantv.az\/index.php?rest_route=\/wp\/v2\/posts\/781414\/revisions"}],"predecessor-version":[{"id":781416,"href":"https:\/\/arantv.az\/index.php?rest_route=\/wp\/v2\/posts\/781414\/revisions\/781416"}],"wp:featuredmedia":[{"embeddable":true,"href":"https:\/\/arantv.az\/index.php?rest_route=\/wp\/v2\/media\/781415"}],"wp:attachment":[{"href":"https:\/\/arantv.az\/index.php?rest_route=%2Fwp%2Fv2%2Fmedia&parent=781414"}],"wp:term":[{"taxonomy":"category","embeddable":true,"href":"https:\/\/arantv.az\/index.php?rest_route=%2Fwp%2Fv2%2Fcategories&post=781414"},{"taxonomy":"post_tag","embeddable":true,"href":"https:\/\/arantv.az\/index.php?rest_route=%2Fwp%2Fv2%2Ftags&post=781414"}],"curies":[{"name":"wp","href":"https:\/\/api.w.org\/{rel}","templated":true}]}}