{"id":781417,"date":"2025-01-16T13:21:56","date_gmt":"2025-01-16T09:21:56","guid":{"rendered":"https:\/\/arantv.az\/?p=781417"},"modified":"2025-01-16T13:21:56","modified_gmt":"2025-01-16T09:21:56","slug":"k%c9%99rim-v%c9%99liyev-nato-v%c9%99-t%c9%99r%c9%99fdas-olk%c9%99l%c9%99rin-bas-q%c9%99rargah-r%c9%99isl%c9%99rinin-iclasinda-istirak-edib","status":"publish","type":"post","link":"https:\/\/arantv.az\/?p=781417","title":{"rendered":"K\u0259rim V\u0259liyev NATO v\u0259 t\u0259r\u0259fda\u015f \u00f6lk\u0259l\u0259rin Ba\u015f Q\u0259rargah r\u0259isl\u0259rinin iclas\u0131nda i\u015ftirak edib"},"content":{"rendered":"<div class=\"content lead font-weight-normal\">\n<p><em><strong>M\u00fcdafi\u0259 nazirinin birinci m\u00fcavini \u2013 Az\u0259rbaycan Ordusunun Ba\u015f Q\u0259rargah r\u0259isi general-polkovnik K\u0259rim V\u0259liyev Br\u00fcssel \u015f\u0259h\u0259rind\u0259 NATO-nun H\u0259rbi Komit\u0259sinin Ba\u015f Q\u0259rargah r\u0259isl\u0259ri format\u0131nda ke\u00e7iril\u0259n iclas\u0131nda i\u015ftirak edib.<\/strong><\/em><\/p>\n<p><strong>ARANTV.AZ x\u0259b\u0259r verir ki,<\/strong>\u00a0\u00a0NATO-nun \u00fczv v\u0259 t\u0259r\u0259fda\u015f \u00f6lk\u0259l\u0259ri ordular\u0131n\u0131n ba\u015f q\u0259rargah r\u0259isl\u0259rinin i\u015ftirak\u0131 il\u0259 ke\u00e7iril\u0259n iclasda \u00e7\u0131x\u0131\u015f ed\u0259n general-polkovnik K.V\u0259liyev \u00f6lk\u0259mizin NATO il\u0259 \u0259m\u0259kda\u015fl\u0131\u011f\u0131n\u0131n inki\u015faf perspektivl\u0259ri, Q\u0259tiyy\u0259tli D\u0259st\u0259k Missiyas\u0131 v\u0259 dig\u0259r \u0259m\u0259liyyatlarda f\u0259aliyy\u0259ti, habel\u0259 Az\u0259rbaycan Ordusunun NATO-nun ke\u00e7irdiyi m\u00fcxt\u0259lif t\u0259lim v\u0259 t\u0259dbirl\u0259rd\u0259 \u0259ld\u0259 etdiyi t\u0259cr\u00fcb\u0259d\u0259n dan\u0131\u015f\u0131b.<\/p>\n<p>Az\u0259rbaycan\u0131n Avro-Atlantik m\u0259kan\u0131nda v\u0259 onun h\u00fcdudlar\u0131ndan k\u0259narda s\u00fclh\u0259 v\u0259 t\u0259hl\u00fck\u0259sizliy\u0259 daim t\u00f6hf\u0259 verdiyini qeyd ed\u0259n general-polkovnik K.V\u0259liyev, \u00f6lk\u0259mizin \u00f6z \u0259razi b\u00fct\u00f6vl\u00fcy\u00fcn\u00fc v\u0259 suverenliyini tam b\u0259rpa etmi\u015f t\u0259r\u0259fda\u015f kimi beyn\u0259lxalq s\u00fclh\u0259 v\u0259 t\u0259hl\u00fck\u0259sizliy\u0259 daha \u00e7ox t\u00f6hf\u0259 verm\u0259k niyy\u0259tind\u0259 oldu\u011funu bildirib.<\/p>\n<p>S\u0259f\u0259r \u00e7\u0259r\u00e7iv\u0259sind\u0259 Ba\u015f Q\u0259rargah r\u0259isinin iclasda i\u015ftirak ed\u0259n b\u0259zi h\u0259mkarlar\u0131 il\u0259 g\u00f6r\u00fc\u015fl\u0259ri planla\u015fd\u0131r\u0131l\u0131r.<\/p>\n<div class=\"clearfix\"><\/div>\n<\/div>\n<div class=\"fotorama--hidden\"><\/div>\n<div id=\"galleryList\" class=\"fotorama fotorama1737019231054\" data-nav=\"thumbs\" data-width=\"100%\" data-thumbwidth=\"90\" data-thumbheight=\"60\" data-allowfullscreen=\"true\" data-autoplay=\"3000\" data-ratio=\"1.5\" data-keyboard=\"true\" data-fit=\"contain\">\n<div class=\"fotorama__wrap fotorama__wrap--css3 fotorama__wrap--slide fotorama__wrap--toggle-arrows fotorama__wrap--no-controls\">\n<div class=\"fotorama__stage fotorama__pointer\">\n<div class=\"fotorama__fullscreen-icon\" tabindex=\"0\" role=\"button\"><\/div>\n<div class=\"fotorama__stage__shaft\">\n<div class=\"fotorama__stage__frame fotorama__loaded fotorama__loaded--img fotorama__active\"><img class=\"fotorama__img\" src=\"https:\/\/ikisahil.az\/photo\/0x0_2\/upload\/gallery\/2025\/01\/16\/-8346db44173701554698615062810311741.jpg\" \/><\/div>\n<div class=\"fotorama__stage__frame fotorama__loaded fotorama__loaded--img\"><img class=\"fotorama__img\" src=\"https:\/\/ikisahil.az\/photo\/0x0_2\/upload\/gallery\/2025\/01\/16\/-8ca01ea9173701554770487450910403297.jpg\" \/><\/div>\n<\/div>\n<div class=\"fotorama__arr fotorama__arr--prev fotorama__arr--disabled\" tabindex=\"-1\" role=\"button\"><\/div>\n<div class=\"fotorama__arr fotorama__arr--next\" tabindex=\"0\" role=\"button\"><\/div>\n<div class=\"fotorama__video-close\"><\/div>\n<\/div>\n<div class=\"fotorama__nav-wrap\">\n<div class=\"fotorama__nav fotorama__nav--thumbs\">\n<div class=\"fotorama__nav__shaft\">\n<div class=\"fotorama__thumb-border\"><\/div>\n<div class=\"fotorama__nav__frame fotorama__nav__frame--thumb fotorama__active\" tabindex=\"0\" role=\"button\">\n<div class=\"fotorama__thumb fotorama__loaded fotorama__loaded--img\"><img class=\"fotorama__img\" src=\"https:\/\/ikisahil.az\/photo\/150x100_2\/upload\/gallery\/2025\/01\/16\/-8346db44173701554698615062810311741.jpg\" \/><\/div>\n<\/div>\n<div class=\"fotorama__nav__frame fotorama__nav__frame--thumb\" tabindex=\"0\" role=\"button\">\n<div class=\"fotorama__thumb fotorama__loaded fotorama__loaded--img\"><img class=\"fotorama__img\" src=\"https:\/\/ikisahil.az\/photo\/150x100_2\/upload\/gallery\/2025\/01\/16\/-8ca01ea9173701554770487450910403297.jpg\" \/><\/div>\n<\/div>\n<\/div>\n<\/div>\n<\/div>\n<\/div>\n<\/div>\n<div class=\"sharing my-2 row no-gutters d-print-none\"><\/div>\n<div class=\"d-none d-sm-block\"><\/div>\n","protected":false},"excerpt":{"rendered":"<p>M\u00fcdafi\u0259 nazirinin birinci m\u00fcavini \u2013 Az\u0259rbaycan Ordusunun Ba\u015f Q\u0259rargah r\u0259isi general-polkovnik K\u0259rim V\u0259liyev Br\u00fcssel \u015f\u0259h\u0259rind\u0259 NATO-nun H\u0259rbi Komit\u0259sinin Ba\u015f Q\u0259rargah r\u0259isl\u0259ri format\u0131nda ke\u00e7iril\u0259n iclas\u0131nda i\u015ftirak edib. ARANTV.AZ x\u0259b\u0259r verir ki,\u00a0\u00a0NATO-nun \u00fczv v\u0259 t\u0259r\u0259fda\u015f \u00f6lk\u0259l\u0259ri ordular\u0131n\u0131n ba\u015f q\u0259rargah r\u0259isl\u0259rinin i\u015ftirak\u0131 il\u0259 ke\u00e7iril\u0259n iclasda \u00e7\u0131x\u0131\u015f ed\u0259n general-polkovnik K.V\u0259liyev \u00f6lk\u0259mizin NATO il\u0259 \u0259m\u0259kda\u015fl\u0131\u011f\u0131n\u0131n inki\u015faf perspektivl\u0259ri, Q\u0259tiyy\u0259tli D\u0259st\u0259k Missiyas\u0131 v\u0259 dig\u0259r \u0259m\u0259liyyatlarda f\u0259aliyy\u0259ti, habel\u0259 Az\u0259rbaycan Ordusunun NATO-nun ke\u00e7irdiyi m\u00fcxt\u0259lif t\u0259lim v\u0259 t\u0259dbirl\u0259rd\u0259 \u0259ld\u0259 etdiyi t\u0259cr\u00fcb\u0259d\u0259n dan\u0131\u015f\u0131b. Az\u0259rbaycan\u0131n Avro-Atlantik m\u0259kan\u0131nda v\u0259 onun h\u00fcdudlar\u0131ndan k\u0259narda s\u00fclh\u0259 v\u0259 t\u0259hl\u00fck\u0259sizliy\u0259 daim t\u00f6hf\u0259 verdiyini qeyd ed\u0259n general-polkovnik K.V\u0259liyev, \u00f6lk\u0259mizin&hellip;<\/p>\n","protected":false},"author":2,"featured_media":781418,"comment_status":"closed","ping_status":"closed","sticky":false,"template":"","format":"standard","meta":{"om_disable_all_campaigns":false,"_monsterinsights_skip_tracking":false,"_monsterinsights_sitenote_active":false,"_monsterinsights_sitenote_note":"","_monsterinsights_sitenote_category":0},"categories":[10],"tags":[],"aioseo_notices":[],"gutentor_comment":0,"rttpg_featured_image_url":{"full":["https:\/\/arantv.az\/wp-content\/uploads\/2025\/01\/4fc28b70173701553543772624510513520.jpg",975,540,false],"landscape":["https:\/\/arantv.az\/wp-content\/uploads\/2025\/01\/4fc28b70173701553543772624510513520.jpg",975,540,false],"portraits":["https:\/\/arantv.az\/wp-content\/uploads\/2025\/01\/4fc28b70173701553543772624510513520.jpg",975,540,false],"thumbnail":["https:\/\/arantv.az\/wp-content\/uploads\/2025\/01\/4fc28b70173701553543772624510513520-500x280.jpg",500,280,true],"medium":["https:\/\/arantv.az\/wp-content\/uploads\/2025\/01\/4fc28b70173701553543772624510513520-660x365.jpg",660,365,true],"large":["https:\/\/arantv.az\/wp-content\/uploads\/2025\/01\/4fc28b70173701553543772624510513520-840x465.jpg",640,354,true],"1536x1536":["https:\/\/arantv.az\/wp-content\/uploads\/2025\/01\/4fc28b70173701553543772624510513520.jpg",975,540,false],"2048x2048":["https:\/\/arantv.az\/wp-content\/uploads\/2025\/01\/4fc28b70173701553543772624510513520.jpg",975,540,false],"post-thumbnail":["https:\/\/arantv.az\/wp-content\/uploads\/2025\/01\/4fc28b70173701553543772624510513520-240x172.jpg",240,172,true],"advps-thumb-one":["https:\/\/arantv.az\/wp-content\/uploads\/2025\/01\/4fc28b70173701553543772624510513520.jpg",975,540,false]},"rttpg_author":{"display_name":"V\u00fcsal Rafiqo\u011flu","author_link":"https:\/\/arantv.az\/?author=2"},"rttpg_comment":0,"rttpg_category":"<a href=\"https:\/\/arantv.az\/?cat=10\" rel=\"category\">C\u0259bh\u0259d\u0259n X\u0259b\u0259r<\/a>","rttpg_excerpt":"M\u00fcdafi\u0259 nazirinin birinci m\u00fcavini \u2013 Az\u0259rbaycan Ordusunun Ba\u015f Q\u0259rargah r\u0259isi general-polkovnik K\u0259rim V\u0259liyev Br\u00fcssel \u015f\u0259h\u0259rind\u0259 NATO-nun H\u0259rbi Komit\u0259sinin Ba\u015f Q\u0259rargah r\u0259isl\u0259ri format\u0131nda ke\u00e7iril\u0259n iclas\u0131nda i\u015ftirak edib. ARANTV.AZ x\u0259b\u0259r verir ki,\u00a0\u00a0NATO-nun \u00fczv v\u0259 t\u0259r\u0259fda\u015f \u00f6lk\u0259l\u0259ri ordular\u0131n\u0131n ba\u015f q\u0259rargah r\u0259isl\u0259rinin i\u015ftirak\u0131 il\u0259 ke\u00e7iril\u0259n iclasda \u00e7\u0131x\u0131\u015f ed\u0259n general-polkovnik K.V\u0259liyev \u00f6lk\u0259mizin NATO il\u0259 \u0259m\u0259kda\u015fl\u0131\u011f\u0131n\u0131n inki\u015faf perspektivl\u0259ri, Q\u0259tiyy\u0259tli D\u0259st\u0259k Missiyas\u0131&hellip;","_links":{"self":[{"href":"https:\/\/arantv.az\/index.php?rest_route=\/wp\/v2\/posts\/781417"}],"collection":[{"href":"https:\/\/arantv.az\/index.php?rest_route=\/wp\/v2\/posts"}],"about":[{"href":"https:\/\/arantv.az\/index.php?rest_route=\/wp\/v2\/types\/post"}],"author":[{"embeddable":true,"href":"https:\/\/arantv.az\/index.php?rest_route=\/wp\/v2\/users\/2"}],"replies":[{"embeddable":true,"href":"https:\/\/arantv.az\/index.php?rest_route=%2Fwp%2Fv2%2Fcomments&post=781417"}],"version-history":[{"count":1,"href":"https:\/\/arantv.az\/index.php?rest_route=\/wp\/v2\/posts\/781417\/revisions"}],"predecessor-version":[{"id":781419,"href":"https:\/\/arantv.az\/index.php?rest_route=\/wp\/v2\/posts\/781417\/revisions\/781419"}],"wp:featuredmedia":[{"embeddable":true,"href":"https:\/\/arantv.az\/index.php?rest_route=\/wp\/v2\/media\/781418"}],"wp:attachment":[{"href":"https:\/\/arantv.az\/index.php?rest_route=%2Fwp%2Fv2%2Fmedia&parent=781417"}],"wp:term":[{"taxonomy":"category","embeddable":true,"href":"https:\/\/arantv.az\/index.php?rest_route=%2Fwp%2Fv2%2Fcategories&post=781417"},{"taxonomy":"post_tag","embeddable":true,"href":"https:\/\/arantv.az\/index.php?rest_route=%2Fwp%2Fv2%2Ftags&post=781417"}],"curies":[{"name":"wp","href":"https:\/\/api.w.org\/{rel}","templated":true}]}}