{"id":781445,"date":"2025-01-16T15:41:36","date_gmt":"2025-01-16T11:41:36","guid":{"rendered":"https:\/\/arantv.az\/?p=781445"},"modified":"2025-01-16T15:41:36","modified_gmt":"2025-01-16T11:41:36","slug":"lukasenkodan-s%c9%99rt-aciqlama-belarus-v%c9%99ziyy%c9%99ti-diqq%c9%99tl%c9%99-izl%c9%99yir","status":"publish","type":"post","link":"https:\/\/arantv.az\/?p=781445","title":{"rendered":"Luka\u015fenkodan s\u0259rt a\u00e7\u0131qlama Belarus v\u0259ziyy\u0259ti diqq\u0259tl\u0259 izl\u0259yir&#8230;"},"content":{"rendered":"<p><strong>Belarus Prezidenti Aleksandr Luka\u015fenko Pol\u015fan\u0131n Belarusla m\u00fcharib\u0259y\u0259 haz\u0131rla\u015fd\u0131\u011f\u0131 iddia edil\u0259n h\u0259rbi d\u0259st\u0259l\u0259ri t\u0259nqid edib.<\/strong><\/p>\n<p><strong>Musavat.com<\/strong>-un m\u0259lumat\u0131na g\u00f6r\u0259 Luka\u015fenko bildirib ki, bu d\u0259st\u0259l\u0259r t\u0259kc\u0259 Belarus \u00fc\u00e7\u00fcn deyil, el\u0259 Pol\u015fa \u00fc\u00e7\u00fcn d\u0259 t\u0259hl\u00fck\u0259 yarada bil\u0259r:<\/p>\n<p>\u201cBuyurun, c\u0259hd edin. Amma sonra incim\u0259yin. Biz g\u00f6r\u00fcr\u00fck ki, onlar h\u0259rbi d\u0259st\u0259l\u0259r haz\u0131rlay\u0131rlar. Bu d\u0259st\u0259l\u0259r Pol\u015fa \u0259razisind\u0259dir v\u0259 o silahlar el\u0259 Pol\u015faya qar\u015f\u0131 da istifad\u0259 oluna bil\u0259r,\u201d \u2013 dey\u0259 Belarus lideri vur\u011fulay\u0131b.<\/p>\n<p>Luka\u015fenkonun bu a\u00e7\u0131qlamas\u0131, Belarus v\u0259 Pol\u015fa aras\u0131ndak\u0131 artan siyasi v\u0259 h\u0259rbi g\u0259rginliyin fonunda verilib. O, h\u0259m\u00e7inin qeyd edib ki, Belarus v\u0259ziyy\u0259ti diqq\u0259tl\u0259 izl\u0259yir v\u0259 ist\u0259nil\u0259n t\u0259xribat\u0131n qar\u015f\u0131s\u0131n\u0131 almaq \u00fc\u00e7\u00fcn t\u0259dbirl\u0259r g\u00f6rm\u0259y\u0259 haz\u0131rd\u0131r.<\/p>\n","protected":false},"excerpt":{"rendered":"<p>Belarus Prezidenti Aleksandr Luka\u015fenko Pol\u015fan\u0131n Belarusla m\u00fcharib\u0259y\u0259 haz\u0131rla\u015fd\u0131\u011f\u0131 iddia edil\u0259n h\u0259rbi d\u0259st\u0259l\u0259ri t\u0259nqid edib. Musavat.com-un m\u0259lumat\u0131na g\u00f6r\u0259 Luka\u015fenko bildirib ki, bu d\u0259st\u0259l\u0259r t\u0259kc\u0259 Belarus \u00fc\u00e7\u00fcn deyil, el\u0259 Pol\u015fa \u00fc\u00e7\u00fcn d\u0259 t\u0259hl\u00fck\u0259 yarada bil\u0259r: \u201cBuyurun, c\u0259hd edin. Amma sonra incim\u0259yin. Biz g\u00f6r\u00fcr\u00fck ki, onlar h\u0259rbi d\u0259st\u0259l\u0259r haz\u0131rlay\u0131rlar. Bu d\u0259st\u0259l\u0259r Pol\u015fa \u0259razisind\u0259dir v\u0259 o silahlar el\u0259 Pol\u015faya qar\u015f\u0131 da istifad\u0259 oluna bil\u0259r,\u201d \u2013 dey\u0259 Belarus lideri vur\u011fulay\u0131b. Luka\u015fenkonun bu a\u00e7\u0131qlamas\u0131, Belarus v\u0259 Pol\u015fa aras\u0131ndak\u0131 artan siyasi v\u0259 h\u0259rbi g\u0259rginliyin fonunda verilib. O, h\u0259m\u00e7inin qeyd edib ki, Belarus v\u0259ziyy\u0259ti diqq\u0259tl\u0259 izl\u0259yir v\u0259 ist\u0259nil\u0259n&hellip;<\/p>\n","protected":false},"author":2,"featured_media":781446,"comment_status":"closed","ping_status":"closed","sticky":false,"template":"","format":"standard","meta":{"om_disable_all_campaigns":false,"_monsterinsights_skip_tracking":false,"_monsterinsights_sitenote_active":false,"_monsterinsights_sitenote_note":"","_monsterinsights_sitenote_category":0},"categories":[7],"tags":[],"aioseo_notices":[],"gutentor_comment":0,"rttpg_featured_image_url":{"full":["https:\/\/arantv.az\/wp-content\/uploads\/2025\/01\/bf0af1268c0e786aff6663c258762c7d.jpg",870,500,false],"landscape":["https:\/\/arantv.az\/wp-content\/uploads\/2025\/01\/bf0af1268c0e786aff6663c258762c7d.jpg",870,500,false],"portraits":["https:\/\/arantv.az\/wp-content\/uploads\/2025\/01\/bf0af1268c0e786aff6663c258762c7d.jpg",870,500,false],"thumbnail":["https:\/\/arantv.az\/wp-content\/uploads\/2025\/01\/bf0af1268c0e786aff6663c258762c7d-500x280.jpg",500,280,true],"medium":["https:\/\/arantv.az\/wp-content\/uploads\/2025\/01\/bf0af1268c0e786aff6663c258762c7d-635x365.jpg",635,365,true],"large":["https:\/\/arantv.az\/wp-content\/uploads\/2025\/01\/bf0af1268c0e786aff6663c258762c7d-840x483.jpg",640,368,true],"1536x1536":["https:\/\/arantv.az\/wp-content\/uploads\/2025\/01\/bf0af1268c0e786aff6663c258762c7d.jpg",870,500,false],"2048x2048":["https:\/\/arantv.az\/wp-content\/uploads\/2025\/01\/bf0af1268c0e786aff6663c258762c7d.jpg",870,500,false],"post-thumbnail":["https:\/\/arantv.az\/wp-content\/uploads\/2025\/01\/bf0af1268c0e786aff6663c258762c7d-240x172.jpg",240,172,true],"advps-thumb-one":["https:\/\/arantv.az\/wp-content\/uploads\/2025\/01\/bf0af1268c0e786aff6663c258762c7d.jpg",870,500,false]},"rttpg_author":{"display_name":"V\u00fcsal Rafiqo\u011flu","author_link":"https:\/\/arantv.az\/?author=2"},"rttpg_comment":0,"rttpg_category":"<a href=\"https:\/\/arantv.az\/?cat=7\" rel=\"category\">D\u00fcnya<\/a>","rttpg_excerpt":"Belarus Prezidenti Aleksandr Luka\u015fenko Pol\u015fan\u0131n Belarusla m\u00fcharib\u0259y\u0259 haz\u0131rla\u015fd\u0131\u011f\u0131 iddia edil\u0259n h\u0259rbi d\u0259st\u0259l\u0259ri t\u0259nqid edib. Musavat.com-un m\u0259lumat\u0131na g\u00f6r\u0259 Luka\u015fenko bildirib ki, bu d\u0259st\u0259l\u0259r t\u0259kc\u0259 Belarus \u00fc\u00e7\u00fcn deyil, el\u0259 Pol\u015fa \u00fc\u00e7\u00fcn d\u0259 t\u0259hl\u00fck\u0259 yarada bil\u0259r: \u201cBuyurun, c\u0259hd edin. Amma sonra incim\u0259yin. Biz g\u00f6r\u00fcr\u00fck ki, onlar h\u0259rbi d\u0259st\u0259l\u0259r haz\u0131rlay\u0131rlar. Bu d\u0259st\u0259l\u0259r Pol\u015fa \u0259razisind\u0259dir v\u0259 o silahlar el\u0259 Pol\u015faya&hellip;","_links":{"self":[{"href":"https:\/\/arantv.az\/index.php?rest_route=\/wp\/v2\/posts\/781445"}],"collection":[{"href":"https:\/\/arantv.az\/index.php?rest_route=\/wp\/v2\/posts"}],"about":[{"href":"https:\/\/arantv.az\/index.php?rest_route=\/wp\/v2\/types\/post"}],"author":[{"embeddable":true,"href":"https:\/\/arantv.az\/index.php?rest_route=\/wp\/v2\/users\/2"}],"replies":[{"embeddable":true,"href":"https:\/\/arantv.az\/index.php?rest_route=%2Fwp%2Fv2%2Fcomments&post=781445"}],"version-history":[{"count":2,"href":"https:\/\/arantv.az\/index.php?rest_route=\/wp\/v2\/posts\/781445\/revisions"}],"predecessor-version":[{"id":781448,"href":"https:\/\/arantv.az\/index.php?rest_route=\/wp\/v2\/posts\/781445\/revisions\/781448"}],"wp:featuredmedia":[{"embeddable":true,"href":"https:\/\/arantv.az\/index.php?rest_route=\/wp\/v2\/media\/781446"}],"wp:attachment":[{"href":"https:\/\/arantv.az\/index.php?rest_route=%2Fwp%2Fv2%2Fmedia&parent=781445"}],"wp:term":[{"taxonomy":"category","embeddable":true,"href":"https:\/\/arantv.az\/index.php?rest_route=%2Fwp%2Fv2%2Fcategories&post=781445"},{"taxonomy":"post_tag","embeddable":true,"href":"https:\/\/arantv.az\/index.php?rest_route=%2Fwp%2Fv2%2Ftags&post=781445"}],"curies":[{"name":"wp","href":"https:\/\/api.w.org\/{rel}","templated":true}]}}