{"id":78147,"date":"2019-09-11T10:57:17","date_gmt":"2019-09-11T07:57:17","guid":{"rendered":"http:\/\/arantv.az\/?p=78147"},"modified":"2019-09-11T10:57:17","modified_gmt":"2019-09-11T07:57:17","slug":"alti-rayon-t%c9%99hsil-sob%c9%99sinin-r%c9%99hb%c9%99ri-isd%c9%99n-cixarilib","status":"publish","type":"post","link":"https:\/\/arantv.az\/?p=78147","title":{"rendered":"Alt\u0131 rayon t\u0259hsil \u015f\u00f6b\u0259sinin r\u0259hb\u0259ri i\u015fd\u0259n \u00e7\u0131xar\u0131l\u0131b"},"content":{"rendered":"<p>Bu il \u0259rzind\u0259 i\u015fl\u0259rin\u0259 yol verdikl\u0259ri n\u00f6qsanlar\u0131na g\u00f6r\u0259\u00a0alt\u0131 rayon t\u0259hsil \u015f\u00f6b\u0259sinin r\u0259hb\u0259ri v\u0259zif\u0259sind\u0259n k\u0259narla\u015fd\u0131r\u0131l\u0131b v\u0259 \u0259m\u0259k m\u00fcqavil\u0259l\u0259rin\u0259 xitam verilib.<\/p>\n<p><strong>ARANTV.AZ<\/strong>-\u0131n m\u0259lumat\u0131na g\u00f6r\u0259, bunu T\u0259hsil naziri Ceyhun Bayramov t\u0259hsil i\u015f\u00e7il\u0259rinin respublika konfrans\u0131nda \u00e7\u0131x\u0131\u015f\u0131 zaman\u0131 deyib.<\/p>\n<p>Onun s\u00f6zl\u0259rin\u0259 g\u00f6r\u0259,\u00a0b\u0259zi hallarda t\u0259hsild\u0259 q\u0259bul edil\u0259n normativ qaydalar yerl\u0259rd\u0259 tam \u015f\u0259kild\u0259 icra edilmir:<\/p>\n<div id=\"AdviadNativeVideo0\" class=\"AdviadNativeVideo\"><\/div>\n<p>&#8220;Bir il bundan \u0259vv\u0259l ke\u00e7iril\u0259n analoji konfransda bu istiqam\u0259td\u0259 olan m\u0259s\u0259l\u0259nin \u00fcz\u0259rind\u0259 \u00e7ox dayanmad\u0131m. Bu m\u0259s\u0259l\u0259l\u0259rin n\u00f6vb\u0259ti t\u0259dris il\u0259rind\u0259 aktual olmamas\u0131 v\u0259 m\u00fczakir\u0259 predmetin\u0259 \u00e7evrilm\u0259sin\u0259 ehtiyac olmamas\u0131n\u0131 arzu edir\u0259m. T\u0259hsil sistemind\u0259 h\u0259r \u015feyin elektron qaydada apar\u0131lmas\u0131 neqativ hallar\u0131n say\u0131n\u0131 azaltsa da, il \u0259rzind\u0259 ke\u00e7iril\u0259n n\u0259zar\u0259t t\u0259dbirl\u0259ri zaman\u0131 bir s\u0131ra neqativ hallar\u0131n h\u0259l\u0259 d\u0259 m\u00f6vcud olmas\u0131 \u00f6z t\u0259sdiqin tap\u0131b&#8221; .<\/p>\n<p>Nazir bildirib ki, 10 n\u0259f\u0259r rayon t\u0259hsil \u015f\u00f6b\u0259sinin r\u0259hb\u0259ri v\u0259 \u00fc\u00e7 n\u0259f\u0259r \u0259razi maliyy\u0259 hesabla\u015fma m\u0259rk\u0259zinin r\u0259hb\u0259rl\u0259ri i\u015fl\u0259rind\u0259 verdiyi n\u00f6qsana g\u00f6r\u0259 intizam t\u0259dbirl\u0259ri t\u0259tbiq edilib:<\/p>\n<p>&#8220;N\u00f6qsanlara g\u00f6r\u0259 s\u0259kkiz n\u0259f\u0259r m\u0259kt\u0259b direktoru, alt\u0131 n\u0259f\u0259r direktor m\u00fcavini m\u00fcqavil\u0259sin\u0259 xitam verilib. 29 n\u0259f\u0259r direktor v\u0259 37 n\u0259f\u0259r direktor m\u00fcavini intizam t\u0259dbirl\u0259ri t\u0259dbiq edilib.<\/p>\n<p>80 n\u0259f\u0259r m\u0259kt\u0259b direktorunun \u0259m\u0259k m\u00fcqavil\u0259sinin m\u00fcdd\u0259ti qurtaran zaman n\u00f6vb\u0259ti d\u0259f\u0259 \u0259m\u0259k m\u00fcqavil\u0259sinin uzad\u0131lmas\u0131 bar\u0259d\u0259 q\u0259rara al\u0131nark\u0259n davaml\u0131 \u015f\u0259kild\u0259 n\u0259tic\u0259l\u0259rin a\u015fa\u011f\u0131 olmas\u0131 onlar\u0131n m\u00fcqavil\u0259l\u0259rin uzad\u0131lmamas\u0131na q\u0259rar verilib.<\/p>\n<p>Yeddi hal \u00fczr\u0259 materiallar toplanaraq h\u00fcquqi qiym\u0259t verilm\u0259si \u00fczr\u0259 aidiyy\u0259ti qurumlara g\u00f6nd\u0259rilib. Fikrimc\u0259, bu m\u0259s\u0259l\u0259r\u0259 ciddi yana\u015fmal\u0131y\u0131q. Bu n\u00f6qsanlara yol ver\u0259n \u015f\u0259xsl\u0259r \u00f6z c\u0259zalar\u0131n\u0131 alacaqlar&#8221;.oxu.az<\/p>\n","protected":false},"excerpt":{"rendered":"<p>Bu il \u0259rzind\u0259 i\u015fl\u0259rin\u0259 yol verdikl\u0259ri n\u00f6qsanlar\u0131na g\u00f6r\u0259\u00a0alt\u0131 rayon t\u0259hsil \u015f\u00f6b\u0259sinin r\u0259hb\u0259ri v\u0259zif\u0259sind\u0259n k\u0259narla\u015fd\u0131r\u0131l\u0131b v\u0259 \u0259m\u0259k m\u00fcqavil\u0259l\u0259rin\u0259 xitam verilib. ARANTV.AZ-\u0131n m\u0259lumat\u0131na g\u00f6r\u0259, bunu T\u0259hsil naziri Ceyhun Bayramov t\u0259hsil i\u015f\u00e7il\u0259rinin respublika konfrans\u0131nda \u00e7\u0131x\u0131\u015f\u0131 zaman\u0131 deyib. Onun s\u00f6zl\u0259rin\u0259 g\u00f6r\u0259,\u00a0b\u0259zi hallarda t\u0259hsild\u0259 q\u0259bul edil\u0259n normativ qaydalar yerl\u0259rd\u0259 tam \u015f\u0259kild\u0259 icra edilmir: &#8220;Bir il bundan \u0259vv\u0259l ke\u00e7iril\u0259n analoji konfransda bu istiqam\u0259td\u0259 olan m\u0259s\u0259l\u0259nin \u00fcz\u0259rind\u0259 \u00e7ox dayanmad\u0131m. Bu m\u0259s\u0259l\u0259l\u0259rin n\u00f6vb\u0259ti t\u0259dris il\u0259rind\u0259 aktual olmamas\u0131 v\u0259 m\u00fczakir\u0259 predmetin\u0259 \u00e7evrilm\u0259sin\u0259 ehtiyac olmamas\u0131n\u0131 arzu edir\u0259m. T\u0259hsil sistemind\u0259 h\u0259r \u015feyin elektron qaydada apar\u0131lmas\u0131 neqativ hallar\u0131n say\u0131n\u0131 azaltsa da, il&hellip;<\/p>\n","protected":false},"author":2,"featured_media":78148,"comment_status":"closed","ping_status":"closed","sticky":false,"template":"","format":"standard","meta":{"om_disable_all_campaigns":false,"_monsterinsights_skip_tracking":false,"_monsterinsights_sitenote_active":false,"_monsterinsights_sitenote_note":"","_monsterinsights_sitenote_category":0},"categories":[1],"tags":[],"aioseo_notices":[],"gutentor_comment":0,"rttpg_featured_image_url":{"full":["https:\/\/arantv.az\/wp-content\/uploads\/2019\/09\/photo_244.jpg",620,413,false],"landscape":["https:\/\/arantv.az\/wp-content\/uploads\/2019\/09\/photo_244.jpg",620,413,false],"portraits":["https:\/\/arantv.az\/wp-content\/uploads\/2019\/09\/photo_244.jpg",620,413,false],"thumbnail":["https:\/\/arantv.az\/wp-content\/uploads\/2019\/09\/photo_244-150x150.jpg",150,150,true],"medium":["https:\/\/arantv.az\/wp-content\/uploads\/2019\/09\/photo_244-300x200.jpg",300,200,true],"large":["https:\/\/arantv.az\/wp-content\/uploads\/2019\/09\/photo_244.jpg",620,413,false],"1536x1536":["https:\/\/arantv.az\/wp-content\/uploads\/2019\/09\/photo_244.jpg",620,413,false],"2048x2048":["https:\/\/arantv.az\/wp-content\/uploads\/2019\/09\/photo_244.jpg",620,413,false],"post-thumbnail":["https:\/\/arantv.az\/wp-content\/uploads\/2019\/09\/photo_244-240x172.jpg",240,172,true],"advps-thumb-one":["https:\/\/arantv.az\/wp-content\/uploads\/2019\/09\/photo_244.jpg",620,413,false]},"rttpg_author":{"display_name":"V\u00fcsal Rafiqo\u011flu","author_link":"https:\/\/arantv.az\/?author=2"},"rttpg_comment":0,"rttpg_category":"<a href=\"https:\/\/arantv.az\/?cat=1\" rel=\"category\">C\u0259miyy\u0259t<\/a>","rttpg_excerpt":"Bu il \u0259rzind\u0259 i\u015fl\u0259rin\u0259 yol verdikl\u0259ri n\u00f6qsanlar\u0131na g\u00f6r\u0259\u00a0alt\u0131 rayon t\u0259hsil \u015f\u00f6b\u0259sinin r\u0259hb\u0259ri v\u0259zif\u0259sind\u0259n k\u0259narla\u015fd\u0131r\u0131l\u0131b v\u0259 \u0259m\u0259k m\u00fcqavil\u0259l\u0259rin\u0259 xitam verilib. ARANTV.AZ-\u0131n m\u0259lumat\u0131na g\u00f6r\u0259, bunu T\u0259hsil naziri Ceyhun Bayramov t\u0259hsil i\u015f\u00e7il\u0259rinin respublika konfrans\u0131nda \u00e7\u0131x\u0131\u015f\u0131 zaman\u0131 deyib. Onun s\u00f6zl\u0259rin\u0259 g\u00f6r\u0259,\u00a0b\u0259zi hallarda t\u0259hsild\u0259 q\u0259bul edil\u0259n normativ qaydalar yerl\u0259rd\u0259 tam \u015f\u0259kild\u0259 icra edilmir: &#8220;Bir il bundan \u0259vv\u0259l ke\u00e7iril\u0259n analoji konfransda&hellip;","_links":{"self":[{"href":"https:\/\/arantv.az\/index.php?rest_route=\/wp\/v2\/posts\/78147"}],"collection":[{"href":"https:\/\/arantv.az\/index.php?rest_route=\/wp\/v2\/posts"}],"about":[{"href":"https:\/\/arantv.az\/index.php?rest_route=\/wp\/v2\/types\/post"}],"author":[{"embeddable":true,"href":"https:\/\/arantv.az\/index.php?rest_route=\/wp\/v2\/users\/2"}],"replies":[{"embeddable":true,"href":"https:\/\/arantv.az\/index.php?rest_route=%2Fwp%2Fv2%2Fcomments&post=78147"}],"version-history":[{"count":0,"href":"https:\/\/arantv.az\/index.php?rest_route=\/wp\/v2\/posts\/78147\/revisions"}],"wp:featuredmedia":[{"embeddable":true,"href":"https:\/\/arantv.az\/index.php?rest_route=\/wp\/v2\/media\/78148"}],"wp:attachment":[{"href":"https:\/\/arantv.az\/index.php?rest_route=%2Fwp%2Fv2%2Fmedia&parent=78147"}],"wp:term":[{"taxonomy":"category","embeddable":true,"href":"https:\/\/arantv.az\/index.php?rest_route=%2Fwp%2Fv2%2Fcategories&post=78147"},{"taxonomy":"post_tag","embeddable":true,"href":"https:\/\/arantv.az\/index.php?rest_route=%2Fwp%2Fv2%2Ftags&post=78147"}],"curies":[{"name":"wp","href":"https:\/\/api.w.org\/{rel}","templated":true}]}}