{"id":782037,"date":"2025-01-19T21:56:00","date_gmt":"2025-01-19T17:56:00","guid":{"rendered":"https:\/\/arantv.az\/?p=782037"},"modified":"2025-01-19T21:56:00","modified_gmt":"2025-01-19T17:56:00","slug":"pensiyalarin-artim-faizi-b%c9%99lli-oldu-yeni-m%c9%99bl%c9%99g","status":"publish","type":"post","link":"https:\/\/arantv.az\/?p=782037","title":{"rendered":"Pensiyalar\u0131n art\u0131m faizi b\u0259lli oldu &#8211; Yeni M\u018fBL\u018f\u011e"},"content":{"rendered":"<p><strong>&#8220;D\u00f6vl\u0259t Statistika Komit\u0259sinin yayd\u0131\u011f\u0131 m\u0259lumata g\u00f6r\u0259, 2024-c\u00fc ilin ilk 11 ay\u0131nda \u00f6lk\u0259 \u00fczr\u0259 orta ayl\u0131q \u0259m\u0259k haqq\u0131 8.0 faiz artaraq 996.8 manata \u00e7at\u0131b. Bu is\u0259 o dem\u0259kdir ki, \u00f6t\u0259n ilin yekun \u0259m\u0259khaqq\u0131 art\u0131m\u0131n\u0131n t\u0259xmin\u0259n 8.0 faiz olaca\u011f\u0131 g\u00f6zl\u0259nilir. \u201c\u018fm\u0259k pensiyalar\u0131\u201d haqq\u0131nda qanuna \u0259sas\u0259n, b\u00fct\u00fcn n\u00f6v \u0259m\u0259k pensiyalar\u0131 \u0259vv\u0259lki ild\u0259 orta ayl\u0131q maa\u015fdak\u0131 art\u0131m faizin\u0259 indeksasiya olunaraq art\u0131r\u0131l\u0131r&#8221;.<\/strong><\/p>\n<p><strong>ARANTV.AZ <\/strong>\u00a0x\u0259b\u0259r verir ki, bunu iqtisad\u00e7\u0131 deputat V\u00fcqar Bayramov deyib. Onun s\u00f6zl\u0259rin\u0259 g\u00f6r\u0259, indeksl\u0259\u015fdirm\u0259 n\u0259tic\u0259sind\u0259 1 milyon 100 min v\u0259t\u0259nda\u015f\u0131m\u0131z\u0131n pensiyalar\u0131nda art\u0131mlar olacaq:<\/p>\n<p>&#8220;Bu art\u0131mlar\u0131n \u00f6d\u0259nilm\u0259si m\u0259qs\u0259dil\u0259 \u0259lav\u0259 t\u0259xmin\u0259n yar\u0131m milyard manat v\u0259sait n\u0259z\u0259rd\u0259 tutulub. \u0130ndeksl\u0259\u015fdirm\u0259 b\u00fct\u00fcn n\u00f6v \u0259m\u0259k pensiyalar\u0131na \u015famil olunur. \u201c\u018fm\u0259k pensiyalar\u0131&#8221; haqq\u0131nda qanunun 4-c\u00fc madd\u0259sin\u0259 \u0259sas\u0259n, \u0259m\u0259k pensiyalar\u0131n\u0131n 3 n\u00f6v\u00fc t\u0259sbit olunub. Bunlar ya\u015fa g\u00f6r\u0259 \u0259m\u0259k pensiyas\u0131, \u0259lilliy\u0259 g\u00f6r\u0259 \u0259m\u0259k pensiyas\u0131 v\u0259 ail\u0259 ba\u015f\u00e7\u0131s\u0131n\u0131 itirm\u0259y\u0259 g\u00f6r\u0259 \u0259m\u0259k pensiyas\u0131d\u0131r. Dem\u0259li, v\u0259t\u0259nda\u015f\u0131m\u0131z n\u00f6v\u00fcnd\u0259n as\u0131l\u0131 olmayaraq \u0259m\u0259k pensiyas\u0131 al\u0131rsa, onun pensiya m\u0259bl\u0259\u011fin\u0259 art\u0131m hesablanacaq. Qanunvericiliy\u0259 \u0259sas\u0259n, indeksl\u0259\u015fdirm\u0259 \u0259vv\u0259lki ilin g\u00f6st\u0259ricisin\u0259 uy\u011funla\u015fd\u0131r\u0131ld\u0131\u011f\u0131na g\u00f6r\u0259 2024-c\u00fc ilin dekabr\u0131n 31-i daxil olmaqla \u00f6t\u0259n il pensiya h\u00fcququ qazanan b\u00fct\u00fcn v\u0259t\u0259nda\u015flar\u0131n pensiyalar\u0131 art\u0131r\u0131lacaq. Bel\u0259 ki, orta ayl\u0131q nominal \u0259m\u0259khaqq\u0131n\u0131n illik art\u0131m tempin\u0259 uy\u011fun olaraq, 2024-c\u00fc il yanvar\u0131n 1-d\u0259k t\u0259yin edilmi\u015f \u0259m\u0259k pensiyalar\u0131n\u0131n s\u0131\u011forta hiss\u0259si, qulluq staj\u0131na g\u00f6r\u0259 \u0259m\u0259k pensiyas\u0131na \u0259lav\u0259l\u0259r t\u0259yin edilmi\u015f \u0259m\u0259k pensiya\u00e7\u0131lar\u0131na m\u00fcnasib\u0259td\u0259 h\u0259min \u0259lav\u0259l\u0259rl\u0259 birlikd\u0259 m\u00fc\u0259yy\u0259n edilmi\u015f m\u0259bl\u0259\u011f art\u0131rl\u0131r&#8221;.<\/p>\n<p>Deputat qeyd edib ki, 2024-c\u00fc ild\u0259 orta ayl\u0131q \u0259m\u0259k haqq\u0131nda art\u0131mla ba\u011fl\u0131 r\u0259smi statistika fevral ay\u0131n\u0131n ilk 10 g\u00fcn\u00fcnd\u0259 b\u0259lli oldu\u011fu \u00fc\u00e7\u00fcn indeksasiya da m\u0259hz o zaman apar\u0131lacaq: &#8220;Pensiya art\u0131mlar\u0131 yanvar\u0131n 1-d\u0259n hesablan\u0131r, amma art\u0131mlar fevral ay\u0131nda ikisi birlikd\u0259 \u00f6d\u0259nil\u0259c\u0259k. Dem\u0259li, pensiya\u00e7\u0131lar art\u0131mlar\u0131 g\u0259l\u0259n aydan etibar\u0259n alacaqlar. Amma yanvar ay\u0131 \u00fc\u00e7\u00fcn hesablanm\u0131\u015f art\u0131m da fevral ay\u0131n\u0131n pensiya m\u0259bl\u0259\u011fin\u0259 \u0259lav\u0259 olunacaq&#8221;.<\/p>\n","protected":false},"excerpt":{"rendered":"<p>&#8220;D\u00f6vl\u0259t Statistika Komit\u0259sinin yayd\u0131\u011f\u0131 m\u0259lumata g\u00f6r\u0259, 2024-c\u00fc ilin ilk 11 ay\u0131nda \u00f6lk\u0259 \u00fczr\u0259 orta ayl\u0131q \u0259m\u0259k haqq\u0131 8.0 faiz artaraq 996.8 manata \u00e7at\u0131b. Bu is\u0259 o dem\u0259kdir ki, \u00f6t\u0259n ilin yekun \u0259m\u0259khaqq\u0131 art\u0131m\u0131n\u0131n t\u0259xmin\u0259n 8.0 faiz olaca\u011f\u0131 g\u00f6zl\u0259nilir. \u201c\u018fm\u0259k pensiyalar\u0131\u201d haqq\u0131nda qanuna \u0259sas\u0259n, b\u00fct\u00fcn n\u00f6v \u0259m\u0259k pensiyalar\u0131 \u0259vv\u0259lki ild\u0259 orta ayl\u0131q maa\u015fdak\u0131 art\u0131m faizin\u0259 indeksasiya olunaraq art\u0131r\u0131l\u0131r&#8221;. ARANTV.AZ \u00a0x\u0259b\u0259r verir ki, bunu iqtisad\u00e7\u0131 deputat V\u00fcqar Bayramov deyib. Onun s\u00f6zl\u0259rin\u0259 g\u00f6r\u0259, indeksl\u0259\u015fdirm\u0259 n\u0259tic\u0259sind\u0259 1 milyon 100 min v\u0259t\u0259nda\u015f\u0131m\u0131z\u0131n pensiyalar\u0131nda art\u0131mlar olacaq: &#8220;Bu art\u0131mlar\u0131n \u00f6d\u0259nilm\u0259si m\u0259qs\u0259dil\u0259 \u0259lav\u0259 t\u0259xmin\u0259n yar\u0131m milyard manat v\u0259sait&hellip;<\/p>\n","protected":false},"author":2,"featured_media":782038,"comment_status":"closed","ping_status":"closed","sticky":false,"template":"","format":"standard","meta":{"om_disable_all_campaigns":false,"_monsterinsights_skip_tracking":false,"_monsterinsights_sitenote_active":false,"_monsterinsights_sitenote_note":"","_monsterinsights_sitenote_category":0},"categories":[1],"tags":[],"aioseo_notices":[],"gutentor_comment":0,"rttpg_featured_image_url":{"full":["https:\/\/arantv.az\/wp-content\/uploads\/2025\/01\/cf7826b983e9748f093b90b36c43cd75.jpg",850,500,false],"landscape":["https:\/\/arantv.az\/wp-content\/uploads\/2025\/01\/cf7826b983e9748f093b90b36c43cd75.jpg",850,500,false],"portraits":["https:\/\/arantv.az\/wp-content\/uploads\/2025\/01\/cf7826b983e9748f093b90b36c43cd75.jpg",850,500,false],"thumbnail":["https:\/\/arantv.az\/wp-content\/uploads\/2025\/01\/cf7826b983e9748f093b90b36c43cd75-500x280.jpg",500,280,true],"medium":["https:\/\/arantv.az\/wp-content\/uploads\/2025\/01\/cf7826b983e9748f093b90b36c43cd75-621x365.jpg",621,365,true],"large":["https:\/\/arantv.az\/wp-content\/uploads\/2025\/01\/cf7826b983e9748f093b90b36c43cd75-840x494.jpg",640,376,true],"1536x1536":["https:\/\/arantv.az\/wp-content\/uploads\/2025\/01\/cf7826b983e9748f093b90b36c43cd75.jpg",850,500,false],"2048x2048":["https:\/\/arantv.az\/wp-content\/uploads\/2025\/01\/cf7826b983e9748f093b90b36c43cd75.jpg",850,500,false],"post-thumbnail":["https:\/\/arantv.az\/wp-content\/uploads\/2025\/01\/cf7826b983e9748f093b90b36c43cd75-240x172.jpg",240,172,true],"advps-thumb-one":["https:\/\/arantv.az\/wp-content\/uploads\/2025\/01\/cf7826b983e9748f093b90b36c43cd75.jpg",850,500,false]},"rttpg_author":{"display_name":"V\u00fcsal Rafiqo\u011flu","author_link":"https:\/\/arantv.az\/?author=2"},"rttpg_comment":0,"rttpg_category":"<a href=\"https:\/\/arantv.az\/?cat=1\" rel=\"category\">C\u0259miyy\u0259t<\/a>","rttpg_excerpt":"&#8220;D\u00f6vl\u0259t Statistika Komit\u0259sinin yayd\u0131\u011f\u0131 m\u0259lumata g\u00f6r\u0259, 2024-c\u00fc ilin ilk 11 ay\u0131nda \u00f6lk\u0259 \u00fczr\u0259 orta ayl\u0131q \u0259m\u0259k haqq\u0131 8.0 faiz artaraq 996.8 manata \u00e7at\u0131b. Bu is\u0259 o dem\u0259kdir ki, \u00f6t\u0259n ilin yekun \u0259m\u0259khaqq\u0131 art\u0131m\u0131n\u0131n t\u0259xmin\u0259n 8.0 faiz olaca\u011f\u0131 g\u00f6zl\u0259nilir. \u201c\u018fm\u0259k pensiyalar\u0131\u201d haqq\u0131nda qanuna \u0259sas\u0259n, b\u00fct\u00fcn n\u00f6v \u0259m\u0259k pensiyalar\u0131 \u0259vv\u0259lki ild\u0259 orta ayl\u0131q maa\u015fdak\u0131 art\u0131m faizin\u0259 indeksasiya&hellip;","_links":{"self":[{"href":"https:\/\/arantv.az\/index.php?rest_route=\/wp\/v2\/posts\/782037"}],"collection":[{"href":"https:\/\/arantv.az\/index.php?rest_route=\/wp\/v2\/posts"}],"about":[{"href":"https:\/\/arantv.az\/index.php?rest_route=\/wp\/v2\/types\/post"}],"author":[{"embeddable":true,"href":"https:\/\/arantv.az\/index.php?rest_route=\/wp\/v2\/users\/2"}],"replies":[{"embeddable":true,"href":"https:\/\/arantv.az\/index.php?rest_route=%2Fwp%2Fv2%2Fcomments&post=782037"}],"version-history":[{"count":1,"href":"https:\/\/arantv.az\/index.php?rest_route=\/wp\/v2\/posts\/782037\/revisions"}],"predecessor-version":[{"id":782039,"href":"https:\/\/arantv.az\/index.php?rest_route=\/wp\/v2\/posts\/782037\/revisions\/782039"}],"wp:featuredmedia":[{"embeddable":true,"href":"https:\/\/arantv.az\/index.php?rest_route=\/wp\/v2\/media\/782038"}],"wp:attachment":[{"href":"https:\/\/arantv.az\/index.php?rest_route=%2Fwp%2Fv2%2Fmedia&parent=782037"}],"wp:term":[{"taxonomy":"category","embeddable":true,"href":"https:\/\/arantv.az\/index.php?rest_route=%2Fwp%2Fv2%2Fcategories&post=782037"},{"taxonomy":"post_tag","embeddable":true,"href":"https:\/\/arantv.az\/index.php?rest_route=%2Fwp%2Fv2%2Ftags&post=782037"}],"curies":[{"name":"wp","href":"https:\/\/api.w.org\/{rel}","templated":true}]}}