{"id":782040,"date":"2025-01-19T21:57:14","date_gmt":"2025-01-19T17:57:14","guid":{"rendered":"https:\/\/arantv.az\/?p=782040"},"modified":"2025-01-19T21:57:14","modified_gmt":"2025-01-19T17:57:14","slug":"xarici-isl%c9%99r-nazirliyi-20-yanvar-umumxalq-huzn-gunu-il%c9%99-bagli-b%c9%99yanat-yaydi","status":"publish","type":"post","link":"https:\/\/arantv.az\/?p=782040","title":{"rendered":"Xarici \u0130\u015fl\u0259r Nazirliyi 20 Yanvar \u2013 \u00dcmumxalq H\u00fczn G\u00fcn\u00fc il\u0259 ba\u011fl\u0131 B\u0259yanat yayd\u0131"},"content":{"rendered":"<p><strong>Xarici \u0130\u015fl\u0259r Nazirliyi 20 Yanvar \u2013 \u00dcmumxalq H\u00fczn G\u00fcn\u00fc il\u0259 ba\u011fl\u0131 B\u0259yanat yay\u0131b.<\/strong><\/p>\n<p><strong>ARANTV.AZ <\/strong>\u00a0B\u0259yanat\u0131 t\u0259qdim edir:<\/p>\n<p>\u201c35 il bundan \u00f6nc\u0259 yanvar\u0131n 19-dan 20-sin\u0259 ke\u00e7\u0259n gec\u0259 Az\u0259rbaycan xalq\u0131n\u0131n milli azadl\u0131q<\/p>\n<p>h\u0259r\u0259kat\u0131n\u0131n yat\u0131r\u0131lmas\u0131 m\u0259qs\u0259dil\u0259, ke\u00e7mi\u015f SSR\u0130 t\u0259r\u0259find\u0259n dinc \u0259haliy\u0259 qar\u015f\u0131 t\u00f6r\u0259dil\u0259n qanl\u0131<\/p>\n<p>q\u0259tliam\u0131n ild\u00f6n\u00fcm\u00fc h\u0259r il \u00f6lk\u0259mizd\u0259 20 Yanvar \u2013 \u00dcmumxalq H\u00fczn G\u00fcn\u00fc kimi qeyd olunur.<\/p>\n<p>M\u00fcasir tariximizin d\u0259rin k\u0259d\u0259r, eyni zamanda b\u00f6y\u00fck q\u00fcrur tarixi olan 20 Yanvar \u2013 \u00dcmumxalq<\/p>\n<p>H\u00fczn G\u00fcn\u00fcnd\u0259 \u00f6lk\u0259mizin m\u00fcst\u0259qilliyi, suverenliyi v\u0259 \u0259razi b\u00fct\u00f6vl\u00fcy\u00fc u\u011frunda canlar\u0131ndan<\/p>\n<p>ke\u00e7\u0259n b\u00fct\u00fcn \u015e\u0259hidl\u0259rimizi d\u0259rin minn\u0259tdarl\u0131qla yad edirik.<\/p>\n<p>\u00d6t\u0259n \u0259srin 80-ci ill\u0259rind\u0259 Erm\u0259nistan\u0131n Az\u0259rbaycana qar\u015f\u0131 \u0259sass\u0131z \u0259razi iddialar\u0131n\u0131n davam<\/p>\n<p>etdirilm\u0259sini, habel\u0259 az\u0259rbaycanl\u0131lar\u0131n indiki Erm\u0259nistan \u0259razil\u0259rind\u0259ki tarixi yurdlar\u0131ndan k\u00fctl\u0259vi<\/p>\n<p>deportasiyas\u0131n\u0131 \u0259sasland\u0131rmaq namin\u0259 \u201cSumqay\u0131t hadis\u0259l\u0259ri\u201d kimi qondarma t\u0259xribatlar\u0131n<\/p>\n<p>haz\u0131rlan\u0131b t\u00f6r\u0259dildiyi bir d\u00f6vrd\u0259 ke\u00e7mi\u015f sovet hakimiyy\u0259tinin \u00f6lk\u0259miz\u0259 v\u0259 xalq\u0131m\u0131za qar\u015f\u0131 ayr\u0131se\u00e7kilik siyas\u0259ti Az\u0259rbaycan xalq\u0131n\u0131n milli azadl\u0131q h\u0259r\u0259kat\u0131n\u0131n y\u00fcks\u0259li\u015fin\u0259 g\u0259tirib \u00e7\u0131xard\u0131.<\/p>\n<p>Az\u0259rbaycan\u0131n m\u00fcst\u0259qillik v\u0259 \u0259razi b\u00fct\u00f6vl\u00fcy\u00fc u\u011frunda m\u00fcbariz\u0259 aparan xalq h\u0259r\u0259kat\u0131n\u0131 bo\u011fmaq<\/p>\n<p>m\u0259qs\u0259dil\u0259, 1990-c\u0131 ilin yanvar\u0131n 19-dan 20-sin\u0259 ke\u00e7\u0259n gec\u0259 sovet ordusunun b\u00f6lm\u0259l\u0259ri, x\u00fcsusi<\/p>\n<p>t\u0259yinatl\u0131lar, habel\u0259 daxili qo\u015funlar\u0131n kontingenti t\u0259r\u0259find\u0259n Bak\u0131, Sumqay\u0131t, L\u0259nk\u0259ran v\u0259<\/p>\n<p>Neft\u00e7alada m\u00fclki \u0259haliy\u0259 qar\u015f\u0131 amans\u0131z q\u0259tliam t\u00f6r\u0259dildi. B\u00fct\u00fcn beyn\u0259lxalq h\u00fcquq normalar\u0131na<\/p>\n<p>zidd \u015f\u0259kild\u0259 g\u00fcnahs\u0131z insanlara, o c\u00fcml\u0259d\u0259n u\u015faqlara, qad\u0131nlara v\u0259 qocalara qar\u015f\u0131 t\u00f6r\u0259dil\u0259n,<\/p>\n<p>\u00f6t\u0259n \u0259srin \u0259n a\u011f\u0131r insanl\u0131q \u0259leyhin\u0259 cinay\u0259tl\u0259rind\u0259n biri olan 20 yanvar h\u0259rbi t\u0259cav\u00fcz\u00fc<\/p>\n<p>n\u0259tic\u0259sind\u0259 150 m\u00fclki \u015f\u0259xs q\u0259tl\u0259 yetirildi, 744 n\u0259f\u0259r a\u011f\u0131r yaraland\u0131, 4 n\u0259f\u0259r itkin d\u00fc\u015fd\u00fc.<\/p>\n<p>D\u00f6vr\u00fcn m\u00fcr\u0259kk\u0259bliyin\u0259, ke\u00e7mi\u015f sovet hakimiyy\u0259tinin 20 yanvar h\u0259qiq\u0259tl\u0259rinin yay\u0131lmas\u0131n\u0131n<\/p>\n<p>qar\u015f\u0131s\u0131n\u0131 almaq istiqam\u0259tind\u0259 g\u00f6rd\u00fcy\u00fc t\u0259dbirl\u0259r\u0259 baxmayaraq, t\u00f6r\u0259dilmi\u015f amans\u0131z q\u0259tliam\u0131n<\/p>\n<p>d\u0259rhal, faci\u0259d\u0259n bir g\u00fcn sonra beyn\u0259lxalq ictimaiyy\u0259tin diqq\u0259tin\u0259 \u00e7atd\u0131r\u0131lmas\u0131 Ulu \u00d6nd\u0259r Heyd\u0259r<\/p>\n<p>\u018fliyevin ad\u0131 il\u0259 ba\u011fl\u0131d\u0131r. M\u00fcst\u0259qilliyimizin b\u0259rpas\u0131ndan v\u0259 \u00dcmummilli Liderin \u00f6lk\u0259mizd\u0259 yenid\u0259n<\/p>\n<p>hakimiyy\u0259t\u0259 qay\u0131tmas\u0131ndan sonra xalq\u0131m\u0131za qar\u015f\u0131 t\u00f6r\u0259dil\u0259n bir s\u0131ra cinay\u0259tl\u0259r, o c\u00fcml\u0259d\u0259n 20<\/p>\n<p>yanvar faci\u0259sin\u0259 siyasi-h\u00fcquqi qiym\u0259tin verilm\u0259si t\u0259min edildi v\u0259 bununla ba\u011fl\u0131 1994-c\u00fc ilin<\/p>\n<p>mart\u0131nda Milli M\u0259clis t\u0259r\u0259find\u0259n \u201c1990-c\u0131 il yanvar\u0131n 20-d\u0259 Bak\u0131da t\u00f6r\u0259dilmi\u015f faci\u0259li hadis\u0259l\u0259r<\/p>\n<p>haqq\u0131nda\u201d q\u0259rar q\u0259bul olundu.<\/p>\n<p>20 yanvar faci\u0259sinin Az\u0259rbaycan xalq\u0131n\u0131n milli m\u00fcqavim\u0259tini s\u00fcquta u\u011fratmaq m\u0259qs\u0259dil\u0259<\/p>\n<p>planla\u015fd\u0131r\u0131l\u0131b icra olunmas\u0131na baxmayaraq, bu qanl\u0131 q\u0259tliam, xalq\u0131m\u0131z\u0131n m\u00fcst\u0259qillik, h\u0259mr\u0259ylik<\/p>\n<p>v\u0259 milli azadl\u0131q h\u0259r\u0259kat\u0131n\u0131n tarixind\u0259 d\u00f6n\u00fc\u015f n\u00f6qt\u0259si olmaqla yana\u015f\u0131, SSR\u0130-nin uzun m\u00fcdd\u0259tdir<\/p>\n<p>gecikdirilm\u0259y\u0259 \u00e7al\u0131\u015f\u0131lan lab\u00fcd s\u00fcqutunun ba\u015flan\u011f\u0131c\u0131n\u0131 qoydu.<\/p>\n<p>Xalq\u0131m\u0131z\u0131n \u0259n \u00e7\u0259tin g\u00fcnl\u0259rd\u0259n v\u0259 tarixin \u0259n m\u00fcr\u0259kk\u0259b s\u0131naqlar\u0131ndan \u00e7\u0131xan birliyi v\u0259 irad\u0259si, M\u00fcz\u0259ff\u0259r Ali Ba\u015f Komandan\u0131n r\u0259hb\u0259rlik etdiyi \u015eanl\u0131 Az\u0259rbaycan Ordusunun 44 g\u00fcnl\u00fck V\u0259t\u0259n m\u00fcharib\u0259sind\u0259 \u0259razi b\u00fct\u00f6vl\u00fcy\u00fcm\u00fcz\u00fcn t\u0259mini il\u0259 n\u0259tic\u0259l\u0259n\u0259n parlaq z\u0259f\u0259rinin, habel\u0259 19-20 sentyabr 2023-c\u00fc ild\u0259 suverenliyimizin tam b\u0259rpas\u0131na g\u0259tirib \u00e7\u0131xaran antiterror \u0259m\u0259liyyatlar\u0131 il\u0259 i\u015f\u011fal v\u0259 m\u00fcnaqi\u015f\u0259y\u0259 son qoyulmas\u0131n\u0131n \u0259sas\u0131n\u0131 t\u0259\u015fkil etdi. M\u00fcst\u0259qillik tariximiz\u0259 d\u0259rin iz salan 20 yanvar faci\u0259sinin 35-ci ild\u00f6n\u00fcm\u00fcnd\u0259 d\u00f6vl\u0259timiz v\u0259 \u0259razi b\u00fct\u00f6vl\u00fcy\u00fcm\u00fcz u\u011frunda canlar\u0131ndan ke\u00e7\u0259n \u015e\u0259hidl\u0259rimizi q\u00fcrurla yad edir, bu yolda sa\u011flaml\u0131\u011f\u0131n\u0131 itir\u0259n v\u0259t\u0259nda\u015flar\u0131m\u0131za cansa\u011fl\u0131\u011f\u0131 arzu edirik!<\/p>\n<p>Ya\u015fas\u0131n Az\u0259rbaycan!\u201d.<\/p>\n","protected":false},"excerpt":{"rendered":"<p>Xarici \u0130\u015fl\u0259r Nazirliyi 20 Yanvar \u2013 \u00dcmumxalq H\u00fczn G\u00fcn\u00fc il\u0259 ba\u011fl\u0131 B\u0259yanat yay\u0131b. ARANTV.AZ \u00a0B\u0259yanat\u0131 t\u0259qdim edir: \u201c35 il bundan \u00f6nc\u0259 yanvar\u0131n 19-dan 20-sin\u0259 ke\u00e7\u0259n gec\u0259 Az\u0259rbaycan xalq\u0131n\u0131n milli azadl\u0131q h\u0259r\u0259kat\u0131n\u0131n yat\u0131r\u0131lmas\u0131 m\u0259qs\u0259dil\u0259, ke\u00e7mi\u015f SSR\u0130 t\u0259r\u0259find\u0259n dinc \u0259haliy\u0259 qar\u015f\u0131 t\u00f6r\u0259dil\u0259n qanl\u0131 q\u0259tliam\u0131n ild\u00f6n\u00fcm\u00fc h\u0259r il \u00f6lk\u0259mizd\u0259 20 Yanvar \u2013 \u00dcmumxalq H\u00fczn G\u00fcn\u00fc kimi qeyd olunur. M\u00fcasir tariximizin d\u0259rin k\u0259d\u0259r, eyni zamanda b\u00f6y\u00fck q\u00fcrur tarixi olan 20 Yanvar \u2013 \u00dcmumxalq H\u00fczn G\u00fcn\u00fcnd\u0259 \u00f6lk\u0259mizin m\u00fcst\u0259qilliyi, suverenliyi v\u0259 \u0259razi b\u00fct\u00f6vl\u00fcy\u00fc u\u011frunda canlar\u0131ndan ke\u00e7\u0259n b\u00fct\u00fcn \u015e\u0259hidl\u0259rimizi d\u0259rin minn\u0259tdarl\u0131qla yad edirik. \u00d6t\u0259n \u0259srin 80-ci ill\u0259rind\u0259&hellip;<\/p>\n","protected":false},"author":2,"featured_media":782041,"comment_status":"closed","ping_status":"closed","sticky":false,"template":"","format":"standard","meta":{"om_disable_all_campaigns":false,"_monsterinsights_skip_tracking":false,"_monsterinsights_sitenote_active":false,"_monsterinsights_sitenote_note":"","_monsterinsights_sitenote_category":0},"categories":[19],"tags":[],"aioseo_notices":[],"gutentor_comment":0,"rttpg_featured_image_url":{"full":["https:\/\/arantv.az\/wp-content\/uploads\/2025\/01\/b8e8d4eed62c2e418ac8269f6c409b4f.jpg",870,500,false],"landscape":["https:\/\/arantv.az\/wp-content\/uploads\/2025\/01\/b8e8d4eed62c2e418ac8269f6c409b4f.jpg",870,500,false],"portraits":["https:\/\/arantv.az\/wp-content\/uploads\/2025\/01\/b8e8d4eed62c2e418ac8269f6c409b4f.jpg",870,500,false],"thumbnail":["https:\/\/arantv.az\/wp-content\/uploads\/2025\/01\/b8e8d4eed62c2e418ac8269f6c409b4f-500x280.jpg",500,280,true],"medium":["https:\/\/arantv.az\/wp-content\/uploads\/2025\/01\/b8e8d4eed62c2e418ac8269f6c409b4f-635x365.jpg",635,365,true],"large":["https:\/\/arantv.az\/wp-content\/uploads\/2025\/01\/b8e8d4eed62c2e418ac8269f6c409b4f-840x483.jpg",640,368,true],"1536x1536":["https:\/\/arantv.az\/wp-content\/uploads\/2025\/01\/b8e8d4eed62c2e418ac8269f6c409b4f.jpg",870,500,false],"2048x2048":["https:\/\/arantv.az\/wp-content\/uploads\/2025\/01\/b8e8d4eed62c2e418ac8269f6c409b4f.jpg",870,500,false],"post-thumbnail":["https:\/\/arantv.az\/wp-content\/uploads\/2025\/01\/b8e8d4eed62c2e418ac8269f6c409b4f-240x172.jpg",240,172,true],"advps-thumb-one":["https:\/\/arantv.az\/wp-content\/uploads\/2025\/01\/b8e8d4eed62c2e418ac8269f6c409b4f.jpg",870,500,false]},"rttpg_author":{"display_name":"V\u00fcsal Rafiqo\u011flu","author_link":"https:\/\/arantv.az\/?author=2"},"rttpg_comment":0,"rttpg_category":"<a href=\"https:\/\/arantv.az\/?cat=19\" rel=\"category\">G\u00fcnd\u0259m<\/a>","rttpg_excerpt":"Xarici \u0130\u015fl\u0259r Nazirliyi 20 Yanvar \u2013 \u00dcmumxalq H\u00fczn G\u00fcn\u00fc il\u0259 ba\u011fl\u0131 B\u0259yanat yay\u0131b. ARANTV.AZ \u00a0B\u0259yanat\u0131 t\u0259qdim edir: \u201c35 il bundan \u00f6nc\u0259 yanvar\u0131n 19-dan 20-sin\u0259 ke\u00e7\u0259n gec\u0259 Az\u0259rbaycan xalq\u0131n\u0131n milli azadl\u0131q h\u0259r\u0259kat\u0131n\u0131n yat\u0131r\u0131lmas\u0131 m\u0259qs\u0259dil\u0259, ke\u00e7mi\u015f SSR\u0130 t\u0259r\u0259find\u0259n dinc \u0259haliy\u0259 qar\u015f\u0131 t\u00f6r\u0259dil\u0259n qanl\u0131 q\u0259tliam\u0131n ild\u00f6n\u00fcm\u00fc h\u0259r il \u00f6lk\u0259mizd\u0259 20 Yanvar \u2013 \u00dcmumxalq H\u00fczn G\u00fcn\u00fc kimi qeyd olunur.&hellip;","_links":{"self":[{"href":"https:\/\/arantv.az\/index.php?rest_route=\/wp\/v2\/posts\/782040"}],"collection":[{"href":"https:\/\/arantv.az\/index.php?rest_route=\/wp\/v2\/posts"}],"about":[{"href":"https:\/\/arantv.az\/index.php?rest_route=\/wp\/v2\/types\/post"}],"author":[{"embeddable":true,"href":"https:\/\/arantv.az\/index.php?rest_route=\/wp\/v2\/users\/2"}],"replies":[{"embeddable":true,"href":"https:\/\/arantv.az\/index.php?rest_route=%2Fwp%2Fv2%2Fcomments&post=782040"}],"version-history":[{"count":2,"href":"https:\/\/arantv.az\/index.php?rest_route=\/wp\/v2\/posts\/782040\/revisions"}],"predecessor-version":[{"id":782043,"href":"https:\/\/arantv.az\/index.php?rest_route=\/wp\/v2\/posts\/782040\/revisions\/782043"}],"wp:featuredmedia":[{"embeddable":true,"href":"https:\/\/arantv.az\/index.php?rest_route=\/wp\/v2\/media\/782041"}],"wp:attachment":[{"href":"https:\/\/arantv.az\/index.php?rest_route=%2Fwp%2Fv2%2Fmedia&parent=782040"}],"wp:term":[{"taxonomy":"category","embeddable":true,"href":"https:\/\/arantv.az\/index.php?rest_route=%2Fwp%2Fv2%2Fcategories&post=782040"},{"taxonomy":"post_tag","embeddable":true,"href":"https:\/\/arantv.az\/index.php?rest_route=%2Fwp%2Fv2%2Ftags&post=782040"}],"curies":[{"name":"wp","href":"https:\/\/api.w.org\/{rel}","templated":true}]}}