{"id":782513,"date":"2025-01-21T17:58:56","date_gmt":"2025-01-21T13:58:56","guid":{"rendered":"https:\/\/arantv.az\/?p=782513"},"modified":"2025-01-21T17:58:56","modified_gmt":"2025-01-21T13:58:56","slug":"ilham-%c9%99liyev-davosda-iraq-prezidenti-il%c9%99-gorusdufoto","status":"publish","type":"post","link":"https:\/\/arantv.az\/?p=782513","title":{"rendered":"\u0130lham \u018fliyev Davosda \u0130raq prezidenti il\u0259 g\u00f6r\u00fc\u015fd\u00fcFOTO"},"content":{"rendered":"<div class=\"text-content\" data-id=\"\" data-url=\"\">\n<p><strong>Az\u0259rbaycan Prezidenti \u0130lham \u018fliyev yanvar\u0131n 21-d\u0259 qar\u015f\u0131 t\u0259r\u0259fin m\u00fcraci\u0259ti \u0259sas\u0131nda \u0130raq\u0131n Prezidenti \u018fbd\u00fcll\u0259tif Camal R\u0259\u015fid il\u0259 g\u00f6r\u00fc\u015f\u00fcb.<\/strong><\/p>\n<p><strong>Musavat.com<\/strong>-un m\u0259lumat\u0131na g\u00f6r\u0259, g\u00f6r\u00fc\u015f Davosda ba\u015f tutub.<\/p>\n<\/div>\n<div>\n<div class=\"form-group\"><img class=\"img-responsive\" src=\"https:\/\/cdn.musavat.com\/news\/images\/Ayten\/CAMAL%201.jpg\" \/><\/div>\n<div class=\"form-group\"><img class=\"img-responsive\" src=\"https:\/\/cdn.musavat.com\/news\/images\/Ayten\/CAMAL.jpg\" \/><\/div>\n<\/div>\n","protected":false},"excerpt":{"rendered":"<p>Az\u0259rbaycan Prezidenti \u0130lham \u018fliyev yanvar\u0131n 21-d\u0259 qar\u015f\u0131 t\u0259r\u0259fin m\u00fcraci\u0259ti \u0259sas\u0131nda \u0130raq\u0131n Prezidenti \u018fbd\u00fcll\u0259tif Camal R\u0259\u015fid il\u0259 g\u00f6r\u00fc\u015f\u00fcb. Musavat.com-un m\u0259lumat\u0131na g\u00f6r\u0259, g\u00f6r\u00fc\u015f Davosda ba\u015f tutub.<\/p>\n","protected":false},"author":2,"featured_media":782514,"comment_status":"closed","ping_status":"closed","sticky":false,"template":"","format":"standard","meta":{"om_disable_all_campaigns":false,"_monsterinsights_skip_tracking":false,"_monsterinsights_sitenote_active":false,"_monsterinsights_sitenote_note":"","_monsterinsights_sitenote_category":0},"categories":[4],"tags":[],"aioseo_notices":[],"gutentor_comment":0,"rttpg_featured_image_url":{"full":["https:\/\/arantv.az\/wp-content\/uploads\/2025\/01\/81a8b56242af0aaa98c78d53c4c6263b.jpg",850,500,false],"landscape":["https:\/\/arantv.az\/wp-content\/uploads\/2025\/01\/81a8b56242af0aaa98c78d53c4c6263b.jpg",850,500,false],"portraits":["https:\/\/arantv.az\/wp-content\/uploads\/2025\/01\/81a8b56242af0aaa98c78d53c4c6263b.jpg",850,500,false],"thumbnail":["https:\/\/arantv.az\/wp-content\/uploads\/2025\/01\/81a8b56242af0aaa98c78d53c4c6263b-500x280.jpg",500,280,true],"medium":["https:\/\/arantv.az\/wp-content\/uploads\/2025\/01\/81a8b56242af0aaa98c78d53c4c6263b-621x365.jpg",621,365,true],"large":["https:\/\/arantv.az\/wp-content\/uploads\/2025\/01\/81a8b56242af0aaa98c78d53c4c6263b-840x494.jpg",640,376,true],"1536x1536":["https:\/\/arantv.az\/wp-content\/uploads\/2025\/01\/81a8b56242af0aaa98c78d53c4c6263b.jpg",850,500,false],"2048x2048":["https:\/\/arantv.az\/wp-content\/uploads\/2025\/01\/81a8b56242af0aaa98c78d53c4c6263b.jpg",850,500,false],"post-thumbnail":["https:\/\/arantv.az\/wp-content\/uploads\/2025\/01\/81a8b56242af0aaa98c78d53c4c6263b-240x172.jpg",240,172,true],"advps-thumb-one":["https:\/\/arantv.az\/wp-content\/uploads\/2025\/01\/81a8b56242af0aaa98c78d53c4c6263b.jpg",850,500,false]},"rttpg_author":{"display_name":"V\u00fcsal Rafiqo\u011flu","author_link":"https:\/\/arantv.az\/?author=2"},"rttpg_comment":0,"rttpg_category":"<a href=\"https:\/\/arantv.az\/?cat=4\" rel=\"category\">Siyas\u0259t<\/a>","rttpg_excerpt":"Az\u0259rbaycan Prezidenti \u0130lham \u018fliyev yanvar\u0131n 21-d\u0259 qar\u015f\u0131 t\u0259r\u0259fin m\u00fcraci\u0259ti \u0259sas\u0131nda \u0130raq\u0131n Prezidenti \u018fbd\u00fcll\u0259tif Camal R\u0259\u015fid il\u0259 g\u00f6r\u00fc\u015f\u00fcb. Musavat.com-un m\u0259lumat\u0131na g\u00f6r\u0259, g\u00f6r\u00fc\u015f Davosda ba\u015f tutub.","_links":{"self":[{"href":"https:\/\/arantv.az\/index.php?rest_route=\/wp\/v2\/posts\/782513"}],"collection":[{"href":"https:\/\/arantv.az\/index.php?rest_route=\/wp\/v2\/posts"}],"about":[{"href":"https:\/\/arantv.az\/index.php?rest_route=\/wp\/v2\/types\/post"}],"author":[{"embeddable":true,"href":"https:\/\/arantv.az\/index.php?rest_route=\/wp\/v2\/users\/2"}],"replies":[{"embeddable":true,"href":"https:\/\/arantv.az\/index.php?rest_route=%2Fwp%2Fv2%2Fcomments&post=782513"}],"version-history":[{"count":1,"href":"https:\/\/arantv.az\/index.php?rest_route=\/wp\/v2\/posts\/782513\/revisions"}],"predecessor-version":[{"id":782515,"href":"https:\/\/arantv.az\/index.php?rest_route=\/wp\/v2\/posts\/782513\/revisions\/782515"}],"wp:featuredmedia":[{"embeddable":true,"href":"https:\/\/arantv.az\/index.php?rest_route=\/wp\/v2\/media\/782514"}],"wp:attachment":[{"href":"https:\/\/arantv.az\/index.php?rest_route=%2Fwp%2Fv2%2Fmedia&parent=782513"}],"wp:term":[{"taxonomy":"category","embeddable":true,"href":"https:\/\/arantv.az\/index.php?rest_route=%2Fwp%2Fv2%2Fcategories&post=782513"},{"taxonomy":"post_tag","embeddable":true,"href":"https:\/\/arantv.az\/index.php?rest_route=%2Fwp%2Fv2%2Ftags&post=782513"}],"curies":[{"name":"wp","href":"https:\/\/api.w.org\/{rel}","templated":true}]}}