{"id":782593,"date":"2025-01-21T22:23:54","date_gmt":"2025-01-21T18:23:54","guid":{"rendered":"https:\/\/arantv.az\/?p=782593"},"modified":"2025-01-21T22:23:54","modified_gmt":"2025-01-21T18:23:54","slug":"ilham-%c9%99liyev-davosda-israil-prezidenti-il%c9%99-gorusubfoto","status":"publish","type":"post","link":"https:\/\/arantv.az\/?p=782593","title":{"rendered":"\u0130lham \u018fliyev Davosda \u0130srail Prezidenti il\u0259 g\u00f6r\u00fc\u015f\u00fcbFOTO"},"content":{"rendered":"<p>Az\u0259rbaycan Respublikas\u0131n\u0131n Prezidenti \u0130lham \u018fliyev yanvar\u0131n 21-d\u0259 Davosda qar\u015f\u0131 t\u0259r\u0259fin m\u00fcraci\u0259ti \u0259sas\u0131nda \u0130srail D\u00f6vl\u0259tinin Prezidenti \u0130sxak Hersoq il\u0259 g\u00f6r\u00fc\u015f\u00fcb.<\/p>\n<p><strong>ARANTV.AZ <\/strong>\u00a0x\u0259b\u0259r verir ki, g\u00f6r\u00fc\u015fd\u0259 Az\u0259rbaycan il\u0259 \u0130srail aras\u0131nda ikit\u0259r\u0259fli m\u00fcnasib\u0259tl\u0259rin u\u011furla inki\u015faf etdiyi qeyd olunub.<\/p>\n<p>\u0130sxak Hersoq \u00f6lk\u0259miz\u0259 r\u0259smi s\u0259f\u0259rini m\u0259mnunluqla xat\u0131rlay\u0131b.<\/p>\n<p>S\u00f6hb\u0259t zaman\u0131 iqtisadi-ticari sah\u0259d\u0259 \u0259m\u0259kda\u015fl\u0131\u011f\u0131n yax\u015f\u0131 s\u0259viyy\u0259d\u0259 oldu\u011fu bildirilib, h\u00f6kum\u0259tl\u0259raras\u0131 birg\u0259 komissiyan\u0131n i\u015fi y\u00fcks\u0259k qiym\u0259tl\u0259ndirilib.<\/p>\n<p>Az\u0259rbaycanl\u0131larla y\u0259hudil\u0259r aras\u0131nda \u0259n\u0259n\u0259vi, tarixi dostluq m\u00fcnasib\u0259tl\u0259rinin m\u00f6vcud oldu\u011fu vur\u011fulan\u0131b, \u00f6lk\u0259mizd\u0259 dig\u0259r icmalar\u0131n n\u00fcmay\u0259nd\u0259l\u0259ri il\u0259 yana\u015f\u0131, y\u0259hudi icmas\u0131n\u0131n n\u00fcmay\u0259nd\u0259l\u0259rinin d\u0259 s\u00fclh, \u0259min-amanl\u0131q v\u0259 qar\u015f\u0131l\u0131ql\u0131 anla\u015fma m\u00fchitind\u0259 ya\u015famalar\u0131 \u00fc\u00e7\u00fcn h\u0259rt\u0259r\u0259fli \u015f\u0259raitin yarad\u0131ld\u0131\u011f\u0131 m\u0259mnunluqla qeyd edilib.<\/p>\n<p><img loading=\"lazy\" src=\"https:\/\/cdn.musavat.com\/news\/thumbnails\/43abcd2a9188ca644c2c94627aeaabee.jpg\" alt=\"722ede27-4795-345a-b11c-04539357fecb.jpg (330 KB)\" width=\"700\" height=\"526\" \/><\/p>\n","protected":false},"excerpt":{"rendered":"<p>Az\u0259rbaycan Respublikas\u0131n\u0131n Prezidenti \u0130lham \u018fliyev yanvar\u0131n 21-d\u0259 Davosda qar\u015f\u0131 t\u0259r\u0259fin m\u00fcraci\u0259ti \u0259sas\u0131nda \u0130srail D\u00f6vl\u0259tinin Prezidenti \u0130sxak Hersoq il\u0259 g\u00f6r\u00fc\u015f\u00fcb. ARANTV.AZ \u00a0x\u0259b\u0259r verir ki, g\u00f6r\u00fc\u015fd\u0259 Az\u0259rbaycan il\u0259 \u0130srail aras\u0131nda ikit\u0259r\u0259fli m\u00fcnasib\u0259tl\u0259rin u\u011furla inki\u015faf etdiyi qeyd olunub. \u0130sxak Hersoq \u00f6lk\u0259miz\u0259 r\u0259smi s\u0259f\u0259rini m\u0259mnunluqla xat\u0131rlay\u0131b. S\u00f6hb\u0259t zaman\u0131 iqtisadi-ticari sah\u0259d\u0259 \u0259m\u0259kda\u015fl\u0131\u011f\u0131n yax\u015f\u0131 s\u0259viyy\u0259d\u0259 oldu\u011fu bildirilib, h\u00f6kum\u0259tl\u0259raras\u0131 birg\u0259 komissiyan\u0131n i\u015fi y\u00fcks\u0259k qiym\u0259tl\u0259ndirilib. Az\u0259rbaycanl\u0131larla y\u0259hudil\u0259r aras\u0131nda \u0259n\u0259n\u0259vi, tarixi dostluq m\u00fcnasib\u0259tl\u0259rinin m\u00f6vcud oldu\u011fu vur\u011fulan\u0131b, \u00f6lk\u0259mizd\u0259 dig\u0259r icmalar\u0131n n\u00fcmay\u0259nd\u0259l\u0259ri il\u0259 yana\u015f\u0131, y\u0259hudi icmas\u0131n\u0131n n\u00fcmay\u0259nd\u0259l\u0259rinin d\u0259 s\u00fclh, \u0259min-amanl\u0131q v\u0259 qar\u015f\u0131l\u0131ql\u0131 anla\u015fma m\u00fchitind\u0259 ya\u015famalar\u0131 \u00fc\u00e7\u00fcn h\u0259rt\u0259r\u0259fli \u015f\u0259raitin yarad\u0131ld\u0131\u011f\u0131 m\u0259mnunluqla qeyd&hellip;<\/p>\n","protected":false},"author":2,"featured_media":782594,"comment_status":"closed","ping_status":"closed","sticky":false,"template":"","format":"standard","meta":{"om_disable_all_campaigns":false,"_monsterinsights_skip_tracking":false,"_monsterinsights_sitenote_active":false,"_monsterinsights_sitenote_note":"","_monsterinsights_sitenote_category":0},"categories":[4],"tags":[],"aioseo_notices":[],"gutentor_comment":0,"rttpg_featured_image_url":{"full":["https:\/\/arantv.az\/wp-content\/uploads\/2025\/01\/e48649219e4428fa33a905b1d694d690.jpg",850,500,false],"landscape":["https:\/\/arantv.az\/wp-content\/uploads\/2025\/01\/e48649219e4428fa33a905b1d694d690.jpg",850,500,false],"portraits":["https:\/\/arantv.az\/wp-content\/uploads\/2025\/01\/e48649219e4428fa33a905b1d694d690.jpg",850,500,false],"thumbnail":["https:\/\/arantv.az\/wp-content\/uploads\/2025\/01\/e48649219e4428fa33a905b1d694d690-500x280.jpg",500,280,true],"medium":["https:\/\/arantv.az\/wp-content\/uploads\/2025\/01\/e48649219e4428fa33a905b1d694d690-621x365.jpg",621,365,true],"large":["https:\/\/arantv.az\/wp-content\/uploads\/2025\/01\/e48649219e4428fa33a905b1d694d690-840x494.jpg",640,376,true],"1536x1536":["https:\/\/arantv.az\/wp-content\/uploads\/2025\/01\/e48649219e4428fa33a905b1d694d690.jpg",850,500,false],"2048x2048":["https:\/\/arantv.az\/wp-content\/uploads\/2025\/01\/e48649219e4428fa33a905b1d694d690.jpg",850,500,false],"post-thumbnail":["https:\/\/arantv.az\/wp-content\/uploads\/2025\/01\/e48649219e4428fa33a905b1d694d690-240x172.jpg",240,172,true],"advps-thumb-one":["https:\/\/arantv.az\/wp-content\/uploads\/2025\/01\/e48649219e4428fa33a905b1d694d690.jpg",850,500,false]},"rttpg_author":{"display_name":"V\u00fcsal Rafiqo\u011flu","author_link":"https:\/\/arantv.az\/?author=2"},"rttpg_comment":0,"rttpg_category":"<a href=\"https:\/\/arantv.az\/?cat=4\" rel=\"category\">Siyas\u0259t<\/a>","rttpg_excerpt":"Az\u0259rbaycan Respublikas\u0131n\u0131n Prezidenti \u0130lham \u018fliyev yanvar\u0131n 21-d\u0259 Davosda qar\u015f\u0131 t\u0259r\u0259fin m\u00fcraci\u0259ti \u0259sas\u0131nda \u0130srail D\u00f6vl\u0259tinin Prezidenti \u0130sxak Hersoq il\u0259 g\u00f6r\u00fc\u015f\u00fcb. ARANTV.AZ \u00a0x\u0259b\u0259r verir ki, g\u00f6r\u00fc\u015fd\u0259 Az\u0259rbaycan il\u0259 \u0130srail aras\u0131nda ikit\u0259r\u0259fli m\u00fcnasib\u0259tl\u0259rin u\u011furla inki\u015faf etdiyi qeyd olunub. \u0130sxak Hersoq \u00f6lk\u0259miz\u0259 r\u0259smi s\u0259f\u0259rini m\u0259mnunluqla xat\u0131rlay\u0131b. S\u00f6hb\u0259t zaman\u0131 iqtisadi-ticari sah\u0259d\u0259 \u0259m\u0259kda\u015fl\u0131\u011f\u0131n yax\u015f\u0131 s\u0259viyy\u0259d\u0259 oldu\u011fu bildirilib, h\u00f6kum\u0259tl\u0259raras\u0131 birg\u0259 komissiyan\u0131n i\u015fi&hellip;","_links":{"self":[{"href":"https:\/\/arantv.az\/index.php?rest_route=\/wp\/v2\/posts\/782593"}],"collection":[{"href":"https:\/\/arantv.az\/index.php?rest_route=\/wp\/v2\/posts"}],"about":[{"href":"https:\/\/arantv.az\/index.php?rest_route=\/wp\/v2\/types\/post"}],"author":[{"embeddable":true,"href":"https:\/\/arantv.az\/index.php?rest_route=\/wp\/v2\/users\/2"}],"replies":[{"embeddable":true,"href":"https:\/\/arantv.az\/index.php?rest_route=%2Fwp%2Fv2%2Fcomments&post=782593"}],"version-history":[{"count":1,"href":"https:\/\/arantv.az\/index.php?rest_route=\/wp\/v2\/posts\/782593\/revisions"}],"predecessor-version":[{"id":782595,"href":"https:\/\/arantv.az\/index.php?rest_route=\/wp\/v2\/posts\/782593\/revisions\/782595"}],"wp:featuredmedia":[{"embeddable":true,"href":"https:\/\/arantv.az\/index.php?rest_route=\/wp\/v2\/media\/782594"}],"wp:attachment":[{"href":"https:\/\/arantv.az\/index.php?rest_route=%2Fwp%2Fv2%2Fmedia&parent=782593"}],"wp:term":[{"taxonomy":"category","embeddable":true,"href":"https:\/\/arantv.az\/index.php?rest_route=%2Fwp%2Fv2%2Fcategories&post=782593"},{"taxonomy":"post_tag","embeddable":true,"href":"https:\/\/arantv.az\/index.php?rest_route=%2Fwp%2Fv2%2Ftags&post=782593"}],"curies":[{"name":"wp","href":"https:\/\/api.w.org\/{rel}","templated":true}]}}