{"id":782596,"date":"2025-01-21T22:24:44","date_gmt":"2025-01-21T18:24:44","guid":{"rendered":"https:\/\/arantv.az\/?p=782596"},"modified":"2025-01-21T22:36:05","modified_gmt":"2025-01-21T18:36:05","slug":"mehriban-%c9%99liyeva-turkiy%c9%99y%c9%99-bassagligi-verib-foto","status":"publish","type":"post","link":"https:\/\/arantv.az\/?p=782596","title":{"rendered":"Mehriban \u018fliyeva T\u00fcrkiy\u0259y\u0259 ba\u015fsa\u011fl\u0131\u011f\u0131 verib &#8211; FOTO"},"content":{"rendered":"<p>rinci vitse-prezident Mehriban \u018fliyeva T\u00fcrkiy\u0259d\u0259 mehmanxanadak\u0131 yan\u011f\u0131nla ba\u011fl\u0131 r\u0259smi &#8220;Instagram&#8221; s\u0259hif\u0259sind\u0259 payla\u015f\u0131m edib.<\/p>\n<p><b>ARANTV.AZ <\/b>x\u0259b\u0259r verir ki, payla\u015f\u0131mda deyilir:<\/p>\n<p>&#8220;Ba\u015f\u0131n sa\u011f olsun, T\u00fcrkiy\u0259! Yan\u011f\u0131n n\u0259tic\u0259sind\u0259 h\u0259lak olanlar\u0131n do\u011fmalar\u0131na v\u0259 yax\u0131nlar\u0131na d\u0259rin h\u00fcznl\u0259 ba\u015fsa\u011fl\u0131\u011f\u0131 verir, onlara g\u00fcc v\u0259 s\u0259bir dil\u0259yir\u0259m. Yaralananlar\u0131n tezlikl\u0259 \u015f\u0259fa tapmas\u0131n\u0131 arzulay\u0131ram. Uca Tanr\u0131 xalqlar\u0131m\u0131z\u0131 b\u00fct\u00fcn b\u0259lalardan v\u0259 b\u0259db\u0259xtlikl\u0259rd\u0259n qorusun!&#8221;<\/p>\n<p><img src=\"https:\/\/img.milli.az\/2025\/01\/21\/1258920.jpg\" width=\"700\" \/><\/p>\n","protected":false},"excerpt":{"rendered":"<p>rinci vitse-prezident Mehriban \u018fliyeva T\u00fcrkiy\u0259d\u0259 mehmanxanadak\u0131 yan\u011f\u0131nla ba\u011fl\u0131 r\u0259smi &#8220;Instagram&#8221; s\u0259hif\u0259sind\u0259 payla\u015f\u0131m edib. ARANTV.AZ x\u0259b\u0259r verir ki, payla\u015f\u0131mda deyilir: &#8220;Ba\u015f\u0131n sa\u011f olsun, T\u00fcrkiy\u0259! Yan\u011f\u0131n n\u0259tic\u0259sind\u0259 h\u0259lak olanlar\u0131n do\u011fmalar\u0131na v\u0259 yax\u0131nlar\u0131na d\u0259rin h\u00fcznl\u0259 ba\u015fsa\u011fl\u0131\u011f\u0131 verir, onlara g\u00fcc v\u0259 s\u0259bir dil\u0259yir\u0259m. Yaralananlar\u0131n tezlikl\u0259 \u015f\u0259fa tapmas\u0131n\u0131 arzulay\u0131ram. Uca Tanr\u0131 xalqlar\u0131m\u0131z\u0131 b\u00fct\u00fcn b\u0259lalardan v\u0259 b\u0259db\u0259xtlikl\u0259rd\u0259n qorusun!&#8221;<\/p>\n","protected":false},"author":2,"featured_media":782601,"comment_status":"closed","ping_status":"closed","sticky":false,"template":"","format":"standard","meta":{"om_disable_all_campaigns":false,"_monsterinsights_skip_tracking":false,"_monsterinsights_sitenote_active":false,"_monsterinsights_sitenote_note":"","_monsterinsights_sitenote_category":0},"categories":[4],"tags":[],"aioseo_notices":[],"gutentor_comment":0,"rttpg_featured_image_url":{"full":["https:\/\/arantv.az\/wp-content\/uploads\/2025\/01\/aee5fe99bd414049e9dfd03441b9e197.jpg",870,500,false],"landscape":["https:\/\/arantv.az\/wp-content\/uploads\/2025\/01\/aee5fe99bd414049e9dfd03441b9e197.jpg",870,500,false],"portraits":["https:\/\/arantv.az\/wp-content\/uploads\/2025\/01\/aee5fe99bd414049e9dfd03441b9e197.jpg",870,500,false],"thumbnail":["https:\/\/arantv.az\/wp-content\/uploads\/2025\/01\/aee5fe99bd414049e9dfd03441b9e197-500x280.jpg",500,280,true],"medium":["https:\/\/arantv.az\/wp-content\/uploads\/2025\/01\/aee5fe99bd414049e9dfd03441b9e197-635x365.jpg",635,365,true],"large":["https:\/\/arantv.az\/wp-content\/uploads\/2025\/01\/aee5fe99bd414049e9dfd03441b9e197-840x483.jpg",640,368,true],"1536x1536":["https:\/\/arantv.az\/wp-content\/uploads\/2025\/01\/aee5fe99bd414049e9dfd03441b9e197.jpg",870,500,false],"2048x2048":["https:\/\/arantv.az\/wp-content\/uploads\/2025\/01\/aee5fe99bd414049e9dfd03441b9e197.jpg",870,500,false],"post-thumbnail":["https:\/\/arantv.az\/wp-content\/uploads\/2025\/01\/aee5fe99bd414049e9dfd03441b9e197-240x172.jpg",240,172,true],"advps-thumb-one":["https:\/\/arantv.az\/wp-content\/uploads\/2025\/01\/aee5fe99bd414049e9dfd03441b9e197.jpg",870,500,false]},"rttpg_author":{"display_name":"V\u00fcsal Rafiqo\u011flu","author_link":"https:\/\/arantv.az\/?author=2"},"rttpg_comment":0,"rttpg_category":"<a href=\"https:\/\/arantv.az\/?cat=4\" rel=\"category\">Siyas\u0259t<\/a>","rttpg_excerpt":"rinci vitse-prezident Mehriban \u018fliyeva T\u00fcrkiy\u0259d\u0259 mehmanxanadak\u0131 yan\u011f\u0131nla ba\u011fl\u0131 r\u0259smi &#8220;Instagram&#8221; s\u0259hif\u0259sind\u0259 payla\u015f\u0131m edib. ARANTV.AZ x\u0259b\u0259r verir ki, payla\u015f\u0131mda deyilir: &#8220;Ba\u015f\u0131n sa\u011f olsun, T\u00fcrkiy\u0259! Yan\u011f\u0131n n\u0259tic\u0259sind\u0259 h\u0259lak olanlar\u0131n do\u011fmalar\u0131na v\u0259 yax\u0131nlar\u0131na d\u0259rin h\u00fcznl\u0259 ba\u015fsa\u011fl\u0131\u011f\u0131 verir, onlara g\u00fcc v\u0259 s\u0259bir dil\u0259yir\u0259m. Yaralananlar\u0131n tezlikl\u0259 \u015f\u0259fa tapmas\u0131n\u0131 arzulay\u0131ram. Uca Tanr\u0131 xalqlar\u0131m\u0131z\u0131 b\u00fct\u00fcn b\u0259lalardan v\u0259 b\u0259db\u0259xtlikl\u0259rd\u0259n qorusun!&#8221;","_links":{"self":[{"href":"https:\/\/arantv.az\/index.php?rest_route=\/wp\/v2\/posts\/782596"}],"collection":[{"href":"https:\/\/arantv.az\/index.php?rest_route=\/wp\/v2\/posts"}],"about":[{"href":"https:\/\/arantv.az\/index.php?rest_route=\/wp\/v2\/types\/post"}],"author":[{"embeddable":true,"href":"https:\/\/arantv.az\/index.php?rest_route=\/wp\/v2\/users\/2"}],"replies":[{"embeddable":true,"href":"https:\/\/arantv.az\/index.php?rest_route=%2Fwp%2Fv2%2Fcomments&post=782596"}],"version-history":[{"count":1,"href":"https:\/\/arantv.az\/index.php?rest_route=\/wp\/v2\/posts\/782596\/revisions"}],"predecessor-version":[{"id":782598,"href":"https:\/\/arantv.az\/index.php?rest_route=\/wp\/v2\/posts\/782596\/revisions\/782598"}],"wp:featuredmedia":[{"embeddable":true,"href":"https:\/\/arantv.az\/index.php?rest_route=\/wp\/v2\/media\/782601"}],"wp:attachment":[{"href":"https:\/\/arantv.az\/index.php?rest_route=%2Fwp%2Fv2%2Fmedia&parent=782596"}],"wp:term":[{"taxonomy":"category","embeddable":true,"href":"https:\/\/arantv.az\/index.php?rest_route=%2Fwp%2Fv2%2Fcategories&post=782596"},{"taxonomy":"post_tag","embeddable":true,"href":"https:\/\/arantv.az\/index.php?rest_route=%2Fwp%2Fv2%2Ftags&post=782596"}],"curies":[{"name":"wp","href":"https:\/\/api.w.org\/{rel}","templated":true}]}}