{"id":782655,"date":"2025-01-22T10:48:07","date_gmt":"2025-01-22T06:48:07","guid":{"rendered":"https:\/\/arantv.az\/?p=782655"},"modified":"2025-01-22T10:48:07","modified_gmt":"2025-01-22T06:48:07","slug":"rus-sektorunda-az%c9%99rbaycan-tarixin%c9%99-etiraz-t%c9%99f%c9%99rruat","status":"publish","type":"post","link":"https:\/\/arantv.az\/?p=782655","title":{"rendered":"Rus sektorunda \u201cAz\u0259rbaycan tarixi\u201dn\u0259 etiraz &#8211; t\u0259f\u0259rr\u00fcat"},"content":{"rendered":"<h3><strong>Paytaxt m\u0259kt\u0259bl\u0259rind\u0259n birinin 5-ci sinif \u015fagirdinin valideynl\u0259ri Elm v\u0259 T\u0259hsil Nazirliyin\u0259 qar\u015f\u0131 iddia qald\u0131r\u0131b Az\u0259rbaycan tarixinin rus dilind\u0259 t\u0259dris olunmas\u0131n\u0131 ist\u0259yirl\u0259r&#8230;<\/strong><\/h3>\n<p><strong>Bak\u0131 \u0130nzibati M\u0259hk\u0259m\u0259sind\u0259 maraql\u0131 m\u0259hk\u0259m\u0259 prosesi ba\u015flay\u0131b. Bel\u0259 ki, paytaxt m\u0259kt\u0259bl\u0259rind\u0259n birinin 5-ci sinif \u015fagirdinin valideynl\u0259ri Elm v\u0259 T\u0259hsil Nazirliyin\u0259 qar\u015f\u0131 iddia qald\u0131r\u0131b. M\u0259hk\u0259m\u0259 iddias\u0131na hakim Miminat Hac\u0131b\u0259yovaya bax\u0131r.\u00a0<\/strong><\/p>\n<p>Calibir.az x\u0259b\u0259r verir ki, iddia \u00fczr\u0259 ilk m\u0259hk\u0259m\u0259 iclas\u0131 ke\u00e7irilib. \u0130ddiaya s\u0259b\u0259b 5-ci sinif rus sektorunda \u201cAz\u0259rbaycan tarixi\u201d f\u0259nninin Az\u0259rbaycan dilind\u0259 t\u0259drisidir. Onlar rus b\u00f6lm\u0259sind\u0259 t\u0259hsil alan m\u0259kt\u0259blil\u0259rin material\u0131n Az\u0259rbaycan dilind\u0259 kompleks \u015f\u0259kild\u0259 t\u0259qdim olunmas\u0131 s\u0259b\u0259bind\u0259n \u00f6z v\u0259t\u0259nl\u0259rinin tarixini tam d\u0259rk ed\u0259 bilm\u0259m\u0259l\u0259rini \u0259sas g\u0259tir\u0259r\u0259k, Az\u0259rbaycan tarixinin rus dilind\u0259 t\u0259dris olunmas\u0131n\u0131 xahi\u015f edirl\u0259r. Onlar\u0131n fikrinc\u0259, 5-ci sinif \u00fc\u00e7\u00fcn rus dilind\u0259 \u201cAz\u0259rbaycan tarixi\u201d d\u0259rsliyi u\u015faqlara d\u0259rs ke\u00e7m\u0259k \u00fc\u00e7\u00fcn daha ba\u015fa d\u00fc\u015f\u00fcl\u0259n v\u0259 \u0259lveri\u015flidir. Valideynl\u0259rin v\u0259kili bildirib ki, bel\u0259 bir q\u0259rar m\u0259kt\u0259blil\u0259rin \u00f6zl\u0259rinin v\u0259 valideynl\u0259rinin konstitusiya h\u00fcquqlar\u0131n\u0131 pozur.<\/p>\n<p>M\u0259hk\u0259m\u0259d\u0259 \u00e7\u0131x\u0131\u015f ed\u0259n nazirliyin n\u00fcmay\u0259nd\u0259si bildirib ki, bu t\u0259hsil formas\u0131 il\u0259 ba\u011fl\u0131 q\u0259rar m\u00f6vcud qanun v\u0259 qaydalar \u0259sas\u0131nda q\u0259bul edilib. \u00d6z n\u00f6vb\u0259sind\u0259 m\u0259hk\u0259m\u0259 h\u0259r iki t\u0259r\u0259fi dinl\u0259yib v\u0259 iddialar\u0131 q\u0259bul edib. \u0130ddia \u00fczr\u0259 Bak\u0131 \u0130nzibati M\u0259hk\u0259m\u0259sinin n\u00f6vb\u0259ti iclas\u0131 14 fevrala t\u0259yin edilib.<\/p>\n<p>B\u0259s problem nec\u0259 h\u0259ll olunmal\u0131d\u0131r? M\u0259lumdur ki, rus sektorunda t\u0259kc\u0259 az\u0259rbaycanl\u0131 u\u015faqlar deyil, rus ail\u0259l\u0259rind\u0259\u00a0 b\u00f6y\u00fcy\u0259nl\u0259r d\u0259 var ki, onlara tariximizi Az\u0259rbaycan dilind\u0259 ba\u015fa d\u00fc\u015fm\u0259k h\u0259qiq\u0259t\u0259n d\u0259 \u00e7\u0259tinlik yarada bil\u0259r.<\/p>\n<p><img src=\"https:\/\/files.modern.az\/articles\/2022\/08\/30\/1661842053_404613.jpg\" alt=\"Deputat Ceyhun M\u0259mm\u0259dovun atas\u0131 v\u0259fat etdi\" \/><\/p>\n<p><strong>Ceyhun M\u0259mm\u0259dov<\/strong><\/p>\n<p><strong>M\u00f6vzu il\u0259 ba\u011fl\u0131 \u201cYeni M\u00fcsavat\u201da dan\u0131\u015fan Ceyhun M\u0259mm\u0259dov deyib ki, bel\u0259 bir hadis\u0259nin ba\u015f verm\u0259si d\u00fc\u015f\u00fcnd\u00fcr\u00fcc\u00fcd\u00fcr:<\/strong>\u00a0\u201cM\u0259n nazirliyin m\u00f6vqeyin\u0259 h\u00f6rm\u0259tl\u0259 yana\u015f\u0131ram, lakin bu m\u0259s\u0259l\u0259 il\u0259 ba\u011fl\u0131 b\u0259zi m\u0259qamlar var ki, onlar\u0131 x\u00fcsusi qeyd etm\u0259k ist\u0259rdim. M\u0259s\u0259l\u0259nin mahiyy\u0259ti ondan ibar\u0259tdir ki, rus sektorunda t\u0259hsil alan \u015fagirdl\u0259rin \u0259ks\u0259riyy\u0259ti Az\u0259rbaycan dilini yax\u015f\u0131 bilmirl\u0259r. Bu s\u0259b\u0259bd\u0259n hesab edir\u0259m ki, onlar\u0131n Az\u0259rbaycan tarixinin rus dilind\u0259 deyil, Az\u0259rbaycan dilind\u0259 t\u0259hsil almas\u0131 v\u0259 bunun n\u0259 q\u0259d\u0259r effektiv olmas\u0131 m\u0259s\u0259l\u0259si ciddi ara\u015fd\u0131r\u0131lmal\u0131d\u0131r. \u018fg\u0259r \u015fagird Az\u0259rbaycan dilini yax\u015f\u0131 bilmirs\u0259, onun Az\u0259rbaycan dilind\u0259 tarixi m\u0259nims\u0259m\u0259si m\u0259s\u0259l\u0259si t\u0259hlil edilm\u0259lidir. Hesab edir\u0259m ki, m\u0259kt\u0259blil\u0259r eyni zamanda Az\u0259rbaycan tarixini rus dilind\u0259 d\u0259 \u00f6yr\u0259nm\u0259li v\u0259 bilm\u0259lidirl\u0259r. G\u0259l\u0259c\u0259kd\u0259 informasiya m\u00fcharib\u0259sind\u0259 istifad\u0259 etm\u0259k, bu prosesd\u0259 add\u0131mlar atmaq \u00fc\u00e7\u00fcn tariximizi rus dilind\u0259 d\u0259 m\u0259nims\u0259m\u0259l\u0259ri vacibdir. Bu g\u00fcn erm\u0259nil\u0259r rus dilind\u0259 biz\u0259 qar\u015f\u0131 \u00e7ox ciddi informasiya m\u00fcharib\u0259si h\u0259yata ke\u00e7irirl\u0259r. Bu bax\u0131mdan bizd\u0259 d\u0259 tariximizi rus dilind\u0259 bil\u0259n m\u00fct\u0259x\u0259ssisl\u0259r olmal\u0131d\u0131r ki, bu informasiya m\u00fcharib\u0259sind\u0259 q\u0259l\u0259b\u0259mizi t\u0259min ed\u0259 bilsinl\u0259r\u201d.<\/p>\n<p><img src=\"https:\/\/1xeber.media\/uploads\/posts\/2024-11\/kamran-esedov.jpg\" alt=\"COP29 \u00e7\u0259r\u00e7iv\u0259sind\u0259 Az\u0259rbaycan\u0131n t\u0259hsil sistemin\u0259 dair daha bir g\u00f6zl\u0259nti\u2026 \u2013 Kamran  \u018fs\u0259dov a\u00e7\u0131qlad\u0131 \u00bb Son x\u0259b\u0259rl\u0259r,Az\u0259rbaycanda v\u0259 D\u00fcnyada \u0259n aktual hadis\u0259l\u0259r  1Xeber.az X\u0259b\u0259r Sayt\u0131nda\" \/><\/p>\n<p><strong>Kamran \u018fs\u0259dov<\/strong><\/p>\n<p><strong>T\u0259hsil eksperti Kamran \u018fs\u0259dov\u00a0 dedi ki, Az\u0259rbaycan\u00a0 Konstitusiyas\u0131na \u0259sas\u0259n, d\u00f6vl\u0259t dili Az\u0259rbaycan dilidir (Madd\u0259 21). Bu dilin qorunmas\u0131 v\u0259 inki\u015faf etdirilm\u0259si d\u00f6vl\u0259tin \u0259sas funksiyalar\u0131ndan biridir:<\/strong>\u00a0\u201cEyni zamanda, konstitusiyan\u0131n 45-ci madd\u0259si h\u0259r bir v\u0259t\u0259nda\u015fa \u00f6z ana dilind\u0259 dan\u0131\u015fmaq, t\u0259hsil almaq v\u0259 ana dilini inki\u015faf etdirm\u0259k h\u00fcququnu t\u0259min edir. T\u0259hsil haqq\u0131nda qanuna g\u00f6r\u0259 \u00f6lk\u0259d\u0259 t\u0259hsil d\u00f6vl\u0259t dilind\u0259 apar\u0131l\u0131r, lakin t\u0259hsil rus, ingilis v\u0259 dig\u0259r dill\u0259rd\u0259 d\u0259 h\u0259yata ke\u00e7iril\u0259 bil\u0259r. Bununla bel\u0259, d\u00f6vl\u0259t dili olaraq Az\u0259rbaycan dilinin t\u0259drisi b\u00fct\u00fcn t\u0259hsil s\u0259viyy\u0259l\u0259rind\u0259 m\u0259cburidir. Bu h\u00fcquqi baza, d\u00f6vl\u0259t dilinin t\u0259drisinin \u0259sas\u0131n\u0131 qoyur v\u0259 bunun milli kimliyin qorunmas\u0131nda vacib rolunu vur\u011fulay\u0131r.<\/p>\n<p><strong>Hal-haz\u0131rda \u00f6lk\u0259d\u0259 \u00fcmumt\u0259hsil m\u0259kt\u0259bl\u0259rinin bir hiss\u0259si rus sektorunda f\u0259aliyy\u0259t g\u00f6st\u0259rir. D\u00f6vl\u0259t Statistika Komit\u0259sinin m\u0259lumatlar\u0131na \u0259sas\u0259n, 2024-c\u00fc il t\u0259dris ilind\u0259 \u00f6lk\u0259 \u00fczr\u0259 1.6 milyona yax\u0131n \u015fagird t\u0259hsil al\u0131r v\u0259 onlar\u0131n t\u0259xmin\u0259n 10%-i rus b\u00f6lm\u0259sind\u0259dir. Bu, minl\u0259rl\u0259 \u015fagirdin dil baryeri s\u0259b\u0259bind\u0259n t\u0259dris prosesi il\u0259 ba\u011fl\u0131 \u00e7\u0259tinlikl\u0259r ya\u015faya bil\u0259c\u0259yini g\u00f6st\u0259rir.<\/strong><\/p>\n<p>Rus sektorunda \u201cAz\u0259rbaycan tarixi\u201dnin Az\u0259rbaycan dilind\u0259 t\u0259drisi m\u0259s\u0259l\u0259sind\u0259 \u0259sas m\u00fczakir\u0259 olunan m\u0259qam, rusdilli u\u015faqlar\u0131n bu material\u0131 tam \u015f\u0259kild\u0259 qavramaqda \u00e7\u0259tinlik \u00e7\u0259k\u0259 bil\u0259c\u0259yidir. Bunun t\u0259hsil prosesin\u0259 t\u0259siri d\u00fcnya t\u0259cr\u00fcb\u0259si il\u0259 m\u00fcqayis\u0259 edil\u0259 bil\u0259r. M\u0259s\u0259l\u0259n, Kanadada iki r\u0259smi dil &#8211; ingilis v\u0259 frans\u0131z dill\u0259ri var. Frans\u0131zdilli m\u0259kt\u0259bl\u0259rd\u0259 Kanadan\u0131n tarixi frans\u0131z dilind\u0259, ingilisdilli m\u0259kt\u0259bl\u0259rd\u0259 is\u0259 ingilis dilind\u0259 t\u0259dris olunur. D\u00f6vl\u0259t, h\u0259r iki dil qrupunun tarixi v\u0259 m\u0259d\u0259niyy\u0259tini anlamaq \u00fc\u00e7\u00fcn m\u00fcvafiq t\u0259dris resurslar\u0131n\u0131 t\u0259min edir. Bu yana\u015fma h\u0259r iki dil qrupunun b\u0259rab\u0259r h\u00fcquqlardan istifad\u0259 etm\u0259sini v\u0259 t\u0259hsilin keyfiyy\u0259tli \u015f\u0259kild\u0259 t\u0259min olunmas\u0131n\u0131 h\u0259d\u0259fl\u0259yir. Avropa \u00f6lk\u0259l\u0259rind\u0259 d\u0259 ox\u015far t\u0259cr\u00fcb\u0259l\u0259r m\u00fc\u015fahid\u0259 edilir. \u0130sve\u00e7r\u0259d\u0259 \u015fagirdl\u0259rin f\u0259rqli dill\u0259rd\u0259 t\u0259hsil almaq h\u00fcququ qorunur v\u0259 h\u0259r b\u00f6lg\u0259nin dil siyas\u0259ti t\u0259hsil proqramlar\u0131na uy\u011funla\u015fd\u0131r\u0131l\u0131r. Tarixi v\u0259 milli kimlikl\u0259 ba\u011fl\u0131 f\u0259nl\u0259r \u015fagirdl\u0259rin ana dilind\u0259 t\u0259dris olunur ki, bu da onlar\u0131n material\u0131 daha yax\u015f\u0131 m\u0259nims\u0259m\u0259sini t\u0259min edir. C\u0259nubi Koreyada is\u0259 t\u0259hsil yaln\u0131z d\u00f6vl\u0259t dilind\u0259 h\u0259yata ke\u00e7irilir v\u0259 bu, c\u0259miyy\u0259tin vahid milli kimlik \u0259traf\u0131nda birl\u0259\u015fm\u0259sin\u0259 xidm\u0259t edir. Lakin bu yana\u015fma, \u00f6lk\u0259d\u0259 g\u00fccl\u00fc birdilli siyas\u0259t \u0259n\u0259n\u0259sinin m\u00f6vcud oldu\u011fu bir \u015f\u0259raitd\u0259 m\u00fcmk\u00fcnd\u00fcr&#8221;.<\/p>\n<p><strong>Ekspertin fikrinc\u0259, Az\u0259rbaycan\u0131n t\u0259hsil siyas\u0259tind\u0259 d\u00f6vl\u0259t dilinin qorunmas\u0131 \u0259sas prioritetl\u0259rd\u0259n biridir, lakin d\u00f6vl\u0259tin t\u0259hsil h\u00fcququnu t\u0259min etm\u0259k \u00f6hd\u0259liyi d\u0259 n\u0259z\u0259r\u0259 al\u0131nmal\u0131d\u0131r:<\/strong>\u00a0\u201cRus sektorunda t\u0259hsil alan \u015fagirdl\u0259r \u00fc\u00e7\u00fcn Az\u0259rbaycan tarixi d\u0259rsinin Az\u0259rbaycan dilind\u0259 t\u0259drisi onlar\u0131n bu f\u0259nni tam m\u0259nims\u0259m\u0259sin\u0259 mane olursa, bu, t\u0259hsil h\u00fcquqlar\u0131n\u0131n pozulmas\u0131 kimi qiym\u0259tl\u0259ndiril\u0259 bil\u0259r. Burada \u0259sas m\u0259s\u0259l\u0259 balans\u0131n tap\u0131lmas\u0131d\u0131r. D\u00f6vl\u0259t dili t\u0259dris edilm\u0259li v\u0259 qorunmal\u0131d\u0131r, eyni zamanda \u015fagirdl\u0259rin t\u0259dris material\u0131n\u0131 tam qavramas\u0131 \u00fc\u00e7\u00fcn onlar\u0131n dill\u0259 ba\u011fl\u0131 ehtiyaclar\u0131 n\u0259z\u0259r\u0259 al\u0131nmal\u0131d\u0131r. Bu problemi h\u0259ll etm\u0259k \u00fc\u00e7\u00fcn ilk n\u00f6vb\u0259d\u0259, \u201cAz\u0259rbaycan tarixi\u201d d\u0259rsliyi v\u0259 dig\u0259r resurslar rus dilind\u0259 \u00e7ap edilm\u0259lidir. D\u0259rs Az\u0259rbaycan dilind\u0259 t\u0259dris olunma\u011fa davam ed\u0259 bil\u0259r, lakin \u015fagirdl\u0259r \u00fc\u00e7\u00fcn t\u0259rc\u00fcm\u0259 edilmi\u015f materiallar\u0131n m\u00f6vcudlu\u011fu onlar\u0131n f\u0259nni daha yax\u015f\u0131 m\u0259nims\u0259m\u0259sin\u0259 imkan ver\u0259r. Eyni zamanda m\u00fc\u0259lliml\u0259r\u0259 ikidilli t\u0259dris texnikas\u0131 \u00fczr\u0259 \u0259lav\u0259 t\u0259liml\u0259r ke\u00e7irilm\u0259lidir ki, onlar rus sektorundak\u0131 \u015fagirdl\u0259r\u0259 material\u0131 daha effektiv \u015f\u0259kild\u0259 \u00e7atd\u0131ra bilsinl\u0259r.<\/p>\n<p><strong>Bununla yana\u015f\u0131, dil d\u0259st\u0259yi proqramlar\u0131 t\u0259\u015fkil olunmal\u0131d\u0131r. Rusdilli \u015fagirdl\u0259r \u00fc\u00e7\u00fcn \u0259lav\u0259 dil d\u0259rsl\u0259ri t\u0259\u015fkil edil\u0259 bil\u0259r ki, bu da onlar\u0131n Az\u0259rbaycan dilind\u0259 t\u0259dris olunan dig\u0259r f\u0259nl\u0259rd\u0259 d\u0259 u\u011furlu olmalar\u0131na k\u00f6m\u0259k ed\u0259r. Bu yana\u015fma t\u0259kc\u0259 \u201cAz\u0259rbaycan tarixi\u201d f\u0259nnind\u0259 deyil, \u00fcmumilikd\u0259 t\u0259hsil sistemind\u0259 daha yax\u015f\u0131 n\u0259tic\u0259l\u0259r\u0259 s\u0259b\u0259b ola bil\u0259r.<\/strong><\/p>\n<p>X\u00fcsusil\u0259 problemin h\u0259lli \u00fc\u00e7\u00fcn maraql\u0131 t\u0259r\u0259fl\u0259r aras\u0131nda dialoq t\u0259\u015fkil olunmal\u0131d\u0131r. Valideynl\u0259r, m\u00fc\u0259lliml\u0259r, t\u0259hsil ekspertl\u0259ri v\u0259 d\u00f6vl\u0259t qurumlar\u0131n\u0131n bir araya g\u0259l\u0259r\u0259k bu m\u0259s\u0259l\u0259ni geni\u015f m\u00fczakir\u0259 etm\u0259si, h\u0259m d\u00f6vl\u0259t dilinin qorunmas\u0131n\u0131, h\u0259m d\u0259 \u015fagirdl\u0259rin t\u0259hsil h\u00fcququnun t\u0259min olunmas\u0131n\u0131 t\u0259min ed\u0259c\u0259k q\u0259rarlar\u0131n q\u0259bul edilm\u0259sin\u0259 \u015f\u0259rait yarada bil\u0259r&#8221;.<\/p>\n","protected":false},"excerpt":{"rendered":"<p>Paytaxt m\u0259kt\u0259bl\u0259rind\u0259n birinin 5-ci sinif \u015fagirdinin valideynl\u0259ri Elm v\u0259 T\u0259hsil Nazirliyin\u0259 qar\u015f\u0131 iddia qald\u0131r\u0131b Az\u0259rbaycan tarixinin rus dilind\u0259 t\u0259dris olunmas\u0131n\u0131 ist\u0259yirl\u0259r&#8230; Bak\u0131 \u0130nzibati M\u0259hk\u0259m\u0259sind\u0259 maraql\u0131 m\u0259hk\u0259m\u0259 prosesi ba\u015flay\u0131b. Bel\u0259 ki, paytaxt m\u0259kt\u0259bl\u0259rind\u0259n birinin 5-ci sinif \u015fagirdinin valideynl\u0259ri Elm v\u0259 T\u0259hsil Nazirliyin\u0259 qar\u015f\u0131 iddia qald\u0131r\u0131b. M\u0259hk\u0259m\u0259 iddias\u0131na hakim Miminat Hac\u0131b\u0259yovaya bax\u0131r.\u00a0 Calibir.az x\u0259b\u0259r verir ki, iddia \u00fczr\u0259 ilk m\u0259hk\u0259m\u0259 iclas\u0131 ke\u00e7irilib. \u0130ddiaya s\u0259b\u0259b 5-ci sinif rus sektorunda \u201cAz\u0259rbaycan tarixi\u201d f\u0259nninin Az\u0259rbaycan dilind\u0259 t\u0259drisidir. Onlar rus b\u00f6lm\u0259sind\u0259 t\u0259hsil alan m\u0259kt\u0259blil\u0259rin material\u0131n Az\u0259rbaycan dilind\u0259 kompleks \u015f\u0259kild\u0259 t\u0259qdim olunmas\u0131 s\u0259b\u0259bind\u0259n \u00f6z v\u0259t\u0259nl\u0259rinin tarixini tam&hellip;<\/p>\n","protected":false},"author":2,"featured_media":782656,"comment_status":"closed","ping_status":"closed","sticky":false,"template":"","format":"standard","meta":{"om_disable_all_campaigns":false,"_monsterinsights_skip_tracking":false,"_monsterinsights_sitenote_active":false,"_monsterinsights_sitenote_note":"","_monsterinsights_sitenote_category":0},"categories":[1],"tags":[],"aioseo_notices":[],"gutentor_comment":0,"rttpg_featured_image_url":{"full":["https:\/\/arantv.az\/wp-content\/uploads\/2025\/01\/359d9e92ff88e5ce911521d5e5f4bc4b.png",870,500,false],"landscape":["https:\/\/arantv.az\/wp-content\/uploads\/2025\/01\/359d9e92ff88e5ce911521d5e5f4bc4b.png",870,500,false],"portraits":["https:\/\/arantv.az\/wp-content\/uploads\/2025\/01\/359d9e92ff88e5ce911521d5e5f4bc4b.png",870,500,false],"thumbnail":["https:\/\/arantv.az\/wp-content\/uploads\/2025\/01\/359d9e92ff88e5ce911521d5e5f4bc4b-500x280.png",500,280,true],"medium":["https:\/\/arantv.az\/wp-content\/uploads\/2025\/01\/359d9e92ff88e5ce911521d5e5f4bc4b-635x365.png",635,365,true],"large":["https:\/\/arantv.az\/wp-content\/uploads\/2025\/01\/359d9e92ff88e5ce911521d5e5f4bc4b-840x483.png",640,368,true],"1536x1536":["https:\/\/arantv.az\/wp-content\/uploads\/2025\/01\/359d9e92ff88e5ce911521d5e5f4bc4b.png",870,500,false],"2048x2048":["https:\/\/arantv.az\/wp-content\/uploads\/2025\/01\/359d9e92ff88e5ce911521d5e5f4bc4b.png",870,500,false],"post-thumbnail":["https:\/\/arantv.az\/wp-content\/uploads\/2025\/01\/359d9e92ff88e5ce911521d5e5f4bc4b-240x172.png",240,172,true],"advps-thumb-one":["https:\/\/arantv.az\/wp-content\/uploads\/2025\/01\/359d9e92ff88e5ce911521d5e5f4bc4b.png",870,500,false]},"rttpg_author":{"display_name":"V\u00fcsal Rafiqo\u011flu","author_link":"https:\/\/arantv.az\/?author=2"},"rttpg_comment":0,"rttpg_category":"<a href=\"https:\/\/arantv.az\/?cat=1\" rel=\"category\">C\u0259miyy\u0259t<\/a>","rttpg_excerpt":"Paytaxt m\u0259kt\u0259bl\u0259rind\u0259n birinin 5-ci sinif \u015fagirdinin valideynl\u0259ri Elm v\u0259 T\u0259hsil Nazirliyin\u0259 qar\u015f\u0131 iddia qald\u0131r\u0131b Az\u0259rbaycan tarixinin rus dilind\u0259 t\u0259dris olunmas\u0131n\u0131 ist\u0259yirl\u0259r&#8230; Bak\u0131 \u0130nzibati M\u0259hk\u0259m\u0259sind\u0259 maraql\u0131 m\u0259hk\u0259m\u0259 prosesi ba\u015flay\u0131b. Bel\u0259 ki, paytaxt m\u0259kt\u0259bl\u0259rind\u0259n birinin 5-ci sinif \u015fagirdinin valideynl\u0259ri Elm v\u0259 T\u0259hsil Nazirliyin\u0259 qar\u015f\u0131 iddia qald\u0131r\u0131b. M\u0259hk\u0259m\u0259 iddias\u0131na hakim Miminat Hac\u0131b\u0259yovaya bax\u0131r.\u00a0 Calibir.az x\u0259b\u0259r verir ki, iddia&hellip;","_links":{"self":[{"href":"https:\/\/arantv.az\/index.php?rest_route=\/wp\/v2\/posts\/782655"}],"collection":[{"href":"https:\/\/arantv.az\/index.php?rest_route=\/wp\/v2\/posts"}],"about":[{"href":"https:\/\/arantv.az\/index.php?rest_route=\/wp\/v2\/types\/post"}],"author":[{"embeddable":true,"href":"https:\/\/arantv.az\/index.php?rest_route=\/wp\/v2\/users\/2"}],"replies":[{"embeddable":true,"href":"https:\/\/arantv.az\/index.php?rest_route=%2Fwp%2Fv2%2Fcomments&post=782655"}],"version-history":[{"count":2,"href":"https:\/\/arantv.az\/index.php?rest_route=\/wp\/v2\/posts\/782655\/revisions"}],"predecessor-version":[{"id":782658,"href":"https:\/\/arantv.az\/index.php?rest_route=\/wp\/v2\/posts\/782655\/revisions\/782658"}],"wp:featuredmedia":[{"embeddable":true,"href":"https:\/\/arantv.az\/index.php?rest_route=\/wp\/v2\/media\/782656"}],"wp:attachment":[{"href":"https:\/\/arantv.az\/index.php?rest_route=%2Fwp%2Fv2%2Fmedia&parent=782655"}],"wp:term":[{"taxonomy":"category","embeddable":true,"href":"https:\/\/arantv.az\/index.php?rest_route=%2Fwp%2Fv2%2Fcategories&post=782655"},{"taxonomy":"post_tag","embeddable":true,"href":"https:\/\/arantv.az\/index.php?rest_route=%2Fwp%2Fv2%2Ftags&post=782655"}],"curies":[{"name":"wp","href":"https:\/\/api.w.org\/{rel}","templated":true}]}}