{"id":782671,"date":"2025-01-22T10:51:45","date_gmt":"2025-01-22T06:51:45","guid":{"rendered":"https:\/\/arantv.az\/?p=782671"},"modified":"2025-01-22T10:51:45","modified_gmt":"2025-01-22T06:51:45","slug":"iranin-f%c9%99rid-s%c9%99f%c9%99rlini-indi-qaytarmasinin-s%c9%99b%c9%99bi","status":"publish","type":"post","link":"https:\/\/arantv.az\/?p=782671","title":{"rendered":"\u0130ran\u0131n F\u0259rid S\u0259f\u0259rlini indi qaytarmas\u0131n\u0131n s\u0259b\u0259bi"},"content":{"rendered":"<h3><strong>\u0130randa h\u0259bs edil\u0259n az\u0259rbaycanl\u0131 t\u0259l\u0259b\u0259 \u00f6lk\u0259mizd\u0259 h\u0259bsd\u0259 olan \u0130ran casusu il\u0259 d\u0259yi\u015fdirilib; deputat hesab edir ki, i\u015fg\u0259nc\u0259 faktlar\u0131 varsa, bu, s\u0259n\u0259dl\u0259\u015fdirilm\u0259lidir\u00a0\u00a0<\/strong><\/h3>\n<p>\u0130randa h\u0259bs edil\u0259n az\u0259rbaycanl\u0131 t\u0259l\u0259b\u0259 F\u0259rid S\u0259f\u0259rli azad edilib v\u0259 Az\u0259rbaycana qaytar\u0131l\u0131b. O, tibbi m\u00fcayin\u0259d\u0259n ke\u00e7dikd\u0259n sonra ail\u0259sin\u0259 qovu\u015fub.<\/p>\n<p>Yada salaq ki, Az\u0259rbaycan v\u0259t\u0259nda\u015f\u0131, Almaniyan\u0131n Yena Universitetinin t\u0259l\u0259b\u0259si F\u0259rid S\u0259f\u0259rli 2023-c\u00fc il fevral\u0131n 20-d\u0259 \u0130rana s\u0259f\u0259r\u0259 gedib. Mart\u0131n 4-d\u0259n etibar\u0259n onunla \u0259laq\u0259 k\u0259silib. Sonradan onun h\u0259bs olunmas\u0131 bar\u0259d\u0259 m\u0259lumatlar yay\u0131l\u0131b.<\/p>\n<p>F\u0259rid S\u0259f\u0259rli qar\u015f\u0131l\u0131ql\u0131 prosedur \u00e7\u0259r\u00e7iv\u0259sind\u0259 qaytar\u0131l\u0131b.<\/p>\n<p>Musavat.com x\u0259b\u0259r verir ki, Facebook s\u0259hif\u0259l\u0259rind\u0259 m\u00fc\u0259yy\u0259n xarici dair\u0259l\u0259r t\u0259r\u0259find\u0259n idar\u0259 olunan trol ordusunun anid\u0259n k\u00fctl\u0259vi payla\u015f\u0131mlar\u0131 il\u0259 aktivl\u0259\u015fm\u0259si \u0259ks\u0259r sosial \u015f\u0259b\u0259k\u0259 istifad\u0259\u00e7il\u0259rinin v\u0259 media qurumlar\u0131n\u0131n diqq\u0259tind\u0259n qa\u00e7may\u0131b.<\/p>\n<p><strong>Bel\u0259 ki, F\u0259rid S\u0259f\u0259rlinin V\u0259t\u0259n\u0259 qaytar\u0131ld\u0131\u011f\u0131 bar\u0259d\u0259 DTX v\u0259 X\u0130N-in birg\u0259 m\u0259lumat\u0131ndan sonra m\u0259nb\u0259yi bilinm\u0259y\u0259n v\u0259 h\u0259r biri yeni yarad\u0131lm\u0131\u015f \u00e7oxsayl\u0131 saxta profill\u0259r qeyd olunan x\u0259b\u0259rin payla\u015f\u0131ld\u0131\u011f\u0131 Facebook s\u0259hif\u0259l\u0259rini \u201ceyni s\u00f6zl\u0259r\u201dd\u0259n ibar\u0259t \u015f\u0259rhl\u0259rl\u0259 doldurma\u011fa ba\u015flay\u0131blar.<\/strong><\/p>\n<p>\u015e\u0259rhl\u0259rd\u0259 \u0259sas\u0259n \u201cF\u0259rid S\u0259f\u0259rlinin casusluq etm\u0259sin\u0259 baxmayaraq, saxlan\u0131ld\u0131\u011f\u0131 \u00f6lk\u0259d\u0259 ona xo\u015f m\u00fcnasib\u0259t g\u00f6st\u0259rildiyi, bununla bel\u0259, layiq olmad\u0131\u011f\u0131 halda Az\u0259rbaycana qaytar\u0131ld\u0131\u011f\u0131\u201d bildirilib.<\/p>\n<p>Qohumlar\u0131ndan \u0259ld\u0259 olunan m\u0259lumata \u0259sas\u0259n, F\u0259rid S\u0259f\u0259rli \u0259v\u0259zsiz qaydada deyil, \u00f6lk\u0259mizd\u0259 h\u0259bsd\u0259 olan \u0130ran casusu il\u0259 d\u0259yi\u015fdirilm\u0259kl\u0259 v\u0259 Az\u0259rbaycan\u0131n \u00f6z v\u0259t\u0259nda\u015f\u0131na verdiyi y\u00fcks\u0259k d\u0259y\u0259rd\u0259n ir\u0259li g\u0259l\u0259r\u0259k qaytar\u0131l\u0131b. Az\u0259rbaycan d\u00f6vl\u0259t orqanlar\u0131n\u0131n r\u0259smi m\u0259lumat\u0131nda deyildiyi kimi, qar\u015f\u0131l\u0131ql\u0131 prosedur \u00e7\u0259r\u00e7iv\u0259sind\u0259.<\/p>\n<p><strong>Odur ki, sosial \u015f\u0259b\u0259k\u0259l\u0259rin Az\u0259rbaycan seqmentin\u0259 says\u0131z trollar\u0131 il\u0259 ideoloji m\u00fcdaxil\u0259y\u0259 c\u0259hd ed\u0259n k\u0259mf\u00fcrs\u0259t yar\u0131m\u00e7\u0131q texnoloqlar bel\u0259 \u015f\u0259rhl\u0259ri il\u0259 Az\u0259rbaycan xalq\u0131n\u0131n g\u00f6z\u00fcnd\u0259 n\u0259 q\u0259d\u0259r g\u00fcl\u00fcnc g\u00f6r\u00fcnd\u00fckl\u0259rini bils\u0259l\u0259r, yax\u015f\u0131d\u0131r.<\/strong><\/p>\n<p><strong><img src=\"https:\/\/static.busaat.az\/core\/storage\/2023\/07\/1689747408_646e2033733e9f821c1e4e41d27002d6untitled-1-jpg.jpg\" alt=\"F\u0259rid m\u0259hk\u0259m\u0259d\u0259 fars dilind\u0259 dindirilir\u201d - Dilar\u0259 \u018fsg\u0259rova - Busaat.az\" \/><\/strong><\/p>\n<p><strong>Dilar\u0259 \u018fsg\u0259rova\u00a0<\/strong><\/p>\n<p><strong>Yeri g\u0259lmi\u015fk\u0259n, F\u0259rid S\u0259f\u0259rlinin anas\u0131 Dilar\u0259 \u018fsg\u0259rova biziml\u0259 s\u00f6hb\u0259td\u0259 o\u011flunun ba\u015f\u0131na g\u0259tiril\u0259n i\u015fg\u0259nc\u0259l\u0259rd\u0259n dan\u0131\u015f\u0131b:<\/strong>\u00a0\u201c685 g\u00fcnd\u0259n sonra n\u0259hay\u0259t F\u0259rid Az\u0259rbaycana t\u0259hvil verildi. \u018flb\u0259tt\u0259, m\u0259n ist\u0259y\u0259rdim daha tez olsun,\u00a0 amma a\u00e7\u0131\u011f\u0131n\u0131 des\u0259m F\u0259ridin SEPAH adlanan terrorist t\u0259\u015fkilat\u0131 v\u0259 ya \u0130ran rejiminin &#8220;m\u0259hk\u0259m\u0259l\u0259ri&#8221; haqq\u0131nda dedikl\u0259rini e\u015fid\u0259nd\u0259n sonra d\u00fc\u015f\u00fcn\u00fcr\u0259m ki, bu v\u0259h\u015fil\u0259r u\u015fa\u011f\u0131 g\u00fcnahs\u0131z yer\u0259 edam da ed\u0259 bil\u0259rmi\u015f. Biz onun 1 aya azad olunaca\u011f\u0131 \u00fcmidl\u0259ri il\u0259 ya\u015fayark\u0259n, F\u0259ridi s\u0259rh\u0259dd\u0259 t\u0259hvil verm\u0259y\u0259 g\u0259tir\u0259n SEPAH zabiti ona \u201cs\u0259nin qalan bir ay\u0131n\u0131 10 il etm\u0259k bizim \u00fc\u00e7\u00fcn \u00e7\u0259tin i\u015f deyildi\u201d, deyib. AB\u015e kimi bir d\u00f6vl\u0259t bel\u0259 \u0130randa tutulmu\u015f v\u0259t\u0259nda\u015flar\u0131n\u0131 ill\u0259rl\u0259 azad etdir\u0259 bilmir. Ona g\u00f6r\u0259 bu m\u0259s\u0259l\u0259nin 23 ayda bitm\u0259sini b\u00f6y\u00fck bir u\u011fur kimi qiym\u0259tl\u0259ndirir\u0259m. H\u0259m DTX \u0259m\u0259kda\u015flar\u0131n\u0131n F\u0259ridl\u0259 dan\u0131\u015f\u0131\u011f\u0131na, h\u0259m d\u0259 Tehran s\u0259firliyimizin m\u0259niml\u0259 olan telefon s\u00f6hb\u0259tin\u0259 \u0259sas\u0259n tam olaraq m\u0259lumatl\u0131yam ki, bu m\u0259s\u0259l\u0259nin h\u0259ll olunmas\u0131nda \u00f6lk\u0259 r\u0259hb\u0259rinin n\u0259 d\u0259r\u0259c\u0259d\u0259 b\u00f6y\u00fck rolu olub, buna g\u00f6r\u0259\u00a0 d\u0259 c\u0259nab Prezident \u0130lham \u018fliyev\u0259 d\u0259rin t\u0259\u015f\u0259kk\u00fcr v\u0259 minn\u0259tdarl\u0131\u011f\u0131m\u0131 bildirir\u0259m&#8221;.<\/p>\n<p>Ana onu da \u0259lav\u0259 edib ki, o\u011flu h\u0259bsd\u0259n \u00e7\u0131xmas\u0131 elan olunandan sonrak\u0131 iki g\u00fcnd\u0259 daha \u015fidd\u0259tli i\u015fg\u0259nc\u0259l\u0259r\u0259 m\u0259ruz qoyulub: \u201cF\u0259ridin ba\u015f\u0131na g\u0259l\u0259nl\u0259r haqq\u0131nda dan\u0131\u015f\u0131lsa, bir kitab yazmaq olar. Ona he\u00e7 bir aidiyy\u0259ti olmayan m\u00f6vzularla u\u015fa\u011f\u0131 saatlarca dindirm\u0259kl\u0259 m\u0259n\u0259vi c\u0259h\u0259td\u0259n m\u0259hv edibl\u0259r. Misal \u00fc\u00e7\u00fcn, yap\u0131\u015f\u0131blar yaxas\u0131ndan ki, &#8220;niy\u0259 Az\u0259rbaycan d\u00f6vl\u0259ti \u0130sraill\u0259 dostluq m\u00fcnasib\u0259tl\u0259ri saxlay\u0131r&#8221; v\u0259 sair ilax\u0131r. D\u00fc\u015f\u00fcn\u00fcn ki, Avropada t\u0259hsil alm\u0131\u015f bir g\u0259nci ba\u015f\u0131 \u0259mmam\u0259li molla ittiham edir. Deyir b\u00fct\u00fcn bu i\u015fl\u0259ri g\u00f6r\u0259n adamlar, h\u0259l\u0259 azan\u0131n vaxt\u0131 g\u0259l\u0259nd\u0259 tez prosesi dayand\u0131r\u0131b, qa\u00e7\u0131rd\u0131lar ibad\u0259t etm\u0259y\u0259 v\u0259 bu riyakarl\u0131q oran\u0131 daha da d\u00f6z\u00fclm\u0259z edirdi. \u0130nsana \u0259n \u00e7ox t\u0259sir ed\u0259n d\u0259, bu v\u0259h\u015fil\u0259r u\u015fa\u011fa \u0259ziyy\u0259t edibl\u0259r ki, s\u0259n casussan v\u0259 \u00f6z tap\u015f\u0131r\u0131\u011f\u0131n\u0131 yerin\u0259 yetirm\u0259k \u00fc\u00e7\u00fcn bizim bir q\u0131z\u0131m\u0131zdan istifad\u0259 etmis\u0259n, halbuki bu u\u015faq ora sad\u0259c\u0259 pak, h\u0259qiqi hissl\u0259rl\u0259 getmi\u015fdi. \u018fslind\u0259 is\u0259 ist\u0259r SEPAH-\u0131n terroristl\u0259ri, ist\u0259rs\u0259 d\u0259 rejimin mollalar\u0131 \u00f6zl\u0259ri xan\u0131mlardan b\u00fct\u00fcn m\u0259qs\u0259dl\u0259ri \u00fc\u00e7\u00fcn sui-istifad\u0259 edirl\u0259r.<\/p>\n<p><strong>SEPAH-\u0131n istintaq\u0131 ged\u0259rk\u0259n ilk 51 g\u00fcn (ilk 3 g\u00fcn 2 kv.m-lik ki\u00e7ik bir h\u00fccr\u0259d\u0259) ki\u00e7ik bir otaqda t\u0259k-t\u0259nha\u00a0 as\u0131lmaq t\u0259hl\u00fck\u0259si il\u0259 ya\u015famaq, ail\u0259sini bir d\u0259 g\u00f6r\u0259 bilm\u0259y\u0259c\u0259yini d\u00fc\u015f\u00fcnm\u0259k, h\u0259r g\u00fcn v\u0259t\u0259nin\u0259 yagd\u0131r\u0131lan t\u0259hdidl\u0259ri e\u015fitm\u0259k n\u0259 q\u0259d\u0259r d\u0259h\u015f\u0259tlidir&#8230;<\/strong><\/p>\n<p>B\u00fct\u00fcn bu ba\u015f\u0131na g\u0259l\u0259nl\u0259r onu d\u0259rin depressiya v\u0259ziyy\u0259tin\u0259 sal\u0131b. \u00dcr\u0259yi arzularla dolu bir g\u0259nci, h\u0259yatdan k\u00fcsk\u00fcn, \u00f6z\u00fcn\u00fc c\u0259miyy\u0259td\u0259n t\u0259crid etmi\u015f bir insana \u00e7eviribl\u0259r. G\u0259ldiyi g\u00fcnd\u0259n bir ota\u011fa girib, he\u00e7 kimi g\u00f6rm\u0259k ist\u0259mir. Biz onun sa\u011flaml\u0131\u011f\u0131na qovu\u015fmas\u0131 \u00fc\u00e7\u00fcn \u0259limizd\u0259n g\u0259l\u0259ni ed\u0259c\u0259yik v\u0259 \u00fcmidvaram ki, T\u018fB\u0130B d\u0259 bu m\u0259s\u0259l\u0259d\u0259 \u0259lind\u0259n g\u0259l\u0259n k\u00f6m\u0259yi biz\u0259 g\u00f6st\u0259r\u0259c\u0259k&#8221;.<\/p>\n<p><img loading=\"lazy\" src=\"https:\/\/xalqqazeti.az\/uploads\/news\/47383\/WhatsApp-Image-2023-12-08-at-12.15.45.jpeg\" alt=\"Fazil Mustafa Milli M\u0259clis komit\u0259sinin s\u0259dri se\u00e7ilib\" width=\"724\" height=\"482\" \/><\/p>\n<p><strong>Fazil Mustafa\u00a0<\/strong><\/p>\n<p><strong>\u201cYeni M\u00fcsavat\u201da dan\u0131\u015fan deputat Fazil Mustafa deyib ki, g\u0259nc bir Az\u0259rbaycan v\u0259t\u0259nda\u015f\u0131n\u0131n qanunsuz olaraq \u0130randa saxlan\u0131lmas\u0131 h\u0259r k\u0259si narahat edirdi:<\/strong>\u00a0\u201cT\u0259bii ki, \u0130ran h\u00fcquqa uy\u011fun f\u0259aliyy\u0259t g\u00f6st\u0259r\u0259n anlay\u0131\u015f\u0131n da\u015f\u0131y\u0131c\u0131s\u0131 olmad\u0131\u011f\u0131na g\u00f6r\u0259 bu d\u00f6vl\u0259td\u0259 qanunsuz \u015f\u0259kild\u0259 ist\u0259nil\u0259n add\u0131m\u0131 atmaq m\u00fcmk\u00fcnd\u00fcr. T\u0259bii ki, Az\u0259rbaycan Prezidentinin irad\u0259si burada \u00f6z s\u00f6z\u00fcn\u00fc dedi. D\u0259f\u0259l\u0259rl\u0259 bu m\u0259s\u0259l\u0259 \u00fcz\u0259rind\u0259 qeyri-r\u0259smi, ya r\u0259smi m\u00fcnasib\u0259tl\u0259r vasit\u0259sil\u0259 bunu daim g\u00fcnd\u0259md\u0259 saxlamaqla \u0130ran hakimiyy\u0259tinin d\u0259 burada m\u00fc\u0259yy\u0259n add\u0131m atmas\u0131n\u0131 t\u0259min ed\u0259 bildi. T\u0259bii ki, ona veril\u0259n z\u00fclm, i\u015fg\u0259nc\u0259l\u0259r varsa, bu, s\u0259n\u0259dl\u0259\u015fdirilm\u0259lidir v\u0259 beyn\u0259lxalq t\u0259\u015fkilatlara \u00e7atd\u0131r\u0131lmal\u0131d\u0131r. \u00c7\u00fcnki \u0130randa y\u00fcz minl\u0259rl\u0259 insana bu c\u00fcr i\u015fg\u0259nc\u0259l\u0259rin verilm\u0259si haqq\u0131nda beyn\u0259lxalq ictimaiyy\u0259td\u0259 faktlar var. B\u00fct\u00f6vl\u00fckd\u0259 \u0130ran t\u0259r\u0259finin d\u0259 bel\u0259 bir add\u0131m atmas\u0131n\u0131 t\u0259qdir etm\u0259k laz\u0131md\u0131r. \u00c7\u00fcnki hans\u0131sa bir m\u0259qamda anlay\u0131rlar ki, qon\u015fuluq m\u00fcnasib\u0259tl\u0259rind\u0259 bu c\u00fcr davran\u0131\u015flar m\u00fcnasib\u0259tl\u0259rin pozulmas\u0131na\u00a0 r\u0259vac ver\u0259 bilir\u201d.<\/p>\n<p><img src=\"https:\/\/cdn.globalinfo.az\/2023\/05\/%D1%81%D1%88%D1%82%D0%BF%D1%88%D1%8F-%D1%8F%D1%83%D1%82%D1%88%D1%8F%D1%84%D0%B2%D1%83.jpg\" alt=\"\u00c7ingiz Q\u0259nizad\u0259 t\u0259ltif edildi - FOTO - GlobalInfo.az\" \/><\/p>\n<p><strong>\u00c7ingiz Q\u0259nizad\u0259\u00a0<\/strong><\/p>\n<p><strong>Demokratiya v\u0259 \u0130nsan H\u00fcquqlar\u0131 Komit\u0259sinin s\u0259dri, h\u00fcquq \u00fczr\u0259 f\u0259ls\u0259f\u0259 doktoru \u00c7ingiz Q\u0259nizad\u0259 d\u0259 m\u00f6vzu il\u0259 ba\u011fl\u0131 \u201cYeni M\u00fcsavat\u201da fikirl\u0259rini b\u00f6l\u00fc\u015f\u00fcb:<\/strong>\u00a0\u201cH\u0259bs edildikd\u0259n sonra onunla ba\u011fl\u0131 m\u0259lumat n\u0259 ail\u0259sin\u0259, n\u0259 d\u0259 Az\u0259rbaycan\u0131n konsullu\u011funa verilm\u0259mi\u015fdi. Lakin h\u0259bsinin t\u0259sdiql\u0259nm\u0259sind\u0259n sonra Az\u0259rbaycan h\u00f6kum\u0259tinin q\u0259tiyy\u0259tli m\u00f6vqeyi v\u0259 apard\u0131\u011f\u0131 dan\u0131\u015f\u0131qlar n\u0259tic\u0259sind\u0259 bir add\u0131m geri \u00e7\u0259kil\u0259n F\u0259ridi casusluq ittiham\u0131 il\u0259 deyil, casusluq etm\u0259k niyy\u0259ti il\u0259 daha y\u00fcng\u00fcl bir madd\u0259 \u0259sas\u0131nda ittiham etm\u0259y\u0259 ba\u015flad\u0131. Onu tam s\u0259rb\u0259st buraxmaq \u0130ran h\u00fcquq rejiminin i\u00e7 \u00fcz\u00fcn\u00fc a\u00e7ard\u0131 ki, sad\u0259c\u0259, g\u00fcnahs\u0131z insan\u0131 aylarla h\u0259bsd\u0259 saxlay\u0131b sonra azad edir. Buna g\u00f6r\u0259 d\u0259 casusluq etm\u0259k niyy\u0259ti il\u0259 ittiham elan edilm\u0259si v\u0259 onun haqq\u0131nda iki il azadl\u0131qdan m\u0259hrumetm\u0259 c\u0259zas\u0131 verilm\u0259si d\u0259 Az\u0259rbaycan t\u0259r\u0259finin bu m\u0259s\u0259l\u0259d\u0259 q\u0259tiyy\u0259tli m\u00f6vqeyi il\u0259 h\u0259llini tapm\u0131\u015f oldu. \u00c7\u00fcnki onun bar\u0259sind\u0259 \u0259n a\u011f\u0131r c\u0259za &#8211; casusluq ittiham\u0131 il\u0259 10 il, 15 il v\u0259 daha dig\u0259r a\u011f\u0131r c\u0259za q\u0259rarlar\u0131 veril\u0259 bil\u0259rdi. D\u00f6vl\u0259timizin dir\u0259ni\u015fi v\u0259 t\u0259zyiqi \u0130ran\u0131 geri \u00e7\u0259kilm\u0259y\u0259 m\u0259cbur etdi. \u0130ndi is\u0259 F\u0259ridin azad olunmas\u0131, h\u0259tta nisb\u0259t\u0259n vaxt\u0131ndan \u0259vv\u0259l azadl\u0131\u011fa burax\u0131lmas\u0131 Az\u0259rbaycan d\u00f6vl\u0259tinin g\u00fccl\u00fc m\u00f6vqeyini \u0259ks etdirir. Ba\u015fda c\u0259nab Prezident olmaqla, h\u0259m D\u00f6vl\u0259t T\u0259hl\u00fck\u0259sizliyi Xidm\u0259tin\u0259, h\u0259m Xarici \u0130\u015fl\u0259r Nazirliyimiz\u0259, el\u0259c\u0259 d\u0259 bu m\u0259s\u0259l\u0259ni n\u0259zar\u0259td\u0259 saxlayan dig\u0259r h\u00fcquq-m\u00fchafiz\u0259 orqanlar\u0131n\u0131n ham\u0131s\u0131na t\u0259\u015f\u0259kk\u00fcr edir\u0259m. Bu m\u0259s\u0259l\u0259d\u0259 F\u0259rid q\u0259d\u0259r \u0259ziyy\u0259t \u00e7\u0259k\u0259n onun anas\u0131na da g\u00f6zayd\u0131nl\u0131\u011f\u0131 verir\u0259m\u201d.<\/p>\n","protected":false},"excerpt":{"rendered":"<p>\u0130randa h\u0259bs edil\u0259n az\u0259rbaycanl\u0131 t\u0259l\u0259b\u0259 \u00f6lk\u0259mizd\u0259 h\u0259bsd\u0259 olan \u0130ran casusu il\u0259 d\u0259yi\u015fdirilib; deputat hesab edir ki, i\u015fg\u0259nc\u0259 faktlar\u0131 varsa, bu, s\u0259n\u0259dl\u0259\u015fdirilm\u0259lidir\u00a0\u00a0 \u0130randa h\u0259bs edil\u0259n az\u0259rbaycanl\u0131 t\u0259l\u0259b\u0259 F\u0259rid S\u0259f\u0259rli azad edilib v\u0259 Az\u0259rbaycana qaytar\u0131l\u0131b. O, tibbi m\u00fcayin\u0259d\u0259n ke\u00e7dikd\u0259n sonra ail\u0259sin\u0259 qovu\u015fub. Yada salaq ki, Az\u0259rbaycan v\u0259t\u0259nda\u015f\u0131, Almaniyan\u0131n Yena Universitetinin t\u0259l\u0259b\u0259si F\u0259rid S\u0259f\u0259rli 2023-c\u00fc il fevral\u0131n 20-d\u0259 \u0130rana s\u0259f\u0259r\u0259 gedib. Mart\u0131n 4-d\u0259n etibar\u0259n onunla \u0259laq\u0259 k\u0259silib. Sonradan onun h\u0259bs olunmas\u0131 bar\u0259d\u0259 m\u0259lumatlar yay\u0131l\u0131b. F\u0259rid S\u0259f\u0259rli qar\u015f\u0131l\u0131ql\u0131 prosedur \u00e7\u0259r\u00e7iv\u0259sind\u0259 qaytar\u0131l\u0131b. Musavat.com x\u0259b\u0259r verir ki, Facebook s\u0259hif\u0259l\u0259rind\u0259 m\u00fc\u0259yy\u0259n xarici dair\u0259l\u0259r t\u0259r\u0259find\u0259n idar\u0259 olunan trol&hellip;<\/p>\n","protected":false},"author":2,"featured_media":782672,"comment_status":"closed","ping_status":"closed","sticky":false,"template":"","format":"standard","meta":{"om_disable_all_campaigns":false,"_monsterinsights_skip_tracking":false,"_monsterinsights_sitenote_active":false,"_monsterinsights_sitenote_note":"","_monsterinsights_sitenote_category":0},"categories":[4],"tags":[],"aioseo_notices":[],"gutentor_comment":0,"rttpg_featured_image_url":{"full":["https:\/\/arantv.az\/wp-content\/uploads\/2025\/01\/2ae9f490037c0b05ca20c39aedd340ca.jpg",843,500,false],"landscape":["https:\/\/arantv.az\/wp-content\/uploads\/2025\/01\/2ae9f490037c0b05ca20c39aedd340ca.jpg",843,500,false],"portraits":["https:\/\/arantv.az\/wp-content\/uploads\/2025\/01\/2ae9f490037c0b05ca20c39aedd340ca.jpg",843,500,false],"thumbnail":["https:\/\/arantv.az\/wp-content\/uploads\/2025\/01\/2ae9f490037c0b05ca20c39aedd340ca-500x280.jpg",500,280,true],"medium":["https:\/\/arantv.az\/wp-content\/uploads\/2025\/01\/2ae9f490037c0b05ca20c39aedd340ca-615x365.jpg",615,365,true],"large":["https:\/\/arantv.az\/wp-content\/uploads\/2025\/01\/2ae9f490037c0b05ca20c39aedd340ca-840x498.jpg",640,379,true],"1536x1536":["https:\/\/arantv.az\/wp-content\/uploads\/2025\/01\/2ae9f490037c0b05ca20c39aedd340ca.jpg",843,500,false],"2048x2048":["https:\/\/arantv.az\/wp-content\/uploads\/2025\/01\/2ae9f490037c0b05ca20c39aedd340ca.jpg",843,500,false],"post-thumbnail":["https:\/\/arantv.az\/wp-content\/uploads\/2025\/01\/2ae9f490037c0b05ca20c39aedd340ca-240x172.jpg",240,172,true],"advps-thumb-one":["https:\/\/arantv.az\/wp-content\/uploads\/2025\/01\/2ae9f490037c0b05ca20c39aedd340ca.jpg",843,500,false]},"rttpg_author":{"display_name":"V\u00fcsal Rafiqo\u011flu","author_link":"https:\/\/arantv.az\/?author=2"},"rttpg_comment":0,"rttpg_category":"<a href=\"https:\/\/arantv.az\/?cat=4\" rel=\"category\">Siyas\u0259t<\/a>","rttpg_excerpt":"\u0130randa h\u0259bs edil\u0259n az\u0259rbaycanl\u0131 t\u0259l\u0259b\u0259 \u00f6lk\u0259mizd\u0259 h\u0259bsd\u0259 olan \u0130ran casusu il\u0259 d\u0259yi\u015fdirilib; deputat hesab edir ki, i\u015fg\u0259nc\u0259 faktlar\u0131 varsa, bu, s\u0259n\u0259dl\u0259\u015fdirilm\u0259lidir\u00a0\u00a0 \u0130randa h\u0259bs edil\u0259n az\u0259rbaycanl\u0131 t\u0259l\u0259b\u0259 F\u0259rid S\u0259f\u0259rli azad edilib v\u0259 Az\u0259rbaycana qaytar\u0131l\u0131b. O, tibbi m\u00fcayin\u0259d\u0259n ke\u00e7dikd\u0259n sonra ail\u0259sin\u0259 qovu\u015fub. Yada salaq ki, Az\u0259rbaycan v\u0259t\u0259nda\u015f\u0131, Almaniyan\u0131n Yena Universitetinin t\u0259l\u0259b\u0259si F\u0259rid S\u0259f\u0259rli 2023-c\u00fc il fevral\u0131n 20-d\u0259&hellip;","_links":{"self":[{"href":"https:\/\/arantv.az\/index.php?rest_route=\/wp\/v2\/posts\/782671"}],"collection":[{"href":"https:\/\/arantv.az\/index.php?rest_route=\/wp\/v2\/posts"}],"about":[{"href":"https:\/\/arantv.az\/index.php?rest_route=\/wp\/v2\/types\/post"}],"author":[{"embeddable":true,"href":"https:\/\/arantv.az\/index.php?rest_route=\/wp\/v2\/users\/2"}],"replies":[{"embeddable":true,"href":"https:\/\/arantv.az\/index.php?rest_route=%2Fwp%2Fv2%2Fcomments&post=782671"}],"version-history":[{"count":2,"href":"https:\/\/arantv.az\/index.php?rest_route=\/wp\/v2\/posts\/782671\/revisions"}],"predecessor-version":[{"id":782674,"href":"https:\/\/arantv.az\/index.php?rest_route=\/wp\/v2\/posts\/782671\/revisions\/782674"}],"wp:featuredmedia":[{"embeddable":true,"href":"https:\/\/arantv.az\/index.php?rest_route=\/wp\/v2\/media\/782672"}],"wp:attachment":[{"href":"https:\/\/arantv.az\/index.php?rest_route=%2Fwp%2Fv2%2Fmedia&parent=782671"}],"wp:term":[{"taxonomy":"category","embeddable":true,"href":"https:\/\/arantv.az\/index.php?rest_route=%2Fwp%2Fv2%2Fcategories&post=782671"},{"taxonomy":"post_tag","embeddable":true,"href":"https:\/\/arantv.az\/index.php?rest_route=%2Fwp%2Fv2%2Ftags&post=782671"}],"curies":[{"name":"wp","href":"https:\/\/api.w.org\/{rel}","templated":true}]}}