{"id":782678,"date":"2025-01-22T10:53:27","date_gmt":"2025-01-22T06:53:27","guid":{"rendered":"https:\/\/arantv.az\/?p=782678"},"modified":"2025-01-22T10:53:27","modified_gmt":"2025-01-22T06:53:27","slug":"s%c9%99rh%c9%99dl%c9%99rin-mu%c9%99yy%c9%99nl%c9%99sm%c9%99si-simaldan-baslayir-tavusda-t%c9%99las","status":"publish","type":"post","link":"https:\/\/arantv.az\/?p=782678","title":{"rendered":"S\u0259rh\u0259dl\u0259rin m\u00fc\u0259yy\u0259nl\u0259\u015fm\u0259si \u015fimaldan ba\u015flay\u0131r &#8211; Tavu\u015fda t\u0259la\u015f"},"content":{"rendered":"<h2><strong>Erm\u0259nistan parlamentind\u0259 saxta \u201cx\u0259rit\u0259\u201d \u015fousu; revan\u015fistl\u0259r yenid\u0259n h\u0259r\u0259k\u0259tl\u0259ndi; Bak\u0131dan s\u0259rt x\u0259b\u0259rdarl\u0131qlar<\/strong><\/h2>\n<p><strong>\u00d6t\u0259n h\u0259ft\u0259sonu Az\u0259rbaycan v\u0259 Erm\u0259nistan ba\u015f nazirl\u0259rinin m\u00fcavinl\u0259ri \u015eahin Mustafayevl\u0259 Mher Qriqoryan\u0131n s\u0259drlik etdikl\u0259ri komissiyalar\u0131n 11-ci g\u00f6r\u00fc\u015f\u00fcnd\u0259 d\u00f6vl\u0259t s\u0259rh\u0259dinin delimitasiyas\u0131 \u00fczr\u0259 kompleks i\u015fl\u0259rin \u015fimaldan c\u0259nuba apar\u0131lmas\u0131 bar\u0259d\u0259 raz\u0131l\u0131\u011fa g\u0259linib. H\u0259l\u0259lik delimitasiya i\u015fl\u0259rinin h\u0259yata ke\u00e7iril\u0259c\u0259yi konkret \u0259razi ad\u0131 \u00e7\u0259kilm\u0259yib.<\/strong><\/p>\n<p>M\u0259lumata g\u00f6r\u0259, bu m\u0259s\u0259l\u0259 il\u0259 ba\u011fl\u0131 Erm\u0259nistan\u0131n m\u00fcxalif siyasi dair\u0259l\u0259rind\u0259 narahatl\u0131q yenid\u0259n art\u0131b. M\u0259s\u0259l\u0259n, Erm\u0259nistan parlamentinin m\u00fcxalif\u0259td\u0259n olan deputat\u0131 Tiqran Abramyan yen\u0259 d\u0259 sosial \u015f\u0259b\u0259k\u0259l\u0259rd\u0259 \u00f6z\u00fcn\u0259 \u0259l qat\u0131b v\u0259 erm\u0259ni c\u0259miyy\u0259tind\u0259 t\u0259\u015fvi\u015f yarad\u0131b. Abramyan bildirib ki, delimitasiya komissiyalar\u0131 haz\u0131rda erm\u0259ni i\u015f\u011fal\u0131 alt\u0131nda olan anklav k\u0259ndl\u0259rin &#8211; Yuxar\u0131 \u018fskipara, Sofulu v\u0259 Barxudarl\u0131n\u0131n m\u0259s\u0259l\u0259sini g\u00fcnd\u0259m\u0259 \u00e7\u0131xararsa, Erm\u0259nistan \u00fc\u00e7\u00fcn ciddi m\u0259nfi n\u0259tic\u0259l\u0259r yarana bil\u0259r. \u201cH\u0259min k\u0259ndl\u0259rin t\u0259slim edilm\u0259si t\u0259kc\u0259 Tavu\u015f vilay\u0259tinin daxili kommunikasiyalar\u0131n\u0131 yox, h\u0259m d\u0259 bu b\u00f6lg\u0259nin daxili rabit\u0259sini m\u0259hv ed\u0259 bil\u0259r. Erm\u0259nistan-G\u00fcrc\u00fcstan s\u0259rh\u0259din\u0259 ged\u0259n \u0259sas yol olan Baqrata\u015fen yolu v\u0259 G\u00fcrc\u00fcstandan Erm\u0259nistana g\u0259l\u0259n qaz k\u0259m\u0259ri t\u0259hl\u00fck\u0259 alt\u0131na d\u00fc\u015f\u0259 bil\u0259r. Dig\u0259r ciddi problem \u0130cevandan Berd\u0259d\u0259k olan yol olacaq v\u0259 onun bir hiss\u0259si Az\u0259rbaycan\u0131n n\u0259zar\u0259tin\u0259 ke\u00e7\u0259 bil\u0259r\u201d, &#8211; dey\u0259 Tiqran Abramyan erm\u0259nil\u0259r \u00fc\u00e7\u00fcn \u201ch\u0259y\u0259can t\u0259bili\u201d \u00e7al\u0131b.<\/p>\n<p>Qeyd ed\u0259k ki, Tavu\u015f vilay\u0259tind\u0259ki i\u015f\u011fal olunmu\u015f anklav k\u0259ndl\u0259r (Qaza\u011f\u0131n h\u0259r t\u0259r\u0259fd\u0259n Erm\u0259nistan \u0259razisil\u0259 \u0259hat\u0259l\u0259nmi\u015f \u00fc\u00e7 k\u0259ndi) &#8211; Yuxar\u0131 \u018fskipara, Barxudarl\u0131 v\u0259 Sofulu 90-c\u0131 ill\u0259rin \u0259vv\u0259ll\u0259rind\u0259 z\u0259bt edilib. 1992-ci il aprelin 27-d\u0259 Barxudarl\u0131 v\u0259 Sofulu, iyunun 8-d\u0259 is\u0259 Yuxar\u0131 \u018fskipara Erm\u0259nistan t\u0259r\u0259find\u0259n i\u015f\u011fal olunub. \u00dcmumilikd\u0259 is\u0259 haz\u0131rda Az\u0259rbaycan\u0131n 4 k\u0259ndi i\u015f\u011falda qalmaqdad\u0131r: Qaza\u011f\u0131n Yuxar\u0131 \u018fskipara, Barxudarl\u0131, Sofulu v\u0259 1990-c\u0131 ilin 19 yanvar\u0131nda, d\u00fcz 35 il \u0259vv\u0259l i\u015f\u011fal olunmu\u015f Nax\u00e7\u0131van Muxtar Respublikas\u0131n\u0131n S\u0259d\u0259r\u0259k rayonunun K\u0259rki k\u0259ndi. Qeyd ed\u0259k ki, K\u0259rki \u00f6t\u0259n \u0259srin sonlar\u0131nda Erm\u0259nistan t\u0259r\u0259find\u0259n i\u015f\u011fal olunmu\u015f ilk k\u0259ndimizdir. Bu k\u0259ndl\u0259r Az\u0259rbaycan \u00fc\u00e7\u00fcn esklav, Erm\u0259nistan \u00fc\u00e7\u00fcn anklav k\u0259ndl\u0259rdir. \u0130\u015f\u011fal alt\u0131ndak\u0131 esklav k\u0259ndl\u0259rimizd\u0259 erm\u0259nil\u0259rin qanunsuz m\u0259skunla\u015fmas\u0131 h\u0259yata ke\u00e7irilib.<\/p>\n<p>\u00d6t\u0259n ilin aprelind\u0259 sonuncu delimitasiya i\u015fl\u0259ri n\u0259tic\u0259sind\u0259 Qazax rayonu istiqam\u0259tind\u0259 12,7 km uzunlu\u011funda s\u0259rh\u0259d x\u0259tti m\u00fc\u0259yy\u0259n edilib. Bununla da Qazax rayonunun i\u015f\u011faldak\u0131 4 k\u0259ndi &#8211; Ba\u011fan\u0131s Ayr\u0131m, A\u015fa\u011f\u0131 \u018fskipara, Xeyrimli v\u0259 Q\u0131z\u0131lhac\u0131l\u0131n\u0131n \u0259razil\u0259rinin Az\u0259rbaycana qaytar\u0131lmas\u0131 t\u0259min edilib. H\u0259min k\u0259ndl\u0259r 24 may 2024-c\u00fc il tarixind\u0259 Az\u0259rbaycana t\u0259hvil verilib. Erm\u0259nistan h\u0259l\u0259 ki yay\u0131nmad\u0131\u011f\u0131 yegan\u0259 m\u0259s\u0259l\u0259 s\u0259rh\u0259dl\u0259rin m\u00fc\u0259yy\u0259nl\u0259\u015fm\u0259si il\u0259 ba\u011fl\u0131d\u0131r. \u0130ndilikd\u0259 hadis\u0259l\u0259rin inki\u015faf axar\u0131 g\u00f6st\u0259rir ki, delimitasiyan\u0131n Qazax-Tavu\u015f istiqam\u0259tind\u0259n ba\u015flanmas\u0131 Az\u0259rbaycana erm\u0259ni i\u015f\u011fal\u0131nda qalan dig\u0259r 4 k\u0259ndi azad etm\u0259k imkan\u0131 yarad\u0131r. Ekspertl\u0259rimizin bu m\u0259s\u0259l\u0259l\u0259rl\u0259 ba\u011fl\u0131 maraql\u0131 fikirl\u0259ri var v\u0259 hesab edirl\u0259r ki, Erm\u0259nistan fakt qar\u015f\u0131s\u0131ndan qa\u00e7a bilm\u0259z, \u0259dal\u0259tli t\u0259l\u0259bimizi yerin\u0259 yetirm\u0259lidir.<\/p>\n<p><img src=\"https:\/\/konkret.az\/cloud\/uploads\/2021\/04\/elxansahinoglu.jpg\" alt=\"Elxan \u015eahino\u011flu son \u00e7\u0131x\u0131\u015f\u0131 il\u0259 \u00f6z\u00fcn\u00fc v\u0259 \u201ca\u011falar\u0131n\u0131\u201d bel\u0259 \u0259l\u0259 verdi -  \u018fTRAFLI | KONKRET\" \/><\/p>\n<p><strong>\u00a0Elxan \u015eahino\u011flu\u00a0<\/strong><\/p>\n<p><strong>\u201cAtlas\u201d Ara\u015fd\u0131rmalar M\u0259rk\u0259zinin r\u0259hb\u0259ri, politoloq Elxan \u015eahino\u011flu \u201cYeni M\u00fcsavat\u201da a\u00e7\u0131qlamas\u0131nda bildirdi ki, Az\u0259rbaycanla Erm\u0259nistan aras\u0131nda s\u0259rh\u0259dl\u0259rin m\u00fc\u0259yy\u0259nl\u0259\u015fm\u0259si prosesi davam edir:<\/strong>\u00a0\u201cBa\u015f nazirl\u0259rin m\u00fcavinl\u0259ri s\u0259viyy\u0259sind\u0259 g\u00f6r\u00fc\u015fl\u0259rin d\u0259 n\u00f6vb\u0259ti raundu ke\u00e7irilib. Ke\u00e7\u0259n il t\u0259r\u0259fl\u0259r aras\u0131nda m\u00fcsb\u0259t n\u0259tic\u0259l\u0259r \u0259ld\u0259 edildi. S\u0259rh\u0259din bir hiss\u0259si demarkasiya olundu, m\u00fc\u0259yy\u0259nl\u0259\u015fdi. Bunun n\u0259tic\u0259sind\u0259 uzun ill\u0259r \u00f6nc\u0259 k\u0259ndl\u0259rimizi i\u015f\u011fal ed\u0259n Erm\u0259nistan h\u0259min k\u0259ndl\u0259rin 4-n\u00fc geri qaytarmaq m\u0259cburiyy\u0259tind\u0259 qald\u0131. \u0130ndi orada mina t\u0259mizl\u0259m\u0259 i\u015fl\u0259ri apar\u0131l\u0131r. Erm\u0259nistan torpaqlar\u0131m\u0131z\u0131 i\u015f\u011fal etdikd\u0259n sonra ad\u0259ti \u00fczr\u0259 minalay\u0131b. Nec\u0259 ki Qaraba\u011f\u0131, \u0259traf \u0259razil\u0259ri minala\u015fm\u0131\u015fd\u0131. Odur ki, minalardan t\u0259mizl\u0259m\u0259 i\u015fl\u0259ri gedir. \u00dcst\u0259g\u0259l, s\u0259rh\u0259dl\u0259rin dig\u0259r istiqam\u0259tind\u0259 d\u0259 d\u0259qiql\u0259\u015fm\u0259 i\u015fl\u0259ri davam edir. Daha \u00e7ox c\u0259nub istiqam\u0259ti il\u0259 ba\u011fl\u0131 dan\u0131\u015f\u0131qlar var\u201d. E.\u015eahino\u011flu qeyd etdi ki, 4 k\u0259ndimiz h\u0259l\u0259 d\u0259 erm\u0259ni i\u015f\u011fal\u0131 alt\u0131ndad\u0131r, bu m\u0259s\u0259l\u0259l\u0259r d\u0259 h\u0259llini tapmal\u0131d\u0131r: \u201cGec v\u0259 ya tez Erm\u0259nistan h\u0259min 4 k\u0259ndi d\u0259 Az\u0259rbaycana qaytarmaq m\u0259cburiyy\u0259tind\u0259 qalacaq. Sad\u0259c\u0259, Erm\u0259nistan\u0131n daxilind\u0259 bu m\u00f6vzuda \u00e7ox s\u0259rt diskussiyalar gedir. Radikal m\u00fcxalif\u0259t yen\u0259 d\u0259 hakimiyy\u0259ti satq\u0131nl\u0131qda ittiham edir, Az\u0259rbaycan\u0131n bir hiss\u0259sin\u0259 iddia ed\u0259n saxta x\u0259rit\u0259l\u0259r t\u0259qdim edirl\u0259r. Qar\u015f\u0131durma davam edir. T\u0259sad\u00fcfi deyil ki, Prezident \u0130lham \u018fliyev d\u0259 son m\u00fcsahib\u0259l\u0259rind\u0259n birind\u0259 Erm\u0259nistanda fa\u015fizmin m\u00f6vcud oldu\u011funu bildirib. Fa\u015fizm dey\u0259rk\u0259n m\u0259hz bu radikal q\u00fcvv\u0259l\u0259ri n\u0259z\u0259rd\u0259 tuturdu. Onlar n\u0259inki bizim qalan \u0259razil\u0259rimizi, k\u0259ndl\u0259rimizi qaytarmaq ist\u0259mirl\u0259r, h\u0259l\u0259 yenid\u0259n bunlar m\u0259ntiqsiz \u015f\u0259kild\u0259 beyn\u0259lxalq h\u00fcquqa zidd olaraq Az\u0259rbaycan\u0131n dig\u0259r \u0259razil\u0259rin\u0259 iddialar\u0131n\u0131 ortal\u0131\u011fa qoyurlar v\u0259 saxta x\u0259rit\u0259l\u0259r ortaya qoyurlar. Buna baxmayaraq, biz Erm\u0259nistan\u0131n r\u0259smi strukturlar\u0131 il\u0259 dan\u0131\u015f\u0131qlar apar\u0131r\u0131q v\u0259 onlardan m\u00fcvafiq add\u0131mlar g\u00f6zl\u0259yirik\u201d. Politoloq qeyd etdi ki, m\u0259hz bu add\u0131mlar b\u00f6lg\u0259d\u0259 s\u00fclh\u00fc v\u0259 g\u0259l\u0259c\u0259kd\u0259 \u0259m\u0259kda\u015fl\u0131q imkanlar\u0131n yax\u0131nla\u015fd\u0131ra bil\u0259r: \u201cK\u0259ndl\u0259rimiz geri qaytar\u0131lmadan, Z\u0259ng\u0259zur d\u0259hlizi i\u015f\u0259 d\u00fc\u015fm\u0259d\u0259n \u0259lb\u0259tt\u0259, iki d\u00f6vl\u0259t aras\u0131nda s\u00fclh sazi\u015fi imzalansa bel\u0259, bu, yar\u0131m\u00e7\u0131q olacaq. \u00c7\u00fcnki inam atmosferi olmayacaq. Ona g\u00f6r\u0259 d\u0259 Erm\u0259nistan 4 k\u0259ndi d\u0259 yax\u0131n g\u0259l\u0259c\u0259kd\u0259 Az\u0259rbaycana qaytarma\u011fa m\u0259cburdur. \u00c7\u00fcnki o k\u0259ndl\u0259rin Erm\u0259nistana he\u00e7 bir d\u0259xli yoxdur\u201d.<\/p>\n<p><img src=\"https:\/\/azertag.az\/files\/2023\/2\/1200x630\/16871762124707246899_1200x630.jpg\" alt=\"Tural \u0130smay\u0131lov: Az\u0259rbaycan OPEC il\u0259 \u0259m\u0259kda\u015fl\u0131\u011f\u0131n\u0131 geni\u015fl\u0259ndirir - AZ\u018fRTAC\" \/><\/p>\n<p><strong>Tural \u0130smay\u0131lov<\/strong><\/p>\n<p><strong>Sosial T\u0259dqiqatlar M\u0259rk\u0259zinin ba\u015f m\u00fct\u0259x\u0259ssisi, siyasi \u015f\u0259rh\u00e7i Tural \u0130smay\u0131lov xat\u0131rlatd\u0131 ki, Erm\u0259nistan 44 g\u00fcnl\u00fck V\u0259t\u0259n m\u00fcharib\u0259sind\u0259n sonra delimitasiya prosesind\u0259n qa\u00e7\u0131rd\u0131, a\u00e7\u0131q-ayd\u0131n t\u0259xribatlar t\u00f6r\u0259dirdi:<\/strong>\u00a0\u201cBirincisi, h\u0259m Br\u00fcssel b\u0259yanatlar\u0131nda, h\u0259m d\u0259 Rusiya g\u00f6r\u00fc\u015fl\u0259rinin yekununda delimitasiya komissiyalar\u0131n\u0131n \u00e7evik i\u015fl\u0259m\u0259yi il\u0259 ba\u011fl\u0131 m\u00fcdd\u0259alar var idi. \u0130kincisi, Avropa \u0130ttifaq\u0131 \u015euras\u0131n\u0131n s\u0259dri \u015earl Mi\u015fel d\u0259 daxil olmaqla, Avropan\u0131n bir \u00e7ox siyas\u0259t\u00e7isi s\u0259rh\u0259dl\u0259r delimitasiya olunmadan Bak\u0131 il\u0259 \u0130r\u0259van\u0131n \u0259laq\u0259l\u0259rinin normalla\u015fmas\u0131n\u0131 m\u00fcmk\u00fcns\u00fcz hesab edirdil\u0259r v\u0259 indi d\u0259 bu m\u00f6vqel\u0259r haradasa var. \u00dc\u00e7\u00fcnc\u00fcs\u00fc, Rusiya da regional kommunikasiyalar\u0131n f\u0259aliyy\u0259t\u0259 ba\u015flamas\u0131 \u00fc\u00e7\u00fcn delimitasiyan\u0131 vacib hesab etdiyini s\u00f6yl\u0259yir. Amma Erm\u0259nistan t\u0259r\u0259find\u0259n sistematik formada Az\u0259rbaycan \u0259razil\u0259rinin q\u0259sbind\u0259n \u0259l \u00e7\u0259km\u0259m\u0259k taktikas\u0131 var. B\u00fct\u00fcn bunlara baxmayaraq, iki \u00f6lk\u0259 aras\u0131nda d\u00f6vl\u0259t s\u0259rh\u0259dinin delimitasiyas\u0131 v\u0259 s\u0259rh\u0259d t\u0259hl\u00fck\u0259sizliyi m\u0259s\u0259l\u0259l\u0259ri \u00fczr\u0259 Komissiyan\u0131n g\u00f6r\u00fc\u015f\u00fc Az\u0259rbaycan \u00fc\u00e7\u00fcn m\u00fcst\u0259sna \u0259h\u0259miyy\u0259t\u0259 malikdir\u201d. T.\u0130smay\u0131lov qeyd etdi ki, \u0130r\u0259van Q\u0259rbd\u0259n ald\u0131\u011f\u0131 g\u00f6st\u0259ri\u015fl\u0259rl\u0259 prosesi sabotaj etm\u0259k \u00fc\u00e7\u00fcn b\u00fct\u00fcn vasit\u0259l\u0259rd\u0259n istifad\u0259 edib: \u201cBurada yaln\u0131z Erm\u0259nistan\u0131n deyil, onun havadar\u0131 olan \u00f6lk\u0259l\u0259rin d\u0259 \u00e7ox b\u00f6y\u00fck g\u00fcnah\u0131 var. \u00c7\u00fcnki onlar s\u00fclh m\u0259s\u0259l\u0259sinin h\u0259ll olunmamas\u0131na \u00e7al\u0131\u015f\u0131r. Buna g\u00f6r\u0259 d\u0259 delimitasiya prosesinin ge\u00e7ikm\u0259si \u00fc\u00e7\u00fcn add\u0131mlar at\u0131rd\u0131lar. Eyni zamanda bu komissiyalar\u0131n i\u015finin uzanmas\u0131na s\u0259b\u0259b olurdular, Az\u0259rbaycanla Erm\u0259nistan aras\u0131nda s\u0259rh\u0259dl\u0259rin m\u00fc\u0259yy\u0259nl\u0259\u015fm\u0259si m\u0259s\u0259l\u0259sin\u0259 imkan vermirdil\u0259r. Erm\u0259nistan \u0259m\u0259ld\u0259 d\u0259 Az\u0259rbaycan\u0131n \u0259razi b\u00fct\u00f6vl\u00fcy\u00fcn\u00fc tan\u0131d\u0131\u011f\u0131n\u0131 s\u00fcbut etm\u0259lidir. Bizim bir k\u0259ndimiz bel\u0259 Erm\u0259nistan\u0131n anklav\u0131 ola bilm\u0259z\u201d.<\/p>\n","protected":false},"excerpt":{"rendered":"<p>Erm\u0259nistan parlamentind\u0259 saxta \u201cx\u0259rit\u0259\u201d \u015fousu; revan\u015fistl\u0259r yenid\u0259n h\u0259r\u0259k\u0259tl\u0259ndi; Bak\u0131dan s\u0259rt x\u0259b\u0259rdarl\u0131qlar \u00d6t\u0259n h\u0259ft\u0259sonu Az\u0259rbaycan v\u0259 Erm\u0259nistan ba\u015f nazirl\u0259rinin m\u00fcavinl\u0259ri \u015eahin Mustafayevl\u0259 Mher Qriqoryan\u0131n s\u0259drlik etdikl\u0259ri komissiyalar\u0131n 11-ci g\u00f6r\u00fc\u015f\u00fcnd\u0259 d\u00f6vl\u0259t s\u0259rh\u0259dinin delimitasiyas\u0131 \u00fczr\u0259 kompleks i\u015fl\u0259rin \u015fimaldan c\u0259nuba apar\u0131lmas\u0131 bar\u0259d\u0259 raz\u0131l\u0131\u011fa g\u0259linib. H\u0259l\u0259lik delimitasiya i\u015fl\u0259rinin h\u0259yata ke\u00e7iril\u0259c\u0259yi konkret \u0259razi ad\u0131 \u00e7\u0259kilm\u0259yib. M\u0259lumata g\u00f6r\u0259, bu m\u0259s\u0259l\u0259 il\u0259 ba\u011fl\u0131 Erm\u0259nistan\u0131n m\u00fcxalif siyasi dair\u0259l\u0259rind\u0259 narahatl\u0131q yenid\u0259n art\u0131b. M\u0259s\u0259l\u0259n, Erm\u0259nistan parlamentinin m\u00fcxalif\u0259td\u0259n olan deputat\u0131 Tiqran Abramyan yen\u0259 d\u0259 sosial \u015f\u0259b\u0259k\u0259l\u0259rd\u0259 \u00f6z\u00fcn\u0259 \u0259l qat\u0131b v\u0259 erm\u0259ni c\u0259miyy\u0259tind\u0259 t\u0259\u015fvi\u015f yarad\u0131b. Abramyan bildirib ki, delimitasiya komissiyalar\u0131 haz\u0131rda erm\u0259ni i\u015f\u011fal\u0131&hellip;<\/p>\n","protected":false},"author":2,"featured_media":782679,"comment_status":"closed","ping_status":"closed","sticky":false,"template":"","format":"standard","meta":{"om_disable_all_campaigns":false,"_monsterinsights_skip_tracking":false,"_monsterinsights_sitenote_active":false,"_monsterinsights_sitenote_note":"","_monsterinsights_sitenote_category":0},"categories":[4],"tags":[],"aioseo_notices":[],"gutentor_comment":0,"rttpg_featured_image_url":{"full":["https:\/\/arantv.az\/wp-content\/uploads\/2025\/01\/97fa1a81e9cc0c6fccbba8e3da8c9d45.jpg",720,403,false],"landscape":["https:\/\/arantv.az\/wp-content\/uploads\/2025\/01\/97fa1a81e9cc0c6fccbba8e3da8c9d45.jpg",720,403,false],"portraits":["https:\/\/arantv.az\/wp-content\/uploads\/2025\/01\/97fa1a81e9cc0c6fccbba8e3da8c9d45.jpg",720,403,false],"thumbnail":["https:\/\/arantv.az\/wp-content\/uploads\/2025\/01\/97fa1a81e9cc0c6fccbba8e3da8c9d45-500x280.jpg",500,280,true],"medium":["https:\/\/arantv.az\/wp-content\/uploads\/2025\/01\/97fa1a81e9cc0c6fccbba8e3da8c9d45-652x365.jpg",652,365,true],"large":["https:\/\/arantv.az\/wp-content\/uploads\/2025\/01\/97fa1a81e9cc0c6fccbba8e3da8c9d45.jpg",640,358,false],"1536x1536":["https:\/\/arantv.az\/wp-content\/uploads\/2025\/01\/97fa1a81e9cc0c6fccbba8e3da8c9d45.jpg",720,403,false],"2048x2048":["https:\/\/arantv.az\/wp-content\/uploads\/2025\/01\/97fa1a81e9cc0c6fccbba8e3da8c9d45.jpg",720,403,false],"post-thumbnail":["https:\/\/arantv.az\/wp-content\/uploads\/2025\/01\/97fa1a81e9cc0c6fccbba8e3da8c9d45-240x172.jpg",240,172,true],"advps-thumb-one":["https:\/\/arantv.az\/wp-content\/uploads\/2025\/01\/97fa1a81e9cc0c6fccbba8e3da8c9d45.jpg",720,403,false]},"rttpg_author":{"display_name":"V\u00fcsal Rafiqo\u011flu","author_link":"https:\/\/arantv.az\/?author=2"},"rttpg_comment":0,"rttpg_category":"<a href=\"https:\/\/arantv.az\/?cat=4\" rel=\"category\">Siyas\u0259t<\/a>","rttpg_excerpt":"Erm\u0259nistan parlamentind\u0259 saxta \u201cx\u0259rit\u0259\u201d \u015fousu; revan\u015fistl\u0259r yenid\u0259n h\u0259r\u0259k\u0259tl\u0259ndi; Bak\u0131dan s\u0259rt x\u0259b\u0259rdarl\u0131qlar \u00d6t\u0259n h\u0259ft\u0259sonu Az\u0259rbaycan v\u0259 Erm\u0259nistan ba\u015f nazirl\u0259rinin m\u00fcavinl\u0259ri \u015eahin Mustafayevl\u0259 Mher Qriqoryan\u0131n s\u0259drlik etdikl\u0259ri komissiyalar\u0131n 11-ci g\u00f6r\u00fc\u015f\u00fcnd\u0259 d\u00f6vl\u0259t s\u0259rh\u0259dinin delimitasiyas\u0131 \u00fczr\u0259 kompleks i\u015fl\u0259rin \u015fimaldan c\u0259nuba apar\u0131lmas\u0131 bar\u0259d\u0259 raz\u0131l\u0131\u011fa g\u0259linib. H\u0259l\u0259lik delimitasiya i\u015fl\u0259rinin h\u0259yata ke\u00e7iril\u0259c\u0259yi konkret \u0259razi ad\u0131 \u00e7\u0259kilm\u0259yib. M\u0259lumata g\u00f6r\u0259, bu m\u0259s\u0259l\u0259 il\u0259 ba\u011fl\u0131&hellip;","_links":{"self":[{"href":"https:\/\/arantv.az\/index.php?rest_route=\/wp\/v2\/posts\/782678"}],"collection":[{"href":"https:\/\/arantv.az\/index.php?rest_route=\/wp\/v2\/posts"}],"about":[{"href":"https:\/\/arantv.az\/index.php?rest_route=\/wp\/v2\/types\/post"}],"author":[{"embeddable":true,"href":"https:\/\/arantv.az\/index.php?rest_route=\/wp\/v2\/users\/2"}],"replies":[{"embeddable":true,"href":"https:\/\/arantv.az\/index.php?rest_route=%2Fwp%2Fv2%2Fcomments&post=782678"}],"version-history":[{"count":2,"href":"https:\/\/arantv.az\/index.php?rest_route=\/wp\/v2\/posts\/782678\/revisions"}],"predecessor-version":[{"id":782681,"href":"https:\/\/arantv.az\/index.php?rest_route=\/wp\/v2\/posts\/782678\/revisions\/782681"}],"wp:featuredmedia":[{"embeddable":true,"href":"https:\/\/arantv.az\/index.php?rest_route=\/wp\/v2\/media\/782679"}],"wp:attachment":[{"href":"https:\/\/arantv.az\/index.php?rest_route=%2Fwp%2Fv2%2Fmedia&parent=782678"}],"wp:term":[{"taxonomy":"category","embeddable":true,"href":"https:\/\/arantv.az\/index.php?rest_route=%2Fwp%2Fv2%2Fcategories&post=782678"},{"taxonomy":"post_tag","embeddable":true,"href":"https:\/\/arantv.az\/index.php?rest_route=%2Fwp%2Fv2%2Ftags&post=782678"}],"curies":[{"name":"wp","href":"https:\/\/api.w.org\/{rel}","templated":true}]}}