{"id":782695,"date":"2025-01-22T11:04:36","date_gmt":"2025-01-22T07:04:36","guid":{"rendered":"https:\/\/arantv.az\/?p=782695"},"modified":"2025-01-22T11:04:36","modified_gmt":"2025-01-22T07:04:36","slug":"sulh%c9%99-v%c9%99-iqtisadi-cic%c9%99kl%c9%99nm%c9%99y%c9%99-veril%c9%99n-tohf%c9%99l%c9%99r","status":"publish","type":"post","link":"https:\/\/arantv.az\/?p=782695","title":{"rendered":"S\u00fclh\u0259 v\u0259 iqtisadi \u00e7i\u00e7\u0259kl\u0259nm\u0259y\u0259 veril\u0259n t\u00f6hf\u0259l\u0259r"},"content":{"rendered":"<h5>Az\u0259rbaycan il\u0259 G\u00fcrc\u00fcstan aras\u0131nda mehriban qon\u015fuluq, t\u0259r\u0259fda\u015fl\u0131q m\u00fcnasib\u0259tl\u0259ri \u00e7ox\u0259srlik tarix\u0259 s\u00f6yk\u0259nir. Az\u0259rbaycan v\u0259 g\u00fcrc\u00fc xalqlar\u0131 uzun \u0259srl\u0259r \u0259rzind\u0259 s\u0259mimi qon\u015fuluq, qarda\u015fl\u0131q, dostluq, \u015f\u0259raitind\u0259 ya\u015fam\u0131\u015f, dar g\u00fcnd\u0259 bir-birl\u0259rin\u0259 arxa-dayaq olma\u011fa \u00e7al\u0131\u015fm\u0131\u015flar. N\u0259tic\u0259d\u0259 h\u0259r iki xalq \u00fc\u00e7\u00fcn ortaq d\u0259y\u0259rl\u0259r formala\u015fm\u0131\u015fd\u0131r. Sovetl\u0259r birliyi d\u00f6n\u0259mind\u0259 d\u0259 xalqlar\u0131m\u0131z aras\u0131nda \u0259laq\u0259l\u0259r s\u0259mimiyy\u0259t\u0259 v\u0259 qar\u015f\u0131l\u0131ql\u0131 faydal\u0131 \u0259m\u0259kda\u015fl\u0259\u011fa \u0259saslanm\u0131\u015fd\u0131r. Hal-haz\u0131rda Az\u0259rbaycan Respublikas\u0131 il\u0259 G\u00fcrc\u00fcstan Respublikas\u0131 aras\u0131nda m\u00fcnasib\u0259tl\u0259r \u0259n y\u00fcks\u0259k s\u0259viyy\u0259d\u0259 davam etdirilir. D\u00f6vl\u0259tl\u0259rimiz b\u00fct\u00fcn istiqam\u0259tl\u0259r, o c\u00fcml\u0259d\u0259n n\u0259qliyyat-logistika sah\u0259sind\u0259 s\u0259m\u0259r\u0259li \u0259m\u0259kda\u015fl\u0131\u011f\u0131 daha da d\u0259rinl\u0259\u015fdirir. B\u00fct\u00f6vl\u00fckd\u0259 h\u0259m region, h\u0259m Avropa, h\u0259m d\u0259 Asiya d\u00f6vl\u0259tl\u0259rinin Az\u0259rbaycan v\u0259 G\u00fcrc\u00fcstan Respublikalar\u0131n\u0131n \u0259razisind\u0259n ke\u00e7\u0259n n\u0259qliyyat yollar\u0131na b\u00f6y\u00fck ehtiyaclar\u0131 var.<\/h5>\n<p>\u00d6lk\u0259l\u0259rimiz aras\u0131nda parlamentl\u0259r s\u0259viyy\u0259sind\u0259 f\u0259al \u0259m\u0259kda\u015fl\u0131q \u0259laq\u0259l\u0259ri m\u00f6vcuddur. H\u0259r iki \u00f6lk\u0259nin qanunverici orqanlar\u0131nda dostluq v\u0259 i\u015f\u00e7i qruplar\u0131 var. Az\u0259rbaycan il\u0259 G\u00fcrc\u00fcstan aras\u0131nda beyn\u0259lxalq t\u0259\u015fkilatlar \u00e7\u0259r\u00e7iv\u0259sind\u0259 d\u0259 qar\u015f\u0131l\u0131ql\u0131 f\u0259aliyy\u0259t t\u0259cr\u00fcb\u0259si var. Siyasi m\u0259s\u0259l\u0259l\u0259rl\u0259 ba\u011fl\u0131 d\u00f6vl\u0259tl\u0259rimiz h\u0259r zaman bir-birl\u0259rin\u0259 d\u0259st\u0259k g\u00f6st\u0259rirl\u0259r. Az\u0259rbaycan Respublikas\u0131 il\u0259 G\u00fcrc\u00fcstan Respublikas\u0131 aras\u0131nda bu g\u00fcn\u0259 q\u0259d\u0259r imzalanm\u0131\u015f m\u00fcqavil\u0259l\u0259r \u0259m\u0259kda\u015fl\u0131q \u00fc\u00e7\u00fcn ciddi h\u00fcquqi baza formala\u015fd\u0131r\u0131r. \u0130ki d\u00f6vl\u0259t aras\u0131nda y\u00fckl\u0259rin da\u015f\u0131nma h\u0259cminin art\u0131r\u0131lmas\u0131, \u00f6lk\u0259l\u0259rimizin tranzit potensial\u0131n\u0131n y\u00fcks\u0259ldilm\u0259si g\u0259l\u0259c\u0259k iqtisadi inki\u015fafa m\u00fch\u00fcm t\u00f6hv\u0259l\u0259r ver\u0259c\u0259k. D\u00f6vl\u0259tl\u0259rimizin birg\u0259 realla\u015fd\u0131rd\u0131qlar\u0131 layih\u0259l\u0259r t\u0259kc\u0259 \u00f6lk\u0259l\u0259rimiz \u00fc\u00e7\u00fcn deyil, b\u00f6lg\u0259 \u00fc\u00e7\u00fcn, b\u00fct\u00f6vl\u00fckd\u0259 Avropa \u00fc\u00e7\u00fcn vacib \u0259h\u0259miyy\u0259t da\u015f\u0131y\u0131r.<\/p>\n<p>17 yanvar 2025-ci il tarixind\u0259 G\u00fcrc\u00fcstan Respublikas\u0131n\u0131n Ba\u015f naziri \u0130rakli Kobaxidzenin \u00f6lk\u0259miz\u0259 r\u0259smi s\u0259f\u0259ri v\u0259 onun Az\u0259rbaycan Respublikas\u0131n\u0131n Prezidenti C\u0259nab \u0130lham \u018fliyevl\u0259 g\u00f6r\u00fc\u015f\u00fc s\u00f6zs\u00fcz ki, ikit\u0259r\u0259fli m\u00fcnasib\u0259tl\u0259r\u0259 yeni t\u00f6hf\u0259l\u0259r ver\u0259c\u0259k. Az\u0259rbaycan Respublikas\u0131n\u0131n Prezidenti \u0130lham \u018fliyev v\u0259 G\u00fcrc\u00fcstan Respublikas\u0131n\u0131n Ba\u015f naziri \u0130rakli Kobaxidze yanvar\u0131n 17-d\u0259 m\u0259tbuata b\u0259yanatla \u00e7\u0131x\u0131\u015f etdil\u0259r. \u00d6z b\u0259yanat\u0131nda d\u00f6vl\u0259t ba\u015f\u00e7\u0131m\u0131z vur\u011fulad\u0131 ki, bu g\u00fcn G\u00fcrc\u00fcstan-Az\u0259rbaycan \u0259laq\u0259l\u0259ri b\u00fct\u00fcn istiqam\u0259tl\u0259r \u00fczr\u0259 u\u011furla inki\u015faf edir. Bizim siyasi \u0259laq\u0259l\u0259rimiz b\u00fct\u00fcn qon\u015fular \u00fc\u00e7\u00fcn n\u00fcmun\u0259 ola bil\u0259r. \u0130qtisadi sah\u0259d\u0259 yax\u015f\u0131 n\u0259tic\u0259l\u0259r var. Az\u0259rbaycan G\u00fcrc\u00fcstan iqtisadiyyat\u0131na 3,6 milyard dollar s\u0259rmay\u0259 qoyub. \u018flb\u0259tt\u0259, bu onu g\u00f6st\u0259rir ki, h\u00f6kum\u0259tinizin u\u011furlu iqtisadi siyas\u0259ti, s\u0259rmay\u0259l\u0259rin c\u0259lb edilm\u0259si, G\u00fcrc\u00fcstanda olan \u00e7ox m\u00fcsb\u0259t s\u0259rmay\u0259 iqlimi b\u00fct\u00fcn investorlar\u0131 h\u0259v\u0259sl\u0259ndirir. O c\u00fcml\u0259d\u0259n Az\u0259rbaycan investorlar\u0131 da b\u00f6y\u00fck h\u0259v\u0259sl\u0259 G\u00fcrc\u00fcstana \u00f6z s\u0259rmay\u0259l\u0259rini qoyurlar. C\u0259nab \u0130lham \u018fliyev \u0259lav\u0259 etdi ki, G\u00fcrc\u00fcstan\u0131n istehlak etdiyi t\u0259bii qaz\u0131n 80 faizd\u0259n \u00e7oxu Az\u0259rbaycan m\u0259n\u015f\u0259lidir.<\/p>\n<p>Az\u0259rbaycan Respublikas\u0131 dost, qon\u015fu v\u0259 el\u0259c\u0259 d\u0259 dig\u0259r d\u00fcnya \u00f6lk\u0259l\u0259ri \u00fc\u00e7\u00fcn s\u0259mimi, s\u00fclhsev\u0259r, s\u0259rf\u0259li, etibarl\u0131 v\u0259 g\u0259l\u0259c\u0259k perspektivl\u0259r v\u0259d ed\u0259n bir t\u0259r\u0259fda\u015fd\u0131r. Az\u0259rbaycan v\u0259 G\u00fcrc\u00fcstan d\u00f6vl\u0259tl\u0259ri aras\u0131nda sa\u011flam t\u0259m\u0259ll\u0259r \u00fcz\u0259rind\u0259 formala\u015fd\u0131r\u0131lm\u0131\u015f m\u00fctt\u0259fiqlik m\u00fcnasib\u0259tl\u0259rinin regionda s\u00fclh\u0259 v\u0259 iqtisadi \u00e7i\u00e7\u0259kl\u0259nm\u0259y\u0259 t\u00f6hf\u0259l\u0259r ver\u0259c\u0259yin\u0259 \u00fcr\u0259kd\u0259n inan\u0131r\u0131q.<\/p>\n<p><img src=\"https:\/\/ikisahil.az\/upload\/\/2025\/01\/22\/\/-55fd1368173752686176922585910461837.jpg\" alt=\"\" \/><\/p>\n<p><strong>Nigar Qocayeva,<\/strong><\/p>\n<p><em>YAP Sumqay\u0131t \u015f\u0259h\u0259r t\u0259\u015fkilat\u0131n\u0131n m\u0259sl\u0259h\u0259t\u00e7isi<\/em><\/p>\n","protected":false},"excerpt":{"rendered":"<p>Az\u0259rbaycan il\u0259 G\u00fcrc\u00fcstan aras\u0131nda mehriban qon\u015fuluq, t\u0259r\u0259fda\u015fl\u0131q m\u00fcnasib\u0259tl\u0259ri \u00e7ox\u0259srlik tarix\u0259 s\u00f6yk\u0259nir. Az\u0259rbaycan v\u0259 g\u00fcrc\u00fc xalqlar\u0131 uzun \u0259srl\u0259r \u0259rzind\u0259 s\u0259mimi qon\u015fuluq, qarda\u015fl\u0131q, dostluq, \u015f\u0259raitind\u0259 ya\u015fam\u0131\u015f, dar g\u00fcnd\u0259 bir-birl\u0259rin\u0259 arxa-dayaq olma\u011fa \u00e7al\u0131\u015fm\u0131\u015flar. N\u0259tic\u0259d\u0259 h\u0259r iki xalq \u00fc\u00e7\u00fcn ortaq d\u0259y\u0259rl\u0259r formala\u015fm\u0131\u015fd\u0131r. Sovetl\u0259r birliyi d\u00f6n\u0259mind\u0259 d\u0259 xalqlar\u0131m\u0131z aras\u0131nda \u0259laq\u0259l\u0259r s\u0259mimiyy\u0259t\u0259 v\u0259 qar\u015f\u0131l\u0131ql\u0131 faydal\u0131 \u0259m\u0259kda\u015fl\u0259\u011fa \u0259saslanm\u0131\u015fd\u0131r. Hal-haz\u0131rda Az\u0259rbaycan Respublikas\u0131 il\u0259 G\u00fcrc\u00fcstan Respublikas\u0131 aras\u0131nda m\u00fcnasib\u0259tl\u0259r \u0259n y\u00fcks\u0259k s\u0259viyy\u0259d\u0259 davam etdirilir. D\u00f6vl\u0259tl\u0259rimiz b\u00fct\u00fcn istiqam\u0259tl\u0259r, o c\u00fcml\u0259d\u0259n n\u0259qliyyat-logistika sah\u0259sind\u0259 s\u0259m\u0259r\u0259li \u0259m\u0259kda\u015fl\u0131\u011f\u0131 daha da d\u0259rinl\u0259\u015fdirir. B\u00fct\u00f6vl\u00fckd\u0259 h\u0259m region, h\u0259m Avropa, h\u0259m d\u0259 Asiya d\u00f6vl\u0259tl\u0259rinin Az\u0259rbaycan v\u0259 G\u00fcrc\u00fcstan Respublikalar\u0131n\u0131n \u0259razisind\u0259n&hellip;<\/p>\n","protected":false},"author":2,"featured_media":782696,"comment_status":"closed","ping_status":"closed","sticky":false,"template":"","format":"standard","meta":{"om_disable_all_campaigns":false,"_monsterinsights_skip_tracking":false,"_monsterinsights_sitenote_active":false,"_monsterinsights_sitenote_note":"","_monsterinsights_sitenote_category":0},"categories":[8],"tags":[],"aioseo_notices":[],"gutentor_comment":0,"rttpg_featured_image_url":{"full":["https:\/\/arantv.az\/wp-content\/uploads\/2025\/01\/0ce2ffd2173752693481244687610604397.jpg",975,540,false],"landscape":["https:\/\/arantv.az\/wp-content\/uploads\/2025\/01\/0ce2ffd2173752693481244687610604397.jpg",975,540,false],"portraits":["https:\/\/arantv.az\/wp-content\/uploads\/2025\/01\/0ce2ffd2173752693481244687610604397.jpg",975,540,false],"thumbnail":["https:\/\/arantv.az\/wp-content\/uploads\/2025\/01\/0ce2ffd2173752693481244687610604397-500x280.jpg",500,280,true],"medium":["https:\/\/arantv.az\/wp-content\/uploads\/2025\/01\/0ce2ffd2173752693481244687610604397-660x365.jpg",660,365,true],"large":["https:\/\/arantv.az\/wp-content\/uploads\/2025\/01\/0ce2ffd2173752693481244687610604397-840x465.jpg",640,354,true],"1536x1536":["https:\/\/arantv.az\/wp-content\/uploads\/2025\/01\/0ce2ffd2173752693481244687610604397.jpg",975,540,false],"2048x2048":["https:\/\/arantv.az\/wp-content\/uploads\/2025\/01\/0ce2ffd2173752693481244687610604397.jpg",975,540,false],"post-thumbnail":["https:\/\/arantv.az\/wp-content\/uploads\/2025\/01\/0ce2ffd2173752693481244687610604397-240x172.jpg",240,172,true],"advps-thumb-one":["https:\/\/arantv.az\/wp-content\/uploads\/2025\/01\/0ce2ffd2173752693481244687610604397.jpg",975,540,false]},"rttpg_author":{"display_name":"V\u00fcsal Rafiqo\u011flu","author_link":"https:\/\/arantv.az\/?author=2"},"rttpg_comment":0,"rttpg_category":"<a href=\"https:\/\/arantv.az\/?cat=8\" rel=\"category\">\u018fsas s\u0259hif\u0259<\/a>","rttpg_excerpt":"Az\u0259rbaycan il\u0259 G\u00fcrc\u00fcstan aras\u0131nda mehriban qon\u015fuluq, t\u0259r\u0259fda\u015fl\u0131q m\u00fcnasib\u0259tl\u0259ri \u00e7ox\u0259srlik tarix\u0259 s\u00f6yk\u0259nir. Az\u0259rbaycan v\u0259 g\u00fcrc\u00fc xalqlar\u0131 uzun \u0259srl\u0259r \u0259rzind\u0259 s\u0259mimi qon\u015fuluq, qarda\u015fl\u0131q, dostluq, \u015f\u0259raitind\u0259 ya\u015fam\u0131\u015f, dar g\u00fcnd\u0259 bir-birl\u0259rin\u0259 arxa-dayaq olma\u011fa \u00e7al\u0131\u015fm\u0131\u015flar. N\u0259tic\u0259d\u0259 h\u0259r iki xalq \u00fc\u00e7\u00fcn ortaq d\u0259y\u0259rl\u0259r formala\u015fm\u0131\u015fd\u0131r. Sovetl\u0259r birliyi d\u00f6n\u0259mind\u0259 d\u0259 xalqlar\u0131m\u0131z aras\u0131nda \u0259laq\u0259l\u0259r s\u0259mimiyy\u0259t\u0259 v\u0259 qar\u015f\u0131l\u0131ql\u0131 faydal\u0131 \u0259m\u0259kda\u015fl\u0259\u011fa \u0259saslanm\u0131\u015fd\u0131r. Hal-haz\u0131rda Az\u0259rbaycan Respublikas\u0131 il\u0259&hellip;","_links":{"self":[{"href":"https:\/\/arantv.az\/index.php?rest_route=\/wp\/v2\/posts\/782695"}],"collection":[{"href":"https:\/\/arantv.az\/index.php?rest_route=\/wp\/v2\/posts"}],"about":[{"href":"https:\/\/arantv.az\/index.php?rest_route=\/wp\/v2\/types\/post"}],"author":[{"embeddable":true,"href":"https:\/\/arantv.az\/index.php?rest_route=\/wp\/v2\/users\/2"}],"replies":[{"embeddable":true,"href":"https:\/\/arantv.az\/index.php?rest_route=%2Fwp%2Fv2%2Fcomments&post=782695"}],"version-history":[{"count":1,"href":"https:\/\/arantv.az\/index.php?rest_route=\/wp\/v2\/posts\/782695\/revisions"}],"predecessor-version":[{"id":782697,"href":"https:\/\/arantv.az\/index.php?rest_route=\/wp\/v2\/posts\/782695\/revisions\/782697"}],"wp:featuredmedia":[{"embeddable":true,"href":"https:\/\/arantv.az\/index.php?rest_route=\/wp\/v2\/media\/782696"}],"wp:attachment":[{"href":"https:\/\/arantv.az\/index.php?rest_route=%2Fwp%2Fv2%2Fmedia&parent=782695"}],"wp:term":[{"taxonomy":"category","embeddable":true,"href":"https:\/\/arantv.az\/index.php?rest_route=%2Fwp%2Fv2%2Fcategories&post=782695"},{"taxonomy":"post_tag","embeddable":true,"href":"https:\/\/arantv.az\/index.php?rest_route=%2Fwp%2Fv2%2Ftags&post=782695"}],"curies":[{"name":"wp","href":"https:\/\/api.w.org\/{rel}","templated":true}]}}