{"id":782698,"date":"2025-01-22T11:05:46","date_gmt":"2025-01-22T07:05:46","guid":{"rendered":"https:\/\/arantv.az\/?p=782698"},"modified":"2025-01-22T11:05:46","modified_gmt":"2025-01-22T07:05:46","slug":"az%c9%99rbaycanin-enerji-diplomatiyasinin-t%c9%99qdimatinda-muhum-paltforma","status":"publish","type":"post","link":"https:\/\/arantv.az\/?p=782698","title":{"rendered":"Az\u0259rbaycan\u0131n enerji diplomatiyas\u0131n\u0131n t\u0259qdimat\u0131nda m\u00fch\u00fcm paltforma"},"content":{"rendered":"<p><em><strong>D\u00f6vl\u0259t ba\u015f\u00e7\u0131s\u0131 \u0130lham \u018fliyev D\u00fcnya \u0130qtisadi Forumu \u00e7\u0259r\u00e7iv\u0259sind\u0259 qar\u015f\u0131 t\u0259r\u0259fl\u0259rin m\u00fcraci\u0259tl\u0259ri \u0259sas\u0131nda ke\u00e7irdiyi g\u00f6r\u00fc\u015fl\u0259rl\u0259 Az\u0259rbaycan\u0131n d\u00fcnyada yeri v\u0259 rolunu t\u0259qdim edir<\/strong><\/em><\/p>\n<p>D\u00f6vl\u0259t ba\u015f\u00e7\u0131s\u0131 \u0130lham \u018fliyev D\u00fcnya \u0130qtisadi Forumunda i\u015ftirak etm\u0259k \u00fc\u00e7\u00fcn yanvar\u0131n 20-d\u0259 \u0130sve\u00e7r\u0259 Konfederasiyas\u0131na s\u0259f\u0259r etdi. Yanvar\u0131n 20-d\u0259n 24-d\u0259k davam ed\u0259c\u0259k sayca 55-ci olan Forum bu d\u0259f\u0259 \u00ab A\u011f\u0131ll\u0131 \u0259sr \u00fc\u00e7\u00fcn \u0259m\u0259kda\u015fl\u0131q\u00bb devizi alt\u0131nda topla\u015f\u0131r. Forum haz\u0131rk\u0131 d\u00f6vr\u00fcn \u0259sas \u00e7a\u011f\u0131r\u0131\u015flar\u0131n\u0131n m\u00fczakir\u0259sind\u0259, birg\u0259 q\u0259rarlar\u0131n q\u0259bul edilm\u0259sind\u0259 m\u00fch\u00fcm paltforma kimi diqq\u0259td\u0259dir. Forumda 5 \u0259sas istiqam\u0259t \u00fczr\u0259 m\u00fczakir\u0259l\u0259r n\u0259z\u0259rd\u0259 tutulub. \u0130nki\u015faf\u0131n yenid\u0259n dizayn edilm\u0259si \u2013 G\u00fccl\u00fc v\u0259 dayan\u0131ql\u0131 iqtisadiyyatlar\u0131n qurulmas\u0131 \u00fc\u00e7\u00fcn yeni inki\u015faf m\u0259nb\u0259l\u0259rini nec\u0259 m\u00fc\u0259yy\u0259n ed\u0259 bil\u0259rik? \u0130ntellektual \u0259srd\u0259 s\u0259nayel\u0259r &#8211; Biznes liderl\u0259ri \u00f6z s\u0259nayel\u0259rinin transformasiyas\u0131nda q\u0131sam\u00fcdd\u0259tli m\u0259qs\u0259dl\u0259rl\u0259 uzunm\u00fcdd\u0259tli imperativl\u0259r aras\u0131nda tarazl\u0131\u011f\u0131 nec\u0259 \u0259ld\u0259 ed\u0259 bil\u0259rl\u0259r? \u0130nsan kapital\u0131na investisiya &#8211; D\u00f6vl\u0259t v\u0259 \u00f6z\u0259l sektor m\u00fcasir v\u0259 davaml\u0131 c\u0259miyy\u0259tin inki\u015faf\u0131na t\u00f6hf\u0259 ver\u0259n insan kapital\u0131n\u0131n inki\u015faf\u0131na v\u0259 i\u015f yerl\u0259rinin artmas\u0131na nec\u0259 s\u0259rmay\u0259 qoya bil\u0259r? Planetin m\u00fchafiz\u0259si &#8211; \u0130nnovativ t\u0259r\u0259fda\u015fl\u0131qlar, artan maliyy\u0259l\u0259\u015fdirm\u0259 v\u0259 apar\u0131c\u0131 texnologiyalar\u0131n t\u0259tbiqi vasit\u0259sil\u0259 enerji, iqlim v\u0259 t\u0259bi\u0259t m\u0259qs\u0259dl\u0259rin\u0259 nail olma\u011f\u0131 nec\u0259 s\u00fcr\u0259tl\u0259ndir\u0259 bil\u0259rik? Etimad\u0131n b\u0259rpas\u0131 &#8211; Getdikc\u0259 m\u00fcr\u0259kk\u0259bl\u0259\u015f\u0259n v\u0259 s\u00fcr\u0259tl\u0259 inki\u015faf ed\u0259n d\u00fcnyada c\u0259miyy\u0259tl\u0259r aras\u0131nda d\u0259rinl\u0259\u015f\u0259n fikir ayr\u0131l\u0131qlar\u0131, geosiyasi \u00e7oxq\u00fctbl\u00fck v\u0259 siyasi proteksionizm\u0259 do\u011fru ba\u015f ver\u0259n d\u0259yi\u015fiklikl\u0259r h\u0259m ticar\u0259t\u0259, h\u0259m d\u0259 investisiyalara mane olur. Maraql\u0131 t\u0259r\u0259fl\u0259r h\u0259m beyn\u0259lxalq, h\u0259m d\u0259 c\u0259miyy\u0259tl\u0259r daxilind\u0259 \u0259m\u0259kda\u015fl\u0131q etm\u0259k \u00fc\u00e7\u00fcn yeni h\u0259ll yollar\u0131n\u0131 nec\u0259 tapa bil\u0259rl\u0259r?<\/p>\n<p>N\u0259z\u0259r\u0259 alsaq ki, 2024-c\u00fc il Az\u0259rbaycan\u0131n, \u00fcmumilikd\u0259 d\u00fcnyan\u0131n h\u0259yat\u0131nda COP29 iqlim konfrans\u0131n\u0131n ke\u00e7irilm\u0259si v\u0259 m\u00fch\u00fcm n\u0259tic\u0259l\u0259rin \u0259ld\u0259 olunmas\u0131 il\u0259 yadda qald\u0131, bu halda Forum \u00e7\u0259r\u00e7iv\u0259sind\u0259 \u00abCOP30-a ged\u0259n yol\u00bb m\u00f6vzusunda panel m\u00fczakir\u0259l\u0259rin apar\u0131laca\u011f\u0131 qa\u00e7\u0131lmazd\u0131r. \u0130qlim diplomatiyas\u0131nda d\u00f6n\u00fc\u015f n\u00f6qt\u0259si kimi d\u0259y\u0259rl\u0259ndiril\u0259n Bak\u0131 COP t\u0259dbiri \u0259n m\u00f6ht\u0259\u015f\u0259m COP-lardan biri kimi tarix\u0259 d\u00fc\u015fd\u00fc. C\u0259nab \u0130lham \u018fliyevin \u00e7\u0131x\u015f\u0131lar\u0131nda, h\u0259m\u00e7inin Bak\u0131 nailiyy\u0259ti il\u0259 ba\u011fl\u0131 payla\u015f\u0131m\u0131nda da qeyd edildiyi kimi, 80 d\u00f6vl\u0259t v\u0259 h\u00f6kum\u0259t ba\u015f\u00e7\u0131s\u0131n\u0131n, qeydiyyatdan ke\u00e7mi\u015f 76 mind\u0259n \u00e7ox i\u015ftirak\u00e7\u0131n\u0131n qat\u0131ld\u0131\u011f\u0131 COP29-un \u00e7ox yax\u015f\u0131 t\u0259\u015fkil olunmas\u0131 il\u0259 ba\u011fl\u0131 b\u00fct\u00fcn qonaqlardan y\u00fcks\u0259k qiym\u0259t almaqdan q\u00fcrur duyduq. Geni\u015fmiqyasl\u0131 v\u0259 planla\u015fd\u0131r\u0131lm\u0131\u015f b\u00f6htan v\u0259 qarayaxma kampaniyas\u0131na baxmayaraq, Az\u0259rbaycan iqlim dan\u0131\u015f\u0131qlar\u0131nda tarixi n\u0259tic\u0259l\u0259r \u0259ld\u0259 etm\u0259y\u0259 m\u00fcv\u0259ff\u0259q oldu.<\/p>\n<p>\u00abYa\u015f\u0131l d\u00fcnya namin\u0259 h\u0259mr\u0259ylik!\u00bb \u015f\u00fcar\u0131n\u0131 r\u0259hb\u0259r tutan Az\u0259rbaycan bit\u0259r\u0259f vasit\u0259\u00e7i kimi \u00e7\u0131x\u0131\u015f ed\u0259r\u0259k dan\u0131\u015f\u0131qlar\u0131n q\u0259r\u0259zsiz apar\u0131lmas\u0131 \u00fc\u00e7\u00fcn b\u00fct\u00fcn imkanlar\u0131 yaratd\u0131. B\u00fct\u00fcn proses boyu Az\u0259rbaycan inki\u015faf etm\u0259kd\u0259 olan \u00f6lk\u0259l\u0259rin, x\u00fcsusil\u0259 ki\u00e7ik ada d\u00f6vl\u0259tl\u0259rinin v\u0259 \u0259n az inki\u015faf etmi\u015f d\u00f6vl\u0259tl\u0259rin ehtiyaclar\u0131n\u0131 n\u0259z\u0259r\u0259 alan n\u0259tic\u0259 \u0259ld\u0259 etm\u0259y\u0259 \u00e7a\u011f\u0131r\u0131\u015f etdi, \u00e7\u00fcnki onlar iqlim d\u0259yi\u015fm\u0259l\u0259rinin a\u011f\u0131r y\u00fck\u00fcn\u00fc da\u015f\u0131y\u0131rlar v\u0259 ekzistensial t\u0259hl\u00fck\u0259 il\u0259 \u00fczl\u0259\u015firl\u0259r. \u00d6lk\u0259miz, h\u0259m\u00e7inin m\u00fcst\u0259ml\u0259k\u0259 idar\u0259\u00e7iliyi il\u0259 daha da a\u011f\u0131rla\u015fan ekoloji probleml\u0259rd\u0259n \u0259ziyy\u0259t \u00e7\u0259k\u0259n xalqlar v\u0259 regionlar il\u0259 h\u0259mr\u0259ylik n\u00fcmayi\u015f etdirdi. Az\u0259rbaycan inki\u015faf etmi\u015f v\u0259 inki\u015faf etm\u0259kd\u0259 olan \u00f6lk\u0259l\u0259r aras\u0131nda k\u00f6rp\u00fcl\u0259rin qurulmas\u0131 \u00fc\u00e7\u00fcn s\u0259yl\u0259rini \u0259sirg\u0259m\u0259di v\u0259 bunun n\u0259tic\u0259sind\u0259 d\u00fcnya tarixi Bak\u0131 nailiyy\u0259tin\u0259 \u015fahid oldu. Bak\u0131 COP-da \u0130tki v\u0259 Z\u0259r\u0259r Fondu tam i\u015fl\u0259k v\u0259ziyy\u0259t\u0259 g\u0259tirildi. Az\u0259rbaycan, h\u0259m\u00e7inin karbon bazar\u0131na dair \u00e7oxdan g\u00f6zl\u0259nil\u0259n 6-c\u0131 madd\u0259nin tam i\u015fl\u0259k v\u0259ziyy\u0259t\u0259 g\u0259tirilm\u0259sin\u0259 nail oldu. \u018fn \u0259sas\u0131, Bak\u0131 COP 2035-ci il\u0259 q\u0259d\u0259r inki\u015faf etm\u0259kd\u0259 olan \u00f6lk\u0259l\u0259r\u0259 300 milyard AB\u015e dollar\u0131 t\u0259min etm\u0259k \u00fc\u00e7\u00fcn qar\u015f\u0131ya yeni qlobal m\u0259qs\u0259d qoyan Yeni Kollektiv K\u0259miyy\u0259t M\u0259qs\u0259dinin \u015fahidi oldu. Bu raz\u0131la\u015fma inki\u015faf etm\u0259kd\u0259 olan \u00f6lk\u0259l\u0259r\u0259 iqlim d\u0259yi\u015fm\u0259l\u0259rinin f\u0259sadlar\u0131 il\u0259 m\u00fcbariz\u0259d\u0259 k\u00f6m\u0259k ed\u0259c\u0259k. Bak\u0131 nailiyy\u0259ti \u00e7oxt\u0259r\u0259fliliyin t\u0259nt\u0259n\u0259sidir.<\/p>\n<p>T\u0259bii ki, bunlar\u0131 qeyd etm\u0259kd\u0259 m\u0259qs\u0259dimiz COP30 \u00fc\u00e7\u00fcn m\u00fch\u00fcm n\u0259tic\u0259l\u0259rin \u0259ld\u0259 edildiyini diqq\u0259t\u0259 \u00e7atd\u0131rmaqd\u0131r. Bunlar n\u00f6vb\u0259ti COP-lar \u00fc\u00e7\u00fcn b\u00f6y\u00fck stimuldur. Az\u0259rbaycan\u0131n \u0259m\u0259kda\u015fl\u0131qla enerji amilin\u0259 x\u00fcsusi \u00f6n\u0259m verm\u0259si, i\u015ftirak\u00e7\u0131s\u0131 v\u0259 t\u0259\u015f\u0259bb\u00fcs\u00e7\u00fcs\u00fc oldu\u011fu enerji layih\u0259l\u0259ri il\u0259 d\u00fcnyan\u0131n enerji x\u0259rit\u0259sini yenid\u0259n t\u0259rtib etm\u0259si, h\u0259m\u00e7inin yeni \u0259m\u0259kda\u015fl\u0131q formatlar\u0131n\u0131n m\u00fc\u0259llifi kimi tan\u0131nmas\u0131 v\u0259 n\u00fcfuz qazanmas\u0131 beyn\u0259lxalq s\u0259viyy\u0259d\u0259 t\u0259qdir edilir. Art\u0131q haz\u0131rk\u0131 d\u00f6vr ya\u015f\u0131l enerjiy\u0259 ke\u00e7idl\u0259 ba\u011fl\u0131d\u0131r. Az\u0259rbaycan ya\u015f\u0131l enerjiy\u0259 ke\u00e7idin f\u0259al t\u0259bli\u011fat\u00e7\u0131s\u0131d\u0131r. COP29 bunu bir daha t\u0259sdiql\u0259di.<\/p>\n<p>\u018fn\u0259n\u0259vi ke\u00e7iril\u0259n Davos D\u00fcnya \u0130qtisadi Forumunin h\u0259r bir iclas\u0131n\u0131n m\u00f6vzusu d\u00f6vr\u00fcn \u00e7a\u011f\u0131r\u0131\u015flar\u0131n\u0131 \u00f6z\u00fcnd\u0259 ehtiva edir. \u00d6t\u0259n il 60-dan \u00e7ox h\u00f6kum\u0259t v\u0259 d\u00f6vl\u0259t ba\u015f\u00e7\u0131s\u0131n\u0131n, o c\u00fcml\u0259d\u0259n Avropa Komissiyas\u0131n\u0131n, BMT, NATO, D\u00fcnya Bank\u0131n\u0131n, Beyn\u0259lxalq Valyuta Fondunun, Avropa Yenid\u0259nqurma v\u0259 \u0130nki\u015faf Bank\u0131n\u0131n r\u0259hb\u0259rl\u0259rinin v\u0259 qeyri-h\u00f6kum\u0259t t\u0259\u015fkilatlar\u0131n\u0131n n\u00fcmay\u0259nd\u0259l\u0259rinin i\u015ftirak etdiyi 54-c\u00fc D\u00fcnya \u0130qtisadi Forumu \u00abEtibar\u0131n b\u0259rpas\u0131\u00bb devizi alt\u0131nda ke\u00e7irildi. Bu m\u00fch\u00fcm m\u0259qam\u0131 x\u00fcsusi qeyd etm\u0259liyik ki, iqtisadi xarakter da\u015f\u0131mas\u0131na baxmayaraq Davos Forumu d\u00fcnya siyas\u0259tin\u0259, beyn\u0259lxalq m\u00fcnasib\u0259tl\u0259r\u0259 ciddi t\u0259sir\u0259 malikdir. Forum d\u00fcnyan\u0131n iqtisadi m\u0259nz\u0259r\u0259sinin t\u0259qdimat\u0131nda \u00f6n\u0259mli rol oynay\u0131r. Burada ir\u0259li s\u00fcr\u00fcl\u0259n yeni fikirl\u0259r, t\u0259klifl\u0259r qlobal iqtisadiyyata yeni istiqam\u0259tl\u0259r verir. Davos Forumu, eyni zamanda, iqtisadi g\u00fcc m\u0259rk\u0259zl\u0259rinin bir-biri il\u0259 dialoqu v\u0259 d\u00fcnya ictimaiyy\u0259tin\u0259 hesabat xarakteri da\u015f\u0131y\u0131r. Qlobal iqtisadi b\u00f6hran\u0131n, milyonlarla insan\u0131n ya\u015fay\u0131\u015f\u0131na, ayr\u0131-ayr\u0131 d\u00f6vl\u0259tl\u0259rin iqtisadiyyat\u0131na t\u0259sir ed\u0259n siyasi m\u00fcnaqi\u015f\u0259l\u0259rin davam etdiyi, \u0259rzaq \u00e7at\u0131\u015fmazl\u0131\u011f\u0131 probleminin m\u00f6vcud oldu\u011fu indiki d\u00f6vrd\u0259 siyasi liderl\u0259ri, i\u015f adamlar\u0131n\u0131, v\u0259t\u0259nda\u015f c\u0259miyy\u0259ti qurumlar\u0131n\u0131n r\u0259hb\u0259rl\u0259rini bir araya toplayan Davos Forumu, \u015f\u00fcbh\u0259siz ki, bir \u00e7ox m\u0259s\u0259l\u0259l\u0259rin m\u00fczakir\u0259sin\u0259 v\u0259 vacib q\u0259rarlar\u0131n q\u0259buluna \u0259lveri\u015fli m\u00fchit yarad\u0131r. Bu n\u00f6qteyi-n\u0259z\u0259rd\u0259n yana\u015fsaq Forumda d\u00f6vl\u0259tl\u0259raras\u0131 m\u00fcnasib\u0259td\u0259 \u0259sas faktor olan etibar\u0131n b\u0259rpas\u0131 m\u0259s\u0259l\u0259sinin Forumun g\u00fcnd\u0259liyin\u0259 sal\u0131nmas\u0131 v\u0259 geni\u015f m\u00fczakir\u0259 edilm\u0259si bu m\u0259s\u0259l\u0259nin aktuall\u0131\u011f\u0131n\u0131 t\u0259sdiql\u0259m\u0259kl\u0259 yana\u015f\u0131, t\u0259dbirin m\u00f6vcud probleml\u0259rin h\u0259llind\u0259 roluna da i\u015f\u0131q sal\u0131r.<\/p>\n<p>D\u00f6vl\u0259t ba\u015f\u00e7\u0131s\u0131 \u0130lham \u018fliyevin \u0259n\u0259n\u0259vi ke\u00e7iril\u0259n Davos \u0130qtisadi Forumunun iclaslar\u0131nda i\u015ftirak\u0131, eyni zamanda, \u00e7\u0131x\u0131\u015f\u0131, verdiyi m\u00fcsahib\u0259l\u0259r, qar\u015f\u0131 t\u0259r\u0259fl\u0259rin m\u00fcraci\u0259tl\u0259ri \u0259sas\u0131nda ke\u00e7irdiyi g\u00f6r\u00fc\u015fl\u0259r Az\u0259rbaycan h\u0259qiq\u0259tl\u0259rinin, qlobal m\u0259s\u0259l\u0259l\u0259rin h\u0259llind\u0259 tutdu\u011fumuz m\u00f6vqeyin t\u0259bli\u011find\u0259 \u0259h\u0259miyy\u0259tli rol oynay\u0131r. Bud\u0259f\u0259ki Forumda 350 h\u00f6kum\u0259t n\u00fcmay\u0259nd\u0259si, 60 d\u00f6vl\u0259t v\u0259 h\u00f6kum\u0259t ba\u015f\u00e7\u0131s\u0131 daxil olmaqla 130-dan \u00e7ox \u00f6lk\u0259d\u0259n 3000-\u0259 yax\u0131n liderin bir araya g\u0259lm\u0259si d\u0259 \u00f6z\u00fcnd\u0259 m\u00fch\u00fcm m\u0259qamlar\u0131 ehtiva edir. T\u0259dbird\u0259 yeni texnologiyalar\u0131n t\u0259tbiqi, geosiyasi g\u0259rginlikl\u0259r v\u0259 iqlim d\u0259yi\u015fikliyinin s\u00fcr\u0259tl\u0259ndirilm\u0259si fonunda sosial v\u0259 iqtisadi dayan\u0131ql\u0131\u011f\u0131n g\u00fccl\u0259ndirilm\u0259si kimi m\u0259s\u0259l\u0259l\u0259r \u0259sas m\u00fczakir\u0259 m\u00f6vzusu olacaq.<\/p>\n<p>D\u00fcnya \u0130qtisadi Forumunun tarixin\u0259 n\u0259z\u0259r salaq. Forum isve\u00e7r\u0259li professor Klaus \u015evab\u0131n t\u0259\u015f\u0259bb\u00fcs\u00fc il\u0259 1971-ci ild\u0259 yarad\u0131l\u0131b. K. \u015evab 1971-ci ild\u0259 \u0130sve\u00e7r\u0259nin Davos \u015f\u0259h\u0259rind\u0259 Avropan\u0131n apar\u0131c\u0131 450 \u015firk\u0259tinin r\u0259hb\u0259rl\u0259rini toplayaraq, d\u00fcnya iqtisadiyyat\u0131n\u0131n perspektivl\u0259rini m\u00fczakir\u0259 etm\u0259k v\u0259 \u00fcmumi strategiya haz\u0131rlamaq m\u0259qs\u0259dil\u0259 birinci simpoziumu ke\u00e7irib. \u00d6t\u0259n \u0259srin 70-ci ill\u0259rinin ortalar\u0131ndan Forumun iclaslar\u0131na m\u00fcxt\u0259lif \u00f6lk\u0259l\u0259rin hakimiyy\u0259t n\u00fcmay\u0259nd\u0259l\u0259ri v\u0259 i\u015f d\u00fcnyas\u0131n\u0131n liderl\u0259ri olan sahibkarlar d\u0259v\u0259t edilm\u0259y\u0259 ba\u015flan\u0131b. 1987-ci ild\u0259n etibar\u0259n is\u0259 Forum D\u00fcnya \u0130qtisadi Forumu adland\u0131r\u0131l\u0131b. Forumun h\u0259r il ke\u00e7irilm\u0259sind\u0259 \u0259sas m\u0259qs\u0259d d\u00f6vl\u0259t v\u0259 h\u00f6kum\u0259t ba\u015f\u00e7\u0131lar\u0131n\u0131n, beyn\u0259lxalq t\u0259\u015fkilatlar\u0131n, elm adamlar\u0131n\u0131n, n\u00fcfuzlu siyas\u0259t\u00e7il\u0259rin, iqtisad\u00e7\u0131lar\u0131n v\u0259 biznesmenl\u0259rin i\u015ftirak\u0131 il\u0259 yeni beyn\u0259lxalq iqtisadi layih\u0259l\u0259rin h\u0259yata ke\u00e7irilm\u0259sini m\u00fczakir\u0259 etm\u0259kdir. \u00d6lk\u0259mizin D\u00fcnya \u0130qtisadi Forumunda i\u015ftirak\u0131 \u00f6t\u0259n \u0259srin 90-c\u0131 ill\u0259rinin ortalar\u0131ndan ba\u015flay\u0131b. 1995-ci ilin yanvar\u0131nda Ulu \u00d6nd\u0259r Heyd\u0259r \u018fliyev ilk d\u0259f\u0259 olaraq forumda i\u015ftirak etm\u0259k \u00fc\u00e7\u00fcn \u0130sve\u00e7r\u0259nin Davos \u015f\u0259h\u0259rind\u0259 i\u015fg\u00fczar s\u0259f\u0259rd\u0259 olub. Dahi \u015f\u0259xsiyy\u0259t Az\u0259rbaycan\u0131n karbohidrogen ehtiyatlar\u0131 il\u0259 z\u0259ngin oldu\u011funu v\u0259 respublikam\u0131z\u0131n bu resurslardan d\u00fcnyan\u0131n g\u0259l\u0259c\u0259k inki\u015faf\u0131 namin\u0259 ist\u0259nil\u0259n \u00f6lk\u0259 il\u0259 qar\u015f\u0131l\u0131ql\u0131 maraqlar \u0259sas\u0131nda yararlanmaq prinsipl\u0259rini \u00f6z\u00fcnd\u0259 \u0259ks etdir\u0259n xarici iqtisadi siyas\u0259t x\u0259tti tutdu\u011funu t\u0259dbir i\u015ftirak\u00e7\u0131lar\u0131n\u0131n diqq\u0259tin\u0259 \u00e7atd\u0131rm\u0131\u015fd\u0131. Prezident \u0130lham \u018fliyev d\u0259 \u00f6t\u0259n ill\u0259r \u0259rzind\u0259 D\u00fcnya \u0130qtisadi Forumunun iclaslar\u0131nda f\u0259al i\u015ftirak edib. D\u00f6vl\u0259timizin ba\u015f\u00e7\u0131s\u0131 Forum \u00e7\u0259r\u00e7iv\u0259sind\u0259 ayr\u0131-ayr\u0131 \u00f6lk\u0259l\u0259rin d\u00f6vl\u0259t v\u0259 h\u00f6kum\u0259t ba\u015f\u00e7\u0131lar\u0131, bir s\u0131ra tan\u0131nm\u0131\u015f \u015firk\u0259tl\u0259rin r\u0259hb\u0259rl\u0259ri il\u0259 \u00e7oxsayl\u0131 g\u00f6r\u00fc\u015fl\u0259r ke\u00e7irib v\u0259 m\u00fcxt\u0259lif m\u00f6vzularda aktual m\u00fczakir\u0259l\u0259r\u0259 qat\u0131l\u0131b. Az\u0259rbaycan\u0131n ild\u0259n-il\u0259 artan n\u00fcfuzu v\u0259 iqtisadi imkanlar\u0131, regionda ba\u015f ver\u0259n hadis\u0259l\u0259r, tarixi Z\u0259f\u0259rimizd\u0259n sonrak\u0131 d\u00f6vrd\u0259 yeni reall\u0131qlar\u0131n yol a\u00e7d\u0131\u011f\u0131 u\u011furlar haz\u0131rda \u0259sas m\u00fczakir\u0259 m\u00f6vzular\u0131d\u0131r. \u00d6lk\u0259miz investisiya c\u0259lbediciliyini y\u00fcks\u0259k s\u0259viyy\u0259d\u0259 qoruyur. Az\u0259rbaycan sabitlik diyar\u0131 v\u0259 b\u00f6y\u00fck iqtisadi imkanlara malik \u00f6lk\u0259 kimi n\u00fcfuz qazan\u0131b. Reall\u0131q budur ki, h\u0259r bir \u00f6lk\u0259 iqtisadi \u0259laq\u0259l\u0259r qurdu\u011fu \u00f6lk\u0259l\u0259rd\u0259 ilk olaraq sabitliy\u0259 x\u00fcsusi diqq\u0259t yetirir. Onlar yat\u0131racaqlar\u0131 investisiyalar\u0131n t\u0259hl\u00fck\u0259sizliyin\u0259 tam \u0259min olmaq ist\u0259kl\u0259rini a\u00e7\u0131qlay\u0131rlar. Az\u0259rbaycan bu bax\u0131mdan xarici investorlar\u0131n daha b\u00f6y\u00fck diqq\u0259t g\u00f6st\u0259rdiyi \u00f6lk\u0259dir. Son 21 ild\u0259 \u00f6lk\u0259 iqtisadiyyat\u0131na 310 milyard dollar investisiya yat\u0131r\u0131l\u0131b ki, bunun 200 milyar dollar\u0131 qeyri-neft sektorunun pay\u0131na d\u00fc\u015f\u00fcr. T\u0259kc\u0259 bu r\u0259q\u0259m Az\u0259rbaycan\u0131n iqtisadiyyat\u0131n\u0131 d\u00fczg\u00fcn \u0259saslar \u00fcz\u0259rind\u0259 qurmas\u0131n\u0131 n\u00fcmayi\u015f etdirir.<\/p>\n<p>Az\u0259rbaycan\u0131n z\u0259ngin b\u0259rpaolunan enerji resurslar\u0131na malik olmas\u0131 yeni \u0259m\u0259kda\u015fl\u0131q formatlar\u0131n\u0131n yarad\u0131lmas\u0131na, investisiyalar\u0131n art\u0131r\u0131lmas\u0131na geni\u015f imkanlar a\u00e7\u0131r. Energetika Nazirliyinin m\u0259lumat\u0131na \u0259sas\u0259n, Az\u0259rbaycan\u0131n b\u0259rpaolunan enerji m\u0259nb\u0259l\u0259rinin texniki potensial\u0131 quruda 135, d\u0259nizd\u0259 157 qiqavatd\u0131r. B\u0259rpaolunan enerji m\u0259nb\u0259l\u0259rinin iqtisadi potensial\u0131 27 qiqavat, o c\u00fcml\u0259d\u0259n k\u00fcl\u0259k enerjisi \u00fczr\u0259 3 min meqavat, g\u00fcn\u0259\u015f enerjisi \u00fczr\u0259 23 min meqavat, bioenerji potensial\u0131 380 meqavatd\u0131r. Da\u011f \u00e7aylar\u0131n\u0131n potensial\u0131 520 meqavat h\u0259cmind\u0259 qiym\u0259tl\u0259ndirilir.<\/p>\n<p>Reall\u0131q budur ki, Az\u0259rbaycan\u0131n yerl\u0259\u015fdiyi co\u011frafi m\u0259kan, malik oldu\u011fu iqtisadi resurslardan s\u0259m\u0259r\u0259li istifad\u0259ni t\u0259min etm\u0259k m\u0259qs\u0259dil\u0259 yeni layih\u0259l\u0259rin t\u0259\u015f\u0259bb\u00fcs\u00e7\u00fcs\u00fc kimi \u00e7\u0131x\u0131\u015f etm\u0259si, \u00e7ox\u015fax\u0259li xarici siyas\u0259ti siyasi m\u00f6vqeyinin m\u00f6hk\u0259ml\u0259nm\u0259sind\u0259 \u0259h\u0259miyy\u0259tli rol oynay\u0131r. \u0130qtisadi m\u00fcst\u0259qillik siyasi m\u00fcst\u0259qillik \u00fc\u00e7\u00fcn \u0259sasd\u0131r. Regional inki\u015faf\u0131n apar\u0131c\u0131 q\u00fcvv\u0259sin\u0259, d\u00fcnyan\u0131n enerji t\u0259hl\u00fck\u0259sizliyinin t\u0259minat\u00e7\u0131s\u0131na \u00e7evril\u0259n Az\u0259rbaycan\u0131n enerji sektorunda qazand\u0131\u011f\u0131 u\u011furlar biri-birini \u0259v\u0259zl\u0259m\u0259kd\u0259dir. Ke\u00e7iril\u0259n beyn\u0259lxalq \u0259h\u0259miyy\u0259tli t\u0259dbirl\u0259r i\u015ftirak\u00e7\u0131 \u00f6lk\u0259l\u0259rin, o c\u00fcml\u0259d\u0259n Az\u0259rbaycan\u0131n malik oldu\u011fu imkanlar\u0131n, iqtisadi u\u011furlar\u0131n\u0131n t\u0259qdimat\u0131nda \u0259h\u0259miyy\u0259tli rol oynay\u0131r. M\u00fcasir m\u00fcst\u0259qil Az\u0259rbaycan d\u00f6vl\u0259tinin qurucusu, Ulu \u00d6nd\u0259r Heyd\u0259r \u018fliyevin \u00f6lk\u0259 iqtisadiyyat\u0131n\u0131n inki\u015faf\u0131nda neft amilin\u0259 x\u00fcsusi \u00f6n\u0259m vem\u0259si bug\u00fcn\u00fcm\u00fcz\u0259 hesablanm\u0131\u015f m\u00fch\u00fcm add\u0131m kimi qeyd edilir. Az\u0259rbaycan t\u0259\u015f\u0259bb\u00fcsl\u0259ri reall\u0131\u011fa \u00e7evirm\u0259kl\u0259 h\u0259m layih\u0259l\u0259rd\u0259 i\u015ftirak\u0131n\u0131, h\u0259m d\u0259 d\u00fcnya d\u00f6vl\u0259tl\u0259rinin dayan\u0131ql\u0131 inki\u015faf\u0131n\u0131 t\u0259min edir. C\u0259nab \u0130lham \u018fliyev daim bu \u00e7a\u011f\u0131r\u0131\u015f\u0131 edir ki, \u0259lb\u0259tt\u0259, biz g\u0259l\u0259c\u0259y\u0259 baxmal\u0131y\u0131q. \u018fn\u0259n\u0259vi \u0259m\u0259kda\u015fl\u0131q sah\u0259l\u0259ri, g\u0259l\u0259c\u0259k planlar m\u00fct\u0259madi m\u00fczakir\u0259 edilir, ortaq m\u00f6vqe ortaya qoyulur.<\/p>\n<p>B\u0259rpaolunan enerji m\u0259nb\u0259l\u0259ri il\u0259 ba\u011fl\u0131 m\u0259s\u0259l\u0259l\u0259r bu g\u00fcn \u0259sas m\u00fczakir\u0259 olunan m\u00f6vzular s\u0131ras\u0131ndad\u0131r. Az\u0259rbaycan \u00f6z ya\u015f\u0131l enerji siyas\u0259tin\u0259 m\u00fcnasib\u0259td\u0259 \u00e7ox i\u015fl\u0259r g\u00f6r\u00fcr. 2022-ci ilin iyulunda Az\u0259rbaycan il\u0259 Avropa \u0130ttifaq\u0131 aras\u0131nda imzalanan \u00abAz\u0259rbaycan Respublikas\u0131 il\u0259 Avropa Komissiyas\u0131 t\u0259r\u0259find\u0259n t\u0259msil olunan Avropa \u0130ttifaq\u0131 aras\u0131nda enerji sah\u0259sind\u0259 Strateji T\u0259r\u0259fda\u015fl\u0131\u011fa dair Anla\u015fma Memorandumu\u00bbnda da b\u0259rpaolunan enerji m\u0259nb\u0259l\u0259ri m\u0259s\u0259l\u0259si x\u00fcsusi \u00f6n\u0259 \u00e7\u0259kilir.<\/p>\n<p>Bu s\u0131rada h\u0259min ilin dekabr\u0131nda imzalanan Az\u0259rbaycan, G\u00fcrc\u00fcstan, Macar\u0131stan v\u0259 Rum\u0131niya h\u00f6kum\u0259tl\u0259ri aras\u0131nda imzalanan G\u00fcrc\u00fcstan\u0131n Qara d\u0259niz sahilind\u0259n Rum\u0131niyan\u0131n Qara d\u0259niz sahilin\u0259 q\u0259d\u0259r \u00abQara d\u0259nizin dibi il\u0259 elektrik kabelinin \u00e7\u0259kilm\u0259sin\u0259 dair Sazi\u015f\u00bbi d\u0259 x\u00fcsusi qeyd etm\u0259liyik. M\u0259qs\u0259d Az\u0259rbaycandan 4 qiqavatl\u0131q ya\u015f\u0131l enerjini n\u0259ql etm\u0259k imkan\u0131n\u0131 yaradacaq kabeli \u00e7\u0259km\u0259kdir. C\u0259nab \u0130lham \u018fliyev bu fikirl\u0259ri b\u00f6y\u00fck inamla vur\u011fulay\u0131r ki, Az\u0259rbaycanda investisiya m\u00fchiti \u00e7ox m\u00fcsb\u0259tdir. Az\u0259rbaycan neft v\u0259 qaz sektoruna b\u00f6y\u00fck s\u0259rmay\u0259l\u0259r c\u0259lb edib. \u0130ndi is\u0259 h\u0259d\u0259f b\u0259rpaolunan enerjidir. Planlar\u0131m\u0131z b\u00f6y\u00fckd\u00fcr v\u0259 \u00f6lk\u0259miz bu i\u015fl\u0259rin \u00f6hd\u0259sind\u0259n g\u0259lm\u0259k imkanlar\u0131na malikdir. Enerji sammitl\u0259rind\u0259, forumlarda Az\u0259rbaycan\u0131n neftin v\u0259 t\u0259bii qaz\u0131n t\u0259chizat\u00e7\u0131s\u0131 oldu\u011fu \u0259sasl\u0131 \u015f\u0259kild\u0259 iqtisadi t\u0259r\u0259fda\u015flarm\u0131za, onlar\u0131n vasit\u0259sil\u0259 beyn\u0259lxalq ictimaiyy\u0259t\u0259 \u00e7atd\u0131r\u0131l\u0131r. \u00d6lk\u0259miz ya\u015f\u0131l enerjini, o c\u00fcml\u0259d\u0259n d\u0259nizd\u0259 k\u00fcl\u0259k elektrik stansiyalar\u0131ndan hasil olunacaq ya\u015f\u0131l hidrogeni t\u0259chiz etm\u0259yi \u0259sas h\u0259d\u0259f kimi qar\u015f\u0131ya qoyur. Bunun t\u0259kc\u0259 \u00f6lk\u0259miz deyil, h\u0259m d\u0259 b\u00fct\u00fcn region \u00fc\u00e7\u00fcn \u00e7ox b\u00f6y\u00fck \u0259h\u0259miyy\u0259ti vard\u0131r. Az\u0259rbaycan\u0131n b\u0259rpaolunan enerji m\u0259rk\u0259zin\u0259 \u00e7evril\u0259c\u0259yi qa\u00e7\u0131lmazd\u0131r. COP29 b\u00fct\u00fcn bu m\u0259qamlara ayd\u0131nl\u0131q g\u0259tirdi. D\u00fcnyan\u0131 Bak\u0131ya toplayan bu iqlim konfrans\u0131 Az\u0259rbaycan\u0131n h\u0259r bir sah\u0259d\u0259 z\u0259ngin t\u0259cr\u00fcb\u0259y\u0259 malik oldu\u011funu t\u0259sdiql\u0259di.<\/p>\n<p>Bu g\u00fcnl\u0259rd\u0259 \u00f6lk\u0259mizd\u0259 s\u0259f\u0259rd\u0259 olan G\u00fcrc\u00fcstan\u0131n Ba\u015f naziri \u0130rakli Kobaxidze il\u0259 m\u0259tbuata birg\u0259 b\u0259yanat\u0131nda c\u0259nab \u0130lham \u018fliyev bir daha diqq\u0259ti bu reall\u0131qlara y\u00f6n\u0259ltdi ki, G\u00fcrc\u00fcstan tranziti vasit\u0259sil\u0259 Az\u0259rbaycan haz\u0131rda 11 \u00f6lk\u0259y\u0259 \u00f6z t\u0259bii qaz\u0131n\u0131 ixrac edir. \u0130ld\u0259n-il\u0259 ixrac art\u0131r. Ke\u00e7\u0259n il bu, 25 milyard kubmetr\u0259 \u00e7atm\u0131\u015fd\u0131r v\u0259 \u00fcmumi ixrac\u0131m\u0131z\u0131n 10 faizi G\u00fcrc\u00fcstan\u0131n pay\u0131na d\u00fc\u015f\u00fcr. Getdikc\u0259 qaz ixrac co\u011frafiyam\u0131z geni\u015fl\u0259n\u0259c\u0259k. Yeni qaz yataqlar\u0131m\u0131z bu il i\u015f\u0259 d\u00fc\u015f\u0259c\u0259k. G\u0259l\u0259n il, ondan sonrak\u0131 ill\u0259r \u00fc\u00e7\u00fcn d\u0259 yeni k\u0259\u015ff edilmi\u015f yataqlar m\u00f6vcuddur. Ona g\u00f6r\u0259 getdikc\u0259 t\u0259bii qaz\u0131n ixrac\u0131 artmal\u0131d\u0131r v\u0259 artacaqd\u0131r.<\/p>\n<p>\u00d6lk\u0259l\u0259r aras\u0131nda \u0259m\u0259kda\u015fl\u0131qda enerji amili x\u00fcsusi rol oynay\u0131r. \u00d6z daxili t\u0259l\u0259bat\u0131n\u0131 y\u00fcks\u0259k s\u0259viyy\u0259d\u0259 yerin\u0259 yetir\u0259n Az\u0259rbaycan etibarl\u0131 v\u0259 arzuolunvn t\u0259r\u0259fda\u015f imicin\u0259 yeni-yeni \u0259lav\u0259l\u0259r etm\u0259kl\u0259 d\u00fcnyan\u0131n enerji t\u0259hl\u00fck\u0259sizliyinin t\u0259minaat\u0131na verdiyi davaml\u0131 t\u00f6hf\u0259l\u0259ri il\u0259 diqq\u0259td\u0259dir.<\/p>\n<p>\u018fvv\u0259ld\u0259 d\u0259 qeyd etdiyimiz kimi, Prezident \u0130lham \u018fliyev Forum \u00e7\u0259r\u00e7iv\u0259sind\u0259 qar\u015f\u0131 t\u0259r\u0259fl\u0259rin m\u00fcraci\u0259tl\u0259ri \u0259sas\u0131nda bir s\u0131ra g\u00f6r\u00fc\u015fl\u0259r ke\u00e7irib v\u0259 bunlar davam edir. Bel\u0259 ki, c\u0259nab \u0130lham \u018fliyev Davosda \u201cOliverWyman Group\u201d \u015firk\u0259tinin Ba\u015f icra\u00e7\u0131 direktoru Nik Studer, Latviya Respublikas\u0131n\u0131n Prezidenti Edqars Rinkevi\u00e7s, \u201cThe Goldman Sachs Group \u0130nc.\u201d \u015firk\u0259tinin qlobal m\u0259s\u0259l\u0259l\u0259r \u00fczr\u0259 prezidenti Cared Kohen, \u0130raq Respublikas\u0131n\u0131n Prezidenti \u018fbd\u00fcll\u0259tif Camal R\u0259\u015fid, \u201cDP World\u201d \u015firk\u0259tl\u0259r qrupunun s\u0259dri v\u0259 icra\u00e7\u0131 direktoru Sultan \u018fhm\u0259d bin Sulaim, \u0130raq K\u00fcrd\u00fcstan regionunun Ba\u015f naziri M\u0259srur B\u0259rzani il\u0259 g\u00f6r\u00fc\u015fl\u0259r ke\u00e7irdi. Nik Studer \u201cOliverWyman Group\u201d \u015firk\u0259tinin beyn\u0259lxalq strateji idar\u0259edici \u015firk\u0259t olaraq \u00f6lk\u0259mizd\u0259 m\u00fcxt\u0259lif qurumlarla m\u00fcmk\u00fcn \u0259m\u0259kda\u015fl\u0131q istiqam\u0259tl\u0259rin\u0259 toxundu, Az\u0259rbaycan\u0131n iqtisadi transformasiya prosesinin, s\u0131\u011forta, maliyy\u0259 bazar\u0131n\u0131n m\u00fcxt\u0259lif istiqam\u0259tl\u0259rinin inki\u015faf\u0131, enerji sektorunda, o c\u00fcml\u0259d\u0259n \u0259n\u0259n\u0259vi v\u0259 ya\u015f\u0131l enerji sah\u0259l\u0259rind\u0259 h\u0259yata ke\u00e7iril\u0259n layih\u0259l\u0259r\u0259, k\u0259nd t\u0259s\u0259rr\u00fcfat\u0131 m\u0259hsullar\u0131n\u0131n ixrac\u0131na, b\u00f6lg\u0259d\u0259 yeni ticar\u0259t imkanlar\u0131n\u0131 \u0259hat\u0259 etm\u0259kl\u0259 d\u0259y\u0259r z\u0259ncirinin lokalla\u015fd\u0131r\u0131lmas\u0131na maraq g\u00f6st\u0259rdikl\u0259rini qeyd etdi. O, Az\u0259rbaycan\u0131n \u0259ld\u0259 etdiyi u\u011furlar\u0131 y\u00fcks\u0259k qiym\u0259tl\u0259ndirdi. Latviya Prezidenti Edqars Rinkevi\u00e7s g\u00f6r\u00fc\u015f\u00fcn ikit\u0259r\u0259fli \u0259laq\u0259l\u0259rin m\u00fczakir\u0259si \u00fc\u00e7\u00fcn yax\u015f\u0131 imkan yaratd\u0131\u011f\u0131n\u0131 vur\u011flad\u0131. \u0130raq Prezidenti COP29-da Az\u0259rbaycana s\u0259f\u0259rini m\u0259mnunluqla xat\u0131rlayaraq bu m\u00fch\u00fcm t\u0259dbirin u\u011furla ke\u00e7irilm\u0259si m\u00fcnasib\u0259til\u0259 d\u00f6vl\u0259timizin ba\u015f\u00e7\u0131s\u0131 \u0130lham \u018fliyev\u0259 t\u0259brikl\u0259rini \u00e7atd\u0131rd\u0131. \u201cDP World\u201d \u015firk\u0259tl\u0259r qrupunun s\u0259dri v\u0259 icra\u00e7\u0131 direktoru Sultan \u018fhm\u0259d bin Sulaim il\u0259 g\u00f6r\u00fc\u015fd\u0259 s\u00f6z\u00fcged\u0259n \u015firk\u0259tl\u0259r qrupunun \u00f6lk\u0259mizd\u0259ki f\u0259aliyy\u0259tinin perspektivl\u0259ri, \u015eimal-C\u0259nub v\u0259 \u015e\u0259rq-Q\u0259rb n\u0259qliyyat d\u0259hlizl\u0259rinin yaratd\u0131\u011f\u0131 imkanlar bar\u0259d\u0259 m\u00fczakir\u0259l\u0259r apar\u0131ld\u0131. Az\u0259rbaycan\u0131n regional n\u0259qliyyat qov\u015fa\u011f\u0131 kimi rolu x\u00fcsusi vur\u011fuland\u0131, m\u00fcmk\u00fcn \u0259m\u0259kda\u015fl\u0131q istiqam\u0259tl\u0259ri m\u00fczakir\u0259 olundu. \u0130raq K\u00fcrd\u00fcstan regionunun Ba\u015f naziri M\u0259srur B\u0259rzani il\u0259 g\u00f6r\u00fc\u015fd\u0259 Az\u0259rbaycan il\u0259 \u0130raq K\u00fcrd\u00fcstan Regionu aras\u0131nda iqtisadi, ticari, m\u0259d\u0259ni, humanitar \u0259laq\u0259l\u0259rin inki\u015faf etdirilm\u0259si bar\u0259d\u0259 fikir m\u00fcbadil\u0259si apar\u0131ld\u0131. Biznes dair\u0259l\u0259rinin qar\u015f\u0131l\u0131ql\u0131 s\u0259f\u0259rl\u0259rinin t\u0259\u015fkilinin, onlar\u0131n aras\u0131nda birba\u015fa t\u0259maslar\u0131n yarad\u0131lmas\u0131n\u0131n v\u0259 biznes-forumlar\u0131n ke\u00e7irilm\u0259sinin vacibliyi qeyd olundu.<\/p>\n<p>C\u0259nab \u0130lham \u018fliyev yanvar\u0131n 20-d\u0259 Davosda CGTN (China Global Television Network) telekanal\u0131na m\u00fcsahib\u0259 verdi. \u0130st\u0259r g\u00f6r\u00fc\u015fl\u0259r, ist\u0259rs\u0259 d\u0259 m\u00fcsahib\u0259 Az\u0259rbaycan\u0131n n\u00fcfuzunun, Prezident \u0130lham \u018fliyev\u0259 y\u00fcks\u0259k etimad\u0131n g\u00f6st\u0259ricisidir. \u00d6lk\u0259mizin h\u0259r bir m\u0259s\u0259l\u0259d\u0259 m\u00f6vqeyin\u0259 veril\u0259n \u00f6n\u0259m diqq\u0259td\u0259n k\u0259narda qalm\u0131r. T\u0259bii ki, bu, Az\u0259rbaycan\u0131n daim \u0259dal\u0259tin v\u0259 beyn\u0259lxalq h\u00fcququn yan\u0131nda olmas\u0131ndan, inki\u015faf modelinin n\u00fcmun\u0259viliyind\u0259n, m\u00fcnasib\u0259tl\u0259rd\u0259 qar\u015f\u0131l\u0131ql\u0131 etimad m\u00fchitinin qorunmas\u0131na g\u00f6st\u0259rdiyi diqq\u0259td\u0259n ir\u0259li g\u0259lir. C\u0259nab \u0130lham \u018fliyev yeni d\u00f6vr\u00fcn h\u0259d\u0259fl\u0259rini a\u00e7\u0131qlayark\u0259n xarici siyas\u0259timizl\u0259 ba\u011fl\u0131 bu \u00e7a\u011f\u0131r\u0131\u015f\u0131 etmi\u015fdir ki, tarixi Z\u0259f\u0259rimizd\u0259n sonra xarici siyas\u0259timizd\u0259 daha s\u0259rb\u0259stik. M\u00fcst\u0259qil, prinsipial xarici siyas\u0259t bizim \u0259sas istiqam\u0259timizdir. Dostlar\u0131m\u0131z\u0131n b\u00fct\u00fcn qit\u0259l\u0259rd\u0259 say\u0131 art\u0131r. Vaxtil\u0259 m\u00f6vcud olmad\u0131\u011f\u0131m\u0131z b\u00f6lg\u0259l\u0259rl\u0259 indi \u00e7ox ciddi t\u0259maslar qurulur, h\u0259m s\u0259rmay\u0259 qoyulu\u015fu layih\u0259l\u0259ri n\u0259z\u0259rd\u0259n ke\u00e7irilir, eyni zamanda, m\u00fcxt\u0259lif sah\u0259l\u0259rd\u0259 \u0259m\u0259kda\u015fl\u0131q \u00fc\u00e7\u00fcn yeni imkanlar yaran\u0131r. T\u0259bii olaraq, \u0259n\u0259n\u0259vi t\u0259r\u0259fda\u015flar\u0131m\u0131zla, dostlar\u0131m\u0131zla m\u00fcnasib\u0259tl\u0259rimiz yerind\u0259dir, daha da inki\u015faf edir v\u0259 ed\u0259c\u0259k.<\/p>\n<p><strong>Yegan\u0259 \u018fliyeva, \u00ab\u0130ki sahil\u00bb<\/strong><\/p>\n","protected":false},"excerpt":{"rendered":"<p>D\u00f6vl\u0259t ba\u015f\u00e7\u0131s\u0131 \u0130lham \u018fliyev D\u00fcnya \u0130qtisadi Forumu \u00e7\u0259r\u00e7iv\u0259sind\u0259 qar\u015f\u0131 t\u0259r\u0259fl\u0259rin m\u00fcraci\u0259tl\u0259ri \u0259sas\u0131nda ke\u00e7irdiyi g\u00f6r\u00fc\u015fl\u0259rl\u0259 Az\u0259rbaycan\u0131n d\u00fcnyada yeri v\u0259 rolunu t\u0259qdim edir D\u00f6vl\u0259t ba\u015f\u00e7\u0131s\u0131 \u0130lham \u018fliyev D\u00fcnya \u0130qtisadi Forumunda i\u015ftirak etm\u0259k \u00fc\u00e7\u00fcn yanvar\u0131n 20-d\u0259 \u0130sve\u00e7r\u0259 Konfederasiyas\u0131na s\u0259f\u0259r etdi. Yanvar\u0131n 20-d\u0259n 24-d\u0259k davam ed\u0259c\u0259k sayca 55-ci olan Forum bu d\u0259f\u0259 \u00ab A\u011f\u0131ll\u0131 \u0259sr \u00fc\u00e7\u00fcn \u0259m\u0259kda\u015fl\u0131q\u00bb devizi alt\u0131nda topla\u015f\u0131r. Forum haz\u0131rk\u0131 d\u00f6vr\u00fcn \u0259sas \u00e7a\u011f\u0131r\u0131\u015flar\u0131n\u0131n m\u00fczakir\u0259sind\u0259, birg\u0259 q\u0259rarlar\u0131n q\u0259bul edilm\u0259sind\u0259 m\u00fch\u00fcm paltforma kimi diqq\u0259td\u0259dir. Forumda 5 \u0259sas istiqam\u0259t \u00fczr\u0259 m\u00fczakir\u0259l\u0259r n\u0259z\u0259rd\u0259 tutulub. \u0130nki\u015faf\u0131n yenid\u0259n dizayn edilm\u0259si \u2013 G\u00fccl\u00fc v\u0259 dayan\u0131ql\u0131 iqtisadiyyatlar\u0131n qurulmas\u0131 \u00fc\u00e7\u00fcn yeni&hellip;<\/p>\n","protected":false},"author":2,"featured_media":782699,"comment_status":"closed","ping_status":"closed","sticky":false,"template":"","format":"standard","meta":{"om_disable_all_campaigns":false,"_monsterinsights_skip_tracking":false,"_monsterinsights_sitenote_active":false,"_monsterinsights_sitenote_note":"","_monsterinsights_sitenote_category":0},"categories":[8],"tags":[],"aioseo_notices":[],"gutentor_comment":0,"rttpg_featured_image_url":{"full":["https:\/\/arantv.az\/wp-content\/uploads\/2025\/01\/d010396c173739197450293018110157778.jpg",975,540,false],"landscape":["https:\/\/arantv.az\/wp-content\/uploads\/2025\/01\/d010396c173739197450293018110157778.jpg",975,540,false],"portraits":["https:\/\/arantv.az\/wp-content\/uploads\/2025\/01\/d010396c173739197450293018110157778.jpg",975,540,false],"thumbnail":["https:\/\/arantv.az\/wp-content\/uploads\/2025\/01\/d010396c173739197450293018110157778-500x280.jpg",500,280,true],"medium":["https:\/\/arantv.az\/wp-content\/uploads\/2025\/01\/d010396c173739197450293018110157778-660x365.jpg",660,365,true],"large":["https:\/\/arantv.az\/wp-content\/uploads\/2025\/01\/d010396c173739197450293018110157778-840x465.jpg",640,354,true],"1536x1536":["https:\/\/arantv.az\/wp-content\/uploads\/2025\/01\/d010396c173739197450293018110157778.jpg",975,540,false],"2048x2048":["https:\/\/arantv.az\/wp-content\/uploads\/2025\/01\/d010396c173739197450293018110157778.jpg",975,540,false],"post-thumbnail":["https:\/\/arantv.az\/wp-content\/uploads\/2025\/01\/d010396c173739197450293018110157778-240x172.jpg",240,172,true],"advps-thumb-one":["https:\/\/arantv.az\/wp-content\/uploads\/2025\/01\/d010396c173739197450293018110157778.jpg",975,540,false]},"rttpg_author":{"display_name":"V\u00fcsal Rafiqo\u011flu","author_link":"https:\/\/arantv.az\/?author=2"},"rttpg_comment":0,"rttpg_category":"<a href=\"https:\/\/arantv.az\/?cat=8\" rel=\"category\">\u018fsas s\u0259hif\u0259<\/a>","rttpg_excerpt":"D\u00f6vl\u0259t ba\u015f\u00e7\u0131s\u0131 \u0130lham \u018fliyev D\u00fcnya \u0130qtisadi Forumu \u00e7\u0259r\u00e7iv\u0259sind\u0259 qar\u015f\u0131 t\u0259r\u0259fl\u0259rin m\u00fcraci\u0259tl\u0259ri \u0259sas\u0131nda ke\u00e7irdiyi g\u00f6r\u00fc\u015fl\u0259rl\u0259 Az\u0259rbaycan\u0131n d\u00fcnyada yeri v\u0259 rolunu t\u0259qdim edir D\u00f6vl\u0259t ba\u015f\u00e7\u0131s\u0131 \u0130lham \u018fliyev D\u00fcnya \u0130qtisadi Forumunda i\u015ftirak etm\u0259k \u00fc\u00e7\u00fcn yanvar\u0131n 20-d\u0259 \u0130sve\u00e7r\u0259 Konfederasiyas\u0131na s\u0259f\u0259r etdi. Yanvar\u0131n 20-d\u0259n 24-d\u0259k davam ed\u0259c\u0259k sayca 55-ci olan Forum bu d\u0259f\u0259 \u00ab A\u011f\u0131ll\u0131 \u0259sr \u00fc\u00e7\u00fcn \u0259m\u0259kda\u015fl\u0131q\u00bb devizi alt\u0131nda&hellip;","_links":{"self":[{"href":"https:\/\/arantv.az\/index.php?rest_route=\/wp\/v2\/posts\/782698"}],"collection":[{"href":"https:\/\/arantv.az\/index.php?rest_route=\/wp\/v2\/posts"}],"about":[{"href":"https:\/\/arantv.az\/index.php?rest_route=\/wp\/v2\/types\/post"}],"author":[{"embeddable":true,"href":"https:\/\/arantv.az\/index.php?rest_route=\/wp\/v2\/users\/2"}],"replies":[{"embeddable":true,"href":"https:\/\/arantv.az\/index.php?rest_route=%2Fwp%2Fv2%2Fcomments&post=782698"}],"version-history":[{"count":1,"href":"https:\/\/arantv.az\/index.php?rest_route=\/wp\/v2\/posts\/782698\/revisions"}],"predecessor-version":[{"id":782700,"href":"https:\/\/arantv.az\/index.php?rest_route=\/wp\/v2\/posts\/782698\/revisions\/782700"}],"wp:featuredmedia":[{"embeddable":true,"href":"https:\/\/arantv.az\/index.php?rest_route=\/wp\/v2\/media\/782699"}],"wp:attachment":[{"href":"https:\/\/arantv.az\/index.php?rest_route=%2Fwp%2Fv2%2Fmedia&parent=782698"}],"wp:term":[{"taxonomy":"category","embeddable":true,"href":"https:\/\/arantv.az\/index.php?rest_route=%2Fwp%2Fv2%2Fcategories&post=782698"},{"taxonomy":"post_tag","embeddable":true,"href":"https:\/\/arantv.az\/index.php?rest_route=%2Fwp%2Fv2%2Ftags&post=782698"}],"curies":[{"name":"wp","href":"https:\/\/api.w.org\/{rel}","templated":true}]}}