{"id":783036,"date":"2025-01-23T20:09:09","date_gmt":"2025-01-23T16:09:09","guid":{"rendered":"https:\/\/arantv.az\/?p=783036"},"modified":"2025-01-23T20:09:09","modified_gmt":"2025-01-23T16:09:09","slug":"prezidentd%c9%99n-%c9%99lav%c9%99-d%c9%99y%c9%99r-vergisi-il%c9%99-bagli-f%c9%99rman","status":"publish","type":"post","link":"https:\/\/arantv.az\/?p=783036","title":{"rendered":"Prezidentd\u0259n \u0259lav\u0259 d\u0259y\u0259r vergisi il\u0259 ba\u011fl\u0131 F\u018fRMAN"},"content":{"rendered":"<p><strong>D\u00f6vl\u0259t b\u00fcdc\u0259sind\u0259n ayr\u0131lm\u0131\u015f v\u0259sait hesab\u0131na i\u015fl\u0259rin v\u0259 xidm\u0259tl\u0259rin g\u00f6st\u0259rilm\u0259sin\u0259 g\u00f6r\u0259 \u0259lav\u0259 d\u0259y\u0259r vergisind\u0259n azad olunan publik h\u00fcquqi \u015f\u0259xsl\u0259rin siyah\u0131s\u0131 geni\u015fl\u0259ndirilib.<\/strong><\/p>\n<p><strong>ARANTV.AZ <\/strong>\u00a0x\u0259b\u0259r verir ki, bununla ba\u011fl\u0131 Prezident \u0130lham \u018fliyev f\u0259rman imzalay\u0131b.<\/p>\n<p>F\u0259rmana \u0259sas\u0259n, siyah\u0131ya K\u0259lb\u0259c\u0259r rayonunda B\u0259rpa, Tikinti v\u0259 \u0130dar\u0259etm\u0259 Xidm\u0259ti \u0259lav\u0259 edilib.<\/p>\n","protected":false},"excerpt":{"rendered":"<p>D\u00f6vl\u0259t b\u00fcdc\u0259sind\u0259n ayr\u0131lm\u0131\u015f v\u0259sait hesab\u0131na i\u015fl\u0259rin v\u0259 xidm\u0259tl\u0259rin g\u00f6st\u0259rilm\u0259sin\u0259 g\u00f6r\u0259 \u0259lav\u0259 d\u0259y\u0259r vergisind\u0259n azad olunan publik h\u00fcquqi \u015f\u0259xsl\u0259rin siyah\u0131s\u0131 geni\u015fl\u0259ndirilib. ARANTV.AZ \u00a0x\u0259b\u0259r verir ki, bununla ba\u011fl\u0131 Prezident \u0130lham \u018fliyev f\u0259rman imzalay\u0131b. F\u0259rmana \u0259sas\u0259n, siyah\u0131ya K\u0259lb\u0259c\u0259r rayonunda B\u0259rpa, Tikinti v\u0259 \u0130dar\u0259etm\u0259 Xidm\u0259ti \u0259lav\u0259 edilib.<\/p>\n","protected":false},"author":2,"featured_media":783037,"comment_status":"closed","ping_status":"closed","sticky":false,"template":"","format":"standard","meta":{"om_disable_all_campaigns":false,"_monsterinsights_skip_tracking":false,"_monsterinsights_sitenote_active":false,"_monsterinsights_sitenote_note":"","_monsterinsights_sitenote_category":0},"categories":[4],"tags":[],"aioseo_notices":[],"gutentor_comment":0,"rttpg_featured_image_url":{"full":["https:\/\/arantv.az\/wp-content\/uploads\/2025\/01\/473c75573a0195a9e780392481d30445.jpg",850,500,false],"landscape":["https:\/\/arantv.az\/wp-content\/uploads\/2025\/01\/473c75573a0195a9e780392481d30445.jpg",850,500,false],"portraits":["https:\/\/arantv.az\/wp-content\/uploads\/2025\/01\/473c75573a0195a9e780392481d30445.jpg",850,500,false],"thumbnail":["https:\/\/arantv.az\/wp-content\/uploads\/2025\/01\/473c75573a0195a9e780392481d30445-500x280.jpg",500,280,true],"medium":["https:\/\/arantv.az\/wp-content\/uploads\/2025\/01\/473c75573a0195a9e780392481d30445-621x365.jpg",621,365,true],"large":["https:\/\/arantv.az\/wp-content\/uploads\/2025\/01\/473c75573a0195a9e780392481d30445-840x494.jpg",640,376,true],"1536x1536":["https:\/\/arantv.az\/wp-content\/uploads\/2025\/01\/473c75573a0195a9e780392481d30445.jpg",850,500,false],"2048x2048":["https:\/\/arantv.az\/wp-content\/uploads\/2025\/01\/473c75573a0195a9e780392481d30445.jpg",850,500,false],"post-thumbnail":["https:\/\/arantv.az\/wp-content\/uploads\/2025\/01\/473c75573a0195a9e780392481d30445-240x172.jpg",240,172,true],"advps-thumb-one":["https:\/\/arantv.az\/wp-content\/uploads\/2025\/01\/473c75573a0195a9e780392481d30445.jpg",850,500,false]},"rttpg_author":{"display_name":"V\u00fcsal Rafiqo\u011flu","author_link":"https:\/\/arantv.az\/?author=2"},"rttpg_comment":0,"rttpg_category":"<a href=\"https:\/\/arantv.az\/?cat=4\" rel=\"category\">Siyas\u0259t<\/a>","rttpg_excerpt":"D\u00f6vl\u0259t b\u00fcdc\u0259sind\u0259n ayr\u0131lm\u0131\u015f v\u0259sait hesab\u0131na i\u015fl\u0259rin v\u0259 xidm\u0259tl\u0259rin g\u00f6st\u0259rilm\u0259sin\u0259 g\u00f6r\u0259 \u0259lav\u0259 d\u0259y\u0259r vergisind\u0259n azad olunan publik h\u00fcquqi \u015f\u0259xsl\u0259rin siyah\u0131s\u0131 geni\u015fl\u0259ndirilib. ARANTV.AZ \u00a0x\u0259b\u0259r verir ki, bununla ba\u011fl\u0131 Prezident \u0130lham \u018fliyev f\u0259rman imzalay\u0131b. F\u0259rmana \u0259sas\u0259n, siyah\u0131ya K\u0259lb\u0259c\u0259r rayonunda B\u0259rpa, Tikinti v\u0259 \u0130dar\u0259etm\u0259 Xidm\u0259ti \u0259lav\u0259 edilib.","_links":{"self":[{"href":"https:\/\/arantv.az\/index.php?rest_route=\/wp\/v2\/posts\/783036"}],"collection":[{"href":"https:\/\/arantv.az\/index.php?rest_route=\/wp\/v2\/posts"}],"about":[{"href":"https:\/\/arantv.az\/index.php?rest_route=\/wp\/v2\/types\/post"}],"author":[{"embeddable":true,"href":"https:\/\/arantv.az\/index.php?rest_route=\/wp\/v2\/users\/2"}],"replies":[{"embeddable":true,"href":"https:\/\/arantv.az\/index.php?rest_route=%2Fwp%2Fv2%2Fcomments&post=783036"}],"version-history":[{"count":1,"href":"https:\/\/arantv.az\/index.php?rest_route=\/wp\/v2\/posts\/783036\/revisions"}],"predecessor-version":[{"id":783038,"href":"https:\/\/arantv.az\/index.php?rest_route=\/wp\/v2\/posts\/783036\/revisions\/783038"}],"wp:featuredmedia":[{"embeddable":true,"href":"https:\/\/arantv.az\/index.php?rest_route=\/wp\/v2\/media\/783037"}],"wp:attachment":[{"href":"https:\/\/arantv.az\/index.php?rest_route=%2Fwp%2Fv2%2Fmedia&parent=783036"}],"wp:term":[{"taxonomy":"category","embeddable":true,"href":"https:\/\/arantv.az\/index.php?rest_route=%2Fwp%2Fv2%2Fcategories&post=783036"},{"taxonomy":"post_tag","embeddable":true,"href":"https:\/\/arantv.az\/index.php?rest_route=%2Fwp%2Fv2%2Ftags&post=783036"}],"curies":[{"name":"wp","href":"https:\/\/api.w.org\/{rel}","templated":true}]}}