{"id":783098,"date":"2025-01-24T09:00:24","date_gmt":"2025-01-24T05:00:24","guid":{"rendered":"https:\/\/arantv.az\/?p=783098"},"modified":"2025-01-24T09:00:24","modified_gmt":"2025-01-24T05:00:24","slug":"s%c9%99rh%c9%99dd%c9%99-olcu-isl%c9%99ri-tavusdan-basladi","status":"publish","type":"post","link":"https:\/\/arantv.az\/?p=783098","title":{"rendered":"S\u0259rh\u0259dd\u0259 \u201c\u00f6l\u00e7\u00fc\u201d i\u015fl\u0259ri Tavu\u015fdan ba\u015flad\u0131"},"content":{"rendered":"<h3><strong>Pa\u015finyan \u201cniy\u0259 \u015fimaldan\u201d deyib hay-k\u00fcy salanlara parlamentd\u0259 cavab verdi<\/strong><\/h3>\n<p><strong>M\u0259lum oldu\u011fu kimi, yanvar\u0131n 16-da Az\u0259rbaycan v\u0259 Erm\u0259nistan ba\u015f nazirl\u0259rinin m\u00fcavinl\u0259ri \u015eahin Mustafayevl\u0259 Mher Qriqoryan\u0131n s\u0259drlik etdikl\u0259ri d\u00f6vl\u0259t s\u0259rh\u0259dinin delimitasiyas\u0131 \u00fczr\u0259 komissiyalar\u0131n 11-ci g\u00f6r\u00fc\u015f\u00fc ke\u00e7irilib.<\/strong><\/p>\n<p>Bildirilib ki, g\u00f6r\u00fc\u015f zaman\u0131 t\u0259r\u0259fl\u0259r n\u00f6vb\u0259ti m\u0259rh\u0259l\u0259d\u0259 delimitasiya i\u015fl\u0259rinin h\u0259yata ke\u00e7irilm\u0259si \u00fc\u00e7\u00fcn s\u0259rh\u0259d x\u0259ttinin sah\u0259l\u0259rinin\/hiss\u0259l\u0259rinin ard\u0131c\u0131ll\u0131\u011f\u0131 m\u0259s\u0259l\u0259si il\u0259 ba\u011fl\u0131 fikir m\u00fcbadil\u0259sini davam etdirib v\u0259 d\u00f6vl\u0259t s\u0259rh\u0259dinin delimitasiyas\u0131 \u00fczr\u0259 kompleks i\u015fl\u0259rin \u015fimal sah\u0259sind\u0259n ba\u015flayaraq Az\u0259rbaycan Respublikas\u0131n\u0131n, Erm\u0259nistan Respublikas\u0131n\u0131n v\u0259 G\u00fcrc\u00fcstan\u0131n s\u0259rh\u0259dl\u0259rinin qovu\u015fma n\u00f6qt\u0259si \u0259razisind\u0259n c\u0259nub istiqam\u0259tind\u0259, \u015fimaldan c\u0259nuba, Az\u0259rbaycan Respublikas\u0131n\u0131n v\u0259 Erm\u0259nistan Respublikas\u0131n\u0131n \u0130ran \u0130slam Respublikas\u0131 il\u0259 s\u0259rh\u0259din\u0259 q\u0259d\u0259r apar\u0131lmas\u0131 bar\u0259d\u0259 raz\u0131l\u0131\u011fa g\u0259libl\u0259r. H\u0259m\u00e7inin t\u0259r\u0259fl\u0259r delimitasiya i\u015fl\u0259rinin g\u00f6r\u00fclm\u0259si qaydas\u0131 \u00fczr\u0259 m\u00fcvafiq t\u0259limatlar\u0131n layih\u0259l\u0259rini m\u00fczakir\u0259 edibl\u0259r. T\u0259r\u0259fl\u0259r n\u00f6vb\u0259ti g\u00f6r\u00fc\u015f\u00fcn ke\u00e7irilm\u0259sinin tarixini v\u0259 yerini i\u015f\u00e7i qaydada m\u00fc\u0259yy\u0259n etm\u0259k bar\u0259d\u0259 raz\u0131l\u0131\u011fa g\u0259libl\u0259r.<\/p>\n<p><strong>Erm\u0259nistan m\u00fcxalif\u0259t v\u0259 revan\u015fistl\u0259r is\u0259 delimitasiyan\u0131n \u015fimaldan c\u0259nuba do\u011fru apar\u0131lmas\u0131n\u0131n t\u0259hl\u00fck\u0259li olaca\u011f\u0131 bar\u0259d\u0259 hay-k\u00fcy qald\u0131r\u0131blar.<\/strong><\/p>\n<p>Erm\u0259nistan\u0131n ba\u015f naziri Nikol Pa\u015finyan m\u00fcxalif\u0259tin qald\u0131rd\u0131\u011f\u0131 m\u0259s\u0259l\u0259y\u0259 toxunub v\u0259 \u201cs\u0259rh\u0259din delimitasiyas\u0131 niy\u0259 \u015fimaldan h\u0259yata ke\u00e7irilir\u201d sual\u0131na cavab verib: \u201cM\u0259n bir d\u0259f\u0259 demi\u015fdim ki, Erm\u0259nistan\u0131n d\u00f6vl\u0259t s\u0259rh\u0259dinin el\u0259 bir hiss\u0259si olmayacaq ki, biz onu delimitasiya etm\u0259y\u0259k. Erm\u0259nistan\u0131n b\u00fct\u00fcn s\u0259rh\u0259dl\u0259ri Erm\u0259nistan\u0131n s\u0259rh\u0259d rayonlar\u0131d\u0131r. \u015eimal hiss\u0259y\u0259 g\u0259linc\u0259, bizim art\u0131q bu sektorda delimitasiya olunmu\u015f \u0259razimiz var. Kirants sah\u0259sind\u0259 delimitasiya apar\u0131l\u0131b. T\u0259hl\u00fck\u0259sizliyin t\u0259minat\u0131 olan delimitasiya edilmi\u015f \u0259razil\u0259rimiz var. Biz bu b\u00f6lm\u0259l\u0259ri monolit, inteqral etm\u0259k ist\u0259yirik ki, onlar seqmentli olmas\u0131n, y\u0259ni Berkaberd\u0259n Kirantsa, Ba\u011fanisd\u0259n Cucevana q\u0259d\u0259r&#8230;\u201d<\/p>\n<p>Pa\u015finyan deyib ki, delimitasiyan\u0131n h\u0259min \u0259razil\u0259rd\u0259n c\u0259nuba do\u011fru davam etdirm\u0259k daha m\u0259ntiqlidir.<\/p>\n<p>Tavu\u015f b\u00f6lg\u0259sind\u0259 is\u0259 art\u0131q\u00a0 demarkasiya i\u015fl\u0259rin\u0259 ba\u015flan\u0131l\u0131b. Bu bar\u0259d\u0259 is\u0259\u00a0 \u201cHraparak\u201d q\u0259zeti yaz\u0131b. \u201cB\u0259zi \u015f\u0259xsl\u0259r Erm\u0259nistan-Az\u0259rbaycan-G\u00fcrc\u00fcstan s\u0259rh\u0259dl\u0259rinin k\u0259si\u015fm\u0259sind\u0259 \u0259raziy\u0259 bax\u0131\u015f ke\u00e7irir, bir ne\u00e7\u0259 saat \u0259rzind\u0259 t\u0259r\u0259fl\u0259r \u00f6l\u00e7m\u0259 apar\u0131blar\u201d, &#8211; dey\u0259 m\u0259lumatda qeyd olunub. Tavu\u015f qubernatorunun m\u00fcavini Vahe Qalumyan is\u0259 sualdan yay\u0131naraq bu bar\u0259d\u0259 x\u0259b\u0259ri olmad\u0131\u011f\u0131n\u0131 deyib.<\/p>\n","protected":false},"excerpt":{"rendered":"<p>Pa\u015finyan \u201cniy\u0259 \u015fimaldan\u201d deyib hay-k\u00fcy salanlara parlamentd\u0259 cavab verdi M\u0259lum oldu\u011fu kimi, yanvar\u0131n 16-da Az\u0259rbaycan v\u0259 Erm\u0259nistan ba\u015f nazirl\u0259rinin m\u00fcavinl\u0259ri \u015eahin Mustafayevl\u0259 Mher Qriqoryan\u0131n s\u0259drlik etdikl\u0259ri d\u00f6vl\u0259t s\u0259rh\u0259dinin delimitasiyas\u0131 \u00fczr\u0259 komissiyalar\u0131n 11-ci g\u00f6r\u00fc\u015f\u00fc ke\u00e7irilib. Bildirilib ki, g\u00f6r\u00fc\u015f zaman\u0131 t\u0259r\u0259fl\u0259r n\u00f6vb\u0259ti m\u0259rh\u0259l\u0259d\u0259 delimitasiya i\u015fl\u0259rinin h\u0259yata ke\u00e7irilm\u0259si \u00fc\u00e7\u00fcn s\u0259rh\u0259d x\u0259ttinin sah\u0259l\u0259rinin\/hiss\u0259l\u0259rinin ard\u0131c\u0131ll\u0131\u011f\u0131 m\u0259s\u0259l\u0259si il\u0259 ba\u011fl\u0131 fikir m\u00fcbadil\u0259sini davam etdirib v\u0259 d\u00f6vl\u0259t s\u0259rh\u0259dinin delimitasiyas\u0131 \u00fczr\u0259 kompleks i\u015fl\u0259rin \u015fimal sah\u0259sind\u0259n ba\u015flayaraq Az\u0259rbaycan Respublikas\u0131n\u0131n, Erm\u0259nistan Respublikas\u0131n\u0131n v\u0259 G\u00fcrc\u00fcstan\u0131n s\u0259rh\u0259dl\u0259rinin qovu\u015fma n\u00f6qt\u0259si \u0259razisind\u0259n c\u0259nub istiqam\u0259tind\u0259, \u015fimaldan c\u0259nuba, Az\u0259rbaycan Respublikas\u0131n\u0131n v\u0259 Erm\u0259nistan Respublikas\u0131n\u0131n \u0130ran \u0130slam Respublikas\u0131 il\u0259&hellip;<\/p>\n","protected":false},"author":2,"featured_media":783099,"comment_status":"closed","ping_status":"closed","sticky":false,"template":"","format":"standard","meta":{"om_disable_all_campaigns":false,"_monsterinsights_skip_tracking":false,"_monsterinsights_sitenote_active":false,"_monsterinsights_sitenote_note":"","_monsterinsights_sitenote_category":0},"categories":[4],"tags":[],"aioseo_notices":[],"gutentor_comment":0,"rttpg_featured_image_url":{"full":["https:\/\/arantv.az\/wp-content\/uploads\/2025\/01\/e69d1f83cc1c9ed90f0c28dc786a6430.jpg",750,422,false],"landscape":["https:\/\/arantv.az\/wp-content\/uploads\/2025\/01\/e69d1f83cc1c9ed90f0c28dc786a6430.jpg",750,422,false],"portraits":["https:\/\/arantv.az\/wp-content\/uploads\/2025\/01\/e69d1f83cc1c9ed90f0c28dc786a6430.jpg",750,422,false],"thumbnail":["https:\/\/arantv.az\/wp-content\/uploads\/2025\/01\/e69d1f83cc1c9ed90f0c28dc786a6430-500x280.jpg",500,280,true],"medium":["https:\/\/arantv.az\/wp-content\/uploads\/2025\/01\/e69d1f83cc1c9ed90f0c28dc786a6430-649x365.jpg",649,365,true],"large":["https:\/\/arantv.az\/wp-content\/uploads\/2025\/01\/e69d1f83cc1c9ed90f0c28dc786a6430.jpg",640,360,false],"1536x1536":["https:\/\/arantv.az\/wp-content\/uploads\/2025\/01\/e69d1f83cc1c9ed90f0c28dc786a6430.jpg",750,422,false],"2048x2048":["https:\/\/arantv.az\/wp-content\/uploads\/2025\/01\/e69d1f83cc1c9ed90f0c28dc786a6430.jpg",750,422,false],"post-thumbnail":["https:\/\/arantv.az\/wp-content\/uploads\/2025\/01\/e69d1f83cc1c9ed90f0c28dc786a6430-240x172.jpg",240,172,true],"advps-thumb-one":["https:\/\/arantv.az\/wp-content\/uploads\/2025\/01\/e69d1f83cc1c9ed90f0c28dc786a6430.jpg",750,422,false]},"rttpg_author":{"display_name":"V\u00fcsal Rafiqo\u011flu","author_link":"https:\/\/arantv.az\/?author=2"},"rttpg_comment":0,"rttpg_category":"<a href=\"https:\/\/arantv.az\/?cat=4\" rel=\"category\">Siyas\u0259t<\/a>","rttpg_excerpt":"Pa\u015finyan \u201cniy\u0259 \u015fimaldan\u201d deyib hay-k\u00fcy salanlara parlamentd\u0259 cavab verdi M\u0259lum oldu\u011fu kimi, yanvar\u0131n 16-da Az\u0259rbaycan v\u0259 Erm\u0259nistan ba\u015f nazirl\u0259rinin m\u00fcavinl\u0259ri \u015eahin Mustafayevl\u0259 Mher Qriqoryan\u0131n s\u0259drlik etdikl\u0259ri d\u00f6vl\u0259t s\u0259rh\u0259dinin delimitasiyas\u0131 \u00fczr\u0259 komissiyalar\u0131n 11-ci g\u00f6r\u00fc\u015f\u00fc ke\u00e7irilib. Bildirilib ki, g\u00f6r\u00fc\u015f zaman\u0131 t\u0259r\u0259fl\u0259r n\u00f6vb\u0259ti m\u0259rh\u0259l\u0259d\u0259 delimitasiya i\u015fl\u0259rinin h\u0259yata ke\u00e7irilm\u0259si \u00fc\u00e7\u00fcn s\u0259rh\u0259d x\u0259ttinin sah\u0259l\u0259rinin\/hiss\u0259l\u0259rinin ard\u0131c\u0131ll\u0131\u011f\u0131 m\u0259s\u0259l\u0259si il\u0259 ba\u011fl\u0131 fikir m\u00fcbadil\u0259sini&hellip;","_links":{"self":[{"href":"https:\/\/arantv.az\/index.php?rest_route=\/wp\/v2\/posts\/783098"}],"collection":[{"href":"https:\/\/arantv.az\/index.php?rest_route=\/wp\/v2\/posts"}],"about":[{"href":"https:\/\/arantv.az\/index.php?rest_route=\/wp\/v2\/types\/post"}],"author":[{"embeddable":true,"href":"https:\/\/arantv.az\/index.php?rest_route=\/wp\/v2\/users\/2"}],"replies":[{"embeddable":true,"href":"https:\/\/arantv.az\/index.php?rest_route=%2Fwp%2Fv2%2Fcomments&post=783098"}],"version-history":[{"count":1,"href":"https:\/\/arantv.az\/index.php?rest_route=\/wp\/v2\/posts\/783098\/revisions"}],"predecessor-version":[{"id":783100,"href":"https:\/\/arantv.az\/index.php?rest_route=\/wp\/v2\/posts\/783098\/revisions\/783100"}],"wp:featuredmedia":[{"embeddable":true,"href":"https:\/\/arantv.az\/index.php?rest_route=\/wp\/v2\/media\/783099"}],"wp:attachment":[{"href":"https:\/\/arantv.az\/index.php?rest_route=%2Fwp%2Fv2%2Fmedia&parent=783098"}],"wp:term":[{"taxonomy":"category","embeddable":true,"href":"https:\/\/arantv.az\/index.php?rest_route=%2Fwp%2Fv2%2Fcategories&post=783098"},{"taxonomy":"post_tag","embeddable":true,"href":"https:\/\/arantv.az\/index.php?rest_route=%2Fwp%2Fv2%2Ftags&post=783098"}],"curies":[{"name":"wp","href":"https:\/\/api.w.org\/{rel}","templated":true}]}}