{"id":783101,"date":"2025-01-24T09:01:18","date_gmt":"2025-01-24T05:01:18","guid":{"rendered":"https:\/\/arantv.az\/?p=783101"},"modified":"2025-01-24T09:01:18","modified_gmt":"2025-01-24T05:01:18","slug":"bolg%c9%99d%c9%99-yeni-t%c9%99hdidl%c9%99r%c9%99-qarsi-az%c9%99rbaycan-israil-mutt%c9%99fiqliyi","status":"publish","type":"post","link":"https:\/\/arantv.az\/?p=783101","title":{"rendered":"B\u00f6lg\u0259d\u0259 yeni t\u0259hdidl\u0259r\u0259 qar\u015f\u0131 Az\u0259rbaycan-\u0130srail m\u00fctt\u0259fiqliyi?"},"content":{"rendered":"<h3><strong>Amerikal\u0131 v\u0259 az\u0259rbaycanl\u0131 siyasi ekspertl\u0259rd\u0259n maraql\u0131 t\u0259hlil<\/strong><\/h3>\n<p><strong>Prezident \u0130lham \u018fliyevin yanvar\u0131n 21-d\u0259 Davosda qar\u015f\u0131 t\u0259r\u0259fin m\u00fcraci\u0259ti \u0259sas\u0131nda \u0130srail D\u00f6vl\u0259tinin Prezidenti \u0130sxak Hersoqla g\u00f6r\u00fc\u015fd\u00fcy\u00fc bar\u0259d\u0259 x\u0259b\u0259r vermi\u015fdik. G\u00f6r\u00fc\u015fd\u0259 Az\u0259rbaycanla \u0130srail aras\u0131nda ikit\u0259r\u0259fli m\u00fcnasib\u0259tl\u0259rin u\u011furla inki\u015faf etdiyi qeyd olunub. S\u00f6hb\u0259t zaman\u0131 iqtisadi-ticari sah\u0259d\u0259 \u0259m\u0259kda\u015fl\u0131\u011f\u0131n yax\u015f\u0131 s\u0259viyy\u0259d\u0259 oldu\u011fu bildirilib, h\u00f6kum\u0259tl\u0259raras\u0131 birg\u0259 komissiyan\u0131n i\u015fi y\u00fcks\u0259k qiym\u0259tl\u0259ndirilib.<\/strong><\/p>\n<p>\u0130srail m\u00fcst\u0259qilliyimizi tan\u0131d\u0131\u011f\u0131 1991-ci il dekabr\u0131n 25-d\u0259n sonra Az\u0259rbaycanla bu d\u00f6vl\u0259t aras\u0131nda m\u00fcnasib\u0259tl\u0259r h\u0259mi\u015f\u0259 m\u00fcsb\u0259t istiqam\u0259td\u0259 inki\u015faf edib. Amma son bir ne\u00e7\u0259 ild\u0259 m\u00fcnasib\u0259tl\u0259rd\u0259 x\u00fcsusi dinamika m\u00fc\u015fahid\u0259 olunur: \u0259m\u0259kda\u015fl\u0131\u011f\u0131n g\u00fccl\u0259ndirilm\u0259si, qar\u015f\u0131l\u0131ql\u0131 s\u0259f\u0259rl\u0259rin \u00e7oxalmas\u0131, ticar\u0259t d\u00f6vriyy\u0259sinin v\u0259 investisiyalar\u0131n artmas\u0131, qar\u015f\u0131l\u0131ql\u0131 f\u0259aliyy\u0259t \u00fc\u00e7\u00fcn yeni s\u0259naye sah\u0259l\u0259rinin m\u00fc\u0259yy\u0259nl\u0259\u015fdirilm\u0259si v\u0259 s.<\/p>\n<p>Az\u0259rbaycan\u0131n \u0130sraild\u0259 s\u0259firliyinin a\u00e7\u0131lmas\u0131 ikit\u0259r\u0259fli m\u00fcnasib\u0259tl\u0259rd\u0259 yeni m\u0259rh\u0259l\u0259nin ba\u015flan\u011f\u0131c\u0131 oldu.<\/p>\n<p><strong>Az\u0259rbaycan h\u0259m \u0130kinci Qaraba\u011f m\u00fcharib\u0259si zaman\u0131, h\u0259m d\u0259 sonrak\u0131 m\u0259rh\u0259l\u0259d\u0259 &#8211; i\u015f\u011faldan azad edilmi\u015f \u0259razil\u0259rin b\u0259rpas\u0131 d\u00f6vr\u00fcnd\u0259 \u0130srailin d\u0259st\u0259yini hiss edib.<\/strong><\/p>\n<p>H\u0259m \u0130srail Prezidentinin, h\u0259m d\u0259 Az\u0259rbaycan Prezidentinin yeni sah\u0259l\u0259rd\u0259 \u0259m\u0259kda\u015fl\u0131\u011f\u0131 geni\u015fl\u0259ndirm\u0259k siyas\u0259tind\u0259 d\u0259\u00a0 n\u00fcmayi\u015f etdirdiyi \u00e7oxvektorlu yana\u015fma iki \u00f6lk\u0259 aras\u0131nda m\u00fcnasib\u0259tl\u0259rd\u0259 m\u00f6vcud olan t\u00fck\u0259nm\u0259z potensialdan x\u0259b\u0259r verir. Bel\u0259 sah\u0259l\u0259rd\u0259n biri d\u0259 b\u0259rpa olunan enerji m\u0259nb\u0259l\u0259rind\u0259n istifad\u0259dir. Az\u0259rbaycan i\u015f\u011faldan azad edilmi\u015f \u0259razil\u0259rd\u0259 b\u0259rpa olunan enerjid\u0259n f\u0259al istifad\u0259 etm\u0259y\u0259 ba\u015flay\u0131b, \u0130srail is\u0259 bu sah\u0259d\u0259 \u00f6z t\u0259cr\u00fcb\u0259sini b\u00f6l\u00fc\u015fm\u0259y\u0259 haz\u0131r oldu\u011funu b\u0259yan edib.<\/p>\n<p><strong>Bu arada is\u0259 amerikal\u0131 ekspert \u0130rina Zukerman Minval.az-a bildirib ki, \u0130ran v\u0259 Rusiyadan g\u0259l\u0259n t\u0259hdidl\u0259r\u0259 g\u00f6r\u0259 \u0130srail Az\u0259rbaycanla t\u0259hl\u00fck\u0259sizlik sah\u0259sind\u0259 \u0259m\u0259kda\u015fl\u0131\u011f\u0131 g\u00fccl\u0259ndirm\u0259lidir. Ekspert hesab edir ki, siyasi bax\u0131mdan \u0130srail \u0130ran\u0131n, el\u0259c\u0259 d\u0259 Rusiyan\u0131n d\u00fc\u015fm\u0259n\u00e7ilik f\u0259aliyy\u0259tin\u0259 qar\u015f\u0131 Az\u0259rbaycan kimi dost d\u00f6vl\u0259tl\u0259rl\u0259 t\u0259hl\u00fck\u0259sizlik v\u0259 k\u0259\u015ffiyyat \u0259m\u0259kda\u015fl\u0131\u011f\u0131n\u0131 geni\u015fl\u0259ndirm\u0259lidir.<\/strong><\/p>\n<p>N\u0259z\u0259r\u0259 alsaq ki, Bak\u0131 da h\u0259r iki t\u0259r\u0259fd\u0259n ox\u015far siyasi, iqtisadi v\u0259 k\u0259\u015ffiyyat t\u0259zyiql\u0259ri v\u0259 \u0259m\u0259liyyatlar\u0131n\u0131n h\u0259d\u0259find\u0259dir, bu \u0259m\u0259kda\u015fl\u0131\u011f\u0131n z\u0259ruri oldu\u011fu daha da ayd\u0131n g\u00f6r\u00fcn\u00fcr.<\/p>\n<p><strong>Qeyd ed\u0259k ki, Moskva v\u0259 Tehran aras\u0131nda H\u0259rt\u0259r\u0259fli Strateji T\u0259r\u0259fda\u015fl\u0131q Sazi\u015fi 47 madd\u0259d\u0259n ibar\u0259tdir v\u0259 ikit\u0259r\u0259fli \u0259m\u0259kda\u015fl\u0131\u011f\u0131n b\u00fct\u00fcn sah\u0259l\u0259rini \u0259hat\u0259 edir. Bak\u0131 da bu sazi\u015fl\u0259 ba\u011fl\u0131 g\u0259li\u015fm\u0259l\u0259ri diqq\u0259tl\u0259 izl\u0259s\u0259 d\u0259, x\u00fcsusi reaksiya bildirm\u0259di.\u00a0 Qeyd ed\u0259k ki, Az\u0259rbaycan\u0131n h\u0259r iki \u00f6lk\u0259 il\u0259 m\u00fcnasib\u0259tl\u0259rind\u0259 son aylarda g\u0259rginlik yaran\u0131b. T\u0259bii ki, Az\u0259rbaycan\u0131n \u015fimalda v\u0259 c\u0259nubda iki n\u0259h\u0259ng qon\u015fusunun h\u0259rt\u0259r\u0259fli strateji t\u0259r\u0259fda\u015fl\u0131q sazi\u015fini \u0259sas\u0259n m\u00fcdafi\u0259 sah\u0259sin\u0259 y\u00f6n\u0259ltm\u0259si narahatedici hal da say\u0131la bil\u0259r. Zaman-zaman h\u0259r iki d\u00f6vl\u0259td\u0259n Az\u0259rbaycana h\u0259rbi t\u0259hdidl\u0259r olub. X\u00fcsus\u0259n son ill\u0259rd\u0259 \u0130ran bizi h\u0259d\u0259l\u0259yib, s\u0259rh\u0259dl\u0259rimizd\u0259 t\u0259liml\u0259r ke\u00e7irib, h\u0259dyanlar ya\u011fd\u0131r\u0131b. Bu t\u0259hdidl\u0259r\u0259 qar\u015f\u0131 \u0130sraill\u0259 t\u0259hl\u00fck\u0259sizlik sah\u0259sind\u0259 \u0259m\u0259kda\u015fl\u0131\u011f\u0131 g\u00fccl\u0259ndirm\u0259k z\u0259rur\u0259t\u0259 \u00e7evrilir?<\/strong><\/p>\n<p><img src=\"https:\/\/olaylar.az\/media\/2023\/06\/25\/yusif_bagirzade-22_(1).jpg\" alt=\"Yusif Ba\u011f\u0131rzad\u0259: Xalq\u0131m\u0131z kimin kim oldu\u011funu yax\u015f\u0131 bilir- \u00d6Z\u018fL\" \/><\/p>\n<p><strong>Yusif Ba\u011f\u0131rzad\u0259<\/strong><\/p>\n<p><strong>Politoloq Yusif Ba\u011f\u0131rzad\u0259 \u201cYeni M\u00fcsavat\u201da bildirdi ki, Az\u0259rbaycan v\u0259 \u0130srail ist\u0259r t\u0259hl\u00fck\u0259sizlik, ist\u0259rs\u0259 d\u0259 dig\u0259r sah\u0259l\u0259rd\u0259 onsuz da z\u0259ngin \u0259m\u0259kda\u015fl\u0131q t\u0259cr\u00fcb\u0259sin\u0259 malikdir:<\/strong>\u00a0\u201cM\u0259lum oldu\u011fu kimi, Az\u0259rbaycan v\u0259 \u0130srail aras\u0131nda h\u0259rbi-texniki \u0259m\u0259kda\u015fl\u0131q daim inki\u015faf edir v\u0259 m\u00f6hk\u0259ml\u0259nir. Az\u0259rbaycan \u0130sraild\u0259n daha \u00e7ox silah alan \u00f6lk\u0259l\u0259r i\u00e7\u0259risind\u0259 daim ilk yerl\u0259rd\u0259 dayan\u0131r. Bel\u0259 dem\u0259k m\u00fcmk\u00fcns\u0259, bu g\u00fcn iki d\u00f6vl\u0259t aras\u0131nda t\u0259hl\u00fck\u0259sizlik sah\u0259sind\u0259 \u0259m\u0259kda\u015fl\u0131\u011f\u0131n \u0259sas prioriteti h\u0259rbi s\u0259naye sah\u0259sind\u0259 \u0259m\u0259kda\u015fl\u0131q \u00fcz\u0259rind\u0259 qurulub. \u00c7\u00fcnki \u0130sraild\u0259 olan h\u0259rbi s\u0259naye Az\u0259rbaycana imkan verir ki, \u0259n m\u00fcasir h\u0259rbi texnologiyalara \u00e7\u0131x\u0131\u015f \u0259ld\u0259 etsin. H\u0259r iki \u00f6lk\u0259nin t\u0259hl\u00fck\u0259sizlik qurumlar\u0131 aras\u0131nda da \u0259m\u0259kda\u015fl\u0131q m\u00f6vcuddur v\u0259 indiy\u0259 q\u0259d\u0259r olan t\u0259cr\u00fcb\u0259d\u0259 terrorizm\u0259 qar\u015f\u0131 birg\u0259 f\u0259aliyy\u0259t\u0259 d\u0259 \u015fahidlik etmi\u015fik. \u0130ndiki m\u0259rh\u0259l\u0259d\u0259 d\u0259 ist\u0259r \u0130ran v\u0259 Rusiyadan, ist\u0259rs\u0259 d\u0259 h\u0259r hans\u0131 ba\u015fqa bir d\u00f6vl\u0259td\u0259n g\u0259l\u0259n t\u0259hdidl\u0259r\u0259 qar\u015f\u0131 t\u0259hl\u00fck\u0259sizlik t\u0259dbirl\u0259rinin art\u0131r\u0131lmas\u0131 z\u0259ruridir. V\u0259 buraya t\u0259kc\u0259 \u0130sraill\u0259 deyil, ba\u015fda T\u00fcrkiy\u0259 olmaqla, dost v\u0259 qarda\u015f \u00f6lk\u0259l\u0259rl\u0259 \u0259m\u0259kda\u015fl\u0131q da aiddir\u201d.<\/p>\n<p><strong>Politoloq qeyd etdi ki, bu v\u0259 ya dig\u0259r \u00f6lk\u0259 il\u0259 t\u0259hl\u00fck\u0259sizlik sah\u0259sind\u0259 \u0259m\u0259kda\u015fl\u0131q imkanlar\u0131n\u0131n g\u00fccl\u0259ndirilm\u0259sind\u0259 \u0259n \u00f6n\u0259mli m\u0259qam \u00f6lk\u0259nin milli maraqlar\u0131ndan ibar\u0259tdir:<\/strong>\u00a0\u201cY\u0259ni ba\u015fqa s\u00f6zl\u0259 des\u0259k,\u00a0 h\u0259rbi v\u0259 t\u0259hl\u00fck\u0259sizlik sah\u0259sind\u0259 \u0259m\u0259kda\u015fl\u0131q el\u0259 s\u0259viyy\u0259d\u0259 qurulmal\u0131 v\u0259 inki\u015faf etdirilm\u0259lidir ki, bu \u0259m\u0259kda\u015fl\u0131q dig\u0259r \u00f6lk\u0259l\u0259r t\u0259r\u0259find\u0259n yeni t\u0259hdidl\u0259r do\u011furmas\u0131n\u201d.<\/p>\n","protected":false},"excerpt":{"rendered":"<p>Amerikal\u0131 v\u0259 az\u0259rbaycanl\u0131 siyasi ekspertl\u0259rd\u0259n maraql\u0131 t\u0259hlil Prezident \u0130lham \u018fliyevin yanvar\u0131n 21-d\u0259 Davosda qar\u015f\u0131 t\u0259r\u0259fin m\u00fcraci\u0259ti \u0259sas\u0131nda \u0130srail D\u00f6vl\u0259tinin Prezidenti \u0130sxak Hersoqla g\u00f6r\u00fc\u015fd\u00fcy\u00fc bar\u0259d\u0259 x\u0259b\u0259r vermi\u015fdik. G\u00f6r\u00fc\u015fd\u0259 Az\u0259rbaycanla \u0130srail aras\u0131nda ikit\u0259r\u0259fli m\u00fcnasib\u0259tl\u0259rin u\u011furla inki\u015faf etdiyi qeyd olunub. S\u00f6hb\u0259t zaman\u0131 iqtisadi-ticari sah\u0259d\u0259 \u0259m\u0259kda\u015fl\u0131\u011f\u0131n yax\u015f\u0131 s\u0259viyy\u0259d\u0259 oldu\u011fu bildirilib, h\u00f6kum\u0259tl\u0259raras\u0131 birg\u0259 komissiyan\u0131n i\u015fi y\u00fcks\u0259k qiym\u0259tl\u0259ndirilib. \u0130srail m\u00fcst\u0259qilliyimizi tan\u0131d\u0131\u011f\u0131 1991-ci il dekabr\u0131n 25-d\u0259n sonra Az\u0259rbaycanla bu d\u00f6vl\u0259t aras\u0131nda m\u00fcnasib\u0259tl\u0259r h\u0259mi\u015f\u0259 m\u00fcsb\u0259t istiqam\u0259td\u0259 inki\u015faf edib. Amma son bir ne\u00e7\u0259 ild\u0259 m\u00fcnasib\u0259tl\u0259rd\u0259 x\u00fcsusi dinamika m\u00fc\u015fahid\u0259 olunur: \u0259m\u0259kda\u015fl\u0131\u011f\u0131n g\u00fccl\u0259ndirilm\u0259si, qar\u015f\u0131l\u0131ql\u0131 s\u0259f\u0259rl\u0259rin \u00e7oxalmas\u0131, ticar\u0259t d\u00f6vriyy\u0259sinin v\u0259 investisiyalar\u0131n artmas\u0131,&hellip;<\/p>\n","protected":false},"author":2,"featured_media":783102,"comment_status":"closed","ping_status":"closed","sticky":false,"template":"","format":"standard","meta":{"om_disable_all_campaigns":false,"_monsterinsights_skip_tracking":false,"_monsterinsights_sitenote_active":false,"_monsterinsights_sitenote_note":"","_monsterinsights_sitenote_category":0},"categories":[4],"tags":[],"aioseo_notices":[],"gutentor_comment":0,"rttpg_featured_image_url":{"full":["https:\/\/arantv.az\/wp-content\/uploads\/2025\/01\/522db535c5d879ad4ff249567e62bbd1.jpg",870,500,false],"landscape":["https:\/\/arantv.az\/wp-content\/uploads\/2025\/01\/522db535c5d879ad4ff249567e62bbd1.jpg",870,500,false],"portraits":["https:\/\/arantv.az\/wp-content\/uploads\/2025\/01\/522db535c5d879ad4ff249567e62bbd1.jpg",870,500,false],"thumbnail":["https:\/\/arantv.az\/wp-content\/uploads\/2025\/01\/522db535c5d879ad4ff249567e62bbd1-500x280.jpg",500,280,true],"medium":["https:\/\/arantv.az\/wp-content\/uploads\/2025\/01\/522db535c5d879ad4ff249567e62bbd1-635x365.jpg",635,365,true],"large":["https:\/\/arantv.az\/wp-content\/uploads\/2025\/01\/522db535c5d879ad4ff249567e62bbd1-840x483.jpg",640,368,true],"1536x1536":["https:\/\/arantv.az\/wp-content\/uploads\/2025\/01\/522db535c5d879ad4ff249567e62bbd1.jpg",870,500,false],"2048x2048":["https:\/\/arantv.az\/wp-content\/uploads\/2025\/01\/522db535c5d879ad4ff249567e62bbd1.jpg",870,500,false],"post-thumbnail":["https:\/\/arantv.az\/wp-content\/uploads\/2025\/01\/522db535c5d879ad4ff249567e62bbd1-240x172.jpg",240,172,true],"advps-thumb-one":["https:\/\/arantv.az\/wp-content\/uploads\/2025\/01\/522db535c5d879ad4ff249567e62bbd1.jpg",870,500,false]},"rttpg_author":{"display_name":"V\u00fcsal Rafiqo\u011flu","author_link":"https:\/\/arantv.az\/?author=2"},"rttpg_comment":0,"rttpg_category":"<a href=\"https:\/\/arantv.az\/?cat=4\" rel=\"category\">Siyas\u0259t<\/a>","rttpg_excerpt":"Amerikal\u0131 v\u0259 az\u0259rbaycanl\u0131 siyasi ekspertl\u0259rd\u0259n maraql\u0131 t\u0259hlil Prezident \u0130lham \u018fliyevin yanvar\u0131n 21-d\u0259 Davosda qar\u015f\u0131 t\u0259r\u0259fin m\u00fcraci\u0259ti \u0259sas\u0131nda \u0130srail D\u00f6vl\u0259tinin Prezidenti \u0130sxak Hersoqla g\u00f6r\u00fc\u015fd\u00fcy\u00fc bar\u0259d\u0259 x\u0259b\u0259r vermi\u015fdik. G\u00f6r\u00fc\u015fd\u0259 Az\u0259rbaycanla \u0130srail aras\u0131nda ikit\u0259r\u0259fli m\u00fcnasib\u0259tl\u0259rin u\u011furla inki\u015faf etdiyi qeyd olunub. S\u00f6hb\u0259t zaman\u0131 iqtisadi-ticari sah\u0259d\u0259 \u0259m\u0259kda\u015fl\u0131\u011f\u0131n yax\u015f\u0131 s\u0259viyy\u0259d\u0259 oldu\u011fu bildirilib, h\u00f6kum\u0259tl\u0259raras\u0131 birg\u0259 komissiyan\u0131n i\u015fi y\u00fcks\u0259k qiym\u0259tl\u0259ndirilib. \u0130srail m\u00fcst\u0259qilliyimizi tan\u0131d\u0131\u011f\u0131&hellip;","_links":{"self":[{"href":"https:\/\/arantv.az\/index.php?rest_route=\/wp\/v2\/posts\/783101"}],"collection":[{"href":"https:\/\/arantv.az\/index.php?rest_route=\/wp\/v2\/posts"}],"about":[{"href":"https:\/\/arantv.az\/index.php?rest_route=\/wp\/v2\/types\/post"}],"author":[{"embeddable":true,"href":"https:\/\/arantv.az\/index.php?rest_route=\/wp\/v2\/users\/2"}],"replies":[{"embeddable":true,"href":"https:\/\/arantv.az\/index.php?rest_route=%2Fwp%2Fv2%2Fcomments&post=783101"}],"version-history":[{"count":1,"href":"https:\/\/arantv.az\/index.php?rest_route=\/wp\/v2\/posts\/783101\/revisions"}],"predecessor-version":[{"id":783103,"href":"https:\/\/arantv.az\/index.php?rest_route=\/wp\/v2\/posts\/783101\/revisions\/783103"}],"wp:featuredmedia":[{"embeddable":true,"href":"https:\/\/arantv.az\/index.php?rest_route=\/wp\/v2\/media\/783102"}],"wp:attachment":[{"href":"https:\/\/arantv.az\/index.php?rest_route=%2Fwp%2Fv2%2Fmedia&parent=783101"}],"wp:term":[{"taxonomy":"category","embeddable":true,"href":"https:\/\/arantv.az\/index.php?rest_route=%2Fwp%2Fv2%2Fcategories&post=783101"},{"taxonomy":"post_tag","embeddable":true,"href":"https:\/\/arantv.az\/index.php?rest_route=%2Fwp%2Fv2%2Ftags&post=783101"}],"curies":[{"name":"wp","href":"https:\/\/api.w.org\/{rel}","templated":true}]}}