{"id":783270,"date":"2025-01-24T19:19:44","date_gmt":"2025-01-24T15:19:44","guid":{"rendered":"https:\/\/arantv.az\/?p=783270"},"modified":"2025-01-24T19:19:44","modified_gmt":"2025-01-24T15:19:44","slug":"az%c9%99rbaycanla-s%c9%99udiyy%c9%99-%c9%99r%c9%99bistani-arasinda-h%c9%99rbi-t%c9%99hsil-sah%c9%99sind%c9%99-%c9%99m%c9%99kdasliq-muzakir%c9%99-olunub","status":"publish","type":"post","link":"https:\/\/arantv.az\/?p=783270","title":{"rendered":"Az\u0259rbaycanla S\u0259udiyy\u0259 \u018fr\u0259bistan\u0131 aras\u0131nda h\u0259rbi t\u0259hsil sah\u0259sind\u0259 \u0259m\u0259kda\u015fl\u0131q m\u00fczakir\u0259 olunub"},"content":{"rendered":"<p>S\u0259udiyy\u0259 \u018fr\u0259bistan\u0131 Krall\u0131\u011f\u0131n\u0131n Naif \u018fr\u0259b T\u0259hl\u00fck\u0259sizlik Elml\u0259ri Universitetinin prorektoru Abdulrazaq Al-Morjan\u0131n r\u0259hb\u0259rlik etdiyi n\u00fcmay\u0259nd\u0259 hey\u0259ti Az\u0259rbaycana s\u0259f\u0259r edib.<\/p>\n<p>M\u00fcdafi\u0259 Nazirliyind\u0259n &#8220;\u0130ki sahil&#8221;\u0259\u00a0veril\u0259n m\u0259lumata g\u00f6r\u0259, s\u0259f\u0259r \u00e7\u0259r\u00e7iv\u0259sind\u0259 Milli M\u00fcdafi\u0259 Universitetinin rektorunun elm \u00fczr\u0259 m\u00fcavini &#8211; H\u0259rbi Elmi T\u0259dqiqat \u0130nstitutunun rektoru general-mayor Arif H\u0259s\u0259nov v\u0259 Az\u0259rbaycan Ordusunun T\u0259lim v\u0259 T\u0259dris M\u0259rk\u0259zinin r\u0259isi polkovnik Nizami M\u00f6vlanov qonaqlarla g\u00f6r\u00fc\u015f\u00fcb.<\/p>\n<p>N\u00fcmay\u0259nd\u0259 hey\u0259tin\u0259 Az\u0259rbaycan Ordusunda h\u0259rbi t\u0259hsil sistemi v\u0259 bu sah\u0259d\u0259 apar\u0131lan islahatlar bar\u0259d\u0259 \u0259trafl\u0131 m\u0259lumat verilib. Qonaqlara V\u0259t\u0259n m\u00fcharib\u0259sind\u0259n b\u0259hs ed\u0259n video\u00e7arx t\u0259qdim olunub.<\/p>\n<p>G\u00f6r\u00fc\u015fd\u0259, h\u0259m\u00e7inin \u00f6lk\u0259l\u0259rimiz aras\u0131nda h\u0259rbi t\u0259hsil sah\u0259sind\u0259 \u0259m\u0259kda\u015fl\u0131\u011f\u0131n geni\u015fl\u0259ndirilm\u0259si, el\u0259c\u0259 d\u0259 qar\u015f\u0131l\u0131ql\u0131 maraq do\u011furan bir s\u0131ra m\u0259s\u0259l\u0259l\u0259r m\u00fczakir\u0259 olunub.<\/p>\n<p>S\u0259f\u0259r \u00e7\u0259r\u00e7iv\u0259sind\u0259 qonaqlar Az\u0259rbaycan Ordusunun T\u0259lim v\u0259 T\u0259dris M\u0259rk\u0259zinin t\u0259lim \u015f\u0259h\u0259rcikl\u0259ri, at\u0131\u015f meydanlar\u0131, trenajor b\u00f6lm\u0259si il\u0259 tan\u0131\u015f olublar.<\/p>\n","protected":false},"excerpt":{"rendered":"<p>S\u0259udiyy\u0259 \u018fr\u0259bistan\u0131 Krall\u0131\u011f\u0131n\u0131n Naif \u018fr\u0259b T\u0259hl\u00fck\u0259sizlik Elml\u0259ri Universitetinin prorektoru Abdulrazaq Al-Morjan\u0131n r\u0259hb\u0259rlik etdiyi n\u00fcmay\u0259nd\u0259 hey\u0259ti Az\u0259rbaycana s\u0259f\u0259r edib. M\u00fcdafi\u0259 Nazirliyind\u0259n &#8220;\u0130ki sahil&#8221;\u0259\u00a0veril\u0259n m\u0259lumata g\u00f6r\u0259, s\u0259f\u0259r \u00e7\u0259r\u00e7iv\u0259sind\u0259 Milli M\u00fcdafi\u0259 Universitetinin rektorunun elm \u00fczr\u0259 m\u00fcavini &#8211; H\u0259rbi Elmi T\u0259dqiqat \u0130nstitutunun rektoru general-mayor Arif H\u0259s\u0259nov v\u0259 Az\u0259rbaycan Ordusunun T\u0259lim v\u0259 T\u0259dris M\u0259rk\u0259zinin r\u0259isi polkovnik Nizami M\u00f6vlanov qonaqlarla g\u00f6r\u00fc\u015f\u00fcb. N\u00fcmay\u0259nd\u0259 hey\u0259tin\u0259 Az\u0259rbaycan Ordusunda h\u0259rbi t\u0259hsil sistemi v\u0259 bu sah\u0259d\u0259 apar\u0131lan islahatlar bar\u0259d\u0259 \u0259trafl\u0131 m\u0259lumat verilib. Qonaqlara V\u0259t\u0259n m\u00fcharib\u0259sind\u0259n b\u0259hs ed\u0259n video\u00e7arx t\u0259qdim olunub. G\u00f6r\u00fc\u015fd\u0259, h\u0259m\u00e7inin \u00f6lk\u0259l\u0259rimiz aras\u0131nda h\u0259rbi t\u0259hsil sah\u0259sind\u0259 \u0259m\u0259kda\u015fl\u0131\u011f\u0131n geni\u015fl\u0259ndirilm\u0259si, el\u0259c\u0259 d\u0259&hellip;<\/p>\n","protected":false},"author":2,"featured_media":783271,"comment_status":"closed","ping_status":"closed","sticky":false,"template":"","format":"standard","meta":{"om_disable_all_campaigns":false,"_monsterinsights_skip_tracking":false,"_monsterinsights_sitenote_active":false,"_monsterinsights_sitenote_note":"","_monsterinsights_sitenote_category":0},"categories":[10],"tags":[],"aioseo_notices":[],"gutentor_comment":0,"rttpg_featured_image_url":{"full":["https:\/\/arantv.az\/wp-content\/uploads\/2025\/01\/845f3cb4173772244749102318110432659.jpg",975,540,false],"landscape":["https:\/\/arantv.az\/wp-content\/uploads\/2025\/01\/845f3cb4173772244749102318110432659.jpg",975,540,false],"portraits":["https:\/\/arantv.az\/wp-content\/uploads\/2025\/01\/845f3cb4173772244749102318110432659.jpg",975,540,false],"thumbnail":["https:\/\/arantv.az\/wp-content\/uploads\/2025\/01\/845f3cb4173772244749102318110432659-500x280.jpg",500,280,true],"medium":["https:\/\/arantv.az\/wp-content\/uploads\/2025\/01\/845f3cb4173772244749102318110432659-660x365.jpg",660,365,true],"large":["https:\/\/arantv.az\/wp-content\/uploads\/2025\/01\/845f3cb4173772244749102318110432659-840x465.jpg",640,354,true],"1536x1536":["https:\/\/arantv.az\/wp-content\/uploads\/2025\/01\/845f3cb4173772244749102318110432659.jpg",975,540,false],"2048x2048":["https:\/\/arantv.az\/wp-content\/uploads\/2025\/01\/845f3cb4173772244749102318110432659.jpg",975,540,false],"post-thumbnail":["https:\/\/arantv.az\/wp-content\/uploads\/2025\/01\/845f3cb4173772244749102318110432659-240x172.jpg",240,172,true],"advps-thumb-one":["https:\/\/arantv.az\/wp-content\/uploads\/2025\/01\/845f3cb4173772244749102318110432659.jpg",975,540,false]},"rttpg_author":{"display_name":"V\u00fcsal Rafiqo\u011flu","author_link":"https:\/\/arantv.az\/?author=2"},"rttpg_comment":0,"rttpg_category":"<a href=\"https:\/\/arantv.az\/?cat=10\" rel=\"category\">C\u0259bh\u0259d\u0259n X\u0259b\u0259r<\/a>","rttpg_excerpt":"S\u0259udiyy\u0259 \u018fr\u0259bistan\u0131 Krall\u0131\u011f\u0131n\u0131n Naif \u018fr\u0259b T\u0259hl\u00fck\u0259sizlik Elml\u0259ri Universitetinin prorektoru Abdulrazaq Al-Morjan\u0131n r\u0259hb\u0259rlik etdiyi n\u00fcmay\u0259nd\u0259 hey\u0259ti Az\u0259rbaycana s\u0259f\u0259r edib. M\u00fcdafi\u0259 Nazirliyind\u0259n &#8220;\u0130ki sahil&#8221;\u0259\u00a0veril\u0259n m\u0259lumata g\u00f6r\u0259, s\u0259f\u0259r \u00e7\u0259r\u00e7iv\u0259sind\u0259 Milli M\u00fcdafi\u0259 Universitetinin rektorunun elm \u00fczr\u0259 m\u00fcavini &#8211; H\u0259rbi Elmi T\u0259dqiqat \u0130nstitutunun rektoru general-mayor Arif H\u0259s\u0259nov v\u0259 Az\u0259rbaycan Ordusunun T\u0259lim v\u0259 T\u0259dris M\u0259rk\u0259zinin r\u0259isi polkovnik Nizami M\u00f6vlanov qonaqlarla g\u00f6r\u00fc\u015f\u00fcb.&hellip;","_links":{"self":[{"href":"https:\/\/arantv.az\/index.php?rest_route=\/wp\/v2\/posts\/783270"}],"collection":[{"href":"https:\/\/arantv.az\/index.php?rest_route=\/wp\/v2\/posts"}],"about":[{"href":"https:\/\/arantv.az\/index.php?rest_route=\/wp\/v2\/types\/post"}],"author":[{"embeddable":true,"href":"https:\/\/arantv.az\/index.php?rest_route=\/wp\/v2\/users\/2"}],"replies":[{"embeddable":true,"href":"https:\/\/arantv.az\/index.php?rest_route=%2Fwp%2Fv2%2Fcomments&post=783270"}],"version-history":[{"count":1,"href":"https:\/\/arantv.az\/index.php?rest_route=\/wp\/v2\/posts\/783270\/revisions"}],"predecessor-version":[{"id":783272,"href":"https:\/\/arantv.az\/index.php?rest_route=\/wp\/v2\/posts\/783270\/revisions\/783272"}],"wp:featuredmedia":[{"embeddable":true,"href":"https:\/\/arantv.az\/index.php?rest_route=\/wp\/v2\/media\/783271"}],"wp:attachment":[{"href":"https:\/\/arantv.az\/index.php?rest_route=%2Fwp%2Fv2%2Fmedia&parent=783270"}],"wp:term":[{"taxonomy":"category","embeddable":true,"href":"https:\/\/arantv.az\/index.php?rest_route=%2Fwp%2Fv2%2Fcategories&post=783270"},{"taxonomy":"post_tag","embeddable":true,"href":"https:\/\/arantv.az\/index.php?rest_route=%2Fwp%2Fv2%2Ftags&post=783270"}],"curies":[{"name":"wp","href":"https:\/\/api.w.org\/{rel}","templated":true}]}}