{"id":784226,"date":"2025-01-29T09:53:13","date_gmt":"2025-01-29T05:53:13","guid":{"rendered":"https:\/\/arantv.az\/?p=784226"},"modified":"2025-01-29T09:53:13","modified_gmt":"2025-01-29T05:53:13","slug":"az%c9%99rbaycanda-bu-qurumda-nahar-fasil%c9%99si-48-d%c9%99qiq%c9%99y%c9%99-endirildi","status":"publish","type":"post","link":"https:\/\/arantv.az\/?p=784226","title":{"rendered":"Az\u0259rbaycanda bu qurumda nahar fasil\u0259si 48 d\u0259qiq\u0259y\u0259 END\u0130R\u0130LD\u0130"},"content":{"rendered":"<p><strong>Elm v\u0259 T\u0259hsil Nazirliyinin \u0130qtisadiyyat \u0130nstitutunda nahar fasil\u0259sinin m\u00fcdd\u0259ti m\u00fc\u0259yy\u0259nl\u0259\u015fib.<\/strong><\/p>\n<p><strong>ARANTV.AZ <\/strong>\u00a0&#8220;iqtisadiyyat.az&#8221;a istinad\u0259n x\u0259b\u0259r verir ki, institutda i\u015f g\u00fcn\u00fc 48 d\u0259qiq\u0259lik nahar fasil\u0259si m\u00fc\u0259yy\u0259n edilm\u0259si \u015f\u0259rti il\u0259 h\u0259r g\u00fcn 8 saatdan ibar\u0259tdir (09:00- 18:00).<\/p>\n<p>\u0130qtisadiyyat \u0130nstitutu il\u0259 H\u0259mkarlar \u0130ttifaq\u0131 Komit\u0259si aras\u0131nda ba\u011flan\u0131lm\u0131\u015f Kollektiv M\u00fcqavil\u0259y\u0259 \u0259sas\u0259n, i\u015f h\u0259ft\u0259si c\u0259mi 40 saatl\u0131q olmaqla 5 g\u00fcnl\u00fck i\u015f h\u0259ft\u0259sind\u0259n ibar\u0259tdir. H\u0259mkarlar\u0131n raz\u0131l\u0131\u011f\u0131 il\u0259 i\u015f\u00e7il\u0259r \u0259lav\u0259 vaxtda v\u0259 ya i\u015f g\u00fcn\u00fcnd\u0259 i\u015f\u0259 c\u0259lb edil\u0259 bil\u0259r, bu zaman onlar\u0131n \u0259m\u0259k haqlar\u0131 qanunvericilikd\u0259 n\u0259z\u0259rd\u0259 tutulmu\u015f \u015f\u0259rtl\u0259rl\u0259 t\u0259nzim olunur.<\/p>\n<p>\u0130\u015f\u00e7inin yax\u0131n qohumu v\u0259fat etdikd\u0259 onun \u0259m\u0259k haqq\u0131 \u00f6d\u0259nilm\u0259kl\u0259 3 g\u00fcn\u0259 q\u0259d\u0259r i\u015f\u0259 \u00e7\u0131xmamas\u0131na icaz\u0259 verilir.<\/p>\n<p>Do\u011fu\u015fa v\u0259 u\u015fa\u011fa qulluq etm\u0259y\u0259 g\u00f6r\u0259 qad\u0131nlara qanunvericilikl\u0259 n\u0259z\u0259rd\u0259 tutulan m\u0259zuniyy\u0259td\u0259n \u0259lav\u0259, ehtiyac olduqda \u00f6z hesab\u0131na \u0259lav\u0259 m\u0259zuniyy\u0259t verilir, hamil\u0259 qad\u0131nlar\u0131n sa\u011flaml\u0131\u011f\u0131n\u0131 t\u0259min etm\u0259k m\u0259qs\u0259dil\u0259 i\u015f\u0259 g\u0259lib-getm\u0259 m\u00fcdd\u0259tinin n\u0259qliyyatda s\u0131x\u0131nt\u0131 olmayan vaxta d\u00fc\u015fm\u0259m\u0259si \u00fc\u00e7\u00fcn onlar\u0131n i\u015f\u0259 g\u0259lib-getm\u0259si m\u00fcnasib vaxt rejimi il\u0259 t\u0259nziml\u0259nir.<\/p>\n<p>\u0130nstitutda g\u00fcnl\u00fck i\u015f m\u00fcdd\u0259tinin 8 saat, nahar fasil\u0259sinin is\u0259 48 d\u0259qiq\u0259 m\u00fc\u0259yy\u0259n edildiyini n\u0259z\u0259r\u0259 alsaq, g\u00fcnd\u0259lik yerd\u0259 qalan 12 d\u0259qiq\u0259 (\u00fcmumilikd\u0259 h\u0259ft\u0259d\u0259 1 saat) il\u0259 ba\u011fl\u0131 he\u00e7 bir m\u0259lumat a\u00e7\u0131qlanmay\u0131b.<\/p>\n","protected":false},"excerpt":{"rendered":"<p>Elm v\u0259 T\u0259hsil Nazirliyinin \u0130qtisadiyyat \u0130nstitutunda nahar fasil\u0259sinin m\u00fcdd\u0259ti m\u00fc\u0259yy\u0259nl\u0259\u015fib. ARANTV.AZ \u00a0&#8220;iqtisadiyyat.az&#8221;a istinad\u0259n x\u0259b\u0259r verir ki, institutda i\u015f g\u00fcn\u00fc 48 d\u0259qiq\u0259lik nahar fasil\u0259si m\u00fc\u0259yy\u0259n edilm\u0259si \u015f\u0259rti il\u0259 h\u0259r g\u00fcn 8 saatdan ibar\u0259tdir (09:00- 18:00). \u0130qtisadiyyat \u0130nstitutu il\u0259 H\u0259mkarlar \u0130ttifaq\u0131 Komit\u0259si aras\u0131nda ba\u011flan\u0131lm\u0131\u015f Kollektiv M\u00fcqavil\u0259y\u0259 \u0259sas\u0259n, i\u015f h\u0259ft\u0259si c\u0259mi 40 saatl\u0131q olmaqla 5 g\u00fcnl\u00fck i\u015f h\u0259ft\u0259sind\u0259n ibar\u0259tdir. H\u0259mkarlar\u0131n raz\u0131l\u0131\u011f\u0131 il\u0259 i\u015f\u00e7il\u0259r \u0259lav\u0259 vaxtda v\u0259 ya i\u015f g\u00fcn\u00fcnd\u0259 i\u015f\u0259 c\u0259lb edil\u0259 bil\u0259r, bu zaman onlar\u0131n \u0259m\u0259k haqlar\u0131 qanunvericilikd\u0259 n\u0259z\u0259rd\u0259 tutulmu\u015f \u015f\u0259rtl\u0259rl\u0259 t\u0259nzim olunur. \u0130\u015f\u00e7inin yax\u0131n qohumu v\u0259fat etdikd\u0259 onun \u0259m\u0259k haqq\u0131 \u00f6d\u0259nilm\u0259kl\u0259&hellip;<\/p>\n","protected":false},"author":2,"featured_media":784227,"comment_status":"closed","ping_status":"closed","sticky":false,"template":"","format":"standard","meta":{"om_disable_all_campaigns":false,"_monsterinsights_skip_tracking":false,"_monsterinsights_sitenote_active":false,"_monsterinsights_sitenote_note":"","_monsterinsights_sitenote_category":0},"categories":[1],"tags":[],"aioseo_notices":[],"gutentor_comment":0,"rttpg_featured_image_url":{"full":["https:\/\/arantv.az\/wp-content\/uploads\/2025\/01\/e3ef8b519ba4e8aecb88626ceb32e9da.png",870,500,false],"landscape":["https:\/\/arantv.az\/wp-content\/uploads\/2025\/01\/e3ef8b519ba4e8aecb88626ceb32e9da.png",870,500,false],"portraits":["https:\/\/arantv.az\/wp-content\/uploads\/2025\/01\/e3ef8b519ba4e8aecb88626ceb32e9da.png",870,500,false],"thumbnail":["https:\/\/arantv.az\/wp-content\/uploads\/2025\/01\/e3ef8b519ba4e8aecb88626ceb32e9da-500x280.png",500,280,true],"medium":["https:\/\/arantv.az\/wp-content\/uploads\/2025\/01\/e3ef8b519ba4e8aecb88626ceb32e9da-635x365.png",635,365,true],"large":["https:\/\/arantv.az\/wp-content\/uploads\/2025\/01\/e3ef8b519ba4e8aecb88626ceb32e9da-840x483.png",640,368,true],"1536x1536":["https:\/\/arantv.az\/wp-content\/uploads\/2025\/01\/e3ef8b519ba4e8aecb88626ceb32e9da.png",870,500,false],"2048x2048":["https:\/\/arantv.az\/wp-content\/uploads\/2025\/01\/e3ef8b519ba4e8aecb88626ceb32e9da.png",870,500,false],"post-thumbnail":["https:\/\/arantv.az\/wp-content\/uploads\/2025\/01\/e3ef8b519ba4e8aecb88626ceb32e9da-240x172.png",240,172,true],"advps-thumb-one":["https:\/\/arantv.az\/wp-content\/uploads\/2025\/01\/e3ef8b519ba4e8aecb88626ceb32e9da.png",870,500,false]},"rttpg_author":{"display_name":"V\u00fcsal Rafiqo\u011flu","author_link":"https:\/\/arantv.az\/?author=2"},"rttpg_comment":0,"rttpg_category":"<a href=\"https:\/\/arantv.az\/?cat=1\" rel=\"category\">C\u0259miyy\u0259t<\/a>","rttpg_excerpt":"Elm v\u0259 T\u0259hsil Nazirliyinin \u0130qtisadiyyat \u0130nstitutunda nahar fasil\u0259sinin m\u00fcdd\u0259ti m\u00fc\u0259yy\u0259nl\u0259\u015fib. ARANTV.AZ \u00a0&#8220;iqtisadiyyat.az&#8221;a istinad\u0259n x\u0259b\u0259r verir ki, institutda i\u015f g\u00fcn\u00fc 48 d\u0259qiq\u0259lik nahar fasil\u0259si m\u00fc\u0259yy\u0259n edilm\u0259si \u015f\u0259rti il\u0259 h\u0259r g\u00fcn 8 saatdan ibar\u0259tdir (09:00- 18:00). \u0130qtisadiyyat \u0130nstitutu il\u0259 H\u0259mkarlar \u0130ttifaq\u0131 Komit\u0259si aras\u0131nda ba\u011flan\u0131lm\u0131\u015f Kollektiv M\u00fcqavil\u0259y\u0259 \u0259sas\u0259n, i\u015f h\u0259ft\u0259si c\u0259mi 40 saatl\u0131q olmaqla 5 g\u00fcnl\u00fck i\u015f h\u0259ft\u0259sind\u0259n&hellip;","_links":{"self":[{"href":"https:\/\/arantv.az\/index.php?rest_route=\/wp\/v2\/posts\/784226"}],"collection":[{"href":"https:\/\/arantv.az\/index.php?rest_route=\/wp\/v2\/posts"}],"about":[{"href":"https:\/\/arantv.az\/index.php?rest_route=\/wp\/v2\/types\/post"}],"author":[{"embeddable":true,"href":"https:\/\/arantv.az\/index.php?rest_route=\/wp\/v2\/users\/2"}],"replies":[{"embeddable":true,"href":"https:\/\/arantv.az\/index.php?rest_route=%2Fwp%2Fv2%2Fcomments&post=784226"}],"version-history":[{"count":1,"href":"https:\/\/arantv.az\/index.php?rest_route=\/wp\/v2\/posts\/784226\/revisions"}],"predecessor-version":[{"id":784228,"href":"https:\/\/arantv.az\/index.php?rest_route=\/wp\/v2\/posts\/784226\/revisions\/784228"}],"wp:featuredmedia":[{"embeddable":true,"href":"https:\/\/arantv.az\/index.php?rest_route=\/wp\/v2\/media\/784227"}],"wp:attachment":[{"href":"https:\/\/arantv.az\/index.php?rest_route=%2Fwp%2Fv2%2Fmedia&parent=784226"}],"wp:term":[{"taxonomy":"category","embeddable":true,"href":"https:\/\/arantv.az\/index.php?rest_route=%2Fwp%2Fv2%2Fcategories&post=784226"},{"taxonomy":"post_tag","embeddable":true,"href":"https:\/\/arantv.az\/index.php?rest_route=%2Fwp%2Fv2%2Ftags&post=784226"}],"curies":[{"name":"wp","href":"https:\/\/api.w.org\/{rel}","templated":true}]}}