{"id":784232,"date":"2025-01-29T09:54:44","date_gmt":"2025-01-29T05:54:44","guid":{"rendered":"https:\/\/arantv.az\/?p=784232"},"modified":"2025-01-29T09:54:44","modified_gmt":"2025-01-29T05:54:44","slug":"partlayan-mina-yen%c9%99-musib%c9%99t-g%c9%99tirdi","status":"publish","type":"post","link":"https:\/\/arantv.az\/?p=784232","title":{"rendered":"Partlayan mina yen\u0259 m\u00fcsib\u0259t g\u0259tirdi"},"content":{"rendered":"<p><em><strong>Beyn\u0259lxaq t\u0259\u015fkilatlar\u0131n Erm\u0259nistan\u0131 bu q\u0259d\u0259r \u0259zizl\u0259m\u0259sinin \u0259sl s\u0259b\u0259bi n\u0259dir?<\/strong><\/em><\/p>\n<p>H\u0259r add\u0131m\u0131m\u0131z\u0131 mikroskopik d\u0259qiqlik\u0259 izl\u0259y\u0259n, pozuntu axtaran \u00a0v\u0259 biz\u0259 qar\u015f\u0131 b\u00f6htan kampaniyas\u0131 aparan beyn\u0259lxalq t\u0259\u015fkilatlar n\u0259 vaxtad\u0259k erm\u0259nil\u0259rin ba\u015f\u0131n\u0131 tumarlayacaqlar? 1987-ci ild\u0259 Fransan\u0131n paytaxt\u0131 Paris \u015f\u0259h\u0259rind\u0259 akademik Abel Aqanbekyan Qaraba\u011f\u0131 Az\u0259rbaycandan qopar\u0131b Erm\u0259nistana birl\u0259\u015fdir\u0259c\u0259kl\u0259rini elan ed\u0259nd\u0259 n\u0259 SSR\u0130 h\u00f6kum\u0259ti, n\u0259 d\u0259 v\u0259zif\u0259l\u0259ri insan h\u00fcquqlar\u0131n\u0131 qorumaq olan beyn\u0259lxalq t\u0259\u015fkilatlar etiraz s\u0259sl\u0259rini \u00e7\u0131xard\u0131lar. Bu, azm\u0131\u015f kimi Birinci Qaraba\u011f m\u00fcharib\u0259si ba\u015flayanda AT\u018fT-in Minsk qrupu v\u0259 dig\u0259rl\u0259ri silahlan\u0131b az\u0259rbaycanl\u0131lar\u0131n qan\u0131n\u0131 ax\u0131dan Erm\u0259nistana a\u00e7\u0131q v\u0259 ya gizli \u015f\u0259kild\u0259 k\u00f6m\u0259k g\u00f6st\u0259rdil\u0259r. AB\u015e Konqresi is\u0259 daha \u00e7ox canf\u0259\u015fanl\u0131q ed\u0259r\u0259k i\u015f\u011fal\u00e7\u0131ya iri m\u0259bl\u0259\u011fd\u0259 pul yard\u0131mlar\u0131 etdi. H\u0259r c\u00fcr k\u00f6m\u0259k alan Erm\u0259nistan Az\u0259rbaycan \u0259razil\u0259rini silah g\u00fcc\u00fcn\u0259 i\u015f\u011fal ed\u0259r\u0259k Xocal\u0131, C\u0259milli, Qarada\u011fl\u0131, A\u011fdaban, Ba\u015fl\u0131bel v\u0259 daha bir ne\u00e7\u0259 k\u0259ndd\u0259 soyq\u0131r\u0131m aktlar\u0131 t\u00f6r\u0259tdi. Erm\u0259nistan\u0131n i\u015f\u011fal\u00e7\u0131l\u0131q h\u0259r\u0259k\u0259tl\u0259rini y\u00fcng\u00fcl formada pisl\u0259y\u0259n v\u0259 Qaraba\u011f\u0131n Az\u0259rbaycan \u0259razisi oldu\u011funu b\u0259yan ed\u0259n Birl\u0259\u015fmi\u015f Mill\u0259tl\u0259r T\u0259\u015fkilat\u0131ndan ba\u015fqa qalan b\u00f6y\u00fck t\u0259\u015fkilatlar \u00f6zl\u0259rini el\u0259 susqun apard\u0131lar ki, sanki bel\u0259 d\u0259 olmal\u0131 imi\u015f. Az\u0259rbaycan r\u0259hb\u0259rliyi o vaxtdan indiy\u0259d\u0259k n\u0259 q\u0259d\u0259r izahat i\u015fi aparsa da, haqq i\u015fini d\u00fcnyaya yaysa da bu, kar v\u0259 korlar\u0131 qane etmir, \u0259sl h\u0259qiq\u0259tl\u0259ri bils\u0259l\u0259r d\u0259 ham\u0131s\u0131n\u0131 boyunlar\u0131n\u0131n ard\u0131na vururlar.<\/p>\n<p>Art\u0131q be\u015finci ildir ki, \u0130kinci Qaraba\u011f m\u00fcharib\u0259si Az\u0259rbaycan\u0131n q\u0259l\u0259b\u0259si il\u0259 bits\u0259 d\u0259 Erm\u0259nistan\u0131n cinay\u0259tkar quldur d\u0259st\u0259l\u0259rinin \u0259razimizd\u0259 basd\u0131rd\u0131qlar\u0131 bir milyon mina partlayaraq soyda\u015flar\u0131m\u0131z\u0131 \u00f6ld\u00fcr\u00fcr v\u0259 ya \u015fik\u0259st edir. Erm\u0259nistan is\u0259 Az\u0259rbaycan\u0131n t\u0259l\u0259bl\u0259rin\u0259 \u0259m\u0259l etmir, mina x\u0259rit\u0259l\u0259rini bug\u00fcn\u0259d\u0259k d\u0259 verm\u0259k ist\u0259mir.<\/p>\n<p>\u201cBeyn\u0259lxalq ictimaiyy\u0259t Erm\u0259nistan\u0131n Az\u0259rbaycana qar\u015f\u0131 mina terroruna g\u00f6z yummamal\u0131d\u0131r.\u201d<\/p>\n<p>Bu bar\u0259d\u0259 Az\u0259rbaycan Xarici \u0130\u015fl\u0259r Nazirliyinin &#8220;X&#8221; sosial \u015f\u0259b\u0259k\u0259sind\u0259ki s\u0259hif\u0259sind\u0259 edil\u0259n payla\u015f\u0131mda deyilir:\u00a0&#8220;Erm\u0259nistan\u0131n minalardan istifad\u0259 etm\u0259kl\u0259 davam ed\u0259n terroru n\u0259tic\u0259sind\u0259 yen\u0259 Qazaxda minan\u0131n partlamas\u0131ndan sonra daha bir Az\u0259rbaycan v\u0259t\u0259nda\u015f\u0131 yaralan\u0131b&#8221;.<\/p>\n<p>Qeyd edilir ki, 2020-ci ild\u0259n indiy\u0259d\u0259k 381 n\u0259f\u0259rin mina qurban\u0131 olmas\u0131na, ke\u00e7mi\u015f m\u00fcnaqi\u015f\u0259nin sona \u00e7atmas\u0131na baxmayaraq, Erm\u0259nistan m\u00fcvafiq mina x\u0259rit\u0259l\u0259rini t\u0259qdim etm\u0259kd\u0259n imtina etm\u0259kd\u0259 davam edir ki, bu da \u00f6lk\u0259nin s\u00fclh v\u0259 m\u00fcnasib\u0259tl\u0259rin normalla\u015fmas\u0131 prosesind\u0259 i\u015ftirak\u0131 m\u0259s\u0259l\u0259si il\u0259 ziddiyy\u0259t t\u0259\u015fkil edir.<\/p>\n<p>&#8220;Beyn\u0259lxalq ictimaiyy\u0259t Erm\u0259nistan\u0131n Az\u0259rbaycana qar\u015f\u0131 mina terroruna g\u00f6z yummamal\u0131d\u0131r&#8221;, &#8211; dey\u0259 payla\u015f\u0131mda qeyd edilib.<\/p>\n<p>Az\u0259rbaycan mina terroru il\u0259 b\u00fct\u00fcn d\u00f6vl\u0259tl\u0259ri, el\u0259c\u0259 d\u0259 s\u0259lahiyy\u0259tli beyn\u0259lxalq t\u0259\u015fkilatlar\u0131 kifay\u0259t q\u0259d\u0259r m\u0259lumatland\u0131r\u0131b. Az\u0259rbaycan n\u0259tic\u0259nin nec\u0259 olaca\u011f\u0131ndan as\u0131l\u0131 olmayaraq h\u0259r zaman \u00f6z m\u00fcbariz\u0259sini ard\u0131c\u0131l davam etdirir. Ancaq \u00e7ifayda. H\u0259l\u0259 d\u0259 laz\u0131mi reaksiyalar verilmir. Bel\u0259 g\u00f6r\u00fcn\u00fcr ki, he\u00e7 verilm\u0259y\u0259c\u0259k d\u0259. Az\u0259rbaycanl\u0131lar\u0131n h\u00fcquqlar\u0131n\u0131 v\u0259h\u015fic\u0259sin\u0259 pozan, lakin beyn\u0259lxalq ictimaiyy\u0259tin t\u0259pkisini g\u00f6rm\u0259y\u0259n terror\u00e7u d\u00f6vl\u0259t is\u0259 \u00f6z\u00fcn\u00fc \u0259rk\u00f6y\u00fcn apar\u0131r. N\u0259 \u00fc\u00e7\u00fcn says\u0131z-hesabs\u0131z m\u00fcharib\u0259 cinay\u0259tl\u0259ri t\u00f6r\u0259d\u0259n barbar erm\u0259nil\u0259r bu q\u0259d\u0259r \u0259zizl\u0259nirl\u0259r? Bunun s\u0259b\u0259bi n\u0259dir? Avropa \u015euras\u0131ndak\u0131 \u00e7\u0131x\u0131\u015f\u0131nda Erm\u0259nistan\u0131n o vaxtk\u0131 prezidenti Serjik Sarkisyan az\u0259rbaycanl\u0131lara nec\u0259 divan tutduqlar\u0131ndan lov\u011fal\u0131qla dan\u0131\u015fanda bir n\u0259f\u0259r avrodeputat v\u0259 ya \u201chaqq-\u0259dal\u0259t m\u00fcdafi\u0259\u00e7isi\u201d ona z\u0259if formada olsa da irad tutub \u201cdur\u201d dem\u0259di.<\/p>\n<p>H\u0259qiq\u0259tdir ki, qondarma v\u0259 kas\u0131b Erm\u0259nistan d\u00fcnyada he\u00e7 kim\u0259 laz\u0131m olmayan bir terror\u00e7u qurumdur. He\u00e7 bir beyn\u0259lxalq iqtisadi layih\u0259ni h\u0259yata ke\u00e7irm\u0259k iqtidar\u0131nda deyil. S\u0259rb\u0259st xarici siyas\u0259t yeritm\u0259k potensial\u0131 yox d\u0259r\u0259c\u0259sind\u0259dir. Ba\u015f nazir Nikol Pa\u015finyan v\u0259 komandas\u0131n\u0131n y\u00fcy\u0259nini Fransa Prezidenti Emmanuel Makron hara ist\u0259s\u0259 ora \u00e7\u0259kir. Q\u0131saca des\u0259k, bu saxta d\u00f6vl\u0259tin ixtiyar\u0131 erm\u0259nil\u0259rin deyil, onu idar\u0259 ed\u0259n xarici a\u011falar\u0131n\u0131n \u0259lind\u0259dir. Ortada yegan\u0259 bir s\u0259b\u0259b qal\u0131r ki, o da xristian t\u0259\u0259ss\u00fcbke\u015fliyidir. Ax\u0131, bunlar\u0131n ham\u0131s\u0131 s\u0259lib\u00e7i babalar\u0131n\u0131n t\u00f6r-t\u00f6k\u00fcnt\u00fcs\u00fcd\u00fcr. \u018fg\u0259r bel\u0259 deyils\u0259, qoy onda izahat versinl\u0259r. Onsuz da onlara b\u0259sl\u0259n\u0259n \u00fcmidl\u0259r \u00e7oxdan \u201c\u00f6l\u00fcb. \u00dczl\u0259rini gizl\u0259tdikl\u0259ri maskalar art\u0131q c\u0131r\u0131l\u0131b, \u015feytani sif\u0259tl\u0259ri a\u015fkara \u00e7\u0131x\u0131b. He\u00e7 olmasa, b\u00fct\u00fcn b\u0259\u015f\u0259riyy\u0259t bil\u0259r ki, Yer \u00fcz\u00fcnd\u0259 \u0259dal\u0259t \u0259v\u0259zin\u0259 kiml\u0259rins\u0259 uydurduqlar\u0131 islamofobiya v\u0259 t\u00fcrkofobiya var. Onda h\u0259r k\u0259s \u00f6z i\u015fini bil\u0259r. Lakin etiraf etmirl\u0259r, si\u00e7ovul kimi ayaq alt\u0131 e\u015firl\u0259r. \u015e\u00fcbh\u0259siz ki, bunun da bir sonu olacaq.<\/p>\n<p><strong>V\u0259li \u0130lyasov, \u201c\u0130ki sahil\u201d<\/strong><\/p>\n","protected":false},"excerpt":{"rendered":"<p>Beyn\u0259lxaq t\u0259\u015fkilatlar\u0131n Erm\u0259nistan\u0131 bu q\u0259d\u0259r \u0259zizl\u0259m\u0259sinin \u0259sl s\u0259b\u0259bi n\u0259dir? H\u0259r add\u0131m\u0131m\u0131z\u0131 mikroskopik d\u0259qiqlik\u0259 izl\u0259y\u0259n, pozuntu axtaran \u00a0v\u0259 biz\u0259 qar\u015f\u0131 b\u00f6htan kampaniyas\u0131 aparan beyn\u0259lxalq t\u0259\u015fkilatlar n\u0259 vaxtad\u0259k erm\u0259nil\u0259rin ba\u015f\u0131n\u0131 tumarlayacaqlar? 1987-ci ild\u0259 Fransan\u0131n paytaxt\u0131 Paris \u015f\u0259h\u0259rind\u0259 akademik Abel Aqanbekyan Qaraba\u011f\u0131 Az\u0259rbaycandan qopar\u0131b Erm\u0259nistana birl\u0259\u015fdir\u0259c\u0259kl\u0259rini elan ed\u0259nd\u0259 n\u0259 SSR\u0130 h\u00f6kum\u0259ti, n\u0259 d\u0259 v\u0259zif\u0259l\u0259ri insan h\u00fcquqlar\u0131n\u0131 qorumaq olan beyn\u0259lxalq t\u0259\u015fkilatlar etiraz s\u0259sl\u0259rini \u00e7\u0131xard\u0131lar. Bu, azm\u0131\u015f kimi Birinci Qaraba\u011f m\u00fcharib\u0259si ba\u015flayanda AT\u018fT-in Minsk qrupu v\u0259 dig\u0259rl\u0259ri silahlan\u0131b az\u0259rbaycanl\u0131lar\u0131n qan\u0131n\u0131 ax\u0131dan Erm\u0259nistana a\u00e7\u0131q v\u0259 ya gizli \u015f\u0259kild\u0259 k\u00f6m\u0259k g\u00f6st\u0259rdil\u0259r. AB\u015e Konqresi is\u0259 daha \u00e7ox canf\u0259\u015fanl\u0131q&hellip;<\/p>\n","protected":false},"author":2,"featured_media":784233,"comment_status":"closed","ping_status":"closed","sticky":false,"template":"","format":"standard","meta":{"om_disable_all_campaigns":false,"_monsterinsights_skip_tracking":false,"_monsterinsights_sitenote_active":false,"_monsterinsights_sitenote_note":"","_monsterinsights_sitenote_category":0},"categories":[10],"tags":[],"aioseo_notices":[],"gutentor_comment":0,"rttpg_featured_image_url":{"full":["https:\/\/arantv.az\/wp-content\/uploads\/2025\/01\/82f292a2169514092013111940810179043.jpg",975,540,false],"landscape":["https:\/\/arantv.az\/wp-content\/uploads\/2025\/01\/82f292a2169514092013111940810179043.jpg",975,540,false],"portraits":["https:\/\/arantv.az\/wp-content\/uploads\/2025\/01\/82f292a2169514092013111940810179043.jpg",975,540,false],"thumbnail":["https:\/\/arantv.az\/wp-content\/uploads\/2025\/01\/82f292a2169514092013111940810179043-500x280.jpg",500,280,true],"medium":["https:\/\/arantv.az\/wp-content\/uploads\/2025\/01\/82f292a2169514092013111940810179043-660x365.jpg",660,365,true],"large":["https:\/\/arantv.az\/wp-content\/uploads\/2025\/01\/82f292a2169514092013111940810179043-840x465.jpg",640,354,true],"1536x1536":["https:\/\/arantv.az\/wp-content\/uploads\/2025\/01\/82f292a2169514092013111940810179043.jpg",975,540,false],"2048x2048":["https:\/\/arantv.az\/wp-content\/uploads\/2025\/01\/82f292a2169514092013111940810179043.jpg",975,540,false],"post-thumbnail":["https:\/\/arantv.az\/wp-content\/uploads\/2025\/01\/82f292a2169514092013111940810179043-240x172.jpg",240,172,true],"advps-thumb-one":["https:\/\/arantv.az\/wp-content\/uploads\/2025\/01\/82f292a2169514092013111940810179043.jpg",975,540,false]},"rttpg_author":{"display_name":"V\u00fcsal Rafiqo\u011flu","author_link":"https:\/\/arantv.az\/?author=2"},"rttpg_comment":0,"rttpg_category":"<a href=\"https:\/\/arantv.az\/?cat=10\" rel=\"category\">C\u0259bh\u0259d\u0259n X\u0259b\u0259r<\/a>","rttpg_excerpt":"Beyn\u0259lxaq t\u0259\u015fkilatlar\u0131n Erm\u0259nistan\u0131 bu q\u0259d\u0259r \u0259zizl\u0259m\u0259sinin \u0259sl s\u0259b\u0259bi n\u0259dir? H\u0259r add\u0131m\u0131m\u0131z\u0131 mikroskopik d\u0259qiqlik\u0259 izl\u0259y\u0259n, pozuntu axtaran \u00a0v\u0259 biz\u0259 qar\u015f\u0131 b\u00f6htan kampaniyas\u0131 aparan beyn\u0259lxalq t\u0259\u015fkilatlar n\u0259 vaxtad\u0259k erm\u0259nil\u0259rin ba\u015f\u0131n\u0131 tumarlayacaqlar? 1987-ci ild\u0259 Fransan\u0131n paytaxt\u0131 Paris \u015f\u0259h\u0259rind\u0259 akademik Abel Aqanbekyan Qaraba\u011f\u0131 Az\u0259rbaycandan qopar\u0131b Erm\u0259nistana birl\u0259\u015fdir\u0259c\u0259kl\u0259rini elan ed\u0259nd\u0259 n\u0259 SSR\u0130 h\u00f6kum\u0259ti, n\u0259 d\u0259 v\u0259zif\u0259l\u0259ri insan h\u00fcquqlar\u0131n\u0131 qorumaq olan&hellip;","_links":{"self":[{"href":"https:\/\/arantv.az\/index.php?rest_route=\/wp\/v2\/posts\/784232"}],"collection":[{"href":"https:\/\/arantv.az\/index.php?rest_route=\/wp\/v2\/posts"}],"about":[{"href":"https:\/\/arantv.az\/index.php?rest_route=\/wp\/v2\/types\/post"}],"author":[{"embeddable":true,"href":"https:\/\/arantv.az\/index.php?rest_route=\/wp\/v2\/users\/2"}],"replies":[{"embeddable":true,"href":"https:\/\/arantv.az\/index.php?rest_route=%2Fwp%2Fv2%2Fcomments&post=784232"}],"version-history":[{"count":2,"href":"https:\/\/arantv.az\/index.php?rest_route=\/wp\/v2\/posts\/784232\/revisions"}],"predecessor-version":[{"id":784235,"href":"https:\/\/arantv.az\/index.php?rest_route=\/wp\/v2\/posts\/784232\/revisions\/784235"}],"wp:featuredmedia":[{"embeddable":true,"href":"https:\/\/arantv.az\/index.php?rest_route=\/wp\/v2\/media\/784233"}],"wp:attachment":[{"href":"https:\/\/arantv.az\/index.php?rest_route=%2Fwp%2Fv2%2Fmedia&parent=784232"}],"wp:term":[{"taxonomy":"category","embeddable":true,"href":"https:\/\/arantv.az\/index.php?rest_route=%2Fwp%2Fv2%2Fcategories&post=784232"},{"taxonomy":"post_tag","embeddable":true,"href":"https:\/\/arantv.az\/index.php?rest_route=%2Fwp%2Fv2%2Ftags&post=784232"}],"curies":[{"name":"wp","href":"https:\/\/api.w.org\/{rel}","templated":true}]}}