{"id":784337,"date":"2025-01-29T16:32:26","date_gmt":"2025-01-29T12:32:26","guid":{"rendered":"https:\/\/arantv.az\/?p=784337"},"modified":"2025-01-29T16:32:26","modified_gmt":"2025-01-29T12:32:26","slug":"iran-prezidenti-abs-d%c9%99n-danisiqlarla-bagli-hec-bir-m%c9%99lumat-almamisiq","status":"publish","type":"post","link":"https:\/\/arantv.az\/?p=784337","title":{"rendered":"\u0130ran prezidenti: AB\u015e-d\u0259n dan\u0131\u015f\u0131qlarla ba\u011fl\u0131 he\u00e7 bir m\u0259lumat almam\u0131\u015f\u0131q"},"content":{"rendered":"<div class=\"text-content\" data-id=\"\" data-url=\"\">\n<p>\u0130ran dan\u0131\u015f\u0131qlarla ba\u011fl\u0131 AB\u015e-d\u0259n h\u0259l\u0259 ki he\u00e7 bir m\u0259lumat almay\u0131b.<\/p>\n<p>\u201cReport\u201d \u201cMehr\u201d agentliyin\u0259 istinad\u0259n x\u0259b\u0259r verir ki, bunu \u0130ran Prezidenti M\u0259sud Peze\u015fkian bildirib.<\/p>\n<p>M\u0259lumata g\u00f6r\u0259, jurnalistin \u201cAB\u015e \u0130slam Respublikas\u0131na h\u0259r hans\u0131 m\u0259lumat\u0131 g\u00f6nd\u0259rib\u201d sual\u0131na cavab\u0131nda prezident deyib: \u201cXeyir, biz h\u0259l\u0259 he\u00e7 bir m\u0259lumat almam\u0131\u015f\u0131q\u201d.<\/p>\n<p>Bu g\u00fcnl\u0259rd\u0259 \u0130ran\u0131n xarici i\u015fl\u0259r naziri Abbas \u018frak\u00e7i \u201cSky News\u201da m\u00fcsahib\u0259sind\u0259 bildirib ki, AB\u015e Prezidenti Donald Tramp\u0131 s\u00f6vd\u0259l\u0259\u015fm\u0259 ba\u011flanmas\u0131 \u00fczr\u0259 dan\u0131\u015f\u0131qlara ba\u015flama\u011fa haz\u0131rd\u0131r.<\/p>\n<p>Xat\u0131rladaq ki, 2015-ci ilin yay\u0131nda AB\u015e, B\u00f6y\u00fck Britaniya, Almaniya, Fransa, \u00c7inl\u0259 \u0130ran aras\u0131nda Tehran\u0131n n\u00fcv\u0259 proqram\u0131 \u00fczr\u0259 \u018fhat\u0259li Raz\u0131la\u015fma M\u00fcqavil\u0259si imzalanm\u0131\u015fd\u0131. AB\u015e-nin 2016-c\u0131 ilin yaz\u0131nda bu m\u00fcqavil\u0259d\u0259n \u00e7\u0131xmas\u0131 il\u0259 proses dayan\u0131b.<\/p>\n<p>Son zamanlar \u0130ran yeni raz\u0131la\u015fma m\u00fcqavil\u0259si imzalamaq ist\u0259diyinin b\u0259yan edib.<\/p>\n<\/div>\n<div><\/div>\n<div><\/div>\n<div class=\"inner-social-box\">\n<div class=\"subs-in-social subs-whatsapp\"><\/div>\n<\/div>\n","protected":false},"excerpt":{"rendered":"<p>\u0130ran dan\u0131\u015f\u0131qlarla ba\u011fl\u0131 AB\u015e-d\u0259n h\u0259l\u0259 ki he\u00e7 bir m\u0259lumat almay\u0131b. \u201cReport\u201d \u201cMehr\u201d agentliyin\u0259 istinad\u0259n x\u0259b\u0259r verir ki, bunu \u0130ran Prezidenti M\u0259sud Peze\u015fkian bildirib. M\u0259lumata g\u00f6r\u0259, jurnalistin \u201cAB\u015e \u0130slam Respublikas\u0131na h\u0259r hans\u0131 m\u0259lumat\u0131 g\u00f6nd\u0259rib\u201d sual\u0131na cavab\u0131nda prezident deyib: \u201cXeyir, biz h\u0259l\u0259 he\u00e7 bir m\u0259lumat almam\u0131\u015f\u0131q\u201d. Bu g\u00fcnl\u0259rd\u0259 \u0130ran\u0131n xarici i\u015fl\u0259r naziri Abbas \u018frak\u00e7i \u201cSky News\u201da m\u00fcsahib\u0259sind\u0259 bildirib ki, AB\u015e Prezidenti Donald Tramp\u0131 s\u00f6vd\u0259l\u0259\u015fm\u0259 ba\u011flanmas\u0131 \u00fczr\u0259 dan\u0131\u015f\u0131qlara ba\u015flama\u011fa haz\u0131rd\u0131r. Xat\u0131rladaq ki, 2015-ci ilin yay\u0131nda AB\u015e, B\u00f6y\u00fck Britaniya, Almaniya, Fransa, \u00c7inl\u0259 \u0130ran aras\u0131nda Tehran\u0131n n\u00fcv\u0259 proqram\u0131 \u00fczr\u0259 \u018fhat\u0259li Raz\u0131la\u015fma M\u00fcqavil\u0259si imzalanm\u0131\u015fd\u0131. AB\u015e-nin 2016-c\u0131&hellip;<\/p>\n","protected":false},"author":2,"featured_media":784338,"comment_status":"closed","ping_status":"closed","sticky":false,"template":"","format":"standard","meta":{"om_disable_all_campaigns":false,"_monsterinsights_skip_tracking":false,"_monsterinsights_sitenote_active":false,"_monsterinsights_sitenote_note":"","_monsterinsights_sitenote_category":0},"categories":[7],"tags":[],"aioseo_notices":[],"gutentor_comment":0,"rttpg_featured_image_url":{"full":["https:\/\/arantv.az\/wp-content\/uploads\/2025\/01\/25c5f5b019f48815956925cf010adfdd.jpg",850,500,false],"landscape":["https:\/\/arantv.az\/wp-content\/uploads\/2025\/01\/25c5f5b019f48815956925cf010adfdd.jpg",850,500,false],"portraits":["https:\/\/arantv.az\/wp-content\/uploads\/2025\/01\/25c5f5b019f48815956925cf010adfdd.jpg",850,500,false],"thumbnail":["https:\/\/arantv.az\/wp-content\/uploads\/2025\/01\/25c5f5b019f48815956925cf010adfdd-500x280.jpg",500,280,true],"medium":["https:\/\/arantv.az\/wp-content\/uploads\/2025\/01\/25c5f5b019f48815956925cf010adfdd-621x365.jpg",621,365,true],"large":["https:\/\/arantv.az\/wp-content\/uploads\/2025\/01\/25c5f5b019f48815956925cf010adfdd-840x494.jpg",640,376,true],"1536x1536":["https:\/\/arantv.az\/wp-content\/uploads\/2025\/01\/25c5f5b019f48815956925cf010adfdd.jpg",850,500,false],"2048x2048":["https:\/\/arantv.az\/wp-content\/uploads\/2025\/01\/25c5f5b019f48815956925cf010adfdd.jpg",850,500,false],"post-thumbnail":["https:\/\/arantv.az\/wp-content\/uploads\/2025\/01\/25c5f5b019f48815956925cf010adfdd-240x172.jpg",240,172,true],"advps-thumb-one":["https:\/\/arantv.az\/wp-content\/uploads\/2025\/01\/25c5f5b019f48815956925cf010adfdd.jpg",850,500,false]},"rttpg_author":{"display_name":"V\u00fcsal Rafiqo\u011flu","author_link":"https:\/\/arantv.az\/?author=2"},"rttpg_comment":0,"rttpg_category":"<a href=\"https:\/\/arantv.az\/?cat=7\" rel=\"category\">D\u00fcnya<\/a>","rttpg_excerpt":"\u0130ran dan\u0131\u015f\u0131qlarla ba\u011fl\u0131 AB\u015e-d\u0259n h\u0259l\u0259 ki he\u00e7 bir m\u0259lumat almay\u0131b. \u201cReport\u201d \u201cMehr\u201d agentliyin\u0259 istinad\u0259n x\u0259b\u0259r verir ki, bunu \u0130ran Prezidenti M\u0259sud Peze\u015fkian bildirib. M\u0259lumata g\u00f6r\u0259, jurnalistin \u201cAB\u015e \u0130slam Respublikas\u0131na h\u0259r hans\u0131 m\u0259lumat\u0131 g\u00f6nd\u0259rib\u201d sual\u0131na cavab\u0131nda prezident deyib: \u201cXeyir, biz h\u0259l\u0259 he\u00e7 bir m\u0259lumat almam\u0131\u015f\u0131q\u201d. Bu g\u00fcnl\u0259rd\u0259 \u0130ran\u0131n xarici i\u015fl\u0259r naziri Abbas \u018frak\u00e7i \u201cSky News\u201da m\u00fcsahib\u0259sind\u0259&hellip;","_links":{"self":[{"href":"https:\/\/arantv.az\/index.php?rest_route=\/wp\/v2\/posts\/784337"}],"collection":[{"href":"https:\/\/arantv.az\/index.php?rest_route=\/wp\/v2\/posts"}],"about":[{"href":"https:\/\/arantv.az\/index.php?rest_route=\/wp\/v2\/types\/post"}],"author":[{"embeddable":true,"href":"https:\/\/arantv.az\/index.php?rest_route=\/wp\/v2\/users\/2"}],"replies":[{"embeddable":true,"href":"https:\/\/arantv.az\/index.php?rest_route=%2Fwp%2Fv2%2Fcomments&post=784337"}],"version-history":[{"count":1,"href":"https:\/\/arantv.az\/index.php?rest_route=\/wp\/v2\/posts\/784337\/revisions"}],"predecessor-version":[{"id":784339,"href":"https:\/\/arantv.az\/index.php?rest_route=\/wp\/v2\/posts\/784337\/revisions\/784339"}],"wp:featuredmedia":[{"embeddable":true,"href":"https:\/\/arantv.az\/index.php?rest_route=\/wp\/v2\/media\/784338"}],"wp:attachment":[{"href":"https:\/\/arantv.az\/index.php?rest_route=%2Fwp%2Fv2%2Fmedia&parent=784337"}],"wp:term":[{"taxonomy":"category","embeddable":true,"href":"https:\/\/arantv.az\/index.php?rest_route=%2Fwp%2Fv2%2Fcategories&post=784337"},{"taxonomy":"post_tag","embeddable":true,"href":"https:\/\/arantv.az\/index.php?rest_route=%2Fwp%2Fv2%2Ftags&post=784337"}],"curies":[{"name":"wp","href":"https:\/\/api.w.org\/{rel}","templated":true}]}}