{"id":784340,"date":"2025-01-29T16:33:39","date_gmt":"2025-01-29T12:33:39","guid":{"rendered":"https:\/\/arantv.az\/?p=784340"},"modified":"2025-01-29T16:33:39","modified_gmt":"2025-01-29T12:33:39","slug":"masaya-1919-cu-il-x%c9%99rit%c9%99si-qoyulsa-ai-missiyasi-harada-dayanacaq-makron-v%c9%99-bacilari","status":"publish","type":"post","link":"https:\/\/arantv.az\/?p=784340","title":{"rendered":"Masaya 1919-cu il x\u0259rit\u0259si qoyulsa, A\u0130 missiyas\u0131 harada dayanacaq, Makron v\u0259 \u201cbac\u0131lar\u0131\u201d?!"},"content":{"rendered":"<div class=\"text-content\" data-id=\"\" data-url=\"\">\n<p><strong>B\u0259lk\u0259 d\u0259 bu yaz\u0131n\u0131n son n\u00f6qt\u0259si qoyulanda, yaxud da d\u0259rc olunandan bir ne\u00e7\u0259 saat sonra Br\u00fcssel Erm\u0259nistanla ba\u011fl\u0131 n\u00f6vb\u0259ti q\u0259rar\u0131n\u0131 ver\u0259c\u0259k.<\/strong><\/p>\n<p>Art\u0131q \u015f\u0259kk-\u015f\u00fcbh\u0259 qalmad\u0131, Avropa \u0130ttifaq\u0131 \u201cqula\u011f\u0131ndan tutub\u201d ora-bura dartd\u0131\u011f\u0131, plastilin kimi ist\u0259nil\u0259n fizura \u00e7evirdiyi Pa\u015finyan h\u00f6kum\u0259tini \u0259l oyunca\u011f\u0131na \u00e7evir\u0259r\u0259k maraqlar\u0131n\u0131 realla\u015fd\u0131rma\u011fa \u00e7al\u0131\u015f\u0131r. Qurumun Erm\u0259nistandak\u0131 \u201cm\u00fclki\u201d ad\u0131nda yar\u0131mh\u0259rbi, c\u0259sus-k\u0259\u015ffiyyat \u015f\u0259b\u0259k\u0259sinin \u00f6mr\u00fc daha iki il m\u00fcdd\u0259tin\u0259 uzad\u0131lacaq. Amma bu, o dem\u0259k deyil ki, Avropa \u0130ttifaq\u0131 iki ill\u0259 kifay\u0259tl\u0259n\u0259c\u0259k.<\/p>\n<p><img loading=\"lazy\" src=\"https:\/\/cdn.musavat.com\/news\/thumbnails\/6b9f9c3d252470e2383e33f97f4ce139.jpg\" alt=\"AVROPA \u0130TT\u0130FAQI.jpg (101 KB)\" width=\"700\" height=\"436\" \/><\/p>\n<p><strong>Erm\u0259nistan h\u0259l\u0259 indi Avropa \u0130ttifaq\u0131na \u00fczvl\u00fckl\u0259 \u015firnikl\u0259ndirilib. H\u0259l\u0259 bu \u201ct\u0259cr\u00fcb\u0259 si\u00e7an\u0131\u201d olan kadastra s\u0259n\u0259di olmayan \u00f6lk\u0259cikd\u0259n istifad\u0259 il\u0259 ba\u011fl\u0131 Q\u0259rb t\u0259sisatlar\u0131n\u0131n yeni-yeni planlar\u0131 ortaya \u00e7\u0131x\u0131r.<\/strong>\u00a0Bir m\u00fcdd\u0259t \u0259vv\u0259l Erm\u0259nistan hakimiyy\u0259ti Avropa \u0130ttifaq\u0131na \u00fczvl\u00fckl\u0259 ba\u011fl\u0131 r\u0259sm\u0259n q\u0259rar\u0131n\u0131 elan etdi, plan t\u0259sdiql\u0259ndi. Odur ki, h\u0259l\u0259 ill\u0259rl\u0259 bu missiyan\u0131n s\u00f6hb\u0259ti ged\u0259c\u0259k. Nikol Pa\u015finyan\u0131n m\u00f6vqeyi bundan ibar\u0259tdir ki, A\u0130 missiyas\u0131 yaln\u0131z delimitasiya olunmayan \u0259razil\u0259rd\u0259 qalmal\u0131d\u0131r. Bu da o dem\u0259kdir ki, Az\u0259rbaycanla Erm\u0259nistan aras\u0131nda raz\u0131la\u015fd\u0131r\u0131lan 13 km-d\u0259k s\u0259rh\u0259d var v\u0259 h\u0259l\u0259 bundan sonra 994 km s\u0259rh\u0259d x\u0259tti raz\u0131la\u015fd\u0131r\u0131lmal\u0131d\u0131r. B\u0259lk\u0259 d\u0259 on ill\u0259rl\u0259 davam ed\u0259c\u0259k prosesd\u0259n s\u00f6hb\u0259t gedir. \u018fg\u0259r dost G\u00fcrc\u00fcstanla bel\u0259, proses indiy\u0259d\u0259k ba\u015fa \u00e7atmay\u0131bsa, Erm\u0259nistan m\u00f6vzusunda m\u00fcbahis\u0259y\u0259 yer qalm\u0131r. Bu da o anlam\u0131 verir ki, A\u0130-nin missiyas\u0131 Erm\u0259nistan \u00f6m\u00fcrl\u00fck g\u0259lib. M\u0259s\u0259l\u0259n, bu gedi\u015fl\u0259 2035-ci ild\u0259 d\u0259 m\u0259tbuatda \u201cA\u0130 missiyas\u0131 daha 10 il Erm\u0259nistanda qalacaq\u201d s\u0259rl\u00f6vh\u0259li yaz\u0131lar d\u0259rc oluna bil\u0259r. K\u0259s\u0259si, Erm\u0259nistan r\u0259hb\u0259rliyi dirild\u0259 bilm\u0259diyi AT\u018fT-in Minsk Qrupunun h\u0259ms\u0259drl\u0259rinin \u0259v\u0259zind\u0259 A\u0130-nin h\u0259rbi-c\u0259sus \u015f\u0259b\u0259k\u0259sini \u0259razisind\u0259 m\u00f6hk\u0259ml\u0259ndirm\u0259y\u0259 \u00e7al\u0131\u015f\u0131r. Bu, h\u0259m d\u0259 g\u0259l\u0259c\u0259kd\u0259 \u0130ran v\u0259 Rusiyaya qar\u015f\u0131 x\u0259yan\u0259tl\u0259rd\u0259 r\u0259smi \u0130r\u0259van \u00fc\u00e7\u00fcn nicat yolu say\u0131la bil\u0259r.<\/p>\n<p><strong>2024-c\u00fc ilin aprelind\u0259 oldu\u011fu kimi, Br\u00fcssel yen\u0259 d\u0259 \u201cErm\u0259nistan\u0131 xilas layih\u0259si\u201dni m\u00fczakir\u0259y\u0259 \u00e7\u0131xaracaq.<\/strong>\u00a0Amma qon\u015fular\u0131na qar\u015f\u0131 \u0259razi iddialar\u0131n\u0131 \u0259sas qanununa yazm\u0131\u015f bu, terroru v\u0259 i\u015f\u011fal\u0131 d\u00f6vl\u0259t siyas\u0259tin\u0259 \u00e7evirmi\u015f \u00f6lk\u0259ni kimd\u0259n xilas etm\u0259k ist\u0259yirl\u0259r, bilinmir. Az\u0259rbaycan v\u0259 T\u00fcrkiy\u0259 faktiki olaraq Erm\u0259nistan\u0131 u\u00e7uruma yuvarlanmaqdan xilas etm\u0259k ist\u0259yir, 3+3 format\u0131nda \u0259m\u0259kda\u015fl\u0131q, kommunikasiyalar\u0131n blokdan \u00e7\u0131xar\u0131lmas\u0131, Z\u0259ng\u0259zur d\u0259hlizinin a\u00e7\u0131lmas\u0131 m\u0259hz buna hesablan\u0131b. Amma Erm\u0259nistan r\u0259hb\u0259rliyi boynuna ke\u00e7irilmi\u015f buxovun sahibinin a\u011fz\u0131na bax\u0131r, ortaya m\u00fcst\u0259qil irad\u0259 qoya bilmir.<\/p>\n<p><img loading=\"lazy\" src=\"https:\/\/cdn.musavat.com\/news\/thumbnails\/59346c6a1e5a40c66c0f11a3783272d5.jpg\" alt=\"\u0130LHAM\u0130 SON.jpg (55 KB)\" width=\"700\" height=\"436\" \/><\/p>\n<p><strong>Az\u0259rbaycan Prezidenti x\u0259b\u0259rdarl\u0131q edib:<\/strong>\u00a0\u201cAvropa \u0130ttifaq\u0131 \u0259vv\u0259ll\u0259r oldu\u011fu kimi, Erm\u0259nistan-Az\u0259rbaycan s\u00fclh m\u0259s\u0259l\u0259sind\u0259 neytrall\u0131q saxlamal\u0131d\u0131r!\u201d \u0130\u015f\u011fal ill\u0259rind\u0259 Qaraba\u011f m\u0259s\u0259l\u0259si il\u0259 guya Minsk Qrupunun m\u0259\u015f\u011ful oldu\u011funu iddia edib, yaxas\u0131n\u0131 k\u0259nara \u00e7\u0259k\u0259n A\u0130 bu g\u00fcn niy\u0259 \u00f6z\u00fcn\u00fcn yaxa-ba\u015f\u0131n\u0131 c\u0131r\u0131r, h\u0259r\u0259si bir binokl g\u00f6t\u00fcr\u00fcb Az\u0259rbaycan t\u0259r\u0259fd\u0259 s\u0259fl\u0259nirl\u0259r, anlamaq olmur. \u201cYel \u0259sib, qoz t\u00f6k\u00fcl\u00fcb\u201d, ya n\u0259dir, niy\u0259 \u00f6zl\u0259rin\u0259 \u0259l qat\u0131blar? X\u0259b\u0259rdarl\u0131q edilib: \u201cAvropa \u0130ttifaq\u0131 v\u0259 Az\u0259rbaycan \u0259m\u0259kda\u015fl\u0131\u011f\u0131n\u0131n davam etdirilm\u0259si namin\u0259 Fransan\u0131n yolu il\u0259 gedilm\u0259sin, \u00f6zl\u0259rini Fransan\u0131n t\u0259sirin\u0259 salmas\u0131nlar!\u201d \u018fksini ed\u0259c\u0259kl\u0259rs\u0259, pe\u015fman olacaqlar! D\u00f6vl\u0259t ba\u015f\u00e7\u0131s\u0131n\u0131n dediyi kimi, 2022-ci ilin oktyabr\u0131nda Praqada Az\u0259rbaycan ona raz\u0131l\u0131q vermi\u015fdi ki, bu missiya 2 ay Erm\u0259nistanda qals\u0131n v\u0259 istefaya \u00e7\u0131xm\u0131\u015f m\u0259hdud sayda h\u0259rbi zabitl\u0259rd\u0259n ibar\u0259t olsun. Lakin sonradan bu missiyan\u0131n h\u0259m m\u00fcdd\u0259ti uzad\u0131ld\u0131, h\u0259m d\u0259 say\u0131 art\u0131r\u0131ld\u0131 v\u0259 Az\u0259rbaycanla he\u00e7 kim m\u0259sl\u0259h\u0259tl\u0259\u015fm\u0259di. Bu, anormal siyas\u0259tin davam\u0131 g\u0259l\u0259c\u0259ks\u0259, o halda A\u0130 s\u00fclh prosesin\u0259 q\u0259sd etmi\u015f say\u0131lacaq. Bundan sonra kims\u0259 Bak\u0131 v\u0259 \u0130r\u0259vana \u201cs\u00fclh\u0259 g\u0259lin, ey insanlar, yoxsa d\u00fcnya m\u0259hv olar\u201d, m\u0259zmunlu xitablar el\u0259m\u0259sin. S\u00fclh\u00fc pozanlar m\u0259hz onlard\u0131r, Pa\u015finyan\u0131 \u00f6z oxudu\u011fu mahn\u0131lara oynadanlar!<\/p>\n<p>Az\u0259rbaycan i\u015f\u011fala \u00f6z g\u00fcc\u00fc il\u0259 son qoyan q\u00fcdr\u0259tli orduya sahib g\u00fccl\u00fc d\u00f6vl\u0259tdir. Odur ki, \u00f6lk\u0259mizl\u0259 kiml\u0259rs\u0259 200-300 binokllu il\u0259 h\u0259d\u0259-qorxu g\u0259lm\u0259y\u0259 c\u0259hd el\u0259m\u0259sin. Ona qalsa, AB\u015e-nin \u0130r\u0259vandak\u0131 s\u0259firliyind\u0259 az\u0131 2 min amerikal\u0131 topla\u015fm\u0131\u015fd\u0131 Qaraba\u011f\u0131n i\u015f\u011falda oldu\u011fu ill\u0259rd\u0259, h\u0259min m\u00fclki geyimlil\u0259r, \u0259slind\u0259 is\u0259 h\u0259rb\u00e7il\u0259r, k\u0259\u015ffiyyat\u00e7\u0131lar Az\u0259rbaycan ordusunun Xank\u0259ndiy\u0259 yolunu k\u0259s\u0259 bildil\u0259rmi? Yox! Odur ki, Z\u0259ng\u0259zur d\u0259hlizinin \u00f6n\u00fcn\u00fc k\u0259sm\u0259y\u0259 \u00e7al\u0131\u015fan Avropa \u0130ttifaq\u0131n\u0131n Erm\u0259nistandak\u0131 missiyas\u0131 da he\u00e7 n\u0259y\u0259 nail ola bilm\u0259y\u0259c\u0259k! Fransan\u0131n Z\u0259ng\u0259zur d\u0259hlizind\u0259 g\u00f6z\u00fc var, bu, \u015f\u00fcbh\u0259sizdir. A\u0130-nin Erm\u0259nistandak\u0131 missiyas\u0131n\u0131n ba\u015f\u0131nda dayanan da m\u0259hz Makron Fransas\u0131d\u0131r. Az\u0259rbaycan\u0131 Yeni Kaledoniyaya g\u00f6r\u0259 \u015f\u0259rl\u0259m\u0259kd\u0259n bel\u0259, utanmayan frans\u0131z hakimiyy\u0259ti utan\u0131b-q\u0131zarmadan emissarlar\u0131n\u0131 Az\u0259rbaycanla \u015f\u0259rti s\u0259rh\u0259dl\u0259r\u0259 g\u00f6nd\u0259rir, eskalasiyan\u0131 t\u0259tikl\u0259m\u0259kd\u0259n \u00f6tr\u00fc fitn\u0259-f\u0259sad haz\u0131rlay\u0131r. Fransa b\u00f6lg\u0259d\u0259 uduza-uduza gedir, ona g\u00f6r\u0259 d\u0259 Az\u0259rbaycan\u0131n q\u0259l\u0259b\u0259l\u0259rini h\u0259zm ed\u0259 bilmir. Xat\u0131rlay\u0131rs\u0131n\u0131z, Makronun \u201cTIR siyas\u0259ti\u201dni?..La\u00e7\u0131n yolu il\u0259 ke\u00e7ib, Xank\u0259ndid\u0259ki quldurlara silah, yanacaq da\u015f\u0131maq ist\u0259yirdil\u0259r. Bu g\u00fcn onlar\u0131n d\u0259st\u0259k verdiyi \u015f\u0259xsl\u0259rin bir qismi Bak\u0131da \u2013 \u018fdal\u0259t M\u0259hk\u0259m\u0259sind\u0259 cavab verirl\u0259r. Fransa v\u0259 dostlar\u0131n\u0131n \u201ct\u00fcst\u00fcs\u00fc t\u0259p\u0259sind\u0259n \u00e7\u0131x\u0131r\u201d, q\u0259z\u0259bini soyutmaqdan \u00f6tr\u00fc aran\u0131 qar\u0131\u015fd\u0131rma\u011fa \u00e7al\u0131\u015f\u0131r. Prezidentin dediyi kimi \u201cpe\u015fman olacaqlar!\u201d Fransan\u0131n v\u0259 dig\u0259rl\u0259rinin b\u00f6lg\u0259 il\u0259 ba\u011fl\u0131 b\u00fct\u00fcn planlar\u0131 qursa\u011f\u0131nda qalacaq. \u0130lham \u018fliyev q\u0259tiyy\u0259tlidir. D\u00fcn\u0259n bir daha b\u0259yan etdi: \u201cAz\u0259rbaycandan Az\u0259rbaycana mane\u0259siz ke\u00e7id olmal\u0131d\u0131r. He\u00e7 bir yoxlamadan ke\u00e7m\u0259d\u0259n, he\u00e7 bir mane\u0259 il\u0259 \u00fczl\u0259\u015fm\u0259d\u0259n Az\u0259rbaycandan Az\u0259rbaycana rahat v\u0259 azad ke\u00e7id olmal\u0131d\u0131r. Bu, bizim t\u0259l\u0259bimizdir v\u0259 n\u0259z\u0259r\u0259 alsaq ki, Q\u0259rbi Z\u0259ng\u0259zuru sovet hakimiyy\u0259ti bizim \u0259limizd\u0259n 1920-ci ilin noyabr\u0131nda al\u0131b v\u0259 Az\u0259rbaycan xalq\u0131na qar\u015f\u0131 cinay\u0259t t\u00f6r\u0259dib, bu, birinci v\u0259 sonuncu cinay\u0259t deyildi. \u0130kincisi, ondan sonra ard\u0131c\u0131ll\u0131qla \u0259g\u0259r gets\u0259k, cinay\u0259t d\u0131rnaqaras\u0131 \u201cDa\u011fl\u0131q Qaraba\u011f Muxtar Vilay\u0259ti\u201dnin Az\u0259rbaycan \u0259razisind\u0259 yarad\u0131lmas\u0131 idi. Ondan \u0259vv\u0259lki cinay\u0259t erm\u0259nil\u0259rin \u00e7ar Rusiyas\u0131 t\u0259r\u0259find\u0259n Az\u0259rbaycan \u0259razisin\u0259 k\u00f6\u00e7\u00fcr\u00fclm\u0259si idi. Ondan \u0259vv\u0259lki cinay\u0259t Qaraba\u011f xan\u0131n\u0131n \u00f6ld\u00fcr\u00fclm\u0259si idi, hans\u0131 ki, z\u0259man\u0259t verilmi\u015fdi ki, o, \u00f6z r\u0259hb\u0259rliyini Qaraba\u011fda icra ed\u0259c\u0259k v\u0259 XX \u0259srin dig\u0259r cinay\u0259tl\u0259ri d\u0259 g\u00f6z \u00f6n\u00fcnd\u0259dir. Xocal\u0131 soyq\u0131r\u0131m\u0131, 20 Yanvar v\u0259 torpaqlar\u0131m\u0131z\u0131n 1990-c\u0131 ill\u0259rin \u0259vv\u0259ll\u0259rind\u0259 i\u015f\u011fal\u0131. Y\u0259ni, biz bunu unutmam\u0131\u015f\u0131q, Az\u0259rbaycan xalq\u0131 bunu unutmay\u0131b. Biz Z\u0259ng\u0259zuru unutmam\u0131\u015f\u0131q v\u0259 unutmayaca\u011f\u0131q. Yen\u0259 d\u0259 deyir\u0259m, bizim Erm\u0259nistana \u0259razi iddiam\u0131z yoxdur. Ancaq Erm\u0259nistan \u00f6z \u00fcz\u0259rin\u0259 g\u00f6t\u00fcrd\u00fcy\u00fc \u00f6hd\u0259likl\u0259ri yerin\u0259 yetir\u0259r\u0259k Az\u0259rbaycandan Az\u0259rbaycana mane\u0259siz ke\u00e7id verm\u0259lidir\u201d.<\/p>\n<p><img loading=\"lazy\" src=\"https:\/\/cdn.musavat.com\/news\/thumbnails\/cc2ddcbce8159d2084da822b773262f8.jpg\" alt=\"ZENGEZUR.jpg (49 KB)\" width=\"700\" height=\"554\" \/><\/p>\n<p><strong>B\u0259li, d\u00f6vl\u0259timizin ba\u015f\u00e7\u0131s\u0131 revan\u015fa c\u0259hd ed\u0259nl\u0259r\u0259 v\u0259 havadarlar\u0131na art\u0131q 1920-ci ill\u0259ri xat\u0131rlad\u0131r.<\/strong>\u00a0Kifay\u0259t q\u0259d\u0259r ciddi m\u0259s\u0259l\u0259dir, biril\u0259ri bunu anlas\u0131nlar! Az\u0259rbaycan Prezidenti qar\u015f\u0131 t\u0259r\u0259fin c\u0131\u011fall\u0131\u011f\u0131na cavab olaraq \u201cD\u0259mir Yumru\u011fu\u201du masaya vurarsa, 1919-cu ild\u0259 Fransada d\u0259rc olunmu\u015f Az\u0259rbaycan\u0131n 114 min kv.km-lik x\u0259rit\u0259sin\u0259 \u0259sas\u0259n \u0259dal\u0259tin b\u0259rpa olunmas\u0131n\u0131 t\u0259l\u0259b ets\u0259, Makron v\u0259 \u201cbac\u0131lar\u0131\u201d onda n\u0259 ed\u0259c\u0259kl\u0259r?!<\/p>\n<p><img loading=\"lazy\" src=\"https:\/\/cdn.musavat.com\/news\/thumbnails\/2b6c052a9b212e77e0bef83e9f7cc4e4.jpg\" alt=\"XAR\u0130TE.jpg (1.09 MB)\" width=\"700\" height=\"519\" \/><\/p>\n<p>Yaxud Parisd\u0259 t\u0259sdiq olunmu\u015f x\u0259rit\u0259mizl\u0259 delimitasiya v\u0259 demarkasiya h\u0259yata ke\u00e7irils\u0259, Avropadan g\u0259l\u0259n binokllular harda dayanacaqlar, he\u00e7 d\u00fc\u015f\u00fcn\u00fcbl\u0259rmi?!\u00a0<strong>Sonra gec olacaq!\u00a0<\/strong><\/p>\n<div class=\"news-author text-left\"><a href=\"https:\/\/musavat.com\/author\/elsad-pasasoy_10\"><img class=\"img-responsive img-author\" src=\"https:\/\/cdn.musavat.com\/authors\/thumbnails\/efebc9e552e05242fb5c15b017367239.jpg\" \/>El\u015fad PA\u015eASOY<\/a><\/div>\n<\/div>\n<div><\/div>\n<div><\/div>\n<div class=\"inner-social-box\">\n<div class=\"subs-in-social subs-whatsapp\"><\/div>\n<\/div>\n","protected":false},"excerpt":{"rendered":"<p>B\u0259lk\u0259 d\u0259 bu yaz\u0131n\u0131n son n\u00f6qt\u0259si qoyulanda, yaxud da d\u0259rc olunandan bir ne\u00e7\u0259 saat sonra Br\u00fcssel Erm\u0259nistanla ba\u011fl\u0131 n\u00f6vb\u0259ti q\u0259rar\u0131n\u0131 ver\u0259c\u0259k. Art\u0131q \u015f\u0259kk-\u015f\u00fcbh\u0259 qalmad\u0131, Avropa \u0130ttifaq\u0131 \u201cqula\u011f\u0131ndan tutub\u201d ora-bura dartd\u0131\u011f\u0131, plastilin kimi ist\u0259nil\u0259n fizura \u00e7evirdiyi Pa\u015finyan h\u00f6kum\u0259tini \u0259l oyunca\u011f\u0131na \u00e7evir\u0259r\u0259k maraqlar\u0131n\u0131 realla\u015fd\u0131rma\u011fa \u00e7al\u0131\u015f\u0131r. Qurumun Erm\u0259nistandak\u0131 \u201cm\u00fclki\u201d ad\u0131nda yar\u0131mh\u0259rbi, c\u0259sus-k\u0259\u015ffiyyat \u015f\u0259b\u0259k\u0259sinin \u00f6mr\u00fc daha iki il m\u00fcdd\u0259tin\u0259 uzad\u0131lacaq. Amma bu, o dem\u0259k deyil ki, Avropa \u0130ttifaq\u0131 iki ill\u0259 kifay\u0259tl\u0259n\u0259c\u0259k. Erm\u0259nistan h\u0259l\u0259 indi Avropa \u0130ttifaq\u0131na \u00fczvl\u00fckl\u0259 \u015firnikl\u0259ndirilib. H\u0259l\u0259 bu \u201ct\u0259cr\u00fcb\u0259 si\u00e7an\u0131\u201d olan kadastra s\u0259n\u0259di olmayan \u00f6lk\u0259cikd\u0259n istifad\u0259 il\u0259 ba\u011fl\u0131 Q\u0259rb t\u0259sisatlar\u0131n\u0131n yeni-yeni planlar\u0131&hellip;<\/p>\n","protected":false},"author":2,"featured_media":784341,"comment_status":"closed","ping_status":"closed","sticky":false,"template":"","format":"standard","meta":{"om_disable_all_campaigns":false,"_monsterinsights_skip_tracking":false,"_monsterinsights_sitenote_active":false,"_monsterinsights_sitenote_note":"","_monsterinsights_sitenote_category":0},"categories":[19],"tags":[],"aioseo_notices":[],"gutentor_comment":0,"rttpg_featured_image_url":{"full":["https:\/\/arantv.az\/wp-content\/uploads\/2025\/01\/4294298719d8f8eeb246d8864fc93f46.jpg",870,500,false],"landscape":["https:\/\/arantv.az\/wp-content\/uploads\/2025\/01\/4294298719d8f8eeb246d8864fc93f46.jpg",870,500,false],"portraits":["https:\/\/arantv.az\/wp-content\/uploads\/2025\/01\/4294298719d8f8eeb246d8864fc93f46.jpg",870,500,false],"thumbnail":["https:\/\/arantv.az\/wp-content\/uploads\/2025\/01\/4294298719d8f8eeb246d8864fc93f46-500x280.jpg",500,280,true],"medium":["https:\/\/arantv.az\/wp-content\/uploads\/2025\/01\/4294298719d8f8eeb246d8864fc93f46-635x365.jpg",635,365,true],"large":["https:\/\/arantv.az\/wp-content\/uploads\/2025\/01\/4294298719d8f8eeb246d8864fc93f46-840x483.jpg",640,368,true],"1536x1536":["https:\/\/arantv.az\/wp-content\/uploads\/2025\/01\/4294298719d8f8eeb246d8864fc93f46.jpg",870,500,false],"2048x2048":["https:\/\/arantv.az\/wp-content\/uploads\/2025\/01\/4294298719d8f8eeb246d8864fc93f46.jpg",870,500,false],"post-thumbnail":["https:\/\/arantv.az\/wp-content\/uploads\/2025\/01\/4294298719d8f8eeb246d8864fc93f46-240x172.jpg",240,172,true],"advps-thumb-one":["https:\/\/arantv.az\/wp-content\/uploads\/2025\/01\/4294298719d8f8eeb246d8864fc93f46.jpg",870,500,false]},"rttpg_author":{"display_name":"V\u00fcsal Rafiqo\u011flu","author_link":"https:\/\/arantv.az\/?author=2"},"rttpg_comment":0,"rttpg_category":"<a href=\"https:\/\/arantv.az\/?cat=19\" rel=\"category\">G\u00fcnd\u0259m<\/a>","rttpg_excerpt":"B\u0259lk\u0259 d\u0259 bu yaz\u0131n\u0131n son n\u00f6qt\u0259si qoyulanda, yaxud da d\u0259rc olunandan bir ne\u00e7\u0259 saat sonra Br\u00fcssel Erm\u0259nistanla ba\u011fl\u0131 n\u00f6vb\u0259ti q\u0259rar\u0131n\u0131 ver\u0259c\u0259k. Art\u0131q \u015f\u0259kk-\u015f\u00fcbh\u0259 qalmad\u0131, Avropa \u0130ttifaq\u0131 \u201cqula\u011f\u0131ndan tutub\u201d ora-bura dartd\u0131\u011f\u0131, plastilin kimi ist\u0259nil\u0259n fizura \u00e7evirdiyi Pa\u015finyan h\u00f6kum\u0259tini \u0259l oyunca\u011f\u0131na \u00e7evir\u0259r\u0259k maraqlar\u0131n\u0131 realla\u015fd\u0131rma\u011fa \u00e7al\u0131\u015f\u0131r. Qurumun Erm\u0259nistandak\u0131 \u201cm\u00fclki\u201d ad\u0131nda yar\u0131mh\u0259rbi, c\u0259sus-k\u0259\u015ffiyyat \u015f\u0259b\u0259k\u0259sinin \u00f6mr\u00fc daha iki il m\u00fcdd\u0259tin\u0259&hellip;","_links":{"self":[{"href":"https:\/\/arantv.az\/index.php?rest_route=\/wp\/v2\/posts\/784340"}],"collection":[{"href":"https:\/\/arantv.az\/index.php?rest_route=\/wp\/v2\/posts"}],"about":[{"href":"https:\/\/arantv.az\/index.php?rest_route=\/wp\/v2\/types\/post"}],"author":[{"embeddable":true,"href":"https:\/\/arantv.az\/index.php?rest_route=\/wp\/v2\/users\/2"}],"replies":[{"embeddable":true,"href":"https:\/\/arantv.az\/index.php?rest_route=%2Fwp%2Fv2%2Fcomments&post=784340"}],"version-history":[{"count":1,"href":"https:\/\/arantv.az\/index.php?rest_route=\/wp\/v2\/posts\/784340\/revisions"}],"predecessor-version":[{"id":784342,"href":"https:\/\/arantv.az\/index.php?rest_route=\/wp\/v2\/posts\/784340\/revisions\/784342"}],"wp:featuredmedia":[{"embeddable":true,"href":"https:\/\/arantv.az\/index.php?rest_route=\/wp\/v2\/media\/784341"}],"wp:attachment":[{"href":"https:\/\/arantv.az\/index.php?rest_route=%2Fwp%2Fv2%2Fmedia&parent=784340"}],"wp:term":[{"taxonomy":"category","embeddable":true,"href":"https:\/\/arantv.az\/index.php?rest_route=%2Fwp%2Fv2%2Fcategories&post=784340"},{"taxonomy":"post_tag","embeddable":true,"href":"https:\/\/arantv.az\/index.php?rest_route=%2Fwp%2Fv2%2Ftags&post=784340"}],"curies":[{"name":"wp","href":"https:\/\/api.w.org\/{rel}","templated":true}]}}