{"id":784343,"date":"2025-01-29T16:34:46","date_gmt":"2025-01-29T12:34:46","guid":{"rendered":"https:\/\/arantv.az\/?p=784343"},"modified":"2025-01-29T16:34:46","modified_gmt":"2025-01-29T12:34:46","slug":"ceyhun-bayramov-az%c9%99rbaycan-erm%c9%99nistanla-munasib%c9%99tl%c9%99rin-normallasmasi-ucun-s%c9%99yl%c9%99rini-davam-etdir%c9%99c%c9%99k","status":"publish","type":"post","link":"https:\/\/arantv.az\/?p=784343","title":{"rendered":"Ceyhun Bayramov: Az\u0259rbaycan Erm\u0259nistanla m\u00fcnasib\u0259tl\u0259rin normalla\u015fmas\u0131 \u00fc\u00e7\u00fcn s\u0259yl\u0259rini davam etdir\u0259c\u0259k"},"content":{"rendered":"<div class=\"text-content\" data-id=\"\" data-url=\"\">\n<p><strong>Az\u0259rbaycan \u0259razi b\u00fct\u00f6vl\u00fcy\u00fc v\u0259 suverenliyinin b\u0259rpa edilm\u0259si, \u0259razil\u0259rinin i\u015f\u011faldan azad edilm\u0259si daha geni\u015f co\u011frafiyada iktisadi \u0259m\u0259kda\u015fl\u0131q \u00fc\u00e7\u00fcn yeni imkanlar yarad\u0131r.<\/strong><\/p>\n<p>Az\u0259rbaycan xarici i\u015fl\u0259r naziri Ceyhun Bayramov Ankarada ke\u00e7iril\u0259n T\u00fcrkiy\u0259, Az\u0259rbaycan v\u0259 \u00d6zb\u0259kistan aras\u0131nda \u00fc\u00e7t\u0259r\u0259fli mexanizmin ikinci g\u00f6r\u00fc\u015f\u00fcn\u00fcn n\u0259tic\u0259l\u0259rin\u0259 dair m\u0259tbuat konfrans\u0131nda \u00e7\u0131x\u0131\u015f\u0131 zaman\u0131 bildirib.<\/p>\n<p>O qeyd edib ki, m\u0259hz bu b\u00f6lg\u0259 vasit\u0259sil\u0259 \u015e\u0259rq-Q\u0259rb Orta D\u0259hlizinin yeni arteriyas\u0131n\u0131n sal\u0131nmas\u0131 h\u0259yata ke\u00e7irilir v\u0259 bunun b\u00f6y\u00fck perspektivi g\u00f6r\u00fcn\u00fcr.<\/p>\n<p>Nazir, h\u0259m\u00e7inin, Erm\u0259nistanla s\u00fclh sazi\u015finin tamamlanmas\u0131n\u0131n \u00f6n\u0259mini vur\u011fulayaraq, Erm\u0259nistan Konstitusiyas\u0131 v\u0259 dig\u0259r normativ h\u00fcquq aktlar\u0131nda Az\u0259rbaycana qar\u015f\u0131 qalan \u0259razi iddialar\u0131 v\u0259 revan\u015fizm meyill\u0259ri narahatl\u0131q do\u011furur: \u201cBu istiqam\u0259td\u0259 Az\u0259rbaycan Respublikas\u0131 \u00f6z konstruktiv s\u0259yl\u0259rini davam etdir\u0259c\u0259k\u201d.<\/p>\n<p>C. Bayramov \u00fc\u00e7 \u00f6lk\u0259 aras\u0131nda n\u0259qliyyat sah\u0259sind\u0259 q\u0259bul edil\u0259n yol x\u0259rit\u0259si \u0259sas\u0131nda bir s\u0131ra layih\u0259l\u0259rin h\u0259yata ke\u00e7iril\u0259c\u0259yini d\u0259 \u0259lav\u0259 edib.\/\/APA<\/p>\n<\/div>\n<div><\/div>\n<div><\/div>\n<div class=\"inner-social-box\">\n<div class=\"subs-in-social subs-whatsapp\"><\/div>\n<\/div>\n","protected":false},"excerpt":{"rendered":"<p>Az\u0259rbaycan \u0259razi b\u00fct\u00f6vl\u00fcy\u00fc v\u0259 suverenliyinin b\u0259rpa edilm\u0259si, \u0259razil\u0259rinin i\u015f\u011faldan azad edilm\u0259si daha geni\u015f co\u011frafiyada iktisadi \u0259m\u0259kda\u015fl\u0131q \u00fc\u00e7\u00fcn yeni imkanlar yarad\u0131r. Az\u0259rbaycan xarici i\u015fl\u0259r naziri Ceyhun Bayramov Ankarada ke\u00e7iril\u0259n T\u00fcrkiy\u0259, Az\u0259rbaycan v\u0259 \u00d6zb\u0259kistan aras\u0131nda \u00fc\u00e7t\u0259r\u0259fli mexanizmin ikinci g\u00f6r\u00fc\u015f\u00fcn\u00fcn n\u0259tic\u0259l\u0259rin\u0259 dair m\u0259tbuat konfrans\u0131nda \u00e7\u0131x\u0131\u015f\u0131 zaman\u0131 bildirib. O qeyd edib ki, m\u0259hz bu b\u00f6lg\u0259 vasit\u0259sil\u0259 \u015e\u0259rq-Q\u0259rb Orta D\u0259hlizinin yeni arteriyas\u0131n\u0131n sal\u0131nmas\u0131 h\u0259yata ke\u00e7irilir v\u0259 bunun b\u00f6y\u00fck perspektivi g\u00f6r\u00fcn\u00fcr. Nazir, h\u0259m\u00e7inin, Erm\u0259nistanla s\u00fclh sazi\u015finin tamamlanmas\u0131n\u0131n \u00f6n\u0259mini vur\u011fulayaraq, Erm\u0259nistan Konstitusiyas\u0131 v\u0259 dig\u0259r normativ h\u00fcquq aktlar\u0131nda Az\u0259rbaycana qar\u015f\u0131 qalan \u0259razi iddialar\u0131 v\u0259 revan\u015fizm meyill\u0259ri narahatl\u0131q do\u011furur:&hellip;<\/p>\n","protected":false},"author":2,"featured_media":784344,"comment_status":"closed","ping_status":"closed","sticky":false,"template":"","format":"standard","meta":{"om_disable_all_campaigns":false,"_monsterinsights_skip_tracking":false,"_monsterinsights_sitenote_active":false,"_monsterinsights_sitenote_note":"","_monsterinsights_sitenote_category":0},"categories":[4],"tags":[],"aioseo_notices":[],"gutentor_comment":0,"rttpg_featured_image_url":{"full":["https:\/\/arantv.az\/wp-content\/uploads\/2025\/01\/9d093c1c428baf83db43ab1021e1e41c.jpg",870,500,false],"landscape":["https:\/\/arantv.az\/wp-content\/uploads\/2025\/01\/9d093c1c428baf83db43ab1021e1e41c.jpg",870,500,false],"portraits":["https:\/\/arantv.az\/wp-content\/uploads\/2025\/01\/9d093c1c428baf83db43ab1021e1e41c.jpg",870,500,false],"thumbnail":["https:\/\/arantv.az\/wp-content\/uploads\/2025\/01\/9d093c1c428baf83db43ab1021e1e41c-500x280.jpg",500,280,true],"medium":["https:\/\/arantv.az\/wp-content\/uploads\/2025\/01\/9d093c1c428baf83db43ab1021e1e41c-635x365.jpg",635,365,true],"large":["https:\/\/arantv.az\/wp-content\/uploads\/2025\/01\/9d093c1c428baf83db43ab1021e1e41c-840x483.jpg",640,368,true],"1536x1536":["https:\/\/arantv.az\/wp-content\/uploads\/2025\/01\/9d093c1c428baf83db43ab1021e1e41c.jpg",870,500,false],"2048x2048":["https:\/\/arantv.az\/wp-content\/uploads\/2025\/01\/9d093c1c428baf83db43ab1021e1e41c.jpg",870,500,false],"post-thumbnail":["https:\/\/arantv.az\/wp-content\/uploads\/2025\/01\/9d093c1c428baf83db43ab1021e1e41c-240x172.jpg",240,172,true],"advps-thumb-one":["https:\/\/arantv.az\/wp-content\/uploads\/2025\/01\/9d093c1c428baf83db43ab1021e1e41c.jpg",870,500,false]},"rttpg_author":{"display_name":"V\u00fcsal Rafiqo\u011flu","author_link":"https:\/\/arantv.az\/?author=2"},"rttpg_comment":0,"rttpg_category":"<a href=\"https:\/\/arantv.az\/?cat=4\" rel=\"category\">Siyas\u0259t<\/a>","rttpg_excerpt":"Az\u0259rbaycan \u0259razi b\u00fct\u00f6vl\u00fcy\u00fc v\u0259 suverenliyinin b\u0259rpa edilm\u0259si, \u0259razil\u0259rinin i\u015f\u011faldan azad edilm\u0259si daha geni\u015f co\u011frafiyada iktisadi \u0259m\u0259kda\u015fl\u0131q \u00fc\u00e7\u00fcn yeni imkanlar yarad\u0131r. Az\u0259rbaycan xarici i\u015fl\u0259r naziri Ceyhun Bayramov Ankarada ke\u00e7iril\u0259n T\u00fcrkiy\u0259, Az\u0259rbaycan v\u0259 \u00d6zb\u0259kistan aras\u0131nda \u00fc\u00e7t\u0259r\u0259fli mexanizmin ikinci g\u00f6r\u00fc\u015f\u00fcn\u00fcn n\u0259tic\u0259l\u0259rin\u0259 dair m\u0259tbuat konfrans\u0131nda \u00e7\u0131x\u0131\u015f\u0131 zaman\u0131 bildirib. O qeyd edib ki, m\u0259hz bu b\u00f6lg\u0259 vasit\u0259sil\u0259 \u015e\u0259rq-Q\u0259rb Orta D\u0259hlizinin&hellip;","_links":{"self":[{"href":"https:\/\/arantv.az\/index.php?rest_route=\/wp\/v2\/posts\/784343"}],"collection":[{"href":"https:\/\/arantv.az\/index.php?rest_route=\/wp\/v2\/posts"}],"about":[{"href":"https:\/\/arantv.az\/index.php?rest_route=\/wp\/v2\/types\/post"}],"author":[{"embeddable":true,"href":"https:\/\/arantv.az\/index.php?rest_route=\/wp\/v2\/users\/2"}],"replies":[{"embeddable":true,"href":"https:\/\/arantv.az\/index.php?rest_route=%2Fwp%2Fv2%2Fcomments&post=784343"}],"version-history":[{"count":1,"href":"https:\/\/arantv.az\/index.php?rest_route=\/wp\/v2\/posts\/784343\/revisions"}],"predecessor-version":[{"id":784345,"href":"https:\/\/arantv.az\/index.php?rest_route=\/wp\/v2\/posts\/784343\/revisions\/784345"}],"wp:featuredmedia":[{"embeddable":true,"href":"https:\/\/arantv.az\/index.php?rest_route=\/wp\/v2\/media\/784344"}],"wp:attachment":[{"href":"https:\/\/arantv.az\/index.php?rest_route=%2Fwp%2Fv2%2Fmedia&parent=784343"}],"wp:term":[{"taxonomy":"category","embeddable":true,"href":"https:\/\/arantv.az\/index.php?rest_route=%2Fwp%2Fv2%2Fcategories&post=784343"},{"taxonomy":"post_tag","embeddable":true,"href":"https:\/\/arantv.az\/index.php?rest_route=%2Fwp%2Fv2%2Ftags&post=784343"}],"curies":[{"name":"wp","href":"https:\/\/api.w.org\/{rel}","templated":true}]}}