{"id":784346,"date":"2025-01-29T16:35:41","date_gmt":"2025-01-29T12:35:41","guid":{"rendered":"https:\/\/arantv.az\/?p=784346"},"modified":"2025-01-29T16:35:41","modified_gmt":"2025-01-29T12:35:41","slug":"tdt-nin-12-ci-r%c9%99smi-zirv%c9%99-gorusu-az%c9%99rbaycanda-bas-tutacaq","status":"publish","type":"post","link":"https:\/\/arantv.az\/?p=784346","title":{"rendered":"TDT-nin 12-ci r\u0259smi Zirv\u0259 g\u00f6r\u00fc\u015f\u00fc Az\u0259rbaycanda ba\u015f tutacaq"},"content":{"rendered":"<p><strong>T\u00fcrk D\u00f6vl\u0259tl\u0259ri T\u0259\u015fkilat\u0131n\u0131n 12-ci r\u0259smi Zirv\u0259 g\u00f6r\u00fc\u015f\u00fc Az\u0259rbaycanda ba\u015f tutacaq.<\/strong><\/p>\n<p>Bunu T\u00fcrkiy\u0259nin xarici i\u015fl\u0259r naziri Hakan Fidan Ankarada ke\u00e7iril\u0259n Az\u0259rbaycan-T\u00fcrkiy\u0259-\u00d6zb\u0259kistan xarici i\u015fl\u0259r, iqtisadiyyat\/ticar\u0259t v\u0259 n\u0259qliyyat nazirl\u0259rinin 2-ci \u00fc\u00e7t\u0259r\u0259fli g\u00f6r\u00fc\u015f\u00fcnd\u0259n sonra \u00fc\u00e7 \u00f6lk\u0259nin xarici i\u015fl\u0259r nazirl\u0259rinin birg\u0259 m\u0259tbuat konfrans\u0131nda deyib.<\/p>\n<p>Hakan Fidan \u0259lav\u0259 edib ki, qeyri-r\u0259smi Zirv\u0259 g\u00f6r\u00fc\u015f\u00fc is\u0259 Macar\u0131standa ke\u00e7iril\u0259c\u0259k.\/\/Report<\/p>\n","protected":false},"excerpt":{"rendered":"<p>T\u00fcrk D\u00f6vl\u0259tl\u0259ri T\u0259\u015fkilat\u0131n\u0131n 12-ci r\u0259smi Zirv\u0259 g\u00f6r\u00fc\u015f\u00fc Az\u0259rbaycanda ba\u015f tutacaq. Bunu T\u00fcrkiy\u0259nin xarici i\u015fl\u0259r naziri Hakan Fidan Ankarada ke\u00e7iril\u0259n Az\u0259rbaycan-T\u00fcrkiy\u0259-\u00d6zb\u0259kistan xarici i\u015fl\u0259r, iqtisadiyyat\/ticar\u0259t v\u0259 n\u0259qliyyat nazirl\u0259rinin 2-ci \u00fc\u00e7t\u0259r\u0259fli g\u00f6r\u00fc\u015f\u00fcnd\u0259n sonra \u00fc\u00e7 \u00f6lk\u0259nin xarici i\u015fl\u0259r nazirl\u0259rinin birg\u0259 m\u0259tbuat konfrans\u0131nda deyib. Hakan Fidan \u0259lav\u0259 edib ki, qeyri-r\u0259smi Zirv\u0259 g\u00f6r\u00fc\u015f\u00fc is\u0259 Macar\u0131standa ke\u00e7iril\u0259c\u0259k.\/\/Report<\/p>\n","protected":false},"author":2,"featured_media":784347,"comment_status":"closed","ping_status":"closed","sticky":false,"template":"","format":"standard","meta":{"om_disable_all_campaigns":false,"_monsterinsights_skip_tracking":false,"_monsterinsights_sitenote_active":false,"_monsterinsights_sitenote_note":"","_monsterinsights_sitenote_category":0},"categories":[4],"tags":[],"aioseo_notices":[],"gutentor_comment":0,"rttpg_featured_image_url":{"full":["https:\/\/arantv.az\/wp-content\/uploads\/2025\/01\/9981dc525d343c61ceb52e0b31699f56.jpg",850,500,false],"landscape":["https:\/\/arantv.az\/wp-content\/uploads\/2025\/01\/9981dc525d343c61ceb52e0b31699f56.jpg",850,500,false],"portraits":["https:\/\/arantv.az\/wp-content\/uploads\/2025\/01\/9981dc525d343c61ceb52e0b31699f56.jpg",850,500,false],"thumbnail":["https:\/\/arantv.az\/wp-content\/uploads\/2025\/01\/9981dc525d343c61ceb52e0b31699f56-500x280.jpg",500,280,true],"medium":["https:\/\/arantv.az\/wp-content\/uploads\/2025\/01\/9981dc525d343c61ceb52e0b31699f56-621x365.jpg",621,365,true],"large":["https:\/\/arantv.az\/wp-content\/uploads\/2025\/01\/9981dc525d343c61ceb52e0b31699f56-840x494.jpg",640,376,true],"1536x1536":["https:\/\/arantv.az\/wp-content\/uploads\/2025\/01\/9981dc525d343c61ceb52e0b31699f56.jpg",850,500,false],"2048x2048":["https:\/\/arantv.az\/wp-content\/uploads\/2025\/01\/9981dc525d343c61ceb52e0b31699f56.jpg",850,500,false],"post-thumbnail":["https:\/\/arantv.az\/wp-content\/uploads\/2025\/01\/9981dc525d343c61ceb52e0b31699f56-240x172.jpg",240,172,true],"advps-thumb-one":["https:\/\/arantv.az\/wp-content\/uploads\/2025\/01\/9981dc525d343c61ceb52e0b31699f56.jpg",850,500,false]},"rttpg_author":{"display_name":"V\u00fcsal Rafiqo\u011flu","author_link":"https:\/\/arantv.az\/?author=2"},"rttpg_comment":0,"rttpg_category":"<a href=\"https:\/\/arantv.az\/?cat=4\" rel=\"category\">Siyas\u0259t<\/a>","rttpg_excerpt":"T\u00fcrk D\u00f6vl\u0259tl\u0259ri T\u0259\u015fkilat\u0131n\u0131n 12-ci r\u0259smi Zirv\u0259 g\u00f6r\u00fc\u015f\u00fc Az\u0259rbaycanda ba\u015f tutacaq. Bunu T\u00fcrkiy\u0259nin xarici i\u015fl\u0259r naziri Hakan Fidan Ankarada ke\u00e7iril\u0259n Az\u0259rbaycan-T\u00fcrkiy\u0259-\u00d6zb\u0259kistan xarici i\u015fl\u0259r, iqtisadiyyat\/ticar\u0259t v\u0259 n\u0259qliyyat nazirl\u0259rinin 2-ci \u00fc\u00e7t\u0259r\u0259fli g\u00f6r\u00fc\u015f\u00fcnd\u0259n sonra \u00fc\u00e7 \u00f6lk\u0259nin xarici i\u015fl\u0259r nazirl\u0259rinin birg\u0259 m\u0259tbuat konfrans\u0131nda deyib. Hakan Fidan \u0259lav\u0259 edib ki, qeyri-r\u0259smi Zirv\u0259 g\u00f6r\u00fc\u015f\u00fc is\u0259 Macar\u0131standa ke\u00e7iril\u0259c\u0259k.\/\/Report","_links":{"self":[{"href":"https:\/\/arantv.az\/index.php?rest_route=\/wp\/v2\/posts\/784346"}],"collection":[{"href":"https:\/\/arantv.az\/index.php?rest_route=\/wp\/v2\/posts"}],"about":[{"href":"https:\/\/arantv.az\/index.php?rest_route=\/wp\/v2\/types\/post"}],"author":[{"embeddable":true,"href":"https:\/\/arantv.az\/index.php?rest_route=\/wp\/v2\/users\/2"}],"replies":[{"embeddable":true,"href":"https:\/\/arantv.az\/index.php?rest_route=%2Fwp%2Fv2%2Fcomments&post=784346"}],"version-history":[{"count":2,"href":"https:\/\/arantv.az\/index.php?rest_route=\/wp\/v2\/posts\/784346\/revisions"}],"predecessor-version":[{"id":784349,"href":"https:\/\/arantv.az\/index.php?rest_route=\/wp\/v2\/posts\/784346\/revisions\/784349"}],"wp:featuredmedia":[{"embeddable":true,"href":"https:\/\/arantv.az\/index.php?rest_route=\/wp\/v2\/media\/784347"}],"wp:attachment":[{"href":"https:\/\/arantv.az\/index.php?rest_route=%2Fwp%2Fv2%2Fmedia&parent=784346"}],"wp:term":[{"taxonomy":"category","embeddable":true,"href":"https:\/\/arantv.az\/index.php?rest_route=%2Fwp%2Fv2%2Fcategories&post=784346"},{"taxonomy":"post_tag","embeddable":true,"href":"https:\/\/arantv.az\/index.php?rest_route=%2Fwp%2Fv2%2Ftags&post=784346"}],"curies":[{"name":"wp","href":"https:\/\/api.w.org\/{rel}","templated":true}]}}