{"id":784350,"date":"2025-01-29T16:36:32","date_gmt":"2025-01-29T12:36:32","guid":{"rendered":"https:\/\/arantv.az\/?p=784350"},"modified":"2025-01-29T16:36:32","modified_gmt":"2025-01-29T12:36:32","slug":"ankarada-t%c9%99skil-edil%c9%99n-uct%c9%99r%c9%99fli-gorus-regionun-g%c9%99l%c9%99c%c9%99yini-formalasdiracaq-s%c9%99rh","status":"publish","type":"post","link":"https:\/\/arantv.az\/?p=784350","title":{"rendered":"Ankarada t\u0259\u015fkil edil\u0259n \u00fc\u00e7t\u0259r\u0259fli g\u00f6r\u00fc\u015f regionun g\u0259l\u0259c\u0259yini formala\u015fd\u0131racaq-\u015e\u018fRH"},"content":{"rendered":"<p>\u201cSon 5 ild\u0259 Az\u0259rbaycan, T\u00fcrkiy\u0259 v\u0259 \u00d6zb\u0259kistan aras\u0131nda koordinasiyan\u0131 z\u0259ruri ed\u0259n b\u0259zi hadis\u0259l\u0259r ba\u015f verib.\u00a0\u00a0Az\u0259rbaycan\u0131n Qaraba\u011f z\u0259f\u0259ri, T\u00fcrk D\u00f6vl\u0259tl\u0259ri T\u0259\u015fkilat\u0131n\u0131n yarad\u0131lmas\u0131, Rusiya-Ukrayna m\u00fcharib\u0259si, Suriyada B\u0259\u015f\u0259r \u018fs\u0259d hakimiyy\u0259tinin s\u00fcqutu v\u0259 bu m\u0259s\u0259l\u0259d\u0259 T\u00fcrkiy\u0259nin rolu, son olaraq da AB\u015e-d\u0259 ke\u00e7iril\u0259n prezident se\u00e7kil\u0259ri, Donald Tramp\u0131n se\u00e7ilm\u0259si, onun d\u00fcnyada ba\u015f ver\u0259n geosiyasi hadis\u0259l\u0259r\u0259 t\u0259siri h\u0259m xarici siyas\u0259t, h\u0259m n\u0259qliyyat, h\u0259m d\u0259 ticar\u0259t bax\u0131m\u0131ndan t\u00fcrk d\u00f6vl\u0259tl\u0259ri aras\u0131nda \u0259m\u0259kda\u015fl\u0131\u011f\u0131 z\u0259ruri ed\u0259n, yeni imkanlar, b\u0259z\u0259n is\u0259 yeni t\u0259hdidl\u0259r yaradan\u00a0 amill\u0259rdir. T\u00fcrk D\u00f6vl\u0259tl\u0259ri T\u0259\u015fkilat\u0131na n\u0259z\u0259r yetirs\u0259k, Az\u0259rbaycanla T\u00fcrkiy\u0259nin \u0259m\u0259kda\u015fl\u0131\u011f\u0131 h\u0259r zaman se\u00e7ilib. \u201c\u015eu\u015fa b\u0259yannam\u0259si\u201d il\u0259 m\u00fctt\u0259fiqliyimiz t\u0259sdiql\u0259nib\u201d.<\/p>\n<p>Bu fikirl\u0259ri\u00a0<strong>Musavat.com<\/strong>-a a\u00e7\u0131qlamas\u0131nda Beyn\u0259lxalq M\u00fcnasib\u0259tl\u0259rin T\u0259hlili M\u0259rk\u0259zinin xarici siyas\u0259t \u015f\u00f6b\u0259sinin m\u00fcdiri Cavid V\u0259liyev Ankarada Az\u0259rbaycan, T\u00fcrkiy\u0259 v\u0259 \u00d6zb\u0259kistan X\u0130N r\u0259hb\u0259rl\u0259rinin g\u00f6r\u00fc\u015f\u00fcn\u00fc \u015f\u0259rh ed\u0259rk\u0259n bildirib.<\/p>\n<p>C.V\u0259liyevin fikrinc\u0259, son ill\u0259r \u00d6zb\u0259kistan se\u00e7ilm\u0259y\u0259 ba\u015flay\u0131b: \u201c\u00d6zb\u0259kistan bir \u00e7ox m\u0259s\u0259l\u0259d\u0259 siyasi c\u0259h\u0259td\u0259n aktivlik n\u00fcmayi\u015f etdirir, T\u00fcrkiy\u0259 v\u0259 Az\u0259rbaycana yax\u0131nl\u0131q g\u00f6st\u0259rir. 2024-c\u00fc ilin iyun ay\u0131nda \u00d6zb\u0259kistan prezidenti \u015e\u00f6fkat Mirziyoyev T\u00fcrkiy\u0259y\u0259 s\u0259f\u0259r etdi, t\u0259r\u0259fl\u0259r aras\u0131nda 18 m\u00fcqavil\u0259 imzaland\u0131, ona T\u00fcrkiy\u0259nin \u201cD\u00f6vl\u0259t ni\u015fan\u0131\u201d t\u0259qdim olundu, strateji \u0259m\u0259kda\u015fl\u0131\u011f\u0131n d\u0259rinl\u0259\u015fdirilm\u0259si haqq\u0131nda m\u00fcqavil\u0259 imzaland\u0131. Avqust ay\u0131nda is\u0259 Az\u0259rbaycanla \u00d6zb\u0259kistan aras\u0131nda m\u00fctt\u0259fiqlik haqq\u0131nda m\u00fcqavil\u0259 imzaland\u0131. Az\u0259rbaycanla T\u00fcrkiy\u0259 aras\u0131nda formala\u015fan m\u00fcsb\u0259t atmosfer\u0259 v\u0259 koordinasiyaya \u00d6zb\u0259kistan da daxil edilir. D\u00fc\u015f\u00fcn\u00fcr\u0259m ki, T\u00fcrkiy\u0259 v\u0259 Az\u0259rbaycan t\u0259hl\u00fck\u0259sizlik, h\u0259rbi v\u0259 xarici siyas\u0259t m\u0259s\u0259l\u0259l\u0259rind\u0259 t\u0259k d\u00f6vl\u0259t kimi h\u0259r\u0259k\u0259t edir, \u00d6zb\u0259kistan da bu yolun bir i\u015ftirak\u00e7\u0131s\u0131 kimi h\u0259r\u0259k\u0259t etm\u0259k ist\u0259yir.\u00a0 Fikrimc\u0259, g\u0259l\u0259c\u0259kd\u0259 bel\u0259 d\u0259 olacaq\u201d.<\/p>\n<p><strong>C.V\u0259liyev qeyd edib ki, son be\u015f ild\u0259 yaranan geosiyasi d\u0259yi\u015fikliyin h\u0259m n\u0259qliyyat, h\u0259m d\u0259 ticar\u0259t bax\u0131m\u0131ndan yaratd\u0131\u011f\u0131 f\u00fcrs\u0259tl\u0259r var:<\/strong>\u00a0\u201cAnkarada nazirl\u0259rin a\u00e7\u0131l\u0131\u015f nitql\u0259rind\u0259 Orta D\u0259hliz v\u0259 Z\u0259ng\u0259zur d\u0259hlizinin ad\u0131 \u00e7\u0259kildi. Z\u0259ng\u0259zur d\u0259hlizi h\u0259m Az\u0259rbaycan, h\u0259m d\u0259 T\u00fcrkiy\u0259nin g\u00fcnd\u0259mind\u0259dir. D\u0259nizl\u0259r vasit\u0259sil\u0259 da\u015f\u0131nan y\u00fckda\u015f\u0131mada yaranan t\u0259hl\u00fck\u0259l\u0259r, Rusiya \u00fcz\u0259rind\u0259n yaranan t\u0259hdidl\u0259r, eyni zamanda artan y\u00fckda\u015f\u0131ma Orta D\u0259hlizin \u0259h\u0259miyy\u0259tini daha da art\u0131r\u0131b. Amma bu m\u0259s\u0259l\u0259d\u0259 m\u00fc\u0259yy\u0259n t\u0259nziml\u0259m\u0259l\u0259r, ortaq siyas\u0259t formala\u015fd\u0131r\u0131lmal\u0131d\u0131r. Yol, ke\u00e7id, g\u00f6mr\u00fck tarifl\u0259ri, elektronla\u015fma v\u0259 dig\u0259r t\u0259dbirl\u0259r bu yolun c\u0259lbediciliyini art\u0131rmal\u0131d\u0131r. O ki qald\u0131 ticar\u0259t t\u0259r\u0259fin\u0259, ticar\u0259t h\u0259cmi art\u0131r\u0131lmal\u0131d\u0131r. \u0130lkin m\u0259rh\u0259l\u0259d\u0259 preferensial, daha sonra is\u0259 s\u0259rb\u0259st ticar\u0259t m\u00fcqavil\u0259si imzalanmal\u0131d\u0131r. X\u00fcsusil\u0259, Suriyan\u0131n yenid\u0259n qurulmas\u0131 prosesind\u0259 T\u00fcrkiy\u0259nin d\u0259st\u0259y\u0259 ehtiyac\u0131 var. Az\u0259rbaycan bununla ba\u011fl\u0131 a\u00e7\u0131q d\u0259st\u0259yini ifad\u0259 edib. C\u0259nab Prezident \u0130lham \u018fliyev T\u00fcrkiy\u0259 Prezidenti R\u0259c\u0259b Tayyib \u018frdo\u011fanla dan\u0131\u015f\u0131\u011f\u0131nda d\u0259st\u0259yini bildirib. Eyni zamanda Az\u0259rbaycan xarici i\u015fl\u0259r naziri Yal\u00e7\u0131n R\u0259fiyev Suriyaya s\u0259f\u0259r edib. O c\u00fcml\u0259d\u0259n Az\u0259rbaycan\u00a0 Suriyaya 200 ton \u0259rzaq m\u0259hsulu da\u015f\u0131yan 10 y\u00fck ma\u015f\u0131n\u0131ndan ibar\u0259t humanitar yard\u0131m g\u00f6nd\u0259rib. Son olaraq, Az\u0259rbaycan m\u00fcdafi\u0259 nazirinin m\u00fcavini, Quru Qo\u015funlar\u0131 komandan\u0131 general-polkovnik Hikm\u0259t Mirz\u0259yevin T\u00fcrkiy\u0259-Suriya s\u0259rh\u0259din\u0259 s\u0259f\u0259ri maraql\u0131 \u015f\u0259rhl\u0259r\u0259 s\u0259b\u0259b olub. Bir s\u00f6zl\u0259, Az\u0259rbaycan\u0131n Suriya m\u0259s\u0259l\u0259sind\u0259 T\u00fcrkiy\u0259y\u0259 d\u0259st\u0259yi tamd\u0131r. Xat\u0131rlatmaq yerin\u0259 d\u00fc\u015f\u0259r ki, Prezident \u0130lham \u018fliyev yerli televiziyalara m\u00fcsahib\u0259sind\u0259 vur\u011fulay\u0131b ki, T\u00fcrkiy\u0259 hans\u0131 formada d\u0259st\u0259k ist\u0259s\u0259, Az\u0259rbaycan bu d\u0259st\u0259yi g\u00f6st\u0259rm\u0259y\u0259 haz\u0131rd\u0131r. D\u00fc\u015f\u00fcn\u00fcr\u0259m ki, \u00d6zb\u0259kistan da bu proses\u0259 d\u0259st\u0259k ver\u0259\u00a0 bil\u0259r \u00e7\u00fcnki Az\u0259rbaycan v\u0259 T\u00fcrkiy\u0259 il\u0259 birg\u0259 h\u0259r\u0259k\u0259t etm\u0259k ist\u0259yir. Bir s\u00f6zl\u0259, bu, bundan sonrak\u0131 d\u00f6vrd\u0259 ticar\u0259t, n\u0259qliyyat v\u0259 xarici siyas\u0259td\u0259 regionun g\u0259l\u0259c\u0259yini formala\u015fd\u0131racaq formatd\u0131r. Ankarada t\u0259\u015fkil edil\u0259n \u00fc\u00e7t\u0259r\u0259fli formatda g\u00f6r\u00fc\u015f TDT-i, regionda \u00fc\u00e7 d\u00f6vl\u0259tin m\u00f6vqeyini daha da q\u00fcvv\u0259tl\u0259ndir\u0259c\u0259k, sabitliyin, \u0259m\u0259kda\u015fl\u0131\u011f\u0131n, t\u0259hl\u00fck\u0259sizliyin d\u0259rinl\u0259\u015fm\u0259sin\u0259 m\u00fcsb\u0259t t\u0259sir ed\u0259c\u0259k\u201d.<\/p>\n","protected":false},"excerpt":{"rendered":"<p>\u201cSon 5 ild\u0259 Az\u0259rbaycan, T\u00fcrkiy\u0259 v\u0259 \u00d6zb\u0259kistan aras\u0131nda koordinasiyan\u0131 z\u0259ruri ed\u0259n b\u0259zi hadis\u0259l\u0259r ba\u015f verib.\u00a0\u00a0Az\u0259rbaycan\u0131n Qaraba\u011f z\u0259f\u0259ri, T\u00fcrk D\u00f6vl\u0259tl\u0259ri T\u0259\u015fkilat\u0131n\u0131n yarad\u0131lmas\u0131, Rusiya-Ukrayna m\u00fcharib\u0259si, Suriyada B\u0259\u015f\u0259r \u018fs\u0259d hakimiyy\u0259tinin s\u00fcqutu v\u0259 bu m\u0259s\u0259l\u0259d\u0259 T\u00fcrkiy\u0259nin rolu, son olaraq da AB\u015e-d\u0259 ke\u00e7iril\u0259n prezident se\u00e7kil\u0259ri, Donald Tramp\u0131n se\u00e7ilm\u0259si, onun d\u00fcnyada ba\u015f ver\u0259n geosiyasi hadis\u0259l\u0259r\u0259 t\u0259siri h\u0259m xarici siyas\u0259t, h\u0259m n\u0259qliyyat, h\u0259m d\u0259 ticar\u0259t bax\u0131m\u0131ndan t\u00fcrk d\u00f6vl\u0259tl\u0259ri aras\u0131nda \u0259m\u0259kda\u015fl\u0131\u011f\u0131 z\u0259ruri ed\u0259n, yeni imkanlar, b\u0259z\u0259n is\u0259 yeni t\u0259hdidl\u0259r yaradan\u00a0 amill\u0259rdir. T\u00fcrk D\u00f6vl\u0259tl\u0259ri T\u0259\u015fkilat\u0131na n\u0259z\u0259r yetirs\u0259k, Az\u0259rbaycanla T\u00fcrkiy\u0259nin \u0259m\u0259kda\u015fl\u0131\u011f\u0131 h\u0259r zaman se\u00e7ilib. \u201c\u015eu\u015fa b\u0259yannam\u0259si\u201d il\u0259 m\u00fctt\u0259fiqliyimiz t\u0259sdiql\u0259nib\u201d. Bu&hellip;<\/p>\n","protected":false},"author":2,"featured_media":784351,"comment_status":"closed","ping_status":"closed","sticky":false,"template":"","format":"standard","meta":{"om_disable_all_campaigns":false,"_monsterinsights_skip_tracking":false,"_monsterinsights_sitenote_active":false,"_monsterinsights_sitenote_note":"","_monsterinsights_sitenote_category":0},"categories":[4],"tags":[],"aioseo_notices":[],"gutentor_comment":0,"rttpg_featured_image_url":{"full":["https:\/\/arantv.az\/wp-content\/uploads\/2025\/01\/9ef78f7db0e5b218967f6b27d958595f.jpg",870,500,false],"landscape":["https:\/\/arantv.az\/wp-content\/uploads\/2025\/01\/9ef78f7db0e5b218967f6b27d958595f.jpg",870,500,false],"portraits":["https:\/\/arantv.az\/wp-content\/uploads\/2025\/01\/9ef78f7db0e5b218967f6b27d958595f.jpg",870,500,false],"thumbnail":["https:\/\/arantv.az\/wp-content\/uploads\/2025\/01\/9ef78f7db0e5b218967f6b27d958595f-500x280.jpg",500,280,true],"medium":["https:\/\/arantv.az\/wp-content\/uploads\/2025\/01\/9ef78f7db0e5b218967f6b27d958595f-635x365.jpg",635,365,true],"large":["https:\/\/arantv.az\/wp-content\/uploads\/2025\/01\/9ef78f7db0e5b218967f6b27d958595f-840x483.jpg",640,368,true],"1536x1536":["https:\/\/arantv.az\/wp-content\/uploads\/2025\/01\/9ef78f7db0e5b218967f6b27d958595f.jpg",870,500,false],"2048x2048":["https:\/\/arantv.az\/wp-content\/uploads\/2025\/01\/9ef78f7db0e5b218967f6b27d958595f.jpg",870,500,false],"post-thumbnail":["https:\/\/arantv.az\/wp-content\/uploads\/2025\/01\/9ef78f7db0e5b218967f6b27d958595f-240x172.jpg",240,172,true],"advps-thumb-one":["https:\/\/arantv.az\/wp-content\/uploads\/2025\/01\/9ef78f7db0e5b218967f6b27d958595f.jpg",870,500,false]},"rttpg_author":{"display_name":"V\u00fcsal Rafiqo\u011flu","author_link":"https:\/\/arantv.az\/?author=2"},"rttpg_comment":0,"rttpg_category":"<a href=\"https:\/\/arantv.az\/?cat=4\" rel=\"category\">Siyas\u0259t<\/a>","rttpg_excerpt":"\u201cSon 5 ild\u0259 Az\u0259rbaycan, T\u00fcrkiy\u0259 v\u0259 \u00d6zb\u0259kistan aras\u0131nda koordinasiyan\u0131 z\u0259ruri ed\u0259n b\u0259zi hadis\u0259l\u0259r ba\u015f verib.\u00a0\u00a0Az\u0259rbaycan\u0131n Qaraba\u011f z\u0259f\u0259ri, T\u00fcrk D\u00f6vl\u0259tl\u0259ri T\u0259\u015fkilat\u0131n\u0131n yarad\u0131lmas\u0131, Rusiya-Ukrayna m\u00fcharib\u0259si, Suriyada B\u0259\u015f\u0259r \u018fs\u0259d hakimiyy\u0259tinin s\u00fcqutu v\u0259 bu m\u0259s\u0259l\u0259d\u0259 T\u00fcrkiy\u0259nin rolu, son olaraq da AB\u015e-d\u0259 ke\u00e7iril\u0259n prezident se\u00e7kil\u0259ri, Donald Tramp\u0131n se\u00e7ilm\u0259si, onun d\u00fcnyada ba\u015f ver\u0259n geosiyasi hadis\u0259l\u0259r\u0259 t\u0259siri h\u0259m xarici siyas\u0259t, h\u0259m n\u0259qliyyat,&hellip;","_links":{"self":[{"href":"https:\/\/arantv.az\/index.php?rest_route=\/wp\/v2\/posts\/784350"}],"collection":[{"href":"https:\/\/arantv.az\/index.php?rest_route=\/wp\/v2\/posts"}],"about":[{"href":"https:\/\/arantv.az\/index.php?rest_route=\/wp\/v2\/types\/post"}],"author":[{"embeddable":true,"href":"https:\/\/arantv.az\/index.php?rest_route=\/wp\/v2\/users\/2"}],"replies":[{"embeddable":true,"href":"https:\/\/arantv.az\/index.php?rest_route=%2Fwp%2Fv2%2Fcomments&post=784350"}],"version-history":[{"count":2,"href":"https:\/\/arantv.az\/index.php?rest_route=\/wp\/v2\/posts\/784350\/revisions"}],"predecessor-version":[{"id":784353,"href":"https:\/\/arantv.az\/index.php?rest_route=\/wp\/v2\/posts\/784350\/revisions\/784353"}],"wp:featuredmedia":[{"embeddable":true,"href":"https:\/\/arantv.az\/index.php?rest_route=\/wp\/v2\/media\/784351"}],"wp:attachment":[{"href":"https:\/\/arantv.az\/index.php?rest_route=%2Fwp%2Fv2%2Fmedia&parent=784350"}],"wp:term":[{"taxonomy":"category","embeddable":true,"href":"https:\/\/arantv.az\/index.php?rest_route=%2Fwp%2Fv2%2Fcategories&post=784350"},{"taxonomy":"post_tag","embeddable":true,"href":"https:\/\/arantv.az\/index.php?rest_route=%2Fwp%2Fv2%2Ftags&post=784350"}],"curies":[{"name":"wp","href":"https:\/\/api.w.org\/{rel}","templated":true}]}}