{"id":784354,"date":"2025-01-29T16:37:54","date_gmt":"2025-01-29T12:37:54","guid":{"rendered":"https:\/\/arantv.az\/?p=784354"},"modified":"2025-01-29T16:37:54","modified_gmt":"2025-01-29T12:37:54","slug":"ankarada-az%c9%99rbaycan-turkiy%c9%99-v%c9%99-ozb%c9%99kistan-xin-bascilarinin-gorusu-oldu","status":"publish","type":"post","link":"https:\/\/arantv.az\/?p=784354","title":{"rendered":"Ankarada Az\u0259rbaycan, T\u00fcrkiy\u0259 v\u0259 \u00d6zb\u0259kistan X\u0130N ba\u015f\u00e7\u0131lar\u0131n\u0131n g\u00f6r\u00fc\u015f\u00fc oldu"},"content":{"rendered":"<p><strong>Ankarada ke\u00e7iril\u0259n Az\u0259rbaycan-T\u00fcrkiy\u0259-\u00d6zb\u0259kistan xarici i\u015fl\u0259r, iqtisadiyyat\/ticar\u0259t v\u0259 n\u0259qliyyat nazirl\u0259rinin 2-ci \u00fc\u00e7t\u0259r\u0259fli g\u00f6r\u00fc\u015f\u00fc \u00e7\u0259r\u00e7iv\u0259sind\u0259 \u00fc\u00e7 \u00f6lk\u0259nin X\u0130N ba\u015f\u00e7\u0131lar\u0131n\u0131n g\u00f6r\u00fc\u015f\u00fc olub.<\/strong><\/p>\n<p><strong>Musavat.com<\/strong>-un x\u0259b\u0259rin\u0259 g\u00f6r\u0259, xarici i\u015fl\u0259r nazirl\u0259ri Ceyhun Bayramov, Hakan Fidan v\u0259 Baxtiyor Saidov g\u00f6r\u00fc\u015f\u00fcbl\u0259r.<\/p>\n<p>G\u00f6r\u00fc\u015f zaman\u0131 t\u0259r\u0259fl\u0259r xarici siyas\u0259t sah\u0259sind\u0259 \u0259m\u0259kda\u015fl\u0131\u011f\u0131n g\u00fccl\u0259ndirilm\u0259sini m\u00fczakir\u0259 edibl\u0259r.<\/p>\n","protected":false},"excerpt":{"rendered":"<p>Ankarada ke\u00e7iril\u0259n Az\u0259rbaycan-T\u00fcrkiy\u0259-\u00d6zb\u0259kistan xarici i\u015fl\u0259r, iqtisadiyyat\/ticar\u0259t v\u0259 n\u0259qliyyat nazirl\u0259rinin 2-ci \u00fc\u00e7t\u0259r\u0259fli g\u00f6r\u00fc\u015f\u00fc \u00e7\u0259r\u00e7iv\u0259sind\u0259 \u00fc\u00e7 \u00f6lk\u0259nin X\u0130N ba\u015f\u00e7\u0131lar\u0131n\u0131n g\u00f6r\u00fc\u015f\u00fc olub. Musavat.com-un x\u0259b\u0259rin\u0259 g\u00f6r\u0259, xarici i\u015fl\u0259r nazirl\u0259ri Ceyhun Bayramov, Hakan Fidan v\u0259 Baxtiyor Saidov g\u00f6r\u00fc\u015f\u00fcbl\u0259r. G\u00f6r\u00fc\u015f zaman\u0131 t\u0259r\u0259fl\u0259r xarici siyas\u0259t sah\u0259sind\u0259 \u0259m\u0259kda\u015fl\u0131\u011f\u0131n g\u00fccl\u0259ndirilm\u0259sini m\u00fczakir\u0259 edibl\u0259r.<\/p>\n","protected":false},"author":2,"featured_media":784355,"comment_status":"closed","ping_status":"closed","sticky":false,"template":"","format":"standard","meta":{"om_disable_all_campaigns":false,"_monsterinsights_skip_tracking":false,"_monsterinsights_sitenote_active":false,"_monsterinsights_sitenote_note":"","_monsterinsights_sitenote_category":0},"categories":[4],"tags":[],"aioseo_notices":[],"gutentor_comment":0,"rttpg_featured_image_url":{"full":["https:\/\/arantv.az\/wp-content\/uploads\/2025\/01\/1849d3fed758bb39e708acbee5809d43.jpg",850,500,false],"landscape":["https:\/\/arantv.az\/wp-content\/uploads\/2025\/01\/1849d3fed758bb39e708acbee5809d43.jpg",850,500,false],"portraits":["https:\/\/arantv.az\/wp-content\/uploads\/2025\/01\/1849d3fed758bb39e708acbee5809d43.jpg",850,500,false],"thumbnail":["https:\/\/arantv.az\/wp-content\/uploads\/2025\/01\/1849d3fed758bb39e708acbee5809d43-500x280.jpg",500,280,true],"medium":["https:\/\/arantv.az\/wp-content\/uploads\/2025\/01\/1849d3fed758bb39e708acbee5809d43-621x365.jpg",621,365,true],"large":["https:\/\/arantv.az\/wp-content\/uploads\/2025\/01\/1849d3fed758bb39e708acbee5809d43-840x494.jpg",640,376,true],"1536x1536":["https:\/\/arantv.az\/wp-content\/uploads\/2025\/01\/1849d3fed758bb39e708acbee5809d43.jpg",850,500,false],"2048x2048":["https:\/\/arantv.az\/wp-content\/uploads\/2025\/01\/1849d3fed758bb39e708acbee5809d43.jpg",850,500,false],"post-thumbnail":["https:\/\/arantv.az\/wp-content\/uploads\/2025\/01\/1849d3fed758bb39e708acbee5809d43-240x172.jpg",240,172,true],"advps-thumb-one":["https:\/\/arantv.az\/wp-content\/uploads\/2025\/01\/1849d3fed758bb39e708acbee5809d43.jpg",850,500,false]},"rttpg_author":{"display_name":"V\u00fcsal Rafiqo\u011flu","author_link":"https:\/\/arantv.az\/?author=2"},"rttpg_comment":0,"rttpg_category":"<a href=\"https:\/\/arantv.az\/?cat=4\" rel=\"category\">Siyas\u0259t<\/a>","rttpg_excerpt":"Ankarada ke\u00e7iril\u0259n Az\u0259rbaycan-T\u00fcrkiy\u0259-\u00d6zb\u0259kistan xarici i\u015fl\u0259r, iqtisadiyyat\/ticar\u0259t v\u0259 n\u0259qliyyat nazirl\u0259rinin 2-ci \u00fc\u00e7t\u0259r\u0259fli g\u00f6r\u00fc\u015f\u00fc \u00e7\u0259r\u00e7iv\u0259sind\u0259 \u00fc\u00e7 \u00f6lk\u0259nin X\u0130N ba\u015f\u00e7\u0131lar\u0131n\u0131n g\u00f6r\u00fc\u015f\u00fc olub. Musavat.com-un x\u0259b\u0259rin\u0259 g\u00f6r\u0259, xarici i\u015fl\u0259r nazirl\u0259ri Ceyhun Bayramov, Hakan Fidan v\u0259 Baxtiyor Saidov g\u00f6r\u00fc\u015f\u00fcbl\u0259r. G\u00f6r\u00fc\u015f zaman\u0131 t\u0259r\u0259fl\u0259r xarici siyas\u0259t sah\u0259sind\u0259 \u0259m\u0259kda\u015fl\u0131\u011f\u0131n g\u00fccl\u0259ndirilm\u0259sini m\u00fczakir\u0259 edibl\u0259r.","_links":{"self":[{"href":"https:\/\/arantv.az\/index.php?rest_route=\/wp\/v2\/posts\/784354"}],"collection":[{"href":"https:\/\/arantv.az\/index.php?rest_route=\/wp\/v2\/posts"}],"about":[{"href":"https:\/\/arantv.az\/index.php?rest_route=\/wp\/v2\/types\/post"}],"author":[{"embeddable":true,"href":"https:\/\/arantv.az\/index.php?rest_route=\/wp\/v2\/users\/2"}],"replies":[{"embeddable":true,"href":"https:\/\/arantv.az\/index.php?rest_route=%2Fwp%2Fv2%2Fcomments&post=784354"}],"version-history":[{"count":2,"href":"https:\/\/arantv.az\/index.php?rest_route=\/wp\/v2\/posts\/784354\/revisions"}],"predecessor-version":[{"id":784357,"href":"https:\/\/arantv.az\/index.php?rest_route=\/wp\/v2\/posts\/784354\/revisions\/784357"}],"wp:featuredmedia":[{"embeddable":true,"href":"https:\/\/arantv.az\/index.php?rest_route=\/wp\/v2\/media\/784355"}],"wp:attachment":[{"href":"https:\/\/arantv.az\/index.php?rest_route=%2Fwp%2Fv2%2Fmedia&parent=784354"}],"wp:term":[{"taxonomy":"category","embeddable":true,"href":"https:\/\/arantv.az\/index.php?rest_route=%2Fwp%2Fv2%2Fcategories&post=784354"},{"taxonomy":"post_tag","embeddable":true,"href":"https:\/\/arantv.az\/index.php?rest_route=%2Fwp%2Fv2%2Ftags&post=784354"}],"curies":[{"name":"wp","href":"https:\/\/api.w.org\/{rel}","templated":true}]}}