{"id":784358,"date":"2025-01-29T16:39:04","date_gmt":"2025-01-29T12:39:04","guid":{"rendered":"https:\/\/arantv.az\/?p=784358"},"modified":"2025-01-29T16:39:04","modified_gmt":"2025-01-29T12:39:04","slug":"paytaxtin-n%c9%99qliyyat-m%c9%99s%c9%99l%c9%99l%c9%99rin%c9%99-diqq%c9%99t-daha-da-artirilir","status":"publish","type":"post","link":"https:\/\/arantv.az\/?p=784358","title":{"rendered":"Paytaxt\u0131n n\u0259qliyyat m\u0259s\u0259l\u0259l\u0259rin\u0259 diqq\u0259t daha da art\u0131r\u0131l\u0131r"},"content":{"rendered":"<p><em><strong>\u00d6lk\u0259 ba\u015f\u00e7\u0131s\u0131 \u0130lham \u018fliyevin s\u0259drliyi il\u0259 yanvar\u0131n 28-d\u0259 ke\u00e7iril\u0259n n\u0259qliyyat m\u0259s\u0259l\u0259l\u0259rin\u0259 h\u0259sr olunmu\u015f m\u00fc\u015favir\u0259d\u0259 Az\u0259rbaycanda, o c\u00fcml\u0259d\u0259n paytaxt Bak\u0131 \u015f\u0259h\u0259rind\u0259 v\u0259 onun \u0259traf\u0131nda yerl\u0259\u015f\u0259n \u0259razil\u0259rin n\u0259qliyyat infrastrukturunun inki\u015faf\u0131, n\u0259qliyyat sah\u0259sind\u0259 m\u00f6vcud probleml\u0259r m\u00fczakir\u0259 edilib, bu sah\u0259d\u0259 son illl\u0259rd\u0259 g\u00f6r\u00fcl\u0259n i\u015fl\u0259r v\u0259 qar\u015f\u0131da duran v\u0259zif\u0259l\u0259rd\u0259n dan\u0131\u015f\u0131l\u0131b.<\/strong><\/em><\/p>\n<p>M\u00fc\u015favir\u0259d\u0259 qeyd edilib ki, son 15 il \u0259rzind\u0259 Bak\u0131 \u015f\u0259h\u0259rind\u0259 bir \u00e7ox b\u00f6y\u00fck layih\u0259l\u0259r icra edilib, yeni metro stansiyalar\u0131 istifad\u0259y\u0259 verilib, yol qov\u015faqlar\u0131, tunell\u0259r, k\u00f6rp\u00fcl\u0259r in\u015fa edilib, yeni yollar sal\u0131n\u0131b. Lakin buna baxmayaraq Bak\u0131 \u015f\u0259h\u0259rind\u0259 yen\u0259 d\u0259 t\u0131xaclar m\u00fc\u015fahid\u0259 olunur, onlar\u0131n say\u0131 ild\u0259n-il\u0259 art\u0131r. M\u0259lumdur ki, t\u0131xaclar\u0131n artmas\u0131n\u0131n t\u0259bii s\u0259b\u0259bl\u0259ri vard\u0131r. Bu ilk n\u00f6vb\u0259d\u0259 \u00f6lk\u0259 v\u0259 Bak\u0131 \u015f\u0259h\u0259rinin \u0259halisinin ild\u0259n-il\u0259 artmas\u0131 il\u0259 \u0259laq\u0259lidir. Son 30 il \u0259rzind\u0259 Az\u0259rbaycan \u0259halisi 7 milyondan 10 milyona \u00e7at\u0131b. T\u0259bii art\u0131mla ba\u011fl\u0131 n\u0259qliyyat sah\u0259sind\u0259 yaranan probleml\u0259r is\u0259 \u00f6z n\u00f6vb\u0259sind\u0259 paytaxtda b\u00f6y\u00fck t\u0131xaclar\u0131n yaranmas\u0131na s\u0259b\u0259b olan amill\u0259rd\u0259n biridir. Vaxtil\u0259 yarad\u0131lm\u0131\u015f \u015f\u0259h\u0259r yol infrastrukturu, o c\u00fcml\u0259d\u0259n metronun imkanlar\u0131 bu g\u00fcn tam \u015f\u0259kild\u0259 v\u0259zif\u0259l\u0259rin \u00f6hd\u0259sind\u0259n g\u0259l\u0259 bilmir.<\/p>\n<p>Vur\u011fulan\u0131b ki, 2008-ci ild\u0259n bu g\u00fcn\u0259 q\u0259d\u0259r metronun yeddi yeni stansiyas\u0131 tikilib v\u0259 q\u0259bul edil\u0259c\u0259k D\u00f6vl\u0259t Proqram\u0131nda yeni 10 metro stansiyas\u0131n\u0131n tikintisi n\u0259z\u0259rd\u0259 tutulur. 266 yeni n\u0259sil metro vaqonu al\u0131n\u0131b v\u0259 bu proses davam etdirilir. \u00d6t\u0259n il ke\u00e7iril\u0259n COP29 t\u0259dbirl\u0259ri \u0259r\u0259f\u0259sind\u0259 insanlar\u0131n narahatl\u0131\u011f\u0131n\u0131 n\u0259z\u0259r\u0259 al\u0131naraq Bak\u0131ya 161 yeni elektrik avtobusu g\u0259tirilib v\u0259 yax\u0131n g\u0259l\u0259c\u0259kd\u0259 Bak\u0131 sakinl\u0259ri bunun xeyrini g\u00f6r\u0259c\u0259kl\u0259r. \u00c7\u00fcnki havan\u0131 \u0259n \u00e7ox \u00e7irkl\u0259ndir\u0259n n\u0259qliyyat vasit\u0259l\u0259ridir, x\u00fcsusil\u0259 b\u00f6y\u00fck n\u0259qliyyat vasit\u0259l\u0259ridir. \u00a0Bu ild\u0259n ba\u015flayaraq ilin sonunda elektrobuslar\u0131n y\u0131\u011f\u0131m\u0131, ondan sonra lokalizasiyan\u0131n art\u0131m\u0131 i\u015fl\u0259ri d\u0259 ba\u015flanacaq.<\/p>\n<p>Son ill\u0259r \u0259rzind\u0259 Bak\u0131da G\u0259miqay\u0131rma zavodu da in\u015fa edilib v\u0259 bu g\u00fcn tam g\u00fcc\u00fc il\u0259 f\u0259aliyy\u0259t g\u00f6st\u0259rir. Haz\u0131rda orada alt\u0131 m\u00fcxt\u0259lif\u00f6l\u00e7\u00fcl\u00fc g\u0259mi in\u015fa edilir. Paralel olaraq, Qara d\u0259nizd\u0259ki f\u0259aliyy\u0259t yeni s\u0259viyy\u0259y\u0259 qald\u0131r\u0131l\u0131b, vaxtil\u0259 Az\u0259rbaycan\u0131n X\u0259z\u0259r G\u0259mi\u00e7iliyin\u0259 m\u0259nsub olan ki\u00e7ikh\u0259cmli g\u0259mil\u0259rin \u0259v\u0259zin\u0259 burada y\u00fckg\u00f6t\u00fcrm\u0259 qabiliyy\u0259ti 100 min ton olan \u201cAframax\u201d tipli d\u00f6rd b\u00f6y\u00fck tanker i\u015fl\u0259yir, bu da \u00f6lk\u0259miz\u0259 h\u0259m xeyir g\u0259tirir, h\u0259m d\u0259 imkanlar\u0131maz\u0131 geni\u015fl\u0259ndirir.<\/p>\n<p>M\u00fc\u015favir\u0259d\u0259 son ill\u0259rin vacib layih\u0259l\u0259rd\u0259n biri olan yeni D\u0259niz Ticar\u0259t Liman\u0131n\u0131n in\u015fas\u0131na da toxunulub. K\u00f6hn\u0259 liman \u015f\u0259h\u0259r m\u0259rk\u0259zind\u0259n \u00e7\u0131xar\u0131ld\u0131 v\u0259 indi h\u0259min \u0259razid\u0259 abadl\u0131q i\u015fl\u0259ri apar\u0131lacaq, istirah\u0259t zonalar\u0131, m\u00fcxt\u0259lif obyektl\u0259r in\u015fa edil\u0259c\u0259k. Bel\u0259likl\u0259, bu zona \u015f\u0259h\u0259rimizin \u00fcmumi inki\u015faf\u0131na \u0259lav\u0259 t\u00f6hf\u0259 ver\u0259c\u0259k v\u0259 v\u0259t\u0259nda\u015flar da bundan faydalanacaqlar. Haz\u0131rda \u00a0A\u011f \u015e\u0259h\u0259r bulvar\u0131na biti\u015fik olan bu istiqam\u0259td\u0259 master-plan haz\u0131rlan\u0131r.<\/p>\n<p>\u201cYeni D\u0259niz Ticar\u0259t Liman\u0131n\u0131n birinci fazas\u0131n\u0131n y\u00fcka\u015f\u0131rma qabiliyy\u0259ti 15 milyon ton n\u0259z\u0259rd\u0259 tutulurdu. Ancaq biz g\u00f6r\u00fcr\u00fck ki, y\u00fckl\u0259rin h\u0259cmi daha \u00e7ox olacaq. Art\u0131q g\u00f6st\u0259ri\u015f verildi v\u0259 biz bu ild\u0259n i\u015f\u0259 ba\u015flay\u0131r\u0131q. Beyn\u0259lxalq m\u0259sl\u0259h\u0259t\u00e7il\u0259r c\u0259lb edildi ki, yeni layih\u0259 haz\u0131rlans\u0131n, t\u0259qdim olunsun. Biz liman\u0131n imkanlar\u0131n\u0131 25 milyon tona \u00e7atd\u0131rmal\u0131y\u0131q v\u0259 ola bilsin, bu da biz\u0259 yetm\u0259y\u0259c\u0259k. \u00c7\u00fcnki \u015e\u0259rq-Q\u0259rb n\u0259qliyyat d\u0259hlizi \u00fczr\u0259 y\u00fckl\u0259rin h\u0259cmi o q\u0259d\u0259r s\u00fcr\u0259tl\u0259 art\u0131r ki, biz bu i\u015fl\u0259ri d\u0259 bu art\u0131ma g\u00f6r\u0259 etm\u0259liyik. B\u00fct\u00fcn bu n\u0259qliyyat m\u0259s\u0259l\u0259l\u0259rini bir m\u0259rk\u0259zd\u0259 c\u0259ml\u0259\u015fdirm\u0259k \u00fc\u00e7\u00fcn m\u0259nim q\u0259rar\u0131mla bu yax\u0131nlarda yeni qurum &#8211; AZCON qurumu yarad\u0131ld\u0131, hans\u0131 ki, b\u00fct\u00fcn bu \u0259laq\u0259l\u0259ndirm\u0259 v\u0259 perspektiv inki\u015faf plan\u0131n\u0131, o c\u00fcml\u0259d\u0259n s\u0259rmay\u0259 qoyulu\u015funu &#8211; b\u00fct\u00fcn bu m\u0259s\u0259l\u0259l\u0259ri n\u0259z\u0259r\u0259 alacaqd\u0131r\u201d, &#8211; dey\u0259 d\u00f6vl\u0259t ba\u015f\u00e7\u0131s\u0131 bildirib.<\/p>\n<p>Prezident \u0130lham \u018fliyev n\u0259qliyyat m\u0259s\u0259l\u0259l\u0259rin\u0259 h\u0259sr olunmu\u015f m\u00fc\u015favir\u0259d\u0259 Bak\u0131 \u015f\u0259h\u0259rind\u0259 n\u0259qliyyat\u0131n g\u0259l\u0259c\u0259k inki\u015faf m\u0259s\u0259l\u0259l\u0259rin\u0259 x\u00fcsusi olaraq toxunaraq bildirib: \u201cBak\u0131 \u015f\u0259h\u0259rin\u0259 v\u0259 onun \u0259traf\u0131nda yerl\u0259\u015f\u0259n \u0259razil\u0259r\u0259, burada yen\u0259 d\u0259 deyir\u0259m, yeni d\u00f6vl\u0259t proqram\u0131n\u0131n q\u0259bul edilm\u0259si z\u0259ruridir. Bu, \u00e7ox b\u00f6y\u00fck proqram olacaq, b\u00f6y\u00fck maliyy\u0259 tutumlu proqram olacaq. B\u00fct\u00fcn aidiyy\u0259ti qurumlar\u0131n birg\u0259 f\u0259aliyy\u0259tini v\u0259 s\u0259m\u0259r\u0259li i\u015fl\u0259rini t\u0259l\u0259b ed\u0259n proqram olacaq. Ona g\u00f6r\u0259 m\u0259n bug\u00fcnk\u00fc m\u00fc\u015favir\u0259ni \u00e7a\u011f\u0131rm\u0131\u015fam ki, bu m\u0259s\u0259l\u0259l\u0259ri biz m\u00fczakir\u0259 ed\u0259k v\u0259 biz\u0259 t\u0259qdimat edilsin, ictimaiyy\u0259t d\u0259 bilsin ki, n\u0259l\u0259r g\u00f6zl\u0259nilir, hans\u0131 ill\u0259rd\u0259 hans\u0131 i\u015fl\u0259r g\u00f6r\u00fcls\u00fcn. Eyni zamanda, ictimaiyy\u0259t n\u00fcmay\u0259nd\u0259l\u0259ri d\u0259 m\u00fcvafiq d\u00f6vl\u0259t orqanlar\u0131na &#8211; Prezident Administrasiyas\u0131na, Nazirl\u0259r Kabinetin\u0259, R\u0259q\u0259msal \u0130nki\u015faf v\u0259 N\u0259qliyyat Nazirliyin\u0259 \u00f6z t\u00f6vsiy\u0259l\u0259rini ver\u0259 bil\u0259rl\u0259r. B\u0259lk\u0259 biz n\u0259yi is\u0259 bu proqrama salmam\u0131\u015f\u0131q. Y\u0259ni, yerl\u0259rd\u0259n d\u0259 g\u0259l\u0259n t\u0259klifl\u0259r n\u0259z\u0259r\u0259 al\u0131nacaqd\u0131r\u201d.<\/p>\n<p><img src=\"https:\/\/ikisahil.az\/upload\/\/2022\/11\/04\/\/-df0e09d6166753660685957461710761132.jpeg\" alt=\"\" \/><\/p>\n<p><strong>\u0130srafil K\u0259rimov,<\/strong><br \/>\n<em>Az\u0259rbaycan Jurnalistl\u0259r Birliyinin \u00fczv\u00fc<\/em><\/p>\n","protected":false},"excerpt":{"rendered":"<p>\u00d6lk\u0259 ba\u015f\u00e7\u0131s\u0131 \u0130lham \u018fliyevin s\u0259drliyi il\u0259 yanvar\u0131n 28-d\u0259 ke\u00e7iril\u0259n n\u0259qliyyat m\u0259s\u0259l\u0259l\u0259rin\u0259 h\u0259sr olunmu\u015f m\u00fc\u015favir\u0259d\u0259 Az\u0259rbaycanda, o c\u00fcml\u0259d\u0259n paytaxt Bak\u0131 \u015f\u0259h\u0259rind\u0259 v\u0259 onun \u0259traf\u0131nda yerl\u0259\u015f\u0259n \u0259razil\u0259rin n\u0259qliyyat infrastrukturunun inki\u015faf\u0131, n\u0259qliyyat sah\u0259sind\u0259 m\u00f6vcud probleml\u0259r m\u00fczakir\u0259 edilib, bu sah\u0259d\u0259 son illl\u0259rd\u0259 g\u00f6r\u00fcl\u0259n i\u015fl\u0259r v\u0259 qar\u015f\u0131da duran v\u0259zif\u0259l\u0259rd\u0259n dan\u0131\u015f\u0131l\u0131b. M\u00fc\u015favir\u0259d\u0259 qeyd edilib ki, son 15 il \u0259rzind\u0259 Bak\u0131 \u015f\u0259h\u0259rind\u0259 bir \u00e7ox b\u00f6y\u00fck layih\u0259l\u0259r icra edilib, yeni metro stansiyalar\u0131 istifad\u0259y\u0259 verilib, yol qov\u015faqlar\u0131, tunell\u0259r, k\u00f6rp\u00fcl\u0259r in\u015fa edilib, yeni yollar sal\u0131n\u0131b. Lakin buna baxmayaraq Bak\u0131 \u015f\u0259h\u0259rind\u0259 yen\u0259 d\u0259 t\u0131xaclar m\u00fc\u015fahid\u0259 olunur, onlar\u0131n say\u0131 ild\u0259n-il\u0259 art\u0131r. M\u0259lumdur&hellip;<\/p>\n","protected":false},"author":2,"featured_media":784359,"comment_status":"closed","ping_status":"closed","sticky":false,"template":"","format":"standard","meta":{"om_disable_all_campaigns":false,"_monsterinsights_skip_tracking":false,"_monsterinsights_sitenote_active":false,"_monsterinsights_sitenote_note":"","_monsterinsights_sitenote_category":0},"categories":[8],"tags":[],"aioseo_notices":[],"gutentor_comment":0,"rttpg_featured_image_url":{"full":["https:\/\/arantv.az\/wp-content\/uploads\/2025\/01\/03a3655f173814412016609789310447305.jpg",975,540,false],"landscape":["https:\/\/arantv.az\/wp-content\/uploads\/2025\/01\/03a3655f173814412016609789310447305.jpg",975,540,false],"portraits":["https:\/\/arantv.az\/wp-content\/uploads\/2025\/01\/03a3655f173814412016609789310447305.jpg",975,540,false],"thumbnail":["https:\/\/arantv.az\/wp-content\/uploads\/2025\/01\/03a3655f173814412016609789310447305-500x280.jpg",500,280,true],"medium":["https:\/\/arantv.az\/wp-content\/uploads\/2025\/01\/03a3655f173814412016609789310447305-660x365.jpg",660,365,true],"large":["https:\/\/arantv.az\/wp-content\/uploads\/2025\/01\/03a3655f173814412016609789310447305-840x465.jpg",640,354,true],"1536x1536":["https:\/\/arantv.az\/wp-content\/uploads\/2025\/01\/03a3655f173814412016609789310447305.jpg",975,540,false],"2048x2048":["https:\/\/arantv.az\/wp-content\/uploads\/2025\/01\/03a3655f173814412016609789310447305.jpg",975,540,false],"post-thumbnail":["https:\/\/arantv.az\/wp-content\/uploads\/2025\/01\/03a3655f173814412016609789310447305-240x172.jpg",240,172,true],"advps-thumb-one":["https:\/\/arantv.az\/wp-content\/uploads\/2025\/01\/03a3655f173814412016609789310447305.jpg",975,540,false]},"rttpg_author":{"display_name":"V\u00fcsal Rafiqo\u011flu","author_link":"https:\/\/arantv.az\/?author=2"},"rttpg_comment":0,"rttpg_category":"<a href=\"https:\/\/arantv.az\/?cat=8\" rel=\"category\">\u018fsas s\u0259hif\u0259<\/a>","rttpg_excerpt":"\u00d6lk\u0259 ba\u015f\u00e7\u0131s\u0131 \u0130lham \u018fliyevin s\u0259drliyi il\u0259 yanvar\u0131n 28-d\u0259 ke\u00e7iril\u0259n n\u0259qliyyat m\u0259s\u0259l\u0259l\u0259rin\u0259 h\u0259sr olunmu\u015f m\u00fc\u015favir\u0259d\u0259 Az\u0259rbaycanda, o c\u00fcml\u0259d\u0259n paytaxt Bak\u0131 \u015f\u0259h\u0259rind\u0259 v\u0259 onun \u0259traf\u0131nda yerl\u0259\u015f\u0259n \u0259razil\u0259rin n\u0259qliyyat infrastrukturunun inki\u015faf\u0131, n\u0259qliyyat sah\u0259sind\u0259 m\u00f6vcud probleml\u0259r m\u00fczakir\u0259 edilib, bu sah\u0259d\u0259 son illl\u0259rd\u0259 g\u00f6r\u00fcl\u0259n i\u015fl\u0259r v\u0259 qar\u015f\u0131da duran v\u0259zif\u0259l\u0259rd\u0259n dan\u0131\u015f\u0131l\u0131b. M\u00fc\u015favir\u0259d\u0259 qeyd edilib ki, son 15 il \u0259rzind\u0259 Bak\u0131 \u015f\u0259h\u0259rind\u0259&hellip;","_links":{"self":[{"href":"https:\/\/arantv.az\/index.php?rest_route=\/wp\/v2\/posts\/784358"}],"collection":[{"href":"https:\/\/arantv.az\/index.php?rest_route=\/wp\/v2\/posts"}],"about":[{"href":"https:\/\/arantv.az\/index.php?rest_route=\/wp\/v2\/types\/post"}],"author":[{"embeddable":true,"href":"https:\/\/arantv.az\/index.php?rest_route=\/wp\/v2\/users\/2"}],"replies":[{"embeddable":true,"href":"https:\/\/arantv.az\/index.php?rest_route=%2Fwp%2Fv2%2Fcomments&post=784358"}],"version-history":[{"count":1,"href":"https:\/\/arantv.az\/index.php?rest_route=\/wp\/v2\/posts\/784358\/revisions"}],"predecessor-version":[{"id":784360,"href":"https:\/\/arantv.az\/index.php?rest_route=\/wp\/v2\/posts\/784358\/revisions\/784360"}],"wp:featuredmedia":[{"embeddable":true,"href":"https:\/\/arantv.az\/index.php?rest_route=\/wp\/v2\/media\/784359"}],"wp:attachment":[{"href":"https:\/\/arantv.az\/index.php?rest_route=%2Fwp%2Fv2%2Fmedia&parent=784358"}],"wp:term":[{"taxonomy":"category","embeddable":true,"href":"https:\/\/arantv.az\/index.php?rest_route=%2Fwp%2Fv2%2Fcategories&post=784358"},{"taxonomy":"post_tag","embeddable":true,"href":"https:\/\/arantv.az\/index.php?rest_route=%2Fwp%2Fv2%2Ftags&post=784358"}],"curies":[{"name":"wp","href":"https:\/\/api.w.org\/{rel}","templated":true}]}}